{"id":1160,"date":"2012-11-04T20:52:00","date_gmt":"2012-11-04T20:52:00","guid":{"rendered":"http:\/\/jornalismo.ufsj.edu.br\/2012\/11\/04\/laboratorio-de-fotografia-agora-e-ecoponto"},"modified":"2012-11-04T20:52:00","modified_gmt":"2012-11-04T20:52:00","slug":"laboratorio-de-fotografia-agora-e-ecoponto","status":"publish","type":"post","link":"http:\/\/anu.ufsj.edu.br\/site\/sem-categoria\/laboratorio-de-fotografia-agora-e-ecoponto\/","title":{"rendered":"Laborat\u00f3rio de Fotografia agora \u00e9 Ecoponto"},"content":{"rendered":"<p><\/p>\n<div class=\"separator\" style=\"clear:both;text-align:center;\"><\/div>\n<div class=\"separator\" style=\"clear:both;text-align:center;\"><\/div>\n<div class=\"separator\" style=\"clear:both;text-align:center;\"><a href=\"https:\/\/jornalismou.files.wordpress.com\/2012\/11\/ff602-ecoponto.jpg\" style=\"clear:left;float:left;margin-bottom:1em;margin-right:1em;\"><img loading=\"lazy\" border=\"0\" height=\"320\" src=\"https:\/\/jornalismou.files.wordpress.com\/2012\/11\/ff602-ecoponto.jpg?w=300\" width=\"320\" \/><\/a><\/div>\n<p><span style=\"line-height:24px;\">A consci\u00eancia ambiental vem ganhando cada vez mais for\u00e7a nos \u00faltimos tempos. E \u00e9 pensando nisso que o Laborat\u00f3rio de Fotografia do curso de Jornalismo da UFSJ est\u00e1 participando do programa Viva Melhor.\u00a0<\/span><br \/><span style=\"line-height:24px;\"><br \/><\/span><span style=\"line-height:24px;\">O local se tornou um EcoPonto e ali acontece a coleta de pilhas e baterias usadas, que ser\u00e3o recicladas. Para participar, basta depositar pilhas e baterias que n\u00e3o s\u00e3o mais utilizadas no gal\u00e3o do programa que est\u00e1 no Laborat\u00f3rio. A iniciativa Viva Melhor \u00e9 realizada pela Associa\u00e7\u00e3o Comercial e Industrial de S\u00e3o Jo\u00e3o del-Rei (ACI del-Rei), com o apoio do Instituto Apoiar e da UFSJ.<\/span><br \/><span style=\"line-height:24px;\"><br \/><\/span>  <\/p>\n<div style=\"text-align:right;\"><span style=\"line-height:24px;\">Reda\u00e7\u00e3o: Ana Pessoa<\/span><br \/><span style=\"line-height:24px;\"><b><a href=\"http:\/\/www.facebook.com\/pages\/Mosaico-Comunica%C3%A7%C3%A3o-Jr\/476324415722522\/\">Mosaico Comunica\u00e7\u00e3o Jr<\/a><\/b><\/span><br \/><span style=\"line-height:24px;\">Edi\u00e7\u00e3o: Alessandra de Falco<\/span><br \/><span style=\"line-height:24px;\"><br \/><\/span><span style=\"line-height:24px;\"><br \/><\/span><span style=\"line-height:24px;\"><br \/><\/span><span style=\"line-height:24px;\"><br \/><\/span><span style=\"line-height:24px;\"><br \/><\/span><span style=\"line-height:24px;\"><br \/><\/span><span style=\"line-height:24px;\"><br \/><\/span><span style=\"line-height:24px;\"><br \/><\/span><span style=\"line-height:24px;\"><br \/><\/span><span style=\"line-height:24px;\"><br \/><\/span><span style=\"line-height:24px;\"><br \/><\/span><span style=\"line-height:24px;\"><br \/><\/span><span style=\"line-height:24px;\"><br \/><\/span><span style=\"line-height:24px;\"><br \/><\/span><span style=\"line-height:24px;\"><br \/><\/span><span style=\"line-height:24px;\"><br \/><\/span><span style=\"line-height:24px;\"><br \/><\/span><span style=\"line-height:24px;\"><br \/><\/span><span style=\"line-height:24px;\"><br \/><\/span><span style=\"line-height:24px;\"><br \/><\/span><span style=\"line-height:24px;\"><br \/><\/span><span style=\"line-height:24px;\"><br \/><\/span><span style=\"line-height:24px;\"><br \/><\/span><span style=\"line-height:24px;\"><br \/><\/span><span style=\"line-height:24px;\"><br \/><\/span><span style=\"line-height:24px;\"><br \/><\/span><span style=\"line-height:24px;\"><br \/><\/span><span style=\"line-height:24px;\"><br \/><\/span><span style=\"line-height:24px;\"><br \/><\/span><span style=\"line-height:24px;\"><br \/><\/span><span style=\"line-height:24px;\"><br \/><\/span><span style=\"line-height:24px;\"><br \/><\/span><span style=\"line-height:24px;\"><br \/><\/span><span style=\"line-height:24px;\"><br \/><\/span><span style=\"line-height:24px;\"><br \/><\/span><span style=\"line-height:24px;\"><br \/><\/span><span style=\"line-height:24px;\"><br \/><\/span><span style=\"line-height:24px;\"><br \/><\/span><span style=\"line-height:24px;\"><br \/><\/span><span style=\"line-height:24px;\"><br \/><\/span><span style=\"line-height:24px;\"><br \/><\/span><span style=\"line-height:24px;\"><br \/><\/span><span style=\"line-height:24px;\"><br \/><\/span><span style=\"line-height:24px;\"><br \/><\/span><span style=\"line-height:24px;\"><br \/><\/span><\/div>\n","protected":false},"excerpt":{"rendered":"<p>A consci\u00eancia ambiental vem ganhando cada vez mais for\u00e7a nos \u00faltimos tempos. E \u00e9 pensando nisso que o Laborat\u00f3rio de Fotografia do curso de Jornalismo da UFSJ est\u00e1 participando do programa Viva Melhor.\u00a0O local se tornou um EcoPonto e ali&#8230;<\/p>\n","protected":false},"author":3,"featured_media":0,"comment_status":"open","ping_status":"open","sticky":false,"template":"","format":"standard","meta":{"_monsterinsights_skip_tracking":false,"_monsterinsights_sitenote_active":false,"_monsterinsights_sitenote_note":"","_monsterinsights_sitenote_category":0},"categories":[70],"tags":[],"yoast_head":"<!-- This site is optimized with the Yoast SEO plugin v20.6 - https:\/\/yoast.com\/wordpress\/plugins\/seo\/ -->\n<title>Laborat\u00f3rio de Fotografia agora \u00e9 Ecoponto - Jornalismo UFSJ<\/title>\n<meta name=\"robots\" content=\"index, follow, max-snippet:-1, max-image-preview:large, max-video-preview:-1\" \/>\n<link rel=\"canonical\" href=\"http:\/\/anu.ufsj.edu.br\/site\/sem-categoria\/laboratorio-de-fotografia-agora-e-ecoponto\/\" \/>\n<meta property=\"og:locale\" content=\"pt_BR\" \/>\n<meta property=\"og:type\" content=\"article\" \/>\n<meta property=\"og:title\" content=\"Laborat\u00f3rio de Fotografia agora \u00e9 Ecoponto - Jornalismo UFSJ\" \/>\n<meta property=\"og:description\" content=\"A consci\u00eancia ambiental vem ganhando cada vez mais for\u00e7a nos \u00faltimos tempos. E \u00e9 pensando nisso que o Laborat\u00f3rio de Fotografia do curso de Jornalismo da UFSJ est\u00e1 participando do programa Viva Melhor.\u00a0O local se tornou um EcoPonto e ali...\" \/>\n<meta property=\"og:url\" content=\"http:\/\/anu.ufsj.edu.br\/site\/sem-categoria\/laboratorio-de-fotografia-agora-e-ecoponto\/\" \/>\n<meta property=\"og:site_name\" content=\"Jornalismo UFSJ\" \/>\n<meta property=\"article:publisher\" content=\"https:\/\/www.facebook.com\/jornalismoufsj\/\" \/>\n<meta property=\"article:published_time\" content=\"2012-11-04T20:52:00+00:00\" \/>\n<meta property=\"og:image\" content=\"https:\/\/jornalismou.files.wordpress.com\/2012\/11\/ff602-ecoponto.jpg?w=300\" \/>\n<meta name=\"twitter:card\" content=\"summary_large_image\" \/>\n<meta name=\"twitter:creator\" content=\"@jornalismoufsj\" \/>\n<meta name=\"twitter:site\" content=\"@jornalismoufsj\" \/>\n<meta name=\"twitter:label1\" content=\"Escrito por\" \/>\n\t<meta name=\"twitter:data1\" content=\"\" \/>\n\t<meta name=\"twitter:label2\" content=\"Est. tempo de leitura\" \/>\n\t<meta name=\"twitter:data2\" content=\"1 minuto\" \/>\n<script type=\"application\/ld+json\" class=\"yoast-schema-graph\">{\"@context\":\"https:\/\/schema.org\",\"@graph\":[{\"@type\":\"WebPage\",\"@id\":\"http:\/\/anu.ufsj.edu.br\/site\/sem-categoria\/laboratorio-de-fotografia-agora-e-ecoponto\/\",\"url\":\"http:\/\/anu.ufsj.edu.br\/site\/sem-categoria\/laboratorio-de-fotografia-agora-e-ecoponto\/\",\"name\":\"Laborat\u00f3rio de Fotografia agora \u00e9 Ecoponto - Jornalismo UFSJ\",\"isPartOf\":{\"@id\":\"http:\/\/jornalismo.ufsj.edu.br\/site\/#website\"},\"datePublished\":\"2012-11-04T20:52:00+00:00\",\"dateModified\":\"2012-11-04T20:52:00+00:00\",\"author\":{\"@id\":\"\"},\"breadcrumb\":{\"@id\":\"http:\/\/anu.ufsj.edu.br\/site\/sem-categoria\/laboratorio-de-fotografia-agora-e-ecoponto\/#breadcrumb\"},\"inLanguage\":\"pt-BR\",\"potentialAction\":[{\"@type\":\"ReadAction\",\"target\":[\"http:\/\/anu.ufsj.edu.br\/site\/sem-categoria\/laboratorio-de-fotografia-agora-e-ecoponto\/\"]}]},{\"@type\":\"BreadcrumbList\",\"@id\":\"http:\/\/anu.ufsj.edu.br\/site\/sem-categoria\/laboratorio-de-fotografia-agora-e-ecoponto\/#breadcrumb\",\"itemListElement\":[{\"@type\":\"ListItem\",\"position\":1,\"name\":\"In\u00edcio\",\"item\":\"http:\/\/jornalismo.ufsj.edu.br\/site\/\"},{\"@type\":\"ListItem\",\"position\":2,\"name\":\"Laborat\u00f3rio de Fotografia agora \u00e9 Ecoponto\"}]},{\"@type\":\"WebSite\",\"@id\":\"http:\/\/jornalismo.ufsj.edu.br\/site\/#website\",\"url\":\"http:\/\/jornalismo.ufsj.edu.br\/site\/\",\"name\":\"Jornalismo UFSJ\",\"description\":\"\",\"potentialAction\":[{\"@type\":\"SearchAction\",\"target\":{\"@type\":\"EntryPoint\",\"urlTemplate\":\"http:\/\/jornalismo.ufsj.edu.br\/site\/?s={search_term_string}\"},\"query-input\":\"required name=search_term_string\"}],\"inLanguage\":\"pt-BR\"},{\"@type\":\"Person\",\"@id\":\"\"}]}<\/script>\n<!-- \/ Yoast SEO plugin. -->","yoast_head_json":{"title":"Laborat\u00f3rio de Fotografia agora \u00e9 Ecoponto - Jornalismo UFSJ","robots":{"index":"index","follow":"follow","max-snippet":"max-snippet:-1","max-image-preview":"max-image-preview:large","max-video-preview":"max-video-preview:-1"},"canonical":"http:\/\/anu.ufsj.edu.br\/site\/sem-categoria\/laboratorio-de-fotografia-agora-e-ecoponto\/","og_locale":"pt_BR","og_type":"article","og_title":"Laborat\u00f3rio de Fotografia agora \u00e9 Ecoponto - Jornalismo UFSJ","og_description":"A consci\u00eancia ambiental vem ganhando cada vez mais for\u00e7a nos \u00faltimos tempos. E \u00e9 pensando nisso que o Laborat\u00f3rio de Fotografia do curso de Jornalismo da UFSJ est\u00e1 participando do programa Viva Melhor.\u00a0O local se tornou um EcoPonto e ali...","og_url":"http:\/\/anu.ufsj.edu.br\/site\/sem-categoria\/laboratorio-de-fotografia-agora-e-ecoponto\/","og_site_name":"Jornalismo UFSJ","article_publisher":"https:\/\/www.facebook.com\/jornalismoufsj\/","article_published_time":"2012-11-04T20:52:00+00:00","og_image":[{"url":"https:\/\/jornalismou.files.wordpress.com\/2012\/11\/ff602-ecoponto.jpg?w=300"}],"twitter_card":"summary_large_image","twitter_creator":"@jornalismoufsj","twitter_site":"@jornalismoufsj","twitter_misc":{"Escrito por":"","Est. tempo de leitura":"1 minuto"},"schema":{"@context":"https:\/\/schema.org","@graph":[{"@type":"WebPage","@id":"http:\/\/anu.ufsj.edu.br\/site\/sem-categoria\/laboratorio-de-fotografia-agora-e-ecoponto\/","url":"http:\/\/anu.ufsj.edu.br\/site\/sem-categoria\/laboratorio-de-fotografia-agora-e-ecoponto\/","name":"Laborat\u00f3rio de Fotografia agora \u00e9 Ecoponto - Jornalismo UFSJ","isPartOf":{"@id":"http:\/\/jornalismo.ufsj.edu.br\/site\/#website"},"datePublished":"2012-11-04T20:52:00+00:00","dateModified":"2012-11-04T20:52:00+00:00","author":{"@id":""},"breadcrumb":{"@id":"http:\/\/anu.ufsj.edu.br\/site\/sem-categoria\/laboratorio-de-fotografia-agora-e-ecoponto\/#breadcrumb"},"inLanguage":"pt-BR","potentialAction":[{"@type":"ReadAction","target":["http:\/\/anu.ufsj.edu.br\/site\/sem-categoria\/laboratorio-de-fotografia-agora-e-ecoponto\/"]}]},{"@type":"BreadcrumbList","@id":"http:\/\/anu.ufsj.edu.br\/site\/sem-categoria\/laboratorio-de-fotografia-agora-e-ecoponto\/#breadcrumb","itemListElement":[{"@type":"ListItem","position":1,"name":"In\u00edcio","item":"http:\/\/jornalismo.ufsj.edu.br\/site\/"},{"@type":"ListItem","position":2,"name":"Laborat\u00f3rio de Fotografia agora \u00e9 Ecoponto"}]},{"@type":"WebSite","@id":"http:\/\/jornalismo.ufsj.edu.br\/site\/#website","url":"http:\/\/jornalismo.ufsj.edu.br\/site\/","name":"Jornalismo UFSJ","description":"","potentialAction":[{"@type":"SearchAction","target":{"@type":"EntryPoint","urlTemplate":"http:\/\/jornalismo.ufsj.edu.br\/site\/?s={search_term_string}"},"query-input":"required name=search_term_string"}],"inLanguage":"pt-BR"},{"@type":"Person","@id":""}]}},"jetpack_featured_media_url":"","_links":{"self":[{"href":"http:\/\/anu.ufsj.edu.br\/site\/wp-json\/wp\/v2\/posts\/1160"}],"collection":[{"href":"http:\/\/anu.ufsj.edu.br\/site\/wp-json\/wp\/v2\/posts"}],"about":[{"href":"http:\/\/anu.ufsj.edu.br\/site\/wp-json\/wp\/v2\/types\/post"}],"author":[{"embeddable":true,"href":"http:\/\/anu.ufsj.edu.br\/site\/wp-json\/wp\/v2\/users\/3"}],"replies":[{"embeddable":true,"href":"http:\/\/anu.ufsj.edu.br\/site\/wp-json\/wp\/v2\/comments?post=1160"}],"version-history":[{"count":0,"href":"http:\/\/anu.ufsj.edu.br\/site\/wp-json\/wp\/v2\/posts\/1160\/revisions"}],"wp:attachment":[{"href":"http:\/\/anu.ufsj.edu.br\/site\/wp-json\/wp\/v2\/media?parent=1160"}],"wp:term":[{"taxonomy":"category","embeddable":true,"href":"http:\/\/anu.ufsj.edu.br\/site\/wp-json\/wp\/v2\/categories?post=1160"},{"taxonomy":"post_tag","embeddable":true,"href":"http:\/\/anu.ufsj.edu.br\/site\/wp-json\/wp\/v2\/tags?post=1160"}],"curies":[{"name":"wp","href":"https:\/\/api.w.org\/{rel}","templated":true}]}}