{"id":1164,"date":"2012-11-04T20:48:00","date_gmt":"2012-11-04T20:48:00","guid":{"rendered":"http:\/\/jornalismo.ufsj.edu.br\/2012\/11\/04\/jornalismo-marca-presenca-na-mostra-de-profissoes-da-ufsj"},"modified":"2012-11-04T20:48:00","modified_gmt":"2012-11-04T20:48:00","slug":"jornalismo-marca-presenca-na-mostra-de-profissoes-da-ufsj","status":"publish","type":"post","link":"http:\/\/anu.ufsj.edu.br\/site\/sem-categoria\/jornalismo-marca-presenca-na-mostra-de-profissoes-da-ufsj\/","title":{"rendered":"Jornalismo marca presen\u00e7a na Mostra de Profiss\u00f5es da UFSJ"},"content":{"rendered":"<p><\/p>\n<div class=\"separator\" style=\"clear:both;text-align:center;\"><\/div>\n<div class=\"separator\" style=\"clear:both;text-align:center;\"><\/div>\n<div class=\"separator\" style=\"clear:both;text-align:center;\"><\/div>\n<div class=\"separator\" style=\"clear:both;text-align:center;\"><a href=\"https:\/\/jornalismou.files.wordpress.com\/2012\/11\/1e2b5-mostra1.jpg\" style=\"clear:left;float:left;margin-bottom:1em;margin-right:1em;\"><img loading=\"lazy\" border=\"0\" height=\"320\" src=\"https:\/\/jornalismou.files.wordpress.com\/2012\/11\/1e2b5-mostra1.jpg?w=300\" width=\"320\" \/><\/a><\/div>\n<p><span style=\"line-height:24px;\">O curso de Jornalismo participou da 1\u00aa Mostra de Profiss\u00f5es da UFSJ. O evento, realizado pela Din\u00e2mica Consultoria Jr, empresa j\u00fanior de Administra\u00e7\u00e3o, aconteceu no campus Santo Ant\u00f4nio e reuniu estudantes de Ensino M\u00e9dio de v\u00e1rias cidades.\u00a0<\/span><br \/><span style=\"line-height:24px;\"><br \/><\/span><span style=\"line-height:24px;\">No local destinado ao Jornalismo, professores e alunos receberam todos que por ali passavam. A sala de aula foi descaracterizada, dando lugar a um ambiente que permitiu aos visitantes se entreterem com ensaios fotogr\u00e1ficos, revistas, edi\u00e7\u00f5es do jornal laborat\u00f3rio <b><a href=\"http:\/\/www.jornalismoufsj.com.br\/p\/jornal-laboratorio-ora.html\">Ora-Pro-Nobis<\/a><\/b> e document\u00e1rios produzidos para o Observat\u00f3rio da Imprensa.<\/span><\/p>\n<div class=\"separator\" style=\"clear:both;text-align:center;\"><a href=\"https:\/\/jornalismou.files.wordpress.com\/2012\/11\/63919-mostra2.jpg\" style=\"clear:right;float:right;margin-bottom:1em;margin-left:1em;\"><img loading=\"lazy\" border=\"0\" height=\"320\" src=\"https:\/\/jornalismou.files.wordpress.com\/2012\/11\/63919-mostra2.jpg?w=300\" width=\"320\" \/><\/a><\/div>\n<p><span style=\"line-height:24px;\">Ap\u00f3s a apresenta\u00e7\u00e3o do curso\u00a0<\/span><span style=\"line-height:24px;\">Comunica\u00e7\u00e3o Social &#8211; Jornalismo, pela\u00a0<\/span><span style=\"line-height:24px;\">Coordenadora Vanessa Maia, alunos e outros professores tiveram um bate-papo din\u00e2mico com os visitantes. Projetos e produtos relacionados ao curso foram mostrados e foi aberto o espa\u00e7o para responder \u00e0s d\u00favidas e debater assuntos como a n\u00e3o obrigatoriedade do diploma para exerc\u00edcio da profiss\u00e3o.<\/span><br \/><span style=\"line-height:24px;\"><br \/><\/span><span style=\"line-height:24px;\">&#8220;A mostra de profiss\u00f5es \u00e9 uma iniciativa excelente porque nem sempre as pessoas conhecem os atributos da profiss\u00e3o de um jornalista. E com a mostra, n\u00f3s podemos exibir nossos produtos, falar das nossas pr\u00e1ticas, enfim, cumprir mesmo o papel de jornalista que \u00e9 o de informar a sociedade sobre o nosso of\u00edcio. Essa iniciativa da UFSJ foi excelente tamb\u00e9m para o interc\u00e2mbio com os alunos de outros cursos e tamb\u00e9m para os meninos do segundo grau que est\u00e3o indecisos sobre qual carreira seguir&#8221;, disse a coordenadora do curso, Vanessa Maia.<\/span><br \/><span style=\"line-height:24px;\"><br \/><\/span><span style=\"line-height:24px;\">O evento marcou a estreia da empresa j\u00fanior de Jornalismo, a <b><a href=\"http:\/\/www.facebook.com\/pages\/Mosaico-Comunica%C3%A7%C3%A3o-Jr\/476324415722522\/\">Mosaico Comunica\u00e7\u00e3o Jr<\/a><\/b>, respons\u00e1vel pela cobertura fotogr\u00e1fica e por alimentar a p\u00e1gina do Facebook da mostra durante todo o dia.<\/span><\/p>\n<div style=\"text-align:right;\"><span style=\"line-height:24px;\"><br \/><\/span><span style=\"line-height:24px;\"><br \/><\/span><span style=\"line-height:24px;\">Reda\u00e7\u00e3o: Ana Pessoa<\/span><br \/><span style=\"line-height:24px;\">Imagens:\u00a0<\/span><b style=\"line-height:24px;\"><a href=\"http:\/\/www.facebook.com\/pages\/Mosaico-Comunica%C3%A7%C3%A3o-Jr\/476324415722522\/\">Mosaico Comunica\u00e7\u00e3o Jr<\/a><\/b><br \/><span style=\"line-height:24px;\">Edi\u00e7\u00e3o: Alessandra de Falco<\/span><br \/><span style=\"line-height:24px;\"><br \/><\/span><span style=\"line-height:24px;\"><br \/><\/span><span style=\"line-height:24px;\"><br \/><\/span><span style=\"line-height:24px;\"><br \/><\/span><span style=\"line-height:24px;\"><br \/><\/span><span style=\"line-height:24px;\"><br \/><\/span><span style=\"line-height:24px;\"><br \/><\/span><span style=\"line-height:24px;\"><br \/><\/span><span style=\"line-height:24px;\"><br \/><\/span><span style=\"line-height:24px;\"><br \/><\/span><span style=\"line-height:24px;\"><br \/><\/span><span style=\"line-height:24px;\"><br \/><\/span><span style=\"line-height:24px;\"><br \/><\/span><span style=\"line-height:24px;\"><br \/><\/span><span style=\"line-height:24px;\"><br \/><\/span><span style=\"line-height:24px;\"><br \/><\/span><span style=\"line-height:24px;\"><br \/><\/span><span style=\"line-height:24px;\"><br \/><\/span><span style=\"line-height:24px;\"><br \/><\/span><span style=\"line-height:24px;\"><br \/><\/span><span style=\"line-height:24px;\"><br \/><\/span><span style=\"line-height:24px;\"><br \/><\/span><span style=\"line-height:24px;\"><br \/><\/span><span style=\"line-height:24px;\"><br \/><\/span><span style=\"line-height:24px;\"><br \/><\/span><span style=\"line-height:24px;\"><br \/><\/span><span style=\"line-height:24px;\"><br \/><\/span><span style=\"line-height:24px;\"><br \/><\/span><span style=\"line-height:24px;\"><br \/><\/span><span style=\"line-height:24px;\"><br \/><\/span><span style=\"line-height:24px;\"><br \/><\/span><span style=\"line-height:24px;\"><br \/><\/span><span style=\"line-height:24px;\"><br \/><\/span><span style=\"line-height:24px;\"><br \/><\/span><span style=\"line-height:24px;\"><br \/><\/span><span style=\"line-height:24px;\"><br \/><\/span><span style=\"line-height:24px;\"><br \/><\/span><span style=\"line-height:24px;\"><br \/><\/span><span style=\"line-height:24px;\"><br \/><\/span><span style=\"line-height:24px;\"><br \/><\/span><span style=\"line-height:24px;\"><br \/><\/span><span style=\"line-height:24px;\"><br \/><\/span><span style=\"line-height:24px;\"><br \/><\/span><span style=\"line-height:24px;\"><br \/><\/span><span style=\"line-height:24px;\"><br \/><\/span><\/div>\n","protected":false},"excerpt":{"rendered":"<p>O curso de Jornalismo participou da 1\u00aa Mostra de Profiss\u00f5es da UFSJ. O evento, realizado pela Din\u00e2mica Consultoria Jr, empresa j\u00fanior de Administra\u00e7\u00e3o, aconteceu no campus Santo Ant\u00f4nio e reuniu estudantes de Ensino M\u00e9dio de v\u00e1rias cidades.\u00a0No local destinado ao&#8230;<\/p>\n","protected":false},"author":3,"featured_media":0,"comment_status":"open","ping_status":"open","sticky":false,"template":"","format":"standard","meta":{"_monsterinsights_skip_tracking":false,"_monsterinsights_sitenote_active":false,"_monsterinsights_sitenote_note":"","_monsterinsights_sitenote_category":0},"categories":[70],"tags":[],"yoast_head":"<!-- This site is optimized with the Yoast SEO plugin v20.6 - https:\/\/yoast.com\/wordpress\/plugins\/seo\/ -->\n<title>Jornalismo marca presen\u00e7a na Mostra de Profiss\u00f5es da UFSJ - Jornalismo UFSJ<\/title>\n<meta name=\"robots\" content=\"index, follow, max-snippet:-1, max-image-preview:large, max-video-preview:-1\" \/>\n<link rel=\"canonical\" href=\"http:\/\/anu.ufsj.edu.br\/site\/sem-categoria\/jornalismo-marca-presenca-na-mostra-de-profissoes-da-ufsj\/\" \/>\n<meta property=\"og:locale\" content=\"pt_BR\" \/>\n<meta property=\"og:type\" content=\"article\" \/>\n<meta property=\"og:title\" content=\"Jornalismo marca presen\u00e7a na Mostra de Profiss\u00f5es da UFSJ - Jornalismo UFSJ\" \/>\n<meta property=\"og:description\" content=\"O curso de Jornalismo participou da 1\u00aa Mostra de Profiss\u00f5es da UFSJ. O evento, realizado pela Din\u00e2mica Consultoria Jr, empresa j\u00fanior de Administra\u00e7\u00e3o, aconteceu no campus Santo Ant\u00f4nio e reuniu estudantes de Ensino M\u00e9dio de v\u00e1rias cidades.\u00a0No local destinado ao...\" \/>\n<meta property=\"og:url\" content=\"http:\/\/anu.ufsj.edu.br\/site\/sem-categoria\/jornalismo-marca-presenca-na-mostra-de-profissoes-da-ufsj\/\" \/>\n<meta property=\"og:site_name\" content=\"Jornalismo UFSJ\" \/>\n<meta property=\"article:publisher\" content=\"https:\/\/www.facebook.com\/jornalismoufsj\/\" \/>\n<meta property=\"article:published_time\" content=\"2012-11-04T20:48:00+00:00\" \/>\n<meta property=\"og:image\" content=\"https:\/\/jornalismou.files.wordpress.com\/2012\/11\/1e2b5-mostra1.jpg?w=300\" \/>\n<meta name=\"twitter:card\" content=\"summary_large_image\" \/>\n<meta name=\"twitter:creator\" content=\"@jornalismoufsj\" \/>\n<meta name=\"twitter:site\" content=\"@jornalismoufsj\" \/>\n<meta name=\"twitter:label1\" content=\"Escrito por\" \/>\n\t<meta name=\"twitter:data1\" content=\"\" \/>\n\t<meta name=\"twitter:label2\" content=\"Est. tempo de leitura\" \/>\n\t<meta name=\"twitter:data2\" content=\"2 minutos\" \/>\n<script type=\"application\/ld+json\" class=\"yoast-schema-graph\">{\"@context\":\"https:\/\/schema.org\",\"@graph\":[{\"@type\":\"WebPage\",\"@id\":\"http:\/\/anu.ufsj.edu.br\/site\/sem-categoria\/jornalismo-marca-presenca-na-mostra-de-profissoes-da-ufsj\/\",\"url\":\"http:\/\/anu.ufsj.edu.br\/site\/sem-categoria\/jornalismo-marca-presenca-na-mostra-de-profissoes-da-ufsj\/\",\"name\":\"Jornalismo marca presen\u00e7a na Mostra de Profiss\u00f5es da UFSJ - Jornalismo UFSJ\",\"isPartOf\":{\"@id\":\"http:\/\/jornalismo.ufsj.edu.br\/site\/#website\"},\"datePublished\":\"2012-11-04T20:48:00+00:00\",\"dateModified\":\"2012-11-04T20:48:00+00:00\",\"author\":{\"@id\":\"\"},\"breadcrumb\":{\"@id\":\"http:\/\/anu.ufsj.edu.br\/site\/sem-categoria\/jornalismo-marca-presenca-na-mostra-de-profissoes-da-ufsj\/#breadcrumb\"},\"inLanguage\":\"pt-BR\",\"potentialAction\":[{\"@type\":\"ReadAction\",\"target\":[\"http:\/\/anu.ufsj.edu.br\/site\/sem-categoria\/jornalismo-marca-presenca-na-mostra-de-profissoes-da-ufsj\/\"]}]},{\"@type\":\"BreadcrumbList\",\"@id\":\"http:\/\/anu.ufsj.edu.br\/site\/sem-categoria\/jornalismo-marca-presenca-na-mostra-de-profissoes-da-ufsj\/#breadcrumb\",\"itemListElement\":[{\"@type\":\"ListItem\",\"position\":1,\"name\":\"In\u00edcio\",\"item\":\"http:\/\/jornalismo.ufsj.edu.br\/site\/\"},{\"@type\":\"ListItem\",\"position\":2,\"name\":\"Jornalismo marca presen\u00e7a na Mostra de Profiss\u00f5es da UFSJ\"}]},{\"@type\":\"WebSite\",\"@id\":\"http:\/\/jornalismo.ufsj.edu.br\/site\/#website\",\"url\":\"http:\/\/jornalismo.ufsj.edu.br\/site\/\",\"name\":\"Jornalismo UFSJ\",\"description\":\"\",\"potentialAction\":[{\"@type\":\"SearchAction\",\"target\":{\"@type\":\"EntryPoint\",\"urlTemplate\":\"http:\/\/jornalismo.ufsj.edu.br\/site\/?s={search_term_string}\"},\"query-input\":\"required name=search_term_string\"}],\"inLanguage\":\"pt-BR\"},{\"@type\":\"Person\",\"@id\":\"\"}]}<\/script>\n<!-- \/ Yoast SEO plugin. -->","yoast_head_json":{"title":"Jornalismo marca presen\u00e7a na Mostra de Profiss\u00f5es da UFSJ - Jornalismo UFSJ","robots":{"index":"index","follow":"follow","max-snippet":"max-snippet:-1","max-image-preview":"max-image-preview:large","max-video-preview":"max-video-preview:-1"},"canonical":"http:\/\/anu.ufsj.edu.br\/site\/sem-categoria\/jornalismo-marca-presenca-na-mostra-de-profissoes-da-ufsj\/","og_locale":"pt_BR","og_type":"article","og_title":"Jornalismo marca presen\u00e7a na Mostra de Profiss\u00f5es da UFSJ - Jornalismo UFSJ","og_description":"O curso de Jornalismo participou da 1\u00aa Mostra de Profiss\u00f5es da UFSJ. O evento, realizado pela Din\u00e2mica Consultoria Jr, empresa j\u00fanior de Administra\u00e7\u00e3o, aconteceu no campus Santo Ant\u00f4nio e reuniu estudantes de Ensino M\u00e9dio de v\u00e1rias cidades.\u00a0No local destinado ao...","og_url":"http:\/\/anu.ufsj.edu.br\/site\/sem-categoria\/jornalismo-marca-presenca-na-mostra-de-profissoes-da-ufsj\/","og_site_name":"Jornalismo UFSJ","article_publisher":"https:\/\/www.facebook.com\/jornalismoufsj\/","article_published_time":"2012-11-04T20:48:00+00:00","og_image":[{"url":"https:\/\/jornalismou.files.wordpress.com\/2012\/11\/1e2b5-mostra1.jpg?w=300"}],"twitter_card":"summary_large_image","twitter_creator":"@jornalismoufsj","twitter_site":"@jornalismoufsj","twitter_misc":{"Escrito por":"","Est. tempo de leitura":"2 minutos"},"schema":{"@context":"https:\/\/schema.org","@graph":[{"@type":"WebPage","@id":"http:\/\/anu.ufsj.edu.br\/site\/sem-categoria\/jornalismo-marca-presenca-na-mostra-de-profissoes-da-ufsj\/","url":"http:\/\/anu.ufsj.edu.br\/site\/sem-categoria\/jornalismo-marca-presenca-na-mostra-de-profissoes-da-ufsj\/","name":"Jornalismo marca presen\u00e7a na Mostra de Profiss\u00f5es da UFSJ - Jornalismo UFSJ","isPartOf":{"@id":"http:\/\/jornalismo.ufsj.edu.br\/site\/#website"},"datePublished":"2012-11-04T20:48:00+00:00","dateModified":"2012-11-04T20:48:00+00:00","author":{"@id":""},"breadcrumb":{"@id":"http:\/\/anu.ufsj.edu.br\/site\/sem-categoria\/jornalismo-marca-presenca-na-mostra-de-profissoes-da-ufsj\/#breadcrumb"},"inLanguage":"pt-BR","potentialAction":[{"@type":"ReadAction","target":["http:\/\/anu.ufsj.edu.br\/site\/sem-categoria\/jornalismo-marca-presenca-na-mostra-de-profissoes-da-ufsj\/"]}]},{"@type":"BreadcrumbList","@id":"http:\/\/anu.ufsj.edu.br\/site\/sem-categoria\/jornalismo-marca-presenca-na-mostra-de-profissoes-da-ufsj\/#breadcrumb","itemListElement":[{"@type":"ListItem","position":1,"name":"In\u00edcio","item":"http:\/\/jornalismo.ufsj.edu.br\/site\/"},{"@type":"ListItem","position":2,"name":"Jornalismo marca presen\u00e7a na Mostra de Profiss\u00f5es da UFSJ"}]},{"@type":"WebSite","@id":"http:\/\/jornalismo.ufsj.edu.br\/site\/#website","url":"http:\/\/jornalismo.ufsj.edu.br\/site\/","name":"Jornalismo UFSJ","description":"","potentialAction":[{"@type":"SearchAction","target":{"@type":"EntryPoint","urlTemplate":"http:\/\/jornalismo.ufsj.edu.br\/site\/?s={search_term_string}"},"query-input":"required name=search_term_string"}],"inLanguage":"pt-BR"},{"@type":"Person","@id":""}]}},"jetpack_featured_media_url":"","_links":{"self":[{"href":"http:\/\/anu.ufsj.edu.br\/site\/wp-json\/wp\/v2\/posts\/1164"}],"collection":[{"href":"http:\/\/anu.ufsj.edu.br\/site\/wp-json\/wp\/v2\/posts"}],"about":[{"href":"http:\/\/anu.ufsj.edu.br\/site\/wp-json\/wp\/v2\/types\/post"}],"author":[{"embeddable":true,"href":"http:\/\/anu.ufsj.edu.br\/site\/wp-json\/wp\/v2\/users\/3"}],"replies":[{"embeddable":true,"href":"http:\/\/anu.ufsj.edu.br\/site\/wp-json\/wp\/v2\/comments?post=1164"}],"version-history":[{"count":0,"href":"http:\/\/anu.ufsj.edu.br\/site\/wp-json\/wp\/v2\/posts\/1164\/revisions"}],"wp:attachment":[{"href":"http:\/\/anu.ufsj.edu.br\/site\/wp-json\/wp\/v2\/media?parent=1164"}],"wp:term":[{"taxonomy":"category","embeddable":true,"href":"http:\/\/anu.ufsj.edu.br\/site\/wp-json\/wp\/v2\/categories?post=1164"},{"taxonomy":"post_tag","embeddable":true,"href":"http:\/\/anu.ufsj.edu.br\/site\/wp-json\/wp\/v2\/tags?post=1164"}],"curies":[{"name":"wp","href":"https:\/\/api.w.org\/{rel}","templated":true}]}}