{"id":1168,"date":"2012-11-04T19:51:00","date_gmt":"2012-11-04T19:51:00","guid":{"rendered":"http:\/\/jornalismo.ufsj.edu.br\/2012\/11\/04\/oficina-de-comunicacao-online-para-centros-academicos"},"modified":"2012-11-04T19:51:00","modified_gmt":"2012-11-04T19:51:00","slug":"oficina-de-comunicacao-online-para-centros-academicos","status":"publish","type":"post","link":"http:\/\/anu.ufsj.edu.br\/site\/sem-categoria\/oficina-de-comunicacao-online-para-centros-academicos\/","title":{"rendered":"Oficina de Comunica\u00e7\u00e3o Online para Centros Acad\u00eamicos"},"content":{"rendered":"<p><\/p>\n<div class=\"separator\" style=\"clear:both;text-align:center;\"><\/div>\n<div class=\"separator\" style=\"clear:both;text-align:center;\"><a href=\"https:\/\/jornalismou.files.wordpress.com\/2012\/11\/878d9-oficina.jpg\" style=\"clear:left;float:left;margin-bottom:1em;margin-right:1em;\"><img loading=\"lazy\" border=\"0\" height=\"320\" src=\"https:\/\/jornalismou.files.wordpress.com\/2012\/11\/878d9-oficina.jpg?w=300\" width=\"320\" \/><\/a><\/div>\n<p><span style=\"line-height:24px;\">A Secretaria de Comunica\u00e7\u00e3o do Diret\u00f3rio Central dos Estudantes (DCE) da UFSJ realizou uma Oficina de Comunica\u00e7\u00e3o Online para representantes dos Centros Acad\u00eamicos. A iniciativa, com o objetivo de\u00a0<\/span><span style=\"line-height:24px;\">melhorar a comunica\u00e7\u00e3o entre os Centros e os alunos de cada curso, promoveu a\u00a0<\/span><span style=\"line-height:24px;\">forma\u00e7\u00e3o b\u00e1sica em comunica\u00e7\u00e3o digital.\u00a0<\/span><span style=\"line-height:24px;\">A capacita\u00e7\u00e3o gratuita foi oferecida pela professora do curso de Jornalismo, Alessandra de Falco, no Laborat\u00f3rio de Multim\u00eddia do curso.\u00a0<\/span><br \/><span style=\"line-height:24px;\"><br \/><\/span>  <\/p>\n<div style=\"text-align:right;\"><span style=\"line-height:24px;\">Reda\u00e7\u00e3o: Ana Pessoa<\/span><br \/><span style=\"line-height:24px;\"><b><a href=\"http:\/\/www.facebook.com\/pages\/Mosaico-Comunica%C3%A7%C3%A3o-Jr\/476324415722522\/\">Mosaico Comunica\u00e7\u00e3o Jr<\/a><\/b><\/span><br \/><span style=\"line-height:24px;\">Edi\u00e7\u00e3o: Alessandra de Falco<\/span><br \/><span style=\"line-height:24px;\"><br \/><\/span><span style=\"line-height:24px;\"><br \/><\/span><span style=\"line-height:24px;\"><br \/><\/span><span style=\"line-height:24px;\"><br \/><\/span><span style=\"line-height:24px;\"><br \/><\/span><span style=\"line-height:24px;\"><br \/><\/span><span style=\"line-height:24px;\"><br \/><\/span><span style=\"line-height:24px;\"><br \/><\/span><span style=\"line-height:24px;\"><br \/><\/span><span style=\"line-height:24px;\"><br \/><\/span><span style=\"line-height:24px;\"><br \/><\/span><span style=\"line-height:24px;\"><br \/><\/span><span style=\"line-height:24px;\"><br \/><\/span><span style=\"line-height:24px;\"><br \/><\/span><span style=\"line-height:24px;\"><br \/><\/span><span style=\"line-height:24px;\"><br \/><\/span><span style=\"line-height:24px;\"><br \/><\/span><span style=\"line-height:24px;\"><br \/><\/span><span style=\"line-height:24px;\"><br \/><\/span><span style=\"line-height:24px;\"><br \/><\/span><span style=\"line-height:24px;\"><br \/><\/span><span style=\"line-height:24px;\"><br \/><\/span><span style=\"line-height:24px;\"><br \/><\/span><span style=\"line-height:24px;\"><br \/><\/span><span style=\"line-height:24px;\"><br \/><\/span><span style=\"line-height:24px;\"><br \/><\/span><span style=\"line-height:24px;\"><br \/><\/span><span style=\"line-height:24px;\"><br \/><\/span><span style=\"line-height:24px;\"><br \/><\/span><span style=\"line-height:24px;\"><br \/><\/span><span style=\"line-height:24px;\"><br \/><\/span><span style=\"line-height:24px;\"><br \/><\/span><span style=\"line-height:24px;\"><br \/><\/span><span style=\"line-height:24px;\"><br \/><\/span><span style=\"line-height:24px;\"><br \/><\/span><span style=\"line-height:24px;\"><br \/><\/span><span style=\"line-height:24px;\"><br \/><\/span><span style=\"line-height:24px;\"><br \/><\/span><span style=\"line-height:24px;\"><br \/><\/span><span style=\"line-height:24px;\"><br \/><\/span><span style=\"line-height:24px;\"><br \/><\/span><span style=\"line-height:24px;\"><br \/><\/span><span style=\"line-height:24px;\"><br \/><\/span><span style=\"line-height:24px;\"><br \/><\/span><span style=\"line-height:24px;\"><br \/><\/span><\/div>\n","protected":false},"excerpt":{"rendered":"<p>A Secretaria de Comunica\u00e7\u00e3o do Diret\u00f3rio Central dos Estudantes (DCE) da UFSJ realizou uma Oficina de Comunica\u00e7\u00e3o Online para representantes dos Centros Acad\u00eamicos. A iniciativa, com o objetivo de\u00a0melhorar a comunica\u00e7\u00e3o entre os Centros e os alunos de cada curso,&#8230;<\/p>\n","protected":false},"author":3,"featured_media":0,"comment_status":"open","ping_status":"open","sticky":false,"template":"","format":"standard","meta":{"_monsterinsights_skip_tracking":false,"_monsterinsights_sitenote_active":false,"_monsterinsights_sitenote_note":"","_monsterinsights_sitenote_category":0},"categories":[70],"tags":[],"yoast_head":"<!-- This site is optimized with the Yoast SEO plugin v20.6 - https:\/\/yoast.com\/wordpress\/plugins\/seo\/ -->\n<title>Oficina de Comunica\u00e7\u00e3o Online para Centros Acad\u00eamicos - Jornalismo UFSJ<\/title>\n<meta name=\"robots\" content=\"index, follow, max-snippet:-1, max-image-preview:large, max-video-preview:-1\" \/>\n<link rel=\"canonical\" href=\"https:\/\/jornalismo.ufsj.edu.br\/site\/sem-categoria\/oficina-de-comunicacao-online-para-centros-academicos\/\" \/>\n<meta property=\"og:locale\" content=\"pt_BR\" \/>\n<meta property=\"og:type\" content=\"article\" \/>\n<meta property=\"og:title\" content=\"Oficina de Comunica\u00e7\u00e3o Online para Centros Acad\u00eamicos - Jornalismo UFSJ\" \/>\n<meta property=\"og:description\" content=\"A Secretaria de Comunica\u00e7\u00e3o do Diret\u00f3rio Central dos Estudantes (DCE) da UFSJ realizou uma Oficina de Comunica\u00e7\u00e3o Online para representantes dos Centros Acad\u00eamicos. A iniciativa, com o objetivo de\u00a0melhorar a comunica\u00e7\u00e3o entre os Centros e os alunos de cada curso,...\" \/>\n<meta property=\"og:url\" content=\"https:\/\/jornalismo.ufsj.edu.br\/site\/sem-categoria\/oficina-de-comunicacao-online-para-centros-academicos\/\" \/>\n<meta property=\"og:site_name\" content=\"Jornalismo UFSJ\" \/>\n<meta property=\"article:publisher\" content=\"https:\/\/www.facebook.com\/jornalismoufsj\/\" \/>\n<meta property=\"article:published_time\" content=\"2012-11-04T19:51:00+00:00\" \/>\n<meta property=\"og:image\" content=\"https:\/\/jornalismou.files.wordpress.com\/2012\/11\/878d9-oficina.jpg?w=300\" \/>\n<meta name=\"twitter:card\" content=\"summary_large_image\" \/>\n<meta name=\"twitter:creator\" content=\"@jornalismoufsj\" \/>\n<meta name=\"twitter:site\" content=\"@jornalismoufsj\" \/>\n<meta name=\"twitter:label1\" content=\"Escrito por\" \/>\n\t<meta name=\"twitter:data1\" content=\"\" \/>\n<script type=\"application\/ld+json\" class=\"yoast-schema-graph\">{\"@context\":\"https:\/\/schema.org\",\"@graph\":[{\"@type\":\"WebPage\",\"@id\":\"https:\/\/jornalismo.ufsj.edu.br\/site\/sem-categoria\/oficina-de-comunicacao-online-para-centros-academicos\/\",\"url\":\"https:\/\/jornalismo.ufsj.edu.br\/site\/sem-categoria\/oficina-de-comunicacao-online-para-centros-academicos\/\",\"name\":\"Oficina de Comunica\u00e7\u00e3o Online para Centros Acad\u00eamicos - Jornalismo UFSJ\",\"isPartOf\":{\"@id\":\"http:\/\/jornalismo.ufsj.edu.br\/site\/#website\"},\"datePublished\":\"2012-11-04T19:51:00+00:00\",\"dateModified\":\"2012-11-04T19:51:00+00:00\",\"author\":{\"@id\":\"\"},\"breadcrumb\":{\"@id\":\"https:\/\/jornalismo.ufsj.edu.br\/site\/sem-categoria\/oficina-de-comunicacao-online-para-centros-academicos\/#breadcrumb\"},\"inLanguage\":\"pt-BR\",\"potentialAction\":[{\"@type\":\"ReadAction\",\"target\":[\"https:\/\/jornalismo.ufsj.edu.br\/site\/sem-categoria\/oficina-de-comunicacao-online-para-centros-academicos\/\"]}]},{\"@type\":\"BreadcrumbList\",\"@id\":\"https:\/\/jornalismo.ufsj.edu.br\/site\/sem-categoria\/oficina-de-comunicacao-online-para-centros-academicos\/#breadcrumb\",\"itemListElement\":[{\"@type\":\"ListItem\",\"position\":1,\"name\":\"In\u00edcio\",\"item\":\"http:\/\/jornalismo.ufsj.edu.br\/site\/\"},{\"@type\":\"ListItem\",\"position\":2,\"name\":\"Oficina de Comunica\u00e7\u00e3o Online para Centros Acad\u00eamicos\"}]},{\"@type\":\"WebSite\",\"@id\":\"http:\/\/jornalismo.ufsj.edu.br\/site\/#website\",\"url\":\"http:\/\/jornalismo.ufsj.edu.br\/site\/\",\"name\":\"Jornalismo UFSJ\",\"description\":\"\",\"potentialAction\":[{\"@type\":\"SearchAction\",\"target\":{\"@type\":\"EntryPoint\",\"urlTemplate\":\"http:\/\/jornalismo.ufsj.edu.br\/site\/?s={search_term_string}\"},\"query-input\":\"required name=search_term_string\"}],\"inLanguage\":\"pt-BR\"},{\"@type\":\"Person\",\"@id\":\"\"}]}<\/script>\n<!-- \/ Yoast SEO plugin. -->","yoast_head_json":{"title":"Oficina de Comunica\u00e7\u00e3o Online para Centros Acad\u00eamicos - Jornalismo UFSJ","robots":{"index":"index","follow":"follow","max-snippet":"max-snippet:-1","max-image-preview":"max-image-preview:large","max-video-preview":"max-video-preview:-1"},"canonical":"https:\/\/jornalismo.ufsj.edu.br\/site\/sem-categoria\/oficina-de-comunicacao-online-para-centros-academicos\/","og_locale":"pt_BR","og_type":"article","og_title":"Oficina de Comunica\u00e7\u00e3o Online para Centros Acad\u00eamicos - Jornalismo UFSJ","og_description":"A Secretaria de Comunica\u00e7\u00e3o do Diret\u00f3rio Central dos Estudantes (DCE) da UFSJ realizou uma Oficina de Comunica\u00e7\u00e3o Online para representantes dos Centros Acad\u00eamicos. A iniciativa, com o objetivo de\u00a0melhorar a comunica\u00e7\u00e3o entre os Centros e os alunos de cada curso,...","og_url":"https:\/\/jornalismo.ufsj.edu.br\/site\/sem-categoria\/oficina-de-comunicacao-online-para-centros-academicos\/","og_site_name":"Jornalismo UFSJ","article_publisher":"https:\/\/www.facebook.com\/jornalismoufsj\/","article_published_time":"2012-11-04T19:51:00+00:00","og_image":[{"url":"https:\/\/jornalismou.files.wordpress.com\/2012\/11\/878d9-oficina.jpg?w=300"}],"twitter_card":"summary_large_image","twitter_creator":"@jornalismoufsj","twitter_site":"@jornalismoufsj","twitter_misc":{"Escrito por":""},"schema":{"@context":"https:\/\/schema.org","@graph":[{"@type":"WebPage","@id":"https:\/\/jornalismo.ufsj.edu.br\/site\/sem-categoria\/oficina-de-comunicacao-online-para-centros-academicos\/","url":"https:\/\/jornalismo.ufsj.edu.br\/site\/sem-categoria\/oficina-de-comunicacao-online-para-centros-academicos\/","name":"Oficina de Comunica\u00e7\u00e3o Online para Centros Acad\u00eamicos - Jornalismo UFSJ","isPartOf":{"@id":"http:\/\/jornalismo.ufsj.edu.br\/site\/#website"},"datePublished":"2012-11-04T19:51:00+00:00","dateModified":"2012-11-04T19:51:00+00:00","author":{"@id":""},"breadcrumb":{"@id":"https:\/\/jornalismo.ufsj.edu.br\/site\/sem-categoria\/oficina-de-comunicacao-online-para-centros-academicos\/#breadcrumb"},"inLanguage":"pt-BR","potentialAction":[{"@type":"ReadAction","target":["https:\/\/jornalismo.ufsj.edu.br\/site\/sem-categoria\/oficina-de-comunicacao-online-para-centros-academicos\/"]}]},{"@type":"BreadcrumbList","@id":"https:\/\/jornalismo.ufsj.edu.br\/site\/sem-categoria\/oficina-de-comunicacao-online-para-centros-academicos\/#breadcrumb","itemListElement":[{"@type":"ListItem","position":1,"name":"In\u00edcio","item":"http:\/\/jornalismo.ufsj.edu.br\/site\/"},{"@type":"ListItem","position":2,"name":"Oficina de Comunica\u00e7\u00e3o Online para Centros Acad\u00eamicos"}]},{"@type":"WebSite","@id":"http:\/\/jornalismo.ufsj.edu.br\/site\/#website","url":"http:\/\/jornalismo.ufsj.edu.br\/site\/","name":"Jornalismo UFSJ","description":"","potentialAction":[{"@type":"SearchAction","target":{"@type":"EntryPoint","urlTemplate":"http:\/\/jornalismo.ufsj.edu.br\/site\/?s={search_term_string}"},"query-input":"required name=search_term_string"}],"inLanguage":"pt-BR"},{"@type":"Person","@id":""}]}},"jetpack_featured_media_url":"","_links":{"self":[{"href":"http:\/\/anu.ufsj.edu.br\/site\/wp-json\/wp\/v2\/posts\/1168"}],"collection":[{"href":"http:\/\/anu.ufsj.edu.br\/site\/wp-json\/wp\/v2\/posts"}],"about":[{"href":"http:\/\/anu.ufsj.edu.br\/site\/wp-json\/wp\/v2\/types\/post"}],"author":[{"embeddable":true,"href":"http:\/\/anu.ufsj.edu.br\/site\/wp-json\/wp\/v2\/users\/3"}],"replies":[{"embeddable":true,"href":"http:\/\/anu.ufsj.edu.br\/site\/wp-json\/wp\/v2\/comments?post=1168"}],"version-history":[{"count":0,"href":"http:\/\/anu.ufsj.edu.br\/site\/wp-json\/wp\/v2\/posts\/1168\/revisions"}],"wp:attachment":[{"href":"http:\/\/anu.ufsj.edu.br\/site\/wp-json\/wp\/v2\/media?parent=1168"}],"wp:term":[{"taxonomy":"category","embeddable":true,"href":"http:\/\/anu.ufsj.edu.br\/site\/wp-json\/wp\/v2\/categories?post=1168"},{"taxonomy":"post_tag","embeddable":true,"href":"http:\/\/anu.ufsj.edu.br\/site\/wp-json\/wp\/v2\/tags?post=1168"}],"curies":[{"name":"wp","href":"https:\/\/api.w.org\/{rel}","templated":true}]}}