{"id":1171,"date":"2012-11-04T17:34:00","date_gmt":"2012-11-04T17:34:00","guid":{"rendered":"http:\/\/jornalismo.ufsj.edu.br\/2012\/11\/04\/a-vida-no-mexico-pela-aluna-claudia-lino"},"modified":"2012-11-04T17:34:00","modified_gmt":"2012-11-04T17:34:00","slug":"a-vida-no-mexico-pela-aluna-claudia-lino","status":"publish","type":"post","link":"http:\/\/anu.ufsj.edu.br\/site\/sem-categoria\/a-vida-no-mexico-pela-aluna-claudia-lino\/","title":{"rendered":"A vida no M\u00e9xico, pela aluna Claudia Lino"},"content":{"rendered":"<p><\/p>\n<div class=\"separator\" style=\"clear:both;text-align:center;\"><a href=\"https:\/\/jornalismou.files.wordpress.com\/2012\/11\/657d4-claudialino.jpg\" style=\"clear:left;float:left;margin-bottom:1em;margin-right:1em;\"><img loading=\"lazy\" border=\"0\" height=\"320\" src=\"https:\/\/jornalismou.files.wordpress.com\/2012\/11\/657d4-claudialino.jpg?w=300\" width=\"320\" \/><\/a><\/div>\n<p><span style=\"line-height:24px;\">No audioslide abaixo, produzido para a disciplina Oficina de Jornalismo Online, Cl\u00e1udia Lino conta sobre a sua experi\u00eancia de vida no M\u00e9xico, oportunidade oferecida pela Universidade Federal de S\u00e3o Jo\u00e3o del-Rei, a partir da <a href=\"http:\/\/www.ufsj.edu.br\/assin\"><b>Assessoria de Assuntos Internacionais<\/b><\/a>, que tem parceria com a Universidad de Monterrey. Quer saber mais? Acesse o blog <b><a href=\"http:\/\/maisqueprontas.blogspot.com.br\/\">Mais do que malas prontas!<\/a><\/b><\/span><br \/><span style=\"line-height:24px;\"><br \/><\/span><\/p>\n<div style=\"text-align:right;\"><span style=\"line-height:24px;\">Reda\u00e7\u00e3o: Alessandra de Falco<\/span><\/div>\n<div style=\"text-align:right;\"><span style=\"line-height:24px;\">Produ\u00e7\u00e3o: R\u00e9gis Melo<\/span><\/div>\n<div><span style=\"line-height:24px;\"><br \/><\/span><br \/><span style=\"line-height:24px;\"><br \/><\/span><span style=\"line-height:24px;\"><br \/><\/span><span style=\"line-height:24px;\"><br \/><\/span><\/div>\n<div style=\"text-align:center;\">[youtube http:\/\/www.youtube.com\/watch?v=MG-crIlqgy8]<\/div>\n<div style=\"text-align:center;\">\n<p><\/div>\n","protected":false},"excerpt":{"rendered":"<p>No audioslide abaixo, produzido para a disciplina Oficina de Jornalismo Online, Cl\u00e1udia Lino conta sobre a sua experi\u00eancia de vida no M\u00e9xico, oportunidade oferecida pela Universidade Federal de S\u00e3o Jo\u00e3o del-Rei, a partir da Assessoria de Assuntos Internacionais, que tem&#8230;<\/p>\n","protected":false},"author":3,"featured_media":0,"comment_status":"open","ping_status":"open","sticky":false,"template":"","format":"standard","meta":{"_monsterinsights_skip_tracking":false,"_monsterinsights_sitenote_active":false,"_monsterinsights_sitenote_note":"","_monsterinsights_sitenote_category":0},"categories":[70],"tags":[],"yoast_head":"<!-- This site is optimized with the Yoast SEO plugin v20.6 - https:\/\/yoast.com\/wordpress\/plugins\/seo\/ -->\n<title>A vida no M\u00e9xico, pela aluna Claudia Lino - Jornalismo UFSJ<\/title>\n<meta name=\"robots\" content=\"index, follow, max-snippet:-1, max-image-preview:large, max-video-preview:-1\" \/>\n<link rel=\"canonical\" href=\"http:\/\/anu.ufsj.edu.br\/site\/sem-categoria\/a-vida-no-mexico-pela-aluna-claudia-lino\/\" \/>\n<meta property=\"og:locale\" content=\"pt_BR\" \/>\n<meta property=\"og:type\" content=\"article\" \/>\n<meta property=\"og:title\" content=\"A vida no M\u00e9xico, pela aluna Claudia Lino - Jornalismo UFSJ\" \/>\n<meta property=\"og:description\" content=\"No audioslide abaixo, produzido para a disciplina Oficina de Jornalismo Online, Cl\u00e1udia Lino conta sobre a sua experi\u00eancia de vida no M\u00e9xico, oportunidade oferecida pela Universidade Federal de S\u00e3o Jo\u00e3o del-Rei, a partir da Assessoria de Assuntos Internacionais, que tem...\" \/>\n<meta property=\"og:url\" content=\"http:\/\/anu.ufsj.edu.br\/site\/sem-categoria\/a-vida-no-mexico-pela-aluna-claudia-lino\/\" \/>\n<meta property=\"og:site_name\" content=\"Jornalismo UFSJ\" \/>\n<meta property=\"article:publisher\" content=\"https:\/\/www.facebook.com\/jornalismoufsj\/\" \/>\n<meta property=\"article:published_time\" content=\"2012-11-04T17:34:00+00:00\" \/>\n<meta property=\"og:image\" content=\"https:\/\/jornalismou.files.wordpress.com\/2012\/11\/657d4-claudialino.jpg?w=300\" \/>\n<meta name=\"twitter:card\" content=\"summary_large_image\" \/>\n<meta name=\"twitter:creator\" content=\"@jornalismoufsj\" \/>\n<meta name=\"twitter:site\" content=\"@jornalismoufsj\" \/>\n<meta name=\"twitter:label1\" content=\"Escrito por\" \/>\n\t<meta name=\"twitter:data1\" content=\"\" \/>\n<script type=\"application\/ld+json\" class=\"yoast-schema-graph\">{\"@context\":\"https:\/\/schema.org\",\"@graph\":[{\"@type\":\"WebPage\",\"@id\":\"http:\/\/anu.ufsj.edu.br\/site\/sem-categoria\/a-vida-no-mexico-pela-aluna-claudia-lino\/\",\"url\":\"http:\/\/anu.ufsj.edu.br\/site\/sem-categoria\/a-vida-no-mexico-pela-aluna-claudia-lino\/\",\"name\":\"A vida no M\u00e9xico, pela aluna Claudia Lino - Jornalismo UFSJ\",\"isPartOf\":{\"@id\":\"http:\/\/jornalismo.ufsj.edu.br\/site\/#website\"},\"datePublished\":\"2012-11-04T17:34:00+00:00\",\"dateModified\":\"2012-11-04T17:34:00+00:00\",\"author\":{\"@id\":\"\"},\"breadcrumb\":{\"@id\":\"http:\/\/anu.ufsj.edu.br\/site\/sem-categoria\/a-vida-no-mexico-pela-aluna-claudia-lino\/#breadcrumb\"},\"inLanguage\":\"pt-BR\",\"potentialAction\":[{\"@type\":\"ReadAction\",\"target\":[\"http:\/\/anu.ufsj.edu.br\/site\/sem-categoria\/a-vida-no-mexico-pela-aluna-claudia-lino\/\"]}]},{\"@type\":\"BreadcrumbList\",\"@id\":\"http:\/\/anu.ufsj.edu.br\/site\/sem-categoria\/a-vida-no-mexico-pela-aluna-claudia-lino\/#breadcrumb\",\"itemListElement\":[{\"@type\":\"ListItem\",\"position\":1,\"name\":\"In\u00edcio\",\"item\":\"http:\/\/jornalismo.ufsj.edu.br\/site\/\"},{\"@type\":\"ListItem\",\"position\":2,\"name\":\"A vida no M\u00e9xico, pela aluna Claudia Lino\"}]},{\"@type\":\"WebSite\",\"@id\":\"http:\/\/jornalismo.ufsj.edu.br\/site\/#website\",\"url\":\"http:\/\/jornalismo.ufsj.edu.br\/site\/\",\"name\":\"Jornalismo UFSJ\",\"description\":\"\",\"potentialAction\":[{\"@type\":\"SearchAction\",\"target\":{\"@type\":\"EntryPoint\",\"urlTemplate\":\"http:\/\/jornalismo.ufsj.edu.br\/site\/?s={search_term_string}\"},\"query-input\":\"required name=search_term_string\"}],\"inLanguage\":\"pt-BR\"},{\"@type\":\"Person\",\"@id\":\"\"}]}<\/script>\n<!-- \/ Yoast SEO plugin. -->","yoast_head_json":{"title":"A vida no M\u00e9xico, pela aluna Claudia Lino - Jornalismo UFSJ","robots":{"index":"index","follow":"follow","max-snippet":"max-snippet:-1","max-image-preview":"max-image-preview:large","max-video-preview":"max-video-preview:-1"},"canonical":"http:\/\/anu.ufsj.edu.br\/site\/sem-categoria\/a-vida-no-mexico-pela-aluna-claudia-lino\/","og_locale":"pt_BR","og_type":"article","og_title":"A vida no M\u00e9xico, pela aluna Claudia Lino - Jornalismo UFSJ","og_description":"No audioslide abaixo, produzido para a disciplina Oficina de Jornalismo Online, Cl\u00e1udia Lino conta sobre a sua experi\u00eancia de vida no M\u00e9xico, oportunidade oferecida pela Universidade Federal de S\u00e3o Jo\u00e3o del-Rei, a partir da Assessoria de Assuntos Internacionais, que tem...","og_url":"http:\/\/anu.ufsj.edu.br\/site\/sem-categoria\/a-vida-no-mexico-pela-aluna-claudia-lino\/","og_site_name":"Jornalismo UFSJ","article_publisher":"https:\/\/www.facebook.com\/jornalismoufsj\/","article_published_time":"2012-11-04T17:34:00+00:00","og_image":[{"url":"https:\/\/jornalismou.files.wordpress.com\/2012\/11\/657d4-claudialino.jpg?w=300"}],"twitter_card":"summary_large_image","twitter_creator":"@jornalismoufsj","twitter_site":"@jornalismoufsj","twitter_misc":{"Escrito por":""},"schema":{"@context":"https:\/\/schema.org","@graph":[{"@type":"WebPage","@id":"http:\/\/anu.ufsj.edu.br\/site\/sem-categoria\/a-vida-no-mexico-pela-aluna-claudia-lino\/","url":"http:\/\/anu.ufsj.edu.br\/site\/sem-categoria\/a-vida-no-mexico-pela-aluna-claudia-lino\/","name":"A vida no M\u00e9xico, pela aluna Claudia Lino - Jornalismo UFSJ","isPartOf":{"@id":"http:\/\/jornalismo.ufsj.edu.br\/site\/#website"},"datePublished":"2012-11-04T17:34:00+00:00","dateModified":"2012-11-04T17:34:00+00:00","author":{"@id":""},"breadcrumb":{"@id":"http:\/\/anu.ufsj.edu.br\/site\/sem-categoria\/a-vida-no-mexico-pela-aluna-claudia-lino\/#breadcrumb"},"inLanguage":"pt-BR","potentialAction":[{"@type":"ReadAction","target":["http:\/\/anu.ufsj.edu.br\/site\/sem-categoria\/a-vida-no-mexico-pela-aluna-claudia-lino\/"]}]},{"@type":"BreadcrumbList","@id":"http:\/\/anu.ufsj.edu.br\/site\/sem-categoria\/a-vida-no-mexico-pela-aluna-claudia-lino\/#breadcrumb","itemListElement":[{"@type":"ListItem","position":1,"name":"In\u00edcio","item":"http:\/\/jornalismo.ufsj.edu.br\/site\/"},{"@type":"ListItem","position":2,"name":"A vida no M\u00e9xico, pela aluna Claudia Lino"}]},{"@type":"WebSite","@id":"http:\/\/jornalismo.ufsj.edu.br\/site\/#website","url":"http:\/\/jornalismo.ufsj.edu.br\/site\/","name":"Jornalismo UFSJ","description":"","potentialAction":[{"@type":"SearchAction","target":{"@type":"EntryPoint","urlTemplate":"http:\/\/jornalismo.ufsj.edu.br\/site\/?s={search_term_string}"},"query-input":"required name=search_term_string"}],"inLanguage":"pt-BR"},{"@type":"Person","@id":""}]}},"jetpack_featured_media_url":"","_links":{"self":[{"href":"http:\/\/anu.ufsj.edu.br\/site\/wp-json\/wp\/v2\/posts\/1171"}],"collection":[{"href":"http:\/\/anu.ufsj.edu.br\/site\/wp-json\/wp\/v2\/posts"}],"about":[{"href":"http:\/\/anu.ufsj.edu.br\/site\/wp-json\/wp\/v2\/types\/post"}],"author":[{"embeddable":true,"href":"http:\/\/anu.ufsj.edu.br\/site\/wp-json\/wp\/v2\/users\/3"}],"replies":[{"embeddable":true,"href":"http:\/\/anu.ufsj.edu.br\/site\/wp-json\/wp\/v2\/comments?post=1171"}],"version-history":[{"count":0,"href":"http:\/\/anu.ufsj.edu.br\/site\/wp-json\/wp\/v2\/posts\/1171\/revisions"}],"wp:attachment":[{"href":"http:\/\/anu.ufsj.edu.br\/site\/wp-json\/wp\/v2\/media?parent=1171"}],"wp:term":[{"taxonomy":"category","embeddable":true,"href":"http:\/\/anu.ufsj.edu.br\/site\/wp-json\/wp\/v2\/categories?post=1171"},{"taxonomy":"post_tag","embeddable":true,"href":"http:\/\/anu.ufsj.edu.br\/site\/wp-json\/wp\/v2\/tags?post=1171"}],"curies":[{"name":"wp","href":"https:\/\/api.w.org\/{rel}","templated":true}]}}