{"id":1174,"date":"2012-11-04T17:32:00","date_gmt":"2012-11-04T17:32:00","guid":{"rendered":"http:\/\/jornalismo.ufsj.edu.br\/2012\/11\/04\/professora-katia-hallak-publica-capitulo-em-livro-da-compos"},"modified":"2012-11-04T17:32:00","modified_gmt":"2012-11-04T17:32:00","slug":"professora-katia-hallak-publica-capitulo-em-livro-da-compos","status":"publish","type":"post","link":"http:\/\/anu.ufsj.edu.br\/site\/sem-categoria\/professora-katia-hallak-publica-capitulo-em-livro-da-compos\/","title":{"rendered":"Professora K\u00e1tia Hallak publica cap\u00edtulo em livro da Comp\u00f3s"},"content":{"rendered":"<div class=\"separator\" style=\"clear:both;text-align:center;\"><\/div>\n<div class=\"separator\" style=\"clear:both;text-align:center;\"><\/div>\n<div class=\"separator\" style=\"clear:both;text-align:center;\"><a href=\"https:\/\/jornalismou.files.wordpress.com\/2012\/11\/500f0-livromediacao.jpg\" style=\"clear:left;float:left;margin-bottom:1em;margin-right:1em;\"><br \/><\/a><a href=\"https:\/\/jornalismou.files.wordpress.com\/2012\/11\/500f0-livromediacao.jpg\" style=\"clear:left;float:left;margin-bottom:1em;margin-right:1em;\"><img loading=\"lazy\" border=\"0\" height=\"320\" src=\"https:\/\/jornalismou.files.wordpress.com\/2012\/11\/500f0-livromediacao.jpg?w=300\" width=\"320\" \/><\/a><\/div>\n<p><span style=\"line-height:24px;\"><br \/><\/span><span style=\"line-height:24px;\">A professora K\u00e1tia Hallak, do curso de Jornalismo da UFSJ, publicou um cap\u00edtulo no livro Media\u00e7\u00e3o e Midiatiza\u00e7\u00e3o, lan\u00e7ado em junho de 2012 pela Comp\u00f3s (Associa\u00e7\u00e3o Nacional dos Programas de P\u00f3s-Gradua\u00e7\u00e3o em Comunica\u00e7\u00e3o). O livro agrega 12 artigos, de 15 autores diferentes e foi prefaciado pelo professor Adriano Duarte Rodrigues, da Universidade Nova de Lisboa.\u00a0<\/span><br \/><span style=\"line-height:24px;\"><br \/><\/span><span style=\"line-height:24px;\">A obra aborda \u201ca media\u00e7\u00e3o como um conceito polif\u00f4nico que se afirmou ao longo dos \u00faltimos anos como o grande diferencial do pensamento comunicacional latino-americano, ressaltando o car\u00e1ter instigante das investiga\u00e7\u00f5es da midiatiza\u00e7\u00e3o como um processo e circula\u00e7\u00e3o diferida dos sentidos comunicacionais\u201d.<\/span><br \/><span style=\"line-height:24px;\"><br \/><\/span><span style=\"line-height:24px;\">A publica\u00e7\u00e3o de 327 p\u00e1ginas, realizada pela Edufba (Editora da Universidade Federal da Bahia) pode ser adquirida atrav\u00e9s do e-mail: <b><a href=\"mailto:edufba@ufba.br\">edufba@ufba.br<\/a><\/b>, site: <b><a href=\"http:\/\/www.edufba.ufba.br\/\">www.edufba.ufba.br<\/a><\/b> e telefones (71) 3283-6160 e 3283-6164.<\/span><br \/><span style=\"line-height:24px;\"><br \/><\/span><\/p>\n<div style=\"text-align:right;\"><span style=\"line-height:24px;\">Reda\u00e7\u00e3o: Andr\u00e9 \u00a0Salmer\u00f3n<\/span><\/div>\n<div style=\"text-align:right;\"><span style=\"line-height:24px;\">Edi\u00e7\u00e3o: Alessandra de Falco<\/span><\/div>\n<p><span style=\"line-height:24px;\"><br \/><\/span><span style=\"line-height:24px;\"><br \/><\/span><span style=\"line-height:24px;\"><br \/><\/span><span style=\"line-height:24px;\"><br \/><\/span><span style=\"line-height:24px;\"><br \/><\/span><span style=\"line-height:24px;\"><br \/><\/span><span style=\"line-height:24px;\"><br \/><\/span><span style=\"line-height:24px;\"><br \/><\/span><span style=\"line-height:24px;\"><br \/><\/span><span style=\"line-height:24px;\"><br \/><\/span><span style=\"line-height:24px;\"><br \/><\/span><span style=\"line-height:24px;\"><br \/><\/span><span style=\"line-height:24px;\"><br \/><\/span><span style=\"line-height:24px;\"><br \/><\/span><span style=\"line-height:24px;\"><br \/><\/span><span style=\"line-height:24px;\"><br \/><\/span><span style=\"line-height:24px;\"><br \/><\/span><span style=\"line-height:24px;\"><br \/><\/span><span style=\"line-height:24px;\"><br \/><\/span><span style=\"line-height:24px;\"><br \/><\/span><span style=\"line-height:24px;\"><br \/><\/span><span style=\"line-height:24px;\"><br \/><\/span><span style=\"line-height:24px;\"><br \/><\/span><span style=\"line-height:24px;\"><br \/><\/span><span style=\"line-height:24px;\"><br \/><\/span><span style=\"line-height:24px;\"><br \/><\/span><span style=\"line-height:24px;\"><br \/><\/span><span style=\"line-height:24px;\"><br \/><\/span><span style=\"line-height:24px;\"><br \/><\/span><span style=\"line-height:24px;\"><br \/><\/span><span style=\"line-height:24px;\"><br \/><\/span><span style=\"line-height:24px;\"><br \/><\/span><span style=\"line-height:24px;\"><br \/><\/span><span style=\"line-height:24px;\"><br \/><\/span><span style=\"line-height:24px;\"><br \/><\/span><span style=\"line-height:24px;\"><br \/><\/span><span style=\"line-height:24px;\"><br \/><\/span><span style=\"line-height:24px;\"><br \/><\/span><span style=\"line-height:24px;\"><br \/><\/span><span style=\"line-height:24px;\"><br \/><\/span><span style=\"line-height:24px;\"><br \/><\/span><span style=\"line-height:24px;\"><br \/><\/span><span style=\"line-height:24px;\"><br \/><\/span><span style=\"line-height:24px;\"><br \/><\/span><span style=\"line-height:24px;\"><br \/><\/span><span style=\"line-height:24px;\"><br \/><\/span><span style=\"line-height:24px;\"><br \/><\/span><span style=\"line-height:24px;\"><br \/><\/span><span style=\"line-height:24px;\"><br \/><\/span><span style=\"line-height:24px;\"><br \/><\/span><span style=\"line-height:24px;\"><br \/><\/span><span style=\"line-height:24px;\"><br \/><\/span><span style=\"line-height:24px;\"><br \/><\/span><span style=\"line-height:24px;\"><br \/><\/span><span style=\"line-height:24px;\"><br \/><\/span><span style=\"line-height:24px;\"><br \/><\/span><span style=\"line-height:24px;\"><br \/><\/span><span style=\"line-height:24px;\"><br \/><\/span><span style=\"line-height:24px;\"><br \/><\/span><span style=\"line-height:24px;\"><br \/><\/span><span style=\"line-height:24px;\"><br \/><\/span><\/p>\n","protected":false},"excerpt":{"rendered":"<p>A professora K\u00e1tia Hallak, do curso de Jornalismo da UFSJ, publicou um cap\u00edtulo no livro Media\u00e7\u00e3o e Midiatiza\u00e7\u00e3o, lan\u00e7ado em junho de 2012 pela Comp\u00f3s (Associa\u00e7\u00e3o Nacional dos Programas de P\u00f3s-Gradua\u00e7\u00e3o em Comunica\u00e7\u00e3o). O livro agrega 12 artigos, de 15&#8230;<\/p>\n","protected":false},"author":3,"featured_media":0,"comment_status":"open","ping_status":"open","sticky":false,"template":"","format":"standard","meta":{"_monsterinsights_skip_tracking":false,"_monsterinsights_sitenote_active":false,"_monsterinsights_sitenote_note":"","_monsterinsights_sitenote_category":0},"categories":[70],"tags":[],"yoast_head":"<!-- This site is optimized with the Yoast SEO plugin v20.6 - https:\/\/yoast.com\/wordpress\/plugins\/seo\/ -->\n<title>Professora K\u00e1tia Hallak publica cap\u00edtulo em livro da Comp\u00f3s - Jornalismo UFSJ<\/title>\n<meta name=\"robots\" content=\"index, follow, max-snippet:-1, max-image-preview:large, max-video-preview:-1\" \/>\n<link rel=\"canonical\" href=\"http:\/\/anu.ufsj.edu.br\/site\/sem-categoria\/professora-katia-hallak-publica-capitulo-em-livro-da-compos\/\" \/>\n<meta property=\"og:locale\" content=\"pt_BR\" \/>\n<meta property=\"og:type\" content=\"article\" \/>\n<meta property=\"og:title\" content=\"Professora K\u00e1tia Hallak publica cap\u00edtulo em livro da Comp\u00f3s - Jornalismo UFSJ\" \/>\n<meta property=\"og:description\" content=\"A professora K\u00e1tia Hallak, do curso de Jornalismo da UFSJ, publicou um cap\u00edtulo no livro Media\u00e7\u00e3o e Midiatiza\u00e7\u00e3o, lan\u00e7ado em junho de 2012 pela Comp\u00f3s (Associa\u00e7\u00e3o Nacional dos Programas de P\u00f3s-Gradua\u00e7\u00e3o em Comunica\u00e7\u00e3o). O livro agrega 12 artigos, de 15...\" \/>\n<meta property=\"og:url\" content=\"http:\/\/anu.ufsj.edu.br\/site\/sem-categoria\/professora-katia-hallak-publica-capitulo-em-livro-da-compos\/\" \/>\n<meta property=\"og:site_name\" content=\"Jornalismo UFSJ\" \/>\n<meta property=\"article:publisher\" content=\"https:\/\/www.facebook.com\/jornalismoufsj\/\" \/>\n<meta property=\"article:published_time\" content=\"2012-11-04T17:32:00+00:00\" \/>\n<meta property=\"og:image\" content=\"https:\/\/jornalismou.files.wordpress.com\/2012\/11\/500f0-livromediacao.jpg?w=300\" \/>\n<meta name=\"twitter:card\" content=\"summary_large_image\" \/>\n<meta name=\"twitter:creator\" content=\"@jornalismoufsj\" \/>\n<meta name=\"twitter:site\" content=\"@jornalismoufsj\" \/>\n<meta name=\"twitter:label1\" content=\"Escrito por\" \/>\n\t<meta name=\"twitter:data1\" content=\"\" \/>\n\t<meta name=\"twitter:label2\" content=\"Est. tempo de leitura\" \/>\n\t<meta name=\"twitter:data2\" content=\"1 minuto\" \/>\n<script type=\"application\/ld+json\" class=\"yoast-schema-graph\">{\"@context\":\"https:\/\/schema.org\",\"@graph\":[{\"@type\":\"WebPage\",\"@id\":\"http:\/\/anu.ufsj.edu.br\/site\/sem-categoria\/professora-katia-hallak-publica-capitulo-em-livro-da-compos\/\",\"url\":\"http:\/\/anu.ufsj.edu.br\/site\/sem-categoria\/professora-katia-hallak-publica-capitulo-em-livro-da-compos\/\",\"name\":\"Professora K\u00e1tia Hallak publica cap\u00edtulo em livro da Comp\u00f3s - Jornalismo UFSJ\",\"isPartOf\":{\"@id\":\"http:\/\/jornalismo.ufsj.edu.br\/site\/#website\"},\"datePublished\":\"2012-11-04T17:32:00+00:00\",\"dateModified\":\"2012-11-04T17:32:00+00:00\",\"author\":{\"@id\":\"\"},\"breadcrumb\":{\"@id\":\"http:\/\/anu.ufsj.edu.br\/site\/sem-categoria\/professora-katia-hallak-publica-capitulo-em-livro-da-compos\/#breadcrumb\"},\"inLanguage\":\"pt-BR\",\"potentialAction\":[{\"@type\":\"ReadAction\",\"target\":[\"http:\/\/anu.ufsj.edu.br\/site\/sem-categoria\/professora-katia-hallak-publica-capitulo-em-livro-da-compos\/\"]}]},{\"@type\":\"BreadcrumbList\",\"@id\":\"http:\/\/anu.ufsj.edu.br\/site\/sem-categoria\/professora-katia-hallak-publica-capitulo-em-livro-da-compos\/#breadcrumb\",\"itemListElement\":[{\"@type\":\"ListItem\",\"position\":1,\"name\":\"In\u00edcio\",\"item\":\"http:\/\/jornalismo.ufsj.edu.br\/site\/\"},{\"@type\":\"ListItem\",\"position\":2,\"name\":\"Professora K\u00e1tia Hallak publica cap\u00edtulo em livro da Comp\u00f3s\"}]},{\"@type\":\"WebSite\",\"@id\":\"http:\/\/jornalismo.ufsj.edu.br\/site\/#website\",\"url\":\"http:\/\/jornalismo.ufsj.edu.br\/site\/\",\"name\":\"Jornalismo UFSJ\",\"description\":\"\",\"potentialAction\":[{\"@type\":\"SearchAction\",\"target\":{\"@type\":\"EntryPoint\",\"urlTemplate\":\"http:\/\/jornalismo.ufsj.edu.br\/site\/?s={search_term_string}\"},\"query-input\":\"required name=search_term_string\"}],\"inLanguage\":\"pt-BR\"},{\"@type\":\"Person\",\"@id\":\"\"}]}<\/script>\n<!-- \/ Yoast SEO plugin. -->","yoast_head_json":{"title":"Professora K\u00e1tia Hallak publica cap\u00edtulo em livro da Comp\u00f3s - Jornalismo UFSJ","robots":{"index":"index","follow":"follow","max-snippet":"max-snippet:-1","max-image-preview":"max-image-preview:large","max-video-preview":"max-video-preview:-1"},"canonical":"http:\/\/anu.ufsj.edu.br\/site\/sem-categoria\/professora-katia-hallak-publica-capitulo-em-livro-da-compos\/","og_locale":"pt_BR","og_type":"article","og_title":"Professora K\u00e1tia Hallak publica cap\u00edtulo em livro da Comp\u00f3s - Jornalismo UFSJ","og_description":"A professora K\u00e1tia Hallak, do curso de Jornalismo da UFSJ, publicou um cap\u00edtulo no livro Media\u00e7\u00e3o e Midiatiza\u00e7\u00e3o, lan\u00e7ado em junho de 2012 pela Comp\u00f3s (Associa\u00e7\u00e3o Nacional dos Programas de P\u00f3s-Gradua\u00e7\u00e3o em Comunica\u00e7\u00e3o). O livro agrega 12 artigos, de 15...","og_url":"http:\/\/anu.ufsj.edu.br\/site\/sem-categoria\/professora-katia-hallak-publica-capitulo-em-livro-da-compos\/","og_site_name":"Jornalismo UFSJ","article_publisher":"https:\/\/www.facebook.com\/jornalismoufsj\/","article_published_time":"2012-11-04T17:32:00+00:00","og_image":[{"url":"https:\/\/jornalismou.files.wordpress.com\/2012\/11\/500f0-livromediacao.jpg?w=300"}],"twitter_card":"summary_large_image","twitter_creator":"@jornalismoufsj","twitter_site":"@jornalismoufsj","twitter_misc":{"Escrito por":"","Est. tempo de leitura":"1 minuto"},"schema":{"@context":"https:\/\/schema.org","@graph":[{"@type":"WebPage","@id":"http:\/\/anu.ufsj.edu.br\/site\/sem-categoria\/professora-katia-hallak-publica-capitulo-em-livro-da-compos\/","url":"http:\/\/anu.ufsj.edu.br\/site\/sem-categoria\/professora-katia-hallak-publica-capitulo-em-livro-da-compos\/","name":"Professora K\u00e1tia Hallak publica cap\u00edtulo em livro da Comp\u00f3s - Jornalismo UFSJ","isPartOf":{"@id":"http:\/\/jornalismo.ufsj.edu.br\/site\/#website"},"datePublished":"2012-11-04T17:32:00+00:00","dateModified":"2012-11-04T17:32:00+00:00","author":{"@id":""},"breadcrumb":{"@id":"http:\/\/anu.ufsj.edu.br\/site\/sem-categoria\/professora-katia-hallak-publica-capitulo-em-livro-da-compos\/#breadcrumb"},"inLanguage":"pt-BR","potentialAction":[{"@type":"ReadAction","target":["http:\/\/anu.ufsj.edu.br\/site\/sem-categoria\/professora-katia-hallak-publica-capitulo-em-livro-da-compos\/"]}]},{"@type":"BreadcrumbList","@id":"http:\/\/anu.ufsj.edu.br\/site\/sem-categoria\/professora-katia-hallak-publica-capitulo-em-livro-da-compos\/#breadcrumb","itemListElement":[{"@type":"ListItem","position":1,"name":"In\u00edcio","item":"http:\/\/jornalismo.ufsj.edu.br\/site\/"},{"@type":"ListItem","position":2,"name":"Professora K\u00e1tia Hallak publica cap\u00edtulo em livro da Comp\u00f3s"}]},{"@type":"WebSite","@id":"http:\/\/jornalismo.ufsj.edu.br\/site\/#website","url":"http:\/\/jornalismo.ufsj.edu.br\/site\/","name":"Jornalismo UFSJ","description":"","potentialAction":[{"@type":"SearchAction","target":{"@type":"EntryPoint","urlTemplate":"http:\/\/jornalismo.ufsj.edu.br\/site\/?s={search_term_string}"},"query-input":"required name=search_term_string"}],"inLanguage":"pt-BR"},{"@type":"Person","@id":""}]}},"jetpack_featured_media_url":"","_links":{"self":[{"href":"http:\/\/anu.ufsj.edu.br\/site\/wp-json\/wp\/v2\/posts\/1174"}],"collection":[{"href":"http:\/\/anu.ufsj.edu.br\/site\/wp-json\/wp\/v2\/posts"}],"about":[{"href":"http:\/\/anu.ufsj.edu.br\/site\/wp-json\/wp\/v2\/types\/post"}],"author":[{"embeddable":true,"href":"http:\/\/anu.ufsj.edu.br\/site\/wp-json\/wp\/v2\/users\/3"}],"replies":[{"embeddable":true,"href":"http:\/\/anu.ufsj.edu.br\/site\/wp-json\/wp\/v2\/comments?post=1174"}],"version-history":[{"count":0,"href":"http:\/\/anu.ufsj.edu.br\/site\/wp-json\/wp\/v2\/posts\/1174\/revisions"}],"wp:attachment":[{"href":"http:\/\/anu.ufsj.edu.br\/site\/wp-json\/wp\/v2\/media?parent=1174"}],"wp:term":[{"taxonomy":"category","embeddable":true,"href":"http:\/\/anu.ufsj.edu.br\/site\/wp-json\/wp\/v2\/categories?post=1174"},{"taxonomy":"post_tag","embeddable":true,"href":"http:\/\/anu.ufsj.edu.br\/site\/wp-json\/wp\/v2\/tags?post=1174"}],"curies":[{"name":"wp","href":"https:\/\/api.w.org\/{rel}","templated":true}]}}