{"id":1180,"date":"2012-11-04T13:30:00","date_gmt":"2012-11-04T13:30:00","guid":{"rendered":"http:\/\/jornalismo.ufsj.edu.br\/2012\/11\/04\/projeto-de-extensao-valoriza-a-cultura-regional"},"modified":"2012-11-04T13:30:00","modified_gmt":"2012-11-04T13:30:00","slug":"projeto-de-extensao-valoriza-a-cultura-regional","status":"publish","type":"post","link":"http:\/\/anu.ufsj.edu.br\/site\/sem-categoria\/projeto-de-extensao-valoriza-a-cultura-regional\/","title":{"rendered":"Projeto de Extens\u00e3o valoriza a cultura regional"},"content":{"rendered":"<div class=\"separator\" style=\"clear:both;text-align:center;\"><\/div>\n<p><\/p>\n<div class=\"separator\" style=\"clear:both;text-align:center;\"><a href=\"https:\/\/jornalismou.files.wordpress.com\/2012\/11\/1c084-observatoriodacultura.jpg\" style=\"clear:left;float:left;margin-bottom:1em;margin-right:1em;\"><br \/><\/a><a href=\"https:\/\/jornalismou.files.wordpress.com\/2012\/11\/1c084-observatoriodacultura.jpg\" style=\"clear:left;float:left;margin-bottom:1em;margin-right:1em;\"><img loading=\"lazy\" border=\"0\" height=\"320\" src=\"https:\/\/jornalismou.files.wordpress.com\/2012\/11\/1c084-observatoriodacultura.jpg?w=300\" width=\"320\" \/><\/a><\/div>\n<p><span style=\"line-height:24px;\"><br \/><\/span><span style=\"line-height:24px;\">Os resultados do Projeto de Extens\u00e3o Observat\u00f3rio da Cultura, coordenado pelo Prof. Jo\u00e3o Barreto, podem ser observados no <\/span><b style=\"line-height:24px;\"><a href=\"http:\/\/www.observatoriodacultura.org\/\">blog<\/a><\/b><span style=\"line-height:24px;\">, que abastece desde 2010 a regi\u00e3o de S\u00e3o Jo\u00e3o del-Rei com mat\u00e9rias sobre arte, cultura e comportamento. Atrav\u00e9s de fotografias, perfis e reportagens, o site tra\u00e7a um panorama cultural daquilo que \u00e9 produzido na regi\u00e3o. Desse modo, o projeto integra a comunidade     acad\u00eamica e tamb\u00e9m a sociedade em geral.\u00a0<\/span><br \/><span style=\"line-height:24px;\"><br \/><\/span><\/p>\n<div style=\"text-align:right;\"><span style=\"line-height:24px;\">Reda\u00e7\u00e3o: Andr\u00e9 Salmer\u00f3n<\/span><br \/><span style=\"line-height:24px;\">Edi\u00e7\u00e3o: Alessandra de Falco<\/span><br \/><span style=\"line-height:24px;\"><br \/><\/span><span style=\"line-height:24px;\"><br \/><\/span><span style=\"line-height:24px;\"><br \/><\/span><span style=\"line-height:24px;\"><br \/><\/span><span style=\"line-height:24px;\"><br \/><\/span><span style=\"line-height:24px;\"><br \/><\/span><span style=\"line-height:24px;\"><br \/><\/span><span style=\"line-height:24px;\"><br \/><\/span><span style=\"line-height:24px;\"><br \/><\/span><span style=\"line-height:24px;\"><br \/><\/span><span style=\"line-height:24px;\"><br \/><\/span><span style=\"line-height:24px;\"><br \/><\/span><span style=\"line-height:24px;\"><br \/><\/span><span style=\"line-height:24px;\"><br \/><\/span><span style=\"line-height:24px;\"><br \/><\/span><span style=\"line-height:24px;\"><br \/><\/span><span style=\"line-height:24px;\"><br \/><\/span><span style=\"line-height:24px;\"><br \/><\/span><span style=\"line-height:24px;\"><br \/><\/span><span style=\"line-height:24px;\"><br \/><\/span><span style=\"line-height:24px;\"><br \/><\/span><span style=\"line-height:24px;\"><br \/><\/span><span style=\"line-height:24px;\"><br \/><\/span><span style=\"line-height:24px;\"><br \/><\/span><span style=\"line-height:24px;\"><br \/><\/span><span style=\"line-height:24px;\"><br \/><\/span><span style=\"line-height:24px;\"><br \/><\/span><span style=\"line-height:24px;\"><br \/><\/span><span style=\"line-height:24px;\"><br \/><\/span><span style=\"line-height:24px;\"><br \/><\/span><span style=\"line-height:24px;\"><br \/><\/span><span style=\"line-height:24px;\"><br \/><\/span><span style=\"line-height:24px;\"><br \/><\/span><span style=\"line-height:24px;\"><br \/><\/span><span style=\"line-height:24px;\"><br \/><\/span><span style=\"line-height:24px;\"><br \/><\/span><span style=\"line-height:24px;\"><br \/><\/span><span style=\"line-height:24px;\"><br \/><\/span><span style=\"line-height:24px;\"><br \/><\/span><span style=\"line-height:24px;\"><br \/><\/span><span style=\"line-height:24px;\"><br \/><\/span><span style=\"line-height:24px;\"><br \/><\/span><span style=\"line-height:24px;\"><br \/><\/span><span style=\"line-height:24px;\"><br \/><\/span><span style=\"line-height:24px;\"><br \/><\/span><span style=\"line-height:24px;\"><br \/><\/span><span style=\"line-height:24px;\"><br \/><\/span><span style=\"line-height:24px;\"><br \/><\/span><\/div>\n","protected":false},"excerpt":{"rendered":"<p>Os resultados do Projeto de Extens\u00e3o Observat\u00f3rio da Cultura, coordenado pelo Prof. Jo\u00e3o Barreto, podem ser observados no blog, que abastece desde 2010 a regi\u00e3o de S\u00e3o Jo\u00e3o del-Rei com mat\u00e9rias sobre arte, cultura e comportamento. Atrav\u00e9s de fotografias, perfis&#8230;<\/p>\n","protected":false},"author":3,"featured_media":0,"comment_status":"open","ping_status":"open","sticky":false,"template":"","format":"standard","meta":{"_monsterinsights_skip_tracking":false,"_monsterinsights_sitenote_active":false,"_monsterinsights_sitenote_note":"","_monsterinsights_sitenote_category":0},"categories":[70],"tags":[],"yoast_head":"<!-- This site is optimized with the Yoast SEO plugin v20.6 - https:\/\/yoast.com\/wordpress\/plugins\/seo\/ -->\n<title>Projeto de Extens\u00e3o valoriza a cultura regional - Jornalismo UFSJ<\/title>\n<meta name=\"robots\" content=\"index, follow, max-snippet:-1, max-image-preview:large, max-video-preview:-1\" \/>\n<link rel=\"canonical\" href=\"https:\/\/jornalismo.ufsj.edu.br\/site\/sem-categoria\/projeto-de-extensao-valoriza-a-cultura-regional\/\" \/>\n<meta property=\"og:locale\" content=\"pt_BR\" \/>\n<meta property=\"og:type\" content=\"article\" \/>\n<meta property=\"og:title\" content=\"Projeto de Extens\u00e3o valoriza a cultura regional - Jornalismo UFSJ\" \/>\n<meta property=\"og:description\" content=\"Os resultados do Projeto de Extens\u00e3o Observat\u00f3rio da Cultura, coordenado pelo Prof. Jo\u00e3o Barreto, podem ser observados no blog, que abastece desde 2010 a regi\u00e3o de S\u00e3o Jo\u00e3o del-Rei com mat\u00e9rias sobre arte, cultura e comportamento. Atrav\u00e9s de fotografias, perfis...\" \/>\n<meta property=\"og:url\" content=\"https:\/\/jornalismo.ufsj.edu.br\/site\/sem-categoria\/projeto-de-extensao-valoriza-a-cultura-regional\/\" \/>\n<meta property=\"og:site_name\" content=\"Jornalismo UFSJ\" \/>\n<meta property=\"article:publisher\" content=\"https:\/\/www.facebook.com\/jornalismoufsj\/\" \/>\n<meta property=\"article:published_time\" content=\"2012-11-04T13:30:00+00:00\" \/>\n<meta property=\"og:image\" content=\"https:\/\/jornalismou.files.wordpress.com\/2012\/11\/1c084-observatoriodacultura.jpg?w=300\" \/>\n<meta name=\"twitter:card\" content=\"summary_large_image\" \/>\n<meta name=\"twitter:creator\" content=\"@jornalismoufsj\" \/>\n<meta name=\"twitter:site\" content=\"@jornalismoufsj\" \/>\n<meta name=\"twitter:label1\" content=\"Escrito por\" \/>\n\t<meta name=\"twitter:data1\" content=\"\" \/>\n<script type=\"application\/ld+json\" class=\"yoast-schema-graph\">{\"@context\":\"https:\/\/schema.org\",\"@graph\":[{\"@type\":\"WebPage\",\"@id\":\"https:\/\/jornalismo.ufsj.edu.br\/site\/sem-categoria\/projeto-de-extensao-valoriza-a-cultura-regional\/\",\"url\":\"https:\/\/jornalismo.ufsj.edu.br\/site\/sem-categoria\/projeto-de-extensao-valoriza-a-cultura-regional\/\",\"name\":\"Projeto de Extens\u00e3o valoriza a cultura regional - Jornalismo UFSJ\",\"isPartOf\":{\"@id\":\"http:\/\/jornalismo.ufsj.edu.br\/site\/#website\"},\"datePublished\":\"2012-11-04T13:30:00+00:00\",\"dateModified\":\"2012-11-04T13:30:00+00:00\",\"author\":{\"@id\":\"\"},\"breadcrumb\":{\"@id\":\"https:\/\/jornalismo.ufsj.edu.br\/site\/sem-categoria\/projeto-de-extensao-valoriza-a-cultura-regional\/#breadcrumb\"},\"inLanguage\":\"pt-BR\",\"potentialAction\":[{\"@type\":\"ReadAction\",\"target\":[\"https:\/\/jornalismo.ufsj.edu.br\/site\/sem-categoria\/projeto-de-extensao-valoriza-a-cultura-regional\/\"]}]},{\"@type\":\"BreadcrumbList\",\"@id\":\"https:\/\/jornalismo.ufsj.edu.br\/site\/sem-categoria\/projeto-de-extensao-valoriza-a-cultura-regional\/#breadcrumb\",\"itemListElement\":[{\"@type\":\"ListItem\",\"position\":1,\"name\":\"In\u00edcio\",\"item\":\"http:\/\/jornalismo.ufsj.edu.br\/site\/\"},{\"@type\":\"ListItem\",\"position\":2,\"name\":\"Projeto de Extens\u00e3o valoriza a cultura regional\"}]},{\"@type\":\"WebSite\",\"@id\":\"http:\/\/jornalismo.ufsj.edu.br\/site\/#website\",\"url\":\"http:\/\/jornalismo.ufsj.edu.br\/site\/\",\"name\":\"Jornalismo UFSJ\",\"description\":\"\",\"potentialAction\":[{\"@type\":\"SearchAction\",\"target\":{\"@type\":\"EntryPoint\",\"urlTemplate\":\"http:\/\/jornalismo.ufsj.edu.br\/site\/?s={search_term_string}\"},\"query-input\":\"required name=search_term_string\"}],\"inLanguage\":\"pt-BR\"},{\"@type\":\"Person\",\"@id\":\"\"}]}<\/script>\n<!-- \/ Yoast SEO plugin. -->","yoast_head_json":{"title":"Projeto de Extens\u00e3o valoriza a cultura regional - Jornalismo UFSJ","robots":{"index":"index","follow":"follow","max-snippet":"max-snippet:-1","max-image-preview":"max-image-preview:large","max-video-preview":"max-video-preview:-1"},"canonical":"https:\/\/jornalismo.ufsj.edu.br\/site\/sem-categoria\/projeto-de-extensao-valoriza-a-cultura-regional\/","og_locale":"pt_BR","og_type":"article","og_title":"Projeto de Extens\u00e3o valoriza a cultura regional - Jornalismo UFSJ","og_description":"Os resultados do Projeto de Extens\u00e3o Observat\u00f3rio da Cultura, coordenado pelo Prof. Jo\u00e3o Barreto, podem ser observados no blog, que abastece desde 2010 a regi\u00e3o de S\u00e3o Jo\u00e3o del-Rei com mat\u00e9rias sobre arte, cultura e comportamento. Atrav\u00e9s de fotografias, perfis...","og_url":"https:\/\/jornalismo.ufsj.edu.br\/site\/sem-categoria\/projeto-de-extensao-valoriza-a-cultura-regional\/","og_site_name":"Jornalismo UFSJ","article_publisher":"https:\/\/www.facebook.com\/jornalismoufsj\/","article_published_time":"2012-11-04T13:30:00+00:00","og_image":[{"url":"https:\/\/jornalismou.files.wordpress.com\/2012\/11\/1c084-observatoriodacultura.jpg?w=300"}],"twitter_card":"summary_large_image","twitter_creator":"@jornalismoufsj","twitter_site":"@jornalismoufsj","twitter_misc":{"Escrito por":""},"schema":{"@context":"https:\/\/schema.org","@graph":[{"@type":"WebPage","@id":"https:\/\/jornalismo.ufsj.edu.br\/site\/sem-categoria\/projeto-de-extensao-valoriza-a-cultura-regional\/","url":"https:\/\/jornalismo.ufsj.edu.br\/site\/sem-categoria\/projeto-de-extensao-valoriza-a-cultura-regional\/","name":"Projeto de Extens\u00e3o valoriza a cultura regional - Jornalismo UFSJ","isPartOf":{"@id":"http:\/\/jornalismo.ufsj.edu.br\/site\/#website"},"datePublished":"2012-11-04T13:30:00+00:00","dateModified":"2012-11-04T13:30:00+00:00","author":{"@id":""},"breadcrumb":{"@id":"https:\/\/jornalismo.ufsj.edu.br\/site\/sem-categoria\/projeto-de-extensao-valoriza-a-cultura-regional\/#breadcrumb"},"inLanguage":"pt-BR","potentialAction":[{"@type":"ReadAction","target":["https:\/\/jornalismo.ufsj.edu.br\/site\/sem-categoria\/projeto-de-extensao-valoriza-a-cultura-regional\/"]}]},{"@type":"BreadcrumbList","@id":"https:\/\/jornalismo.ufsj.edu.br\/site\/sem-categoria\/projeto-de-extensao-valoriza-a-cultura-regional\/#breadcrumb","itemListElement":[{"@type":"ListItem","position":1,"name":"In\u00edcio","item":"http:\/\/jornalismo.ufsj.edu.br\/site\/"},{"@type":"ListItem","position":2,"name":"Projeto de Extens\u00e3o valoriza a cultura regional"}]},{"@type":"WebSite","@id":"http:\/\/jornalismo.ufsj.edu.br\/site\/#website","url":"http:\/\/jornalismo.ufsj.edu.br\/site\/","name":"Jornalismo UFSJ","description":"","potentialAction":[{"@type":"SearchAction","target":{"@type":"EntryPoint","urlTemplate":"http:\/\/jornalismo.ufsj.edu.br\/site\/?s={search_term_string}"},"query-input":"required name=search_term_string"}],"inLanguage":"pt-BR"},{"@type":"Person","@id":""}]}},"jetpack_featured_media_url":"","_links":{"self":[{"href":"http:\/\/anu.ufsj.edu.br\/site\/wp-json\/wp\/v2\/posts\/1180"}],"collection":[{"href":"http:\/\/anu.ufsj.edu.br\/site\/wp-json\/wp\/v2\/posts"}],"about":[{"href":"http:\/\/anu.ufsj.edu.br\/site\/wp-json\/wp\/v2\/types\/post"}],"author":[{"embeddable":true,"href":"http:\/\/anu.ufsj.edu.br\/site\/wp-json\/wp\/v2\/users\/3"}],"replies":[{"embeddable":true,"href":"http:\/\/anu.ufsj.edu.br\/site\/wp-json\/wp\/v2\/comments?post=1180"}],"version-history":[{"count":0,"href":"http:\/\/anu.ufsj.edu.br\/site\/wp-json\/wp\/v2\/posts\/1180\/revisions"}],"wp:attachment":[{"href":"http:\/\/anu.ufsj.edu.br\/site\/wp-json\/wp\/v2\/media?parent=1180"}],"wp:term":[{"taxonomy":"category","embeddable":true,"href":"http:\/\/anu.ufsj.edu.br\/site\/wp-json\/wp\/v2\/categories?post=1180"},{"taxonomy":"post_tag","embeddable":true,"href":"http:\/\/anu.ufsj.edu.br\/site\/wp-json\/wp\/v2\/tags?post=1180"}],"curies":[{"name":"wp","href":"https:\/\/api.w.org\/{rel}","templated":true}]}}