{"id":1332,"date":"2015-11-09T12:46:19","date_gmt":"2015-11-09T12:46:19","guid":{"rendered":"http:\/\/jornalismo.ufsj.edu.br\/?p=1332"},"modified":"2015-11-09T12:46:19","modified_gmt":"2015-11-09T12:46:19","slug":"ix-felit-acontece-esta-semana-em-sao-joao-del-rei-e-tiradentes","status":"publish","type":"post","link":"http:\/\/anu.ufsj.edu.br\/site\/sem-categoria\/ix-felit-acontece-esta-semana-em-sao-joao-del-rei-e-tiradentes\/","title":{"rendered":"IX FELIT acontece esta semana em S\u00e3o Jo\u00e3o del-Rei e Tiradentes"},"content":{"rendered":"<p class=\"title\" style=\"text-align:justify;\"><a href=\"http:\/\/jornalismo.ufsj.edu.br\/wp-content\/uploads\/2015\/11\/1-felit.jpg\"><img loading=\"lazy\" class=\"alignleft size-medium wp-image-1341\" src=\"http:\/\/jornalismo.ufsj.edu.br\/wp-content\/uploads\/2015\/11\/1-felit.jpg?w=300\" alt=\"1-felit\" width=\"300\" height=\"146\" \/><\/a>\u00a0A nona edi\u00e7\u00e3o do Festival de Literatura de S\u00e3o Jo\u00e3o del-Rei e Tiradentes (FELIT) agitou amantes de livros de todo o Campo das Vertentes. O evento, que ocorreu, entre 4 e 7 de novembro, teve em sua programa\u00e7\u00e3o tem\u00e1ticas variadas e para todas as idades: do renomado \u201cClube da Esquina\u201d \u00e0 jovem autora Bruna Vieira e seu livro \u201cDepois dos Quinze\u201d, al\u00e9m de uma homenagem a uma das maiores autoras brasileiras: Ruth Rocha.Al\u00e9m da literatura, o FELIT trouxe novidades para a gastronomia de S\u00e3o Jo\u00e3o del- Rei . O 5\u00ba Circuito Gastron\u00f4mico ocorreu concomitantemente ao evento, em dois restaurantes da cidade, que elaboraram pratos especiais para o evento, inspirados em obras liter\u00e1rias de Ruth Rocha.<\/p>\n<div class=\"entry clearfix\">\n<p style=\"text-align:justify;\">Com uma homenagem a Ruth Rocha e uma mesa de debates sobre \u201cLiteratura e Educa\u00e7\u00e3o: A conex\u00e3o poss\u00edvel e\u00a0necess\u00e1ria\u201d, o festival come\u00e7ou na \u00a0quarta no Teatro Municipal. Al\u00e9m da homenagem, Ruth tamb\u00e9m foi tema de uma exposi\u00e7\u00e3o, feita por alunos da rede p\u00fablica de ensino de S\u00e3o Jo\u00e3o del-Rei e Tiradentes.<\/p>\n<p style=\"text-align:justify;\">Na quinta-feira, o destaque ficou \u00a0para a jovem escritora Bruna Vieira. Ela participou de uma mesa de debates sobre seu livro \u201cDepois dos Quinze\u201d, que aborda as dificuldades vividas no per\u00edodo de adolesc\u00eancia. Bruna cria conte\u00fado em seu blog sobre os mais diversos assuntos, para uma verdadeira legi\u00e3o de f\u00e3s: s\u00e3o 1 milh\u00e3o e 200 mil seguidores no Instagram e 300 mil no\u00a0Twitter.<\/p>\n<p style=\"text-align:justify;\">Na sexta-feira \u00a0houve eventos tanto em S\u00e3o Jo\u00e3o del-Rei quanto em Tiradentes. Na primeira, o destaque foi para o lan\u00e7amento do livro \u201cPapagaios me mordam!\u201d, escrito por 30 alunos da oficina de forma\u00e7\u00e3o de jovens autores do FELIT, \u00a0que ocorreu no \u00a0teatro do Col\u00e9gio Nossa Senhora das Dores.<\/p>\n<p style=\"text-align:justify;\">Em Tiradentes, destaque para a mesa de debates sobre o \u201cClube da Esquina: O legado po\u00e9tico de uma gera\u00e7\u00e3o\u201d, tendo como convidados o escritor Kiko Ferreira e M\u00e1rcio Borges, que integrou.<\/p>\n<p style=\"text-align:right;\">\u00a0TEXTO\/VAN: ANDR\u00c9 LAMOUNIER<\/p>\n<\/div>\n","protected":false},"excerpt":{"rendered":"<p>\u00a0A nona edi\u00e7\u00e3o do Festival de Literatura de S\u00e3o Jo\u00e3o del-Rei e Tiradentes (FELIT) agitou amantes de livros de todo o Campo das Vertentes. O evento, que ocorreu, entre 4 e 7 de novembro, teve em sua programa\u00e7\u00e3o tem\u00e1ticas variadas&#8230;<\/p>\n","protected":false},"author":3,"featured_media":1341,"comment_status":"open","ping_status":"open","sticky":false,"template":"","format":"standard","meta":{"_monsterinsights_skip_tracking":false,"_monsterinsights_sitenote_active":false,"_monsterinsights_sitenote_note":"","_monsterinsights_sitenote_category":0},"categories":[70],"tags":[],"yoast_head":"<!-- This site is optimized with the Yoast SEO plugin v20.6 - https:\/\/yoast.com\/wordpress\/plugins\/seo\/ -->\n<title>IX FELIT acontece esta semana em S\u00e3o Jo\u00e3o del-Rei e Tiradentes - Jornalismo UFSJ<\/title>\n<meta name=\"robots\" content=\"index, follow, max-snippet:-1, max-image-preview:large, max-video-preview:-1\" \/>\n<link rel=\"canonical\" href=\"http:\/\/jornalismo.ufsj.edu.br\/site\/sem-categoria\/ix-felit-acontece-esta-semana-em-sao-joao-del-rei-e-tiradentes\/\" \/>\n<meta property=\"og:locale\" content=\"pt_BR\" \/>\n<meta property=\"og:type\" content=\"article\" \/>\n<meta property=\"og:title\" content=\"IX FELIT acontece esta semana em S\u00e3o Jo\u00e3o del-Rei e Tiradentes - Jornalismo UFSJ\" \/>\n<meta property=\"og:description\" content=\"\u00a0A nona edi\u00e7\u00e3o do Festival de Literatura de S\u00e3o Jo\u00e3o del-Rei e Tiradentes (FELIT) agitou amantes de livros de todo o Campo das Vertentes. O evento, que ocorreu, entre 4 e 7 de novembro, teve em sua programa\u00e7\u00e3o tem\u00e1ticas variadas...\" \/>\n<meta property=\"og:url\" content=\"http:\/\/jornalismo.ufsj.edu.br\/site\/sem-categoria\/ix-felit-acontece-esta-semana-em-sao-joao-del-rei-e-tiradentes\/\" \/>\n<meta property=\"og:site_name\" content=\"Jornalismo UFSJ\" \/>\n<meta property=\"article:publisher\" content=\"https:\/\/www.facebook.com\/jornalismoufsj\/\" \/>\n<meta property=\"article:published_time\" content=\"2015-11-09T12:46:19+00:00\" \/>\n<meta name=\"twitter:card\" content=\"summary_large_image\" \/>\n<meta name=\"twitter:creator\" content=\"@jornalismoufsj\" \/>\n<meta name=\"twitter:site\" content=\"@jornalismoufsj\" \/>\n<meta name=\"twitter:label1\" content=\"Escrito por\" \/>\n\t<meta name=\"twitter:data1\" content=\"\" \/>\n\t<meta name=\"twitter:label2\" content=\"Est. tempo de leitura\" \/>\n\t<meta name=\"twitter:data2\" content=\"2 minutos\" \/>\n<script type=\"application\/ld+json\" class=\"yoast-schema-graph\">{\"@context\":\"https:\/\/schema.org\",\"@graph\":[{\"@type\":\"WebPage\",\"@id\":\"http:\/\/jornalismo.ufsj.edu.br\/site\/sem-categoria\/ix-felit-acontece-esta-semana-em-sao-joao-del-rei-e-tiradentes\/\",\"url\":\"http:\/\/jornalismo.ufsj.edu.br\/site\/sem-categoria\/ix-felit-acontece-esta-semana-em-sao-joao-del-rei-e-tiradentes\/\",\"name\":\"IX FELIT acontece esta semana em S\u00e3o Jo\u00e3o del-Rei e Tiradentes - Jornalismo UFSJ\",\"isPartOf\":{\"@id\":\"https:\/\/jornalismo.ufsj.edu.br\/site\/#website\"},\"datePublished\":\"2015-11-09T12:46:19+00:00\",\"dateModified\":\"2015-11-09T12:46:19+00:00\",\"author\":{\"@id\":\"\"},\"breadcrumb\":{\"@id\":\"http:\/\/jornalismo.ufsj.edu.br\/site\/sem-categoria\/ix-felit-acontece-esta-semana-em-sao-joao-del-rei-e-tiradentes\/#breadcrumb\"},\"inLanguage\":\"pt-BR\",\"potentialAction\":[{\"@type\":\"ReadAction\",\"target\":[\"http:\/\/jornalismo.ufsj.edu.br\/site\/sem-categoria\/ix-felit-acontece-esta-semana-em-sao-joao-del-rei-e-tiradentes\/\"]}]},{\"@type\":\"BreadcrumbList\",\"@id\":\"http:\/\/jornalismo.ufsj.edu.br\/site\/sem-categoria\/ix-felit-acontece-esta-semana-em-sao-joao-del-rei-e-tiradentes\/#breadcrumb\",\"itemListElement\":[{\"@type\":\"ListItem\",\"position\":1,\"name\":\"In\u00edcio\",\"item\":\"https:\/\/jornalismo.ufsj.edu.br\/site\/\"},{\"@type\":\"ListItem\",\"position\":2,\"name\":\"IX FELIT acontece esta semana em S\u00e3o Jo\u00e3o del-Rei e Tiradentes\"}]},{\"@type\":\"WebSite\",\"@id\":\"https:\/\/jornalismo.ufsj.edu.br\/site\/#website\",\"url\":\"https:\/\/jornalismo.ufsj.edu.br\/site\/\",\"name\":\"Jornalismo UFSJ\",\"description\":\"\",\"potentialAction\":[{\"@type\":\"SearchAction\",\"target\":{\"@type\":\"EntryPoint\",\"urlTemplate\":\"https:\/\/jornalismo.ufsj.edu.br\/site\/?s={search_term_string}\"},\"query-input\":\"required name=search_term_string\"}],\"inLanguage\":\"pt-BR\"},{\"@type\":\"Person\",\"@id\":\"\"}]}<\/script>\n<!-- \/ Yoast SEO plugin. -->","yoast_head_json":{"title":"IX FELIT acontece esta semana em S\u00e3o Jo\u00e3o del-Rei e Tiradentes - Jornalismo UFSJ","robots":{"index":"index","follow":"follow","max-snippet":"max-snippet:-1","max-image-preview":"max-image-preview:large","max-video-preview":"max-video-preview:-1"},"canonical":"http:\/\/jornalismo.ufsj.edu.br\/site\/sem-categoria\/ix-felit-acontece-esta-semana-em-sao-joao-del-rei-e-tiradentes\/","og_locale":"pt_BR","og_type":"article","og_title":"IX FELIT acontece esta semana em S\u00e3o Jo\u00e3o del-Rei e Tiradentes - Jornalismo UFSJ","og_description":"\u00a0A nona edi\u00e7\u00e3o do Festival de Literatura de S\u00e3o Jo\u00e3o del-Rei e Tiradentes (FELIT) agitou amantes de livros de todo o Campo das Vertentes. O evento, que ocorreu, entre 4 e 7 de novembro, teve em sua programa\u00e7\u00e3o tem\u00e1ticas variadas...","og_url":"http:\/\/jornalismo.ufsj.edu.br\/site\/sem-categoria\/ix-felit-acontece-esta-semana-em-sao-joao-del-rei-e-tiradentes\/","og_site_name":"Jornalismo UFSJ","article_publisher":"https:\/\/www.facebook.com\/jornalismoufsj\/","article_published_time":"2015-11-09T12:46:19+00:00","twitter_card":"summary_large_image","twitter_creator":"@jornalismoufsj","twitter_site":"@jornalismoufsj","twitter_misc":{"Escrito por":"","Est. tempo de leitura":"2 minutos"},"schema":{"@context":"https:\/\/schema.org","@graph":[{"@type":"WebPage","@id":"http:\/\/jornalismo.ufsj.edu.br\/site\/sem-categoria\/ix-felit-acontece-esta-semana-em-sao-joao-del-rei-e-tiradentes\/","url":"http:\/\/jornalismo.ufsj.edu.br\/site\/sem-categoria\/ix-felit-acontece-esta-semana-em-sao-joao-del-rei-e-tiradentes\/","name":"IX FELIT acontece esta semana em S\u00e3o Jo\u00e3o del-Rei e Tiradentes - Jornalismo UFSJ","isPartOf":{"@id":"https:\/\/jornalismo.ufsj.edu.br\/site\/#website"},"datePublished":"2015-11-09T12:46:19+00:00","dateModified":"2015-11-09T12:46:19+00:00","author":{"@id":""},"breadcrumb":{"@id":"http:\/\/jornalismo.ufsj.edu.br\/site\/sem-categoria\/ix-felit-acontece-esta-semana-em-sao-joao-del-rei-e-tiradentes\/#breadcrumb"},"inLanguage":"pt-BR","potentialAction":[{"@type":"ReadAction","target":["http:\/\/jornalismo.ufsj.edu.br\/site\/sem-categoria\/ix-felit-acontece-esta-semana-em-sao-joao-del-rei-e-tiradentes\/"]}]},{"@type":"BreadcrumbList","@id":"http:\/\/jornalismo.ufsj.edu.br\/site\/sem-categoria\/ix-felit-acontece-esta-semana-em-sao-joao-del-rei-e-tiradentes\/#breadcrumb","itemListElement":[{"@type":"ListItem","position":1,"name":"In\u00edcio","item":"https:\/\/jornalismo.ufsj.edu.br\/site\/"},{"@type":"ListItem","position":2,"name":"IX FELIT acontece esta semana em S\u00e3o Jo\u00e3o del-Rei e Tiradentes"}]},{"@type":"WebSite","@id":"https:\/\/jornalismo.ufsj.edu.br\/site\/#website","url":"https:\/\/jornalismo.ufsj.edu.br\/site\/","name":"Jornalismo UFSJ","description":"","potentialAction":[{"@type":"SearchAction","target":{"@type":"EntryPoint","urlTemplate":"https:\/\/jornalismo.ufsj.edu.br\/site\/?s={search_term_string}"},"query-input":"required name=search_term_string"}],"inLanguage":"pt-BR"},{"@type":"Person","@id":""}]}},"jetpack_featured_media_url":"","_links":{"self":[{"href":"http:\/\/anu.ufsj.edu.br\/site\/wp-json\/wp\/v2\/posts\/1332"}],"collection":[{"href":"http:\/\/anu.ufsj.edu.br\/site\/wp-json\/wp\/v2\/posts"}],"about":[{"href":"http:\/\/anu.ufsj.edu.br\/site\/wp-json\/wp\/v2\/types\/post"}],"author":[{"embeddable":true,"href":"http:\/\/anu.ufsj.edu.br\/site\/wp-json\/wp\/v2\/users\/3"}],"replies":[{"embeddable":true,"href":"http:\/\/anu.ufsj.edu.br\/site\/wp-json\/wp\/v2\/comments?post=1332"}],"version-history":[{"count":0,"href":"http:\/\/anu.ufsj.edu.br\/site\/wp-json\/wp\/v2\/posts\/1332\/revisions"}],"wp:featuredmedia":[{"embeddable":true,"href":"http:\/\/anu.ufsj.edu.br\/site\/wp-json\/"}],"wp:attachment":[{"href":"http:\/\/anu.ufsj.edu.br\/site\/wp-json\/wp\/v2\/media?parent=1332"}],"wp:term":[{"taxonomy":"category","embeddable":true,"href":"http:\/\/anu.ufsj.edu.br\/site\/wp-json\/wp\/v2\/categories?post=1332"},{"taxonomy":"post_tag","embeddable":true,"href":"http:\/\/anu.ufsj.edu.br\/site\/wp-json\/wp\/v2\/tags?post=1332"}],"curies":[{"name":"wp","href":"https:\/\/api.w.org\/{rel}","templated":true}]}}