{"id":1337,"date":"2015-11-12T13:41:17","date_gmt":"2015-11-12T13:41:17","guid":{"rendered":"http:\/\/jornalismo.ufsj.edu.br\/?p=1337"},"modified":"2015-11-12T13:41:17","modified_gmt":"2015-11-12T13:41:17","slug":"vi-ciclo-de-debates-sobre-jornalismo-no-campo-das-vertentes","status":"publish","type":"post","link":"http:\/\/anu.ufsj.edu.br\/site\/sem-categoria\/vi-ciclo-de-debates-sobre-jornalismo-no-campo-das-vertentes\/","title":{"rendered":"VI Ciclo de Debates sobre jornalismo no Campo das Vertentes"},"content":{"rendered":"<p style=\"text-align:justify;\"><a href=\"http:\/\/jornalismo.ufsj.edu.br\/wp-content\/uploads\/2015\/11\/ciclodebatesjornalismo-thumb.jpg\"><img loading=\"lazy\" class=\"alignleft size-full wp-image-1339\" src=\"http:\/\/jornalismo.ufsj.edu.br\/wp-content\/uploads\/2015\/11\/ciclodebatesjornalismo-thumb.jpg\" alt=\"ciclodebatesjornalismo-thumb\" width=\"269\" height=\"180\" \/><\/a>A disciplina Hist\u00f3ria do Jornalismo e o curso de Comunica\u00e7\u00e3o Social da UFSJ promovem, at\u00e9 4 de dezembro, o VI Ciclo de Debates Sobre a Hist\u00f3ria do Jornalismo no Campo das Vertentes. O evento proporciona debates, palestras, mesas-redondas e visitas que buscam mostrar a hist\u00f3ria do jornalismo em S\u00e3o Jo\u00e3o del-Rei e regi\u00e3o, para entender o cen\u00e1rio atual da m\u00eddia local. Um dos destaques \u00e9 o lan\u00e7amento do livro Vertentes no Jornalismo Mineiro, dos docentes do curso Filomena Bomfim e Ivan Vasconcelos Figueiredo.<\/p>\n<p style=\"text-align:justify;\">A proposta do VI Ciclo de Debates \u00e9 que os alunos da disciplina e a comunidade acad\u00eamica como um todo possam conhecer mais a fundo a trajet\u00f3ria do jornalismo no Campo das Vertentes e quais seus protagonistas, com a finalidade de enriquecer seus conhecimentos sobre a cultura regional.<\/p>\n<p>Mais informa\u00e7\u00f5es sobre o evento no facebook (<a href=\"https:\/\/www.facebook.com\/events\/168627686818974\/\">clique aqui<\/a>) ou pelo e-mail: monitoriahistoriadojornalismo@yahoo.com.br.<\/p>\n<p><a href=\"http:\/\/www.ufsj.edu.br\/portal2-repositorio\/File\/ascom\/Ciclo%20de%20debates%20cartaz.pdf\">Clique aqui<\/a>\u00a0para conferir a programa\u00e7\u00e3o completa.<\/p>\n<p style=\"text-align:justify;\">\n<p style=\"text-align:right;\">Fonte: Site UFSJ\/ \u00a0ASCOM<\/p>\n","protected":false},"excerpt":{"rendered":"<p>A disciplina Hist\u00f3ria do Jornalismo e o curso de Comunica\u00e7\u00e3o Social da UFSJ promovem, at\u00e9 4 de dezembro, o VI Ciclo de Debates Sobre a Hist\u00f3ria do Jornalismo no Campo das Vertentes. O evento proporciona debates, palestras, mesas-redondas e visitas&#8230;<\/p>\n","protected":false},"author":3,"featured_media":1339,"comment_status":"open","ping_status":"open","sticky":false,"template":"","format":"standard","meta":{"_monsterinsights_skip_tracking":false,"_monsterinsights_sitenote_active":false,"_monsterinsights_sitenote_note":"","_monsterinsights_sitenote_category":0},"categories":[70],"tags":[],"yoast_head":"<!-- This site is optimized with the Yoast SEO plugin v20.6 - https:\/\/yoast.com\/wordpress\/plugins\/seo\/ -->\n<title>VI Ciclo de Debates sobre jornalismo no Campo das Vertentes - Jornalismo UFSJ<\/title>\n<meta name=\"robots\" content=\"index, follow, max-snippet:-1, max-image-preview:large, max-video-preview:-1\" \/>\n<link rel=\"canonical\" href=\"http:\/\/jornalismo.ufsj.edu.br\/site\/sem-categoria\/vi-ciclo-de-debates-sobre-jornalismo-no-campo-das-vertentes\/\" \/>\n<meta property=\"og:locale\" content=\"pt_BR\" \/>\n<meta property=\"og:type\" content=\"article\" \/>\n<meta property=\"og:title\" content=\"VI Ciclo de Debates sobre jornalismo no Campo das Vertentes - Jornalismo UFSJ\" \/>\n<meta property=\"og:description\" content=\"A disciplina Hist\u00f3ria do Jornalismo e o curso de Comunica\u00e7\u00e3o Social da UFSJ promovem, at\u00e9 4 de dezembro, o VI Ciclo de Debates Sobre a Hist\u00f3ria do Jornalismo no Campo das Vertentes. O evento proporciona debates, palestras, mesas-redondas e visitas...\" \/>\n<meta property=\"og:url\" content=\"http:\/\/jornalismo.ufsj.edu.br\/site\/sem-categoria\/vi-ciclo-de-debates-sobre-jornalismo-no-campo-das-vertentes\/\" \/>\n<meta property=\"og:site_name\" content=\"Jornalismo UFSJ\" \/>\n<meta property=\"article:publisher\" content=\"https:\/\/www.facebook.com\/jornalismoufsj\/\" \/>\n<meta property=\"article:published_time\" content=\"2015-11-12T13:41:17+00:00\" \/>\n<meta name=\"twitter:card\" content=\"summary_large_image\" \/>\n<meta name=\"twitter:creator\" content=\"@jornalismoufsj\" \/>\n<meta name=\"twitter:site\" content=\"@jornalismoufsj\" \/>\n<meta name=\"twitter:label1\" content=\"Escrito por\" \/>\n\t<meta name=\"twitter:data1\" content=\"\" \/>\n\t<meta name=\"twitter:label2\" content=\"Est. tempo de leitura\" \/>\n\t<meta name=\"twitter:data2\" content=\"1 minuto\" \/>\n<script type=\"application\/ld+json\" class=\"yoast-schema-graph\">{\"@context\":\"https:\/\/schema.org\",\"@graph\":[{\"@type\":\"WebPage\",\"@id\":\"http:\/\/jornalismo.ufsj.edu.br\/site\/sem-categoria\/vi-ciclo-de-debates-sobre-jornalismo-no-campo-das-vertentes\/\",\"url\":\"http:\/\/jornalismo.ufsj.edu.br\/site\/sem-categoria\/vi-ciclo-de-debates-sobre-jornalismo-no-campo-das-vertentes\/\",\"name\":\"VI Ciclo de Debates sobre jornalismo no Campo das Vertentes - Jornalismo UFSJ\",\"isPartOf\":{\"@id\":\"https:\/\/jornalismo.ufsj.edu.br\/site\/#website\"},\"datePublished\":\"2015-11-12T13:41:17+00:00\",\"dateModified\":\"2015-11-12T13:41:17+00:00\",\"author\":{\"@id\":\"\"},\"breadcrumb\":{\"@id\":\"http:\/\/jornalismo.ufsj.edu.br\/site\/sem-categoria\/vi-ciclo-de-debates-sobre-jornalismo-no-campo-das-vertentes\/#breadcrumb\"},\"inLanguage\":\"pt-BR\",\"potentialAction\":[{\"@type\":\"ReadAction\",\"target\":[\"http:\/\/jornalismo.ufsj.edu.br\/site\/sem-categoria\/vi-ciclo-de-debates-sobre-jornalismo-no-campo-das-vertentes\/\"]}]},{\"@type\":\"BreadcrumbList\",\"@id\":\"http:\/\/jornalismo.ufsj.edu.br\/site\/sem-categoria\/vi-ciclo-de-debates-sobre-jornalismo-no-campo-das-vertentes\/#breadcrumb\",\"itemListElement\":[{\"@type\":\"ListItem\",\"position\":1,\"name\":\"In\u00edcio\",\"item\":\"https:\/\/jornalismo.ufsj.edu.br\/site\/\"},{\"@type\":\"ListItem\",\"position\":2,\"name\":\"VI Ciclo de Debates sobre jornalismo no Campo das Vertentes\"}]},{\"@type\":\"WebSite\",\"@id\":\"https:\/\/jornalismo.ufsj.edu.br\/site\/#website\",\"url\":\"https:\/\/jornalismo.ufsj.edu.br\/site\/\",\"name\":\"Jornalismo UFSJ\",\"description\":\"\",\"potentialAction\":[{\"@type\":\"SearchAction\",\"target\":{\"@type\":\"EntryPoint\",\"urlTemplate\":\"https:\/\/jornalismo.ufsj.edu.br\/site\/?s={search_term_string}\"},\"query-input\":\"required name=search_term_string\"}],\"inLanguage\":\"pt-BR\"},{\"@type\":\"Person\",\"@id\":\"\"}]}<\/script>\n<!-- \/ Yoast SEO plugin. -->","yoast_head_json":{"title":"VI Ciclo de Debates sobre jornalismo no Campo das Vertentes - Jornalismo UFSJ","robots":{"index":"index","follow":"follow","max-snippet":"max-snippet:-1","max-image-preview":"max-image-preview:large","max-video-preview":"max-video-preview:-1"},"canonical":"http:\/\/jornalismo.ufsj.edu.br\/site\/sem-categoria\/vi-ciclo-de-debates-sobre-jornalismo-no-campo-das-vertentes\/","og_locale":"pt_BR","og_type":"article","og_title":"VI Ciclo de Debates sobre jornalismo no Campo das Vertentes - Jornalismo UFSJ","og_description":"A disciplina Hist\u00f3ria do Jornalismo e o curso de Comunica\u00e7\u00e3o Social da UFSJ promovem, at\u00e9 4 de dezembro, o VI Ciclo de Debates Sobre a Hist\u00f3ria do Jornalismo no Campo das Vertentes. O evento proporciona debates, palestras, mesas-redondas e visitas...","og_url":"http:\/\/jornalismo.ufsj.edu.br\/site\/sem-categoria\/vi-ciclo-de-debates-sobre-jornalismo-no-campo-das-vertentes\/","og_site_name":"Jornalismo UFSJ","article_publisher":"https:\/\/www.facebook.com\/jornalismoufsj\/","article_published_time":"2015-11-12T13:41:17+00:00","twitter_card":"summary_large_image","twitter_creator":"@jornalismoufsj","twitter_site":"@jornalismoufsj","twitter_misc":{"Escrito por":"","Est. tempo de leitura":"1 minuto"},"schema":{"@context":"https:\/\/schema.org","@graph":[{"@type":"WebPage","@id":"http:\/\/jornalismo.ufsj.edu.br\/site\/sem-categoria\/vi-ciclo-de-debates-sobre-jornalismo-no-campo-das-vertentes\/","url":"http:\/\/jornalismo.ufsj.edu.br\/site\/sem-categoria\/vi-ciclo-de-debates-sobre-jornalismo-no-campo-das-vertentes\/","name":"VI Ciclo de Debates sobre jornalismo no Campo das Vertentes - Jornalismo UFSJ","isPartOf":{"@id":"https:\/\/jornalismo.ufsj.edu.br\/site\/#website"},"datePublished":"2015-11-12T13:41:17+00:00","dateModified":"2015-11-12T13:41:17+00:00","author":{"@id":""},"breadcrumb":{"@id":"http:\/\/jornalismo.ufsj.edu.br\/site\/sem-categoria\/vi-ciclo-de-debates-sobre-jornalismo-no-campo-das-vertentes\/#breadcrumb"},"inLanguage":"pt-BR","potentialAction":[{"@type":"ReadAction","target":["http:\/\/jornalismo.ufsj.edu.br\/site\/sem-categoria\/vi-ciclo-de-debates-sobre-jornalismo-no-campo-das-vertentes\/"]}]},{"@type":"BreadcrumbList","@id":"http:\/\/jornalismo.ufsj.edu.br\/site\/sem-categoria\/vi-ciclo-de-debates-sobre-jornalismo-no-campo-das-vertentes\/#breadcrumb","itemListElement":[{"@type":"ListItem","position":1,"name":"In\u00edcio","item":"https:\/\/jornalismo.ufsj.edu.br\/site\/"},{"@type":"ListItem","position":2,"name":"VI Ciclo de Debates sobre jornalismo no Campo das Vertentes"}]},{"@type":"WebSite","@id":"https:\/\/jornalismo.ufsj.edu.br\/site\/#website","url":"https:\/\/jornalismo.ufsj.edu.br\/site\/","name":"Jornalismo UFSJ","description":"","potentialAction":[{"@type":"SearchAction","target":{"@type":"EntryPoint","urlTemplate":"https:\/\/jornalismo.ufsj.edu.br\/site\/?s={search_term_string}"},"query-input":"required name=search_term_string"}],"inLanguage":"pt-BR"},{"@type":"Person","@id":""}]}},"jetpack_featured_media_url":"","_links":{"self":[{"href":"http:\/\/anu.ufsj.edu.br\/site\/wp-json\/wp\/v2\/posts\/1337"}],"collection":[{"href":"http:\/\/anu.ufsj.edu.br\/site\/wp-json\/wp\/v2\/posts"}],"about":[{"href":"http:\/\/anu.ufsj.edu.br\/site\/wp-json\/wp\/v2\/types\/post"}],"author":[{"embeddable":true,"href":"http:\/\/anu.ufsj.edu.br\/site\/wp-json\/wp\/v2\/users\/3"}],"replies":[{"embeddable":true,"href":"http:\/\/anu.ufsj.edu.br\/site\/wp-json\/wp\/v2\/comments?post=1337"}],"version-history":[{"count":0,"href":"http:\/\/anu.ufsj.edu.br\/site\/wp-json\/wp\/v2\/posts\/1337\/revisions"}],"wp:featuredmedia":[{"embeddable":true,"href":"http:\/\/anu.ufsj.edu.br\/site\/wp-json\/"}],"wp:attachment":[{"href":"http:\/\/anu.ufsj.edu.br\/site\/wp-json\/wp\/v2\/media?parent=1337"}],"wp:term":[{"taxonomy":"category","embeddable":true,"href":"http:\/\/anu.ufsj.edu.br\/site\/wp-json\/wp\/v2\/categories?post=1337"},{"taxonomy":"post_tag","embeddable":true,"href":"http:\/\/anu.ufsj.edu.br\/site\/wp-json\/wp\/v2\/tags?post=1337"}],"curies":[{"name":"wp","href":"https:\/\/api.w.org\/{rel}","templated":true}]}}