{"id":1346,"date":"2015-11-19T22:26:58","date_gmt":"2015-11-19T22:26:58","guid":{"rendered":"http:\/\/jornalismo.ufsj.edu.br\/?p=1346"},"modified":"2015-11-19T22:26:58","modified_gmt":"2015-11-19T22:26:58","slug":"iv-mostra-de-profissoes-da-ufsj-uma-maozinha-para-fazer-a-sua-escolha","status":"publish","type":"post","link":"http:\/\/anu.ufsj.edu.br\/site\/sem-categoria\/iv-mostra-de-profissoes-da-ufsj-uma-maozinha-para-fazer-a-sua-escolha\/","title":{"rendered":"IV Mostra de Profiss\u00f5es da UFSJ: Uma m\u00e3ozinha para fazer a sua escolha"},"content":{"rendered":"<p style=\"text-align:justify;\"><img loading=\"lazy\" class=\"alignleft size-medium wp-image-1351\" src=\"http:\/\/jornalismo.ufsj.edu.br\/wp-content\/uploads\/2015\/11\/12185495_996901660370225_7917135514661021847_o.png?w=300\" alt=\"12185495_996901660370225_7917135514661021847_o\" width=\"300\" height=\"300\" \/>No pr\u00f3ximo s\u00e1bado, 21, estudantes que aspiram ao ensino superior ter\u00e3o uma ajudinha para tomar suas decis\u00f5es. \u00c9 dia da quarta edi\u00e7\u00e3o da Mostra de Profiss\u00f5es da UFSJ. O evento apresenta aos interessados os cursos de gradua\u00e7\u00e3o da Universidade Federal de S\u00e3o Jo\u00e3o del-Rei e seus diversos projetos de forma\u00e7\u00e3o acad\u00eamica. As atividades come\u00e7am \u00e0s 9h30 no Campus Santo Ant\u00f4nio da UFSJ, no centro de S\u00e3o Jo\u00e3o del-Rei, e prosseguem at\u00e9 19h.<\/p>\n<p style=\"text-align:justify;\">Al\u00e9m das apresenta\u00e7\u00f5es, a IV Mostra ainda ter\u00e1 palestra de abertura sobre voca\u00e7\u00e3o, com C\u00edntia Sampaio (UFMG), e mesa-redonda com o empreendedor S\u00e9rgio Ribs, conhecido por seus v\u00eddeos da Universidade Capenga no Youtube. O evento acontece desde 2012 e \u00e9 organizado pela Central de Empresas Juniores da UFSJ (Cenje).<\/p>\n<p style=\"text-align:justify;\"><a href=\"http:\/\/www.ufsj.edu.br\/portal2-repositorio\/File\/ascom\/mostradeprofissoes2015.png\">Clique aqui<\/a>\u00a0para ver a programa\u00e7\u00e3o completa.<\/p>\n<p style=\"text-align:justify;\">Mais informa\u00e7\u00f5es\u00a0<a href=\"https:\/\/www.facebook.com\/mostradeprofissoesufsj\/?fref=ts\">pelo facebook<\/a>\u00a0ou via mail: cenje.rp@gmail.com<\/p>\n<p style=\"text-align:justify;\"><strong>Central de Empresas Juniores da UFSJ<\/strong><\/p>\n<p style=\"text-align:justify;\">A Cenje \u00e9 o ponto de liga\u00e7\u00e3o entre a Universidade Federal de S\u00e3o Jo\u00e3o del-Rei e as 20 empresas juniores da institui\u00e7\u00e3o, representando-as e auxiliando em sua organiza\u00e7\u00e3o. Essas empresas s\u00e3o formadas inteiramente por alunos da gradua\u00e7\u00e3o que se capacitam em sua \u00e1rea de ensino, em gest\u00e3o e empreendedorismo por meio da viv\u00eancia pr\u00e1tica de mercado.<\/p>\n<p style=\"text-align:right;\">Fonte: Site UFSJ\/ ASCOM<\/p>\n","protected":false},"excerpt":{"rendered":"<p>No pr\u00f3ximo s\u00e1bado, 21, estudantes que aspiram ao ensino superior ter\u00e3o uma ajudinha para tomar suas decis\u00f5es. \u00c9 dia da quarta edi\u00e7\u00e3o da Mostra de Profiss\u00f5es da UFSJ. O evento apresenta aos interessados os cursos de gradua\u00e7\u00e3o da Universidade Federal&#8230;<\/p>\n","protected":false},"author":3,"featured_media":1351,"comment_status":"open","ping_status":"open","sticky":false,"template":"","format":"standard","meta":{"_monsterinsights_skip_tracking":false,"_monsterinsights_sitenote_active":false,"_monsterinsights_sitenote_note":"","_monsterinsights_sitenote_category":0},"categories":[70],"tags":[],"yoast_head":"<!-- This site is optimized with the Yoast SEO plugin v20.6 - https:\/\/yoast.com\/wordpress\/plugins\/seo\/ -->\n<title>IV Mostra de Profiss\u00f5es da UFSJ: Uma m\u00e3ozinha para fazer a sua escolha - Jornalismo UFSJ<\/title>\n<meta name=\"robots\" content=\"index, follow, max-snippet:-1, max-image-preview:large, max-video-preview:-1\" \/>\n<link rel=\"canonical\" href=\"http:\/\/anu.ufsj.edu.br\/site\/sem-categoria\/iv-mostra-de-profissoes-da-ufsj-uma-maozinha-para-fazer-a-sua-escolha\/\" \/>\n<meta property=\"og:locale\" content=\"pt_BR\" \/>\n<meta property=\"og:type\" content=\"article\" \/>\n<meta property=\"og:title\" content=\"IV Mostra de Profiss\u00f5es da UFSJ: Uma m\u00e3ozinha para fazer a sua escolha - Jornalismo UFSJ\" \/>\n<meta property=\"og:description\" content=\"No pr\u00f3ximo s\u00e1bado, 21, estudantes que aspiram ao ensino superior ter\u00e3o uma ajudinha para tomar suas decis\u00f5es. \u00c9 dia da quarta edi\u00e7\u00e3o da Mostra de Profiss\u00f5es da UFSJ. O evento apresenta aos interessados os cursos de gradua\u00e7\u00e3o da Universidade Federal...\" \/>\n<meta property=\"og:url\" content=\"http:\/\/anu.ufsj.edu.br\/site\/sem-categoria\/iv-mostra-de-profissoes-da-ufsj-uma-maozinha-para-fazer-a-sua-escolha\/\" \/>\n<meta property=\"og:site_name\" content=\"Jornalismo UFSJ\" \/>\n<meta property=\"article:publisher\" content=\"https:\/\/www.facebook.com\/jornalismoufsj\/\" \/>\n<meta property=\"article:published_time\" content=\"2015-11-19T22:26:58+00:00\" \/>\n<meta name=\"twitter:card\" content=\"summary_large_image\" \/>\n<meta name=\"twitter:creator\" content=\"@jornalismoufsj\" \/>\n<meta name=\"twitter:site\" content=\"@jornalismoufsj\" \/>\n<meta name=\"twitter:label1\" content=\"Escrito por\" \/>\n\t<meta name=\"twitter:data1\" content=\"\" \/>\n\t<meta name=\"twitter:label2\" content=\"Est. tempo de leitura\" \/>\n\t<meta name=\"twitter:data2\" content=\"1 minuto\" \/>\n<script type=\"application\/ld+json\" class=\"yoast-schema-graph\">{\"@context\":\"https:\/\/schema.org\",\"@graph\":[{\"@type\":\"WebPage\",\"@id\":\"http:\/\/anu.ufsj.edu.br\/site\/sem-categoria\/iv-mostra-de-profissoes-da-ufsj-uma-maozinha-para-fazer-a-sua-escolha\/\",\"url\":\"http:\/\/anu.ufsj.edu.br\/site\/sem-categoria\/iv-mostra-de-profissoes-da-ufsj-uma-maozinha-para-fazer-a-sua-escolha\/\",\"name\":\"IV Mostra de Profiss\u00f5es da UFSJ: Uma m\u00e3ozinha para fazer a sua escolha - Jornalismo UFSJ\",\"isPartOf\":{\"@id\":\"https:\/\/jornalismo.ufsj.edu.br\/site\/#website\"},\"datePublished\":\"2015-11-19T22:26:58+00:00\",\"dateModified\":\"2015-11-19T22:26:58+00:00\",\"author\":{\"@id\":\"\"},\"breadcrumb\":{\"@id\":\"http:\/\/anu.ufsj.edu.br\/site\/sem-categoria\/iv-mostra-de-profissoes-da-ufsj-uma-maozinha-para-fazer-a-sua-escolha\/#breadcrumb\"},\"inLanguage\":\"pt-BR\",\"potentialAction\":[{\"@type\":\"ReadAction\",\"target\":[\"http:\/\/anu.ufsj.edu.br\/site\/sem-categoria\/iv-mostra-de-profissoes-da-ufsj-uma-maozinha-para-fazer-a-sua-escolha\/\"]}]},{\"@type\":\"BreadcrumbList\",\"@id\":\"http:\/\/anu.ufsj.edu.br\/site\/sem-categoria\/iv-mostra-de-profissoes-da-ufsj-uma-maozinha-para-fazer-a-sua-escolha\/#breadcrumb\",\"itemListElement\":[{\"@type\":\"ListItem\",\"position\":1,\"name\":\"In\u00edcio\",\"item\":\"https:\/\/jornalismo.ufsj.edu.br\/site\/\"},{\"@type\":\"ListItem\",\"position\":2,\"name\":\"IV Mostra de Profiss\u00f5es da UFSJ: Uma m\u00e3ozinha para fazer a sua escolha\"}]},{\"@type\":\"WebSite\",\"@id\":\"https:\/\/jornalismo.ufsj.edu.br\/site\/#website\",\"url\":\"https:\/\/jornalismo.ufsj.edu.br\/site\/\",\"name\":\"Jornalismo UFSJ\",\"description\":\"\",\"potentialAction\":[{\"@type\":\"SearchAction\",\"target\":{\"@type\":\"EntryPoint\",\"urlTemplate\":\"https:\/\/jornalismo.ufsj.edu.br\/site\/?s={search_term_string}\"},\"query-input\":\"required name=search_term_string\"}],\"inLanguage\":\"pt-BR\"},{\"@type\":\"Person\",\"@id\":\"\"}]}<\/script>\n<!-- \/ Yoast SEO plugin. -->","yoast_head_json":{"title":"IV Mostra de Profiss\u00f5es da UFSJ: Uma m\u00e3ozinha para fazer a sua escolha - Jornalismo UFSJ","robots":{"index":"index","follow":"follow","max-snippet":"max-snippet:-1","max-image-preview":"max-image-preview:large","max-video-preview":"max-video-preview:-1"},"canonical":"http:\/\/anu.ufsj.edu.br\/site\/sem-categoria\/iv-mostra-de-profissoes-da-ufsj-uma-maozinha-para-fazer-a-sua-escolha\/","og_locale":"pt_BR","og_type":"article","og_title":"IV Mostra de Profiss\u00f5es da UFSJ: Uma m\u00e3ozinha para fazer a sua escolha - Jornalismo UFSJ","og_description":"No pr\u00f3ximo s\u00e1bado, 21, estudantes que aspiram ao ensino superior ter\u00e3o uma ajudinha para tomar suas decis\u00f5es. \u00c9 dia da quarta edi\u00e7\u00e3o da Mostra de Profiss\u00f5es da UFSJ. O evento apresenta aos interessados os cursos de gradua\u00e7\u00e3o da Universidade Federal...","og_url":"http:\/\/anu.ufsj.edu.br\/site\/sem-categoria\/iv-mostra-de-profissoes-da-ufsj-uma-maozinha-para-fazer-a-sua-escolha\/","og_site_name":"Jornalismo UFSJ","article_publisher":"https:\/\/www.facebook.com\/jornalismoufsj\/","article_published_time":"2015-11-19T22:26:58+00:00","twitter_card":"summary_large_image","twitter_creator":"@jornalismoufsj","twitter_site":"@jornalismoufsj","twitter_misc":{"Escrito por":"","Est. tempo de leitura":"1 minuto"},"schema":{"@context":"https:\/\/schema.org","@graph":[{"@type":"WebPage","@id":"http:\/\/anu.ufsj.edu.br\/site\/sem-categoria\/iv-mostra-de-profissoes-da-ufsj-uma-maozinha-para-fazer-a-sua-escolha\/","url":"http:\/\/anu.ufsj.edu.br\/site\/sem-categoria\/iv-mostra-de-profissoes-da-ufsj-uma-maozinha-para-fazer-a-sua-escolha\/","name":"IV Mostra de Profiss\u00f5es da UFSJ: Uma m\u00e3ozinha para fazer a sua escolha - Jornalismo UFSJ","isPartOf":{"@id":"https:\/\/jornalismo.ufsj.edu.br\/site\/#website"},"datePublished":"2015-11-19T22:26:58+00:00","dateModified":"2015-11-19T22:26:58+00:00","author":{"@id":""},"breadcrumb":{"@id":"http:\/\/anu.ufsj.edu.br\/site\/sem-categoria\/iv-mostra-de-profissoes-da-ufsj-uma-maozinha-para-fazer-a-sua-escolha\/#breadcrumb"},"inLanguage":"pt-BR","potentialAction":[{"@type":"ReadAction","target":["http:\/\/anu.ufsj.edu.br\/site\/sem-categoria\/iv-mostra-de-profissoes-da-ufsj-uma-maozinha-para-fazer-a-sua-escolha\/"]}]},{"@type":"BreadcrumbList","@id":"http:\/\/anu.ufsj.edu.br\/site\/sem-categoria\/iv-mostra-de-profissoes-da-ufsj-uma-maozinha-para-fazer-a-sua-escolha\/#breadcrumb","itemListElement":[{"@type":"ListItem","position":1,"name":"In\u00edcio","item":"https:\/\/jornalismo.ufsj.edu.br\/site\/"},{"@type":"ListItem","position":2,"name":"IV Mostra de Profiss\u00f5es da UFSJ: Uma m\u00e3ozinha para fazer a sua escolha"}]},{"@type":"WebSite","@id":"https:\/\/jornalismo.ufsj.edu.br\/site\/#website","url":"https:\/\/jornalismo.ufsj.edu.br\/site\/","name":"Jornalismo UFSJ","description":"","potentialAction":[{"@type":"SearchAction","target":{"@type":"EntryPoint","urlTemplate":"https:\/\/jornalismo.ufsj.edu.br\/site\/?s={search_term_string}"},"query-input":"required name=search_term_string"}],"inLanguage":"pt-BR"},{"@type":"Person","@id":""}]}},"jetpack_featured_media_url":"","_links":{"self":[{"href":"http:\/\/anu.ufsj.edu.br\/site\/wp-json\/wp\/v2\/posts\/1346"}],"collection":[{"href":"http:\/\/anu.ufsj.edu.br\/site\/wp-json\/wp\/v2\/posts"}],"about":[{"href":"http:\/\/anu.ufsj.edu.br\/site\/wp-json\/wp\/v2\/types\/post"}],"author":[{"embeddable":true,"href":"http:\/\/anu.ufsj.edu.br\/site\/wp-json\/wp\/v2\/users\/3"}],"replies":[{"embeddable":true,"href":"http:\/\/anu.ufsj.edu.br\/site\/wp-json\/wp\/v2\/comments?post=1346"}],"version-history":[{"count":0,"href":"http:\/\/anu.ufsj.edu.br\/site\/wp-json\/wp\/v2\/posts\/1346\/revisions"}],"wp:featuredmedia":[{"embeddable":true,"href":"http:\/\/anu.ufsj.edu.br\/site\/wp-json\/"}],"wp:attachment":[{"href":"http:\/\/anu.ufsj.edu.br\/site\/wp-json\/wp\/v2\/media?parent=1346"}],"wp:term":[{"taxonomy":"category","embeddable":true,"href":"http:\/\/anu.ufsj.edu.br\/site\/wp-json\/wp\/v2\/categories?post=1346"},{"taxonomy":"post_tag","embeddable":true,"href":"http:\/\/anu.ufsj.edu.br\/site\/wp-json\/wp\/v2\/tags?post=1346"}],"curies":[{"name":"wp","href":"https:\/\/api.w.org\/{rel}","templated":true}]}}