{"id":1357,"date":"2015-11-19T22:37:09","date_gmt":"2015-11-19T22:37:09","guid":{"rendered":"http:\/\/jornalismo.ufsj.edu.br\/?p=1357"},"modified":"2015-11-19T22:37:09","modified_gmt":"2015-11-19T22:37:09","slug":"jornada-de-cursos-tera-oficinas-de-foto-video-escrita-e-apresentacao","status":"publish","type":"post","link":"http:\/\/anu.ufsj.edu.br\/site\/sem-categoria\/jornada-de-cursos-tera-oficinas-de-foto-video-escrita-e-apresentacao\/","title":{"rendered":"Jornada de Cursos ter\u00e1 oficinas de foto, v\u00eddeo, escrita e apresenta\u00e7\u00e3o"},"content":{"rendered":"<p style=\"text-align:justify;\"><img loading=\"lazy\" class=\"alignleft size-medium wp-image-1362\" src=\"http:\/\/jornalismo.ufsj.edu.br\/wp-content\/uploads\/2015\/11\/12240037_466562006881875_8500209640388669910_n.png?w=300\" alt=\"12240037_466562006881875_8500209640388669910_n\" width=\"300\" height=\"300\" \/>Fotografia, edi\u00e7\u00e3o de v\u00eddeo, apresenta\u00e7\u00e3o de trabalho e escrita pr\u00e1tica s\u00e3o habilidades muito exigidas hoje nos ve\u00edculos de comunica\u00e7\u00e3o e nos meios corporativos. Estes s\u00e3o os temas das oficinas que ser\u00e3o promovidas pela Mosaico Comunica\u00e7\u00e3o Jr., empresa do curso de Jornalismo da UFSJ. As oficinas fazem parte da programa\u00e7\u00e3o da III Jornada de Cursos da Mosaico, que acontece de 24 a 27 de novembro, no Campus Santo Ant\u00f4nio.<\/p>\n<p style=\"text-align:justify;\">As inscri\u00e7\u00f5es podem ser realizadas na sala da Mosaico (2.08), localizada no pr\u00e9dio verde do mesmo campus, ou online atrav\u00e9s\u00a0<a href=\"https:\/\/goo.gl\/u9VMEq\">deste link<\/a>. O pagamento, que varia de R$ 15 a R$ 20, deve ser efetuado na sala da empresa.<\/p>\n<p style=\"text-align:justify;\">A Oficina de Apresenta\u00e7\u00e3o de Trabalhos acontece apenas no dia 24, das 9h \u00e0s 12h. As demais s\u00e3o ministradas em dois dias: Oficina de Fotografia, nos dias 24 e 25, das 9h \u00e0s 12h; de Edi\u00e7\u00e3o de V\u00eddeo, nos dias 26 e 27, das 13h \u00e0s 16h; e a de Escrita Pr\u00e1tica, nos dias 24 e 25, das 13h \u00e0s 16h. Os interessados podem conferir mais informa\u00e7\u00f5es na\u00a0<a href=\"https:\/\/www.facebook.com\/jornadadecursosmosaico\">p\u00e1gina da Jornada<\/a>\u00a0ou no\u00a0<a href=\"https:\/\/www.facebook.com\/events\/1649762051944757\">evento<\/a>.<\/p>\n<p style=\"text-align:justify;\"><strong>Mosaico Comunica\u00e7\u00e3o Jr.<\/strong><\/p>\n<p style=\"text-align:justify;\">A\u00a0<a href=\"https:\/\/www.facebook.com\/mosaicocomunicacaojr\/?fref=ts\">Mosaico<\/a>\u00a0\u00e9 a empresa j\u00fanior do Curso de Comunica\u00e7\u00e3o Social &#8211; Jornalismo da Universidade Federal de S\u00e3o Jo\u00e3o del-Rei, formada por 30 alunos da gradua\u00e7\u00e3o. Com pouco mais de tr\u00eas anos de exist\u00eancia, presta servi\u00e7os nas \u00e1reas de Jornalismo, Rela\u00e7\u00f5es P\u00fablicas e Publicidade e Propaganda em S\u00e3o Jo\u00e3o del-Rei e regi\u00e3o. Recentemente foi federada \u00e0 Federa\u00e7\u00e3o Mineira de Empresas Juniores e, entre suas atua\u00e7\u00f5es, destaca-se a constante participa\u00e7\u00e3o em campanhas sociais como a II C\u00e3ominhada, e o projeto S\u00e3o Jo\u00e3o 360\u00b0.<\/p>\n<p style=\"text-align:right;\">Fonte: Site UFSJ\/ASCOM<\/p>\n","protected":false},"excerpt":{"rendered":"<p>Fotografia, edi\u00e7\u00e3o de v\u00eddeo, apresenta\u00e7\u00e3o de trabalho e escrita pr\u00e1tica s\u00e3o habilidades muito exigidas hoje nos ve\u00edculos de comunica\u00e7\u00e3o e nos meios corporativos. Estes s\u00e3o os temas das oficinas que ser\u00e3o promovidas pela Mosaico Comunica\u00e7\u00e3o Jr., empresa do curso de&#8230;<\/p>\n","protected":false},"author":3,"featured_media":1362,"comment_status":"open","ping_status":"open","sticky":false,"template":"","format":"standard","meta":{"_monsterinsights_skip_tracking":false,"_monsterinsights_sitenote_active":false,"_monsterinsights_sitenote_note":"","_monsterinsights_sitenote_category":0},"categories":[70],"tags":[],"yoast_head":"<!-- This site is optimized with the Yoast SEO plugin v20.6 - https:\/\/yoast.com\/wordpress\/plugins\/seo\/ -->\n<title>Jornada de Cursos ter\u00e1 oficinas de foto, v\u00eddeo, escrita e apresenta\u00e7\u00e3o - Jornalismo UFSJ<\/title>\n<meta name=\"robots\" content=\"index, follow, max-snippet:-1, max-image-preview:large, max-video-preview:-1\" \/>\n<link rel=\"canonical\" href=\"http:\/\/anu.ufsj.edu.br\/site\/sem-categoria\/jornada-de-cursos-tera-oficinas-de-foto-video-escrita-e-apresentacao\/\" \/>\n<meta property=\"og:locale\" content=\"pt_BR\" \/>\n<meta property=\"og:type\" content=\"article\" \/>\n<meta property=\"og:title\" content=\"Jornada de Cursos ter\u00e1 oficinas de foto, v\u00eddeo, escrita e apresenta\u00e7\u00e3o - Jornalismo UFSJ\" \/>\n<meta property=\"og:description\" content=\"Fotografia, edi\u00e7\u00e3o de v\u00eddeo, apresenta\u00e7\u00e3o de trabalho e escrita pr\u00e1tica s\u00e3o habilidades muito exigidas hoje nos ve\u00edculos de comunica\u00e7\u00e3o e nos meios corporativos. Estes s\u00e3o os temas das oficinas que ser\u00e3o promovidas pela Mosaico Comunica\u00e7\u00e3o Jr., empresa do curso de...\" \/>\n<meta property=\"og:url\" content=\"http:\/\/anu.ufsj.edu.br\/site\/sem-categoria\/jornada-de-cursos-tera-oficinas-de-foto-video-escrita-e-apresentacao\/\" \/>\n<meta property=\"og:site_name\" content=\"Jornalismo UFSJ\" \/>\n<meta property=\"article:publisher\" content=\"https:\/\/www.facebook.com\/jornalismoufsj\/\" \/>\n<meta property=\"article:published_time\" content=\"2015-11-19T22:37:09+00:00\" \/>\n<meta name=\"twitter:card\" content=\"summary_large_image\" \/>\n<meta name=\"twitter:creator\" content=\"@jornalismoufsj\" \/>\n<meta name=\"twitter:site\" content=\"@jornalismoufsj\" \/>\n<meta name=\"twitter:label1\" content=\"Escrito por\" \/>\n\t<meta name=\"twitter:data1\" content=\"\" \/>\n\t<meta name=\"twitter:label2\" content=\"Est. tempo de leitura\" \/>\n\t<meta name=\"twitter:data2\" content=\"1 minuto\" \/>\n<script type=\"application\/ld+json\" class=\"yoast-schema-graph\">{\"@context\":\"https:\/\/schema.org\",\"@graph\":[{\"@type\":\"WebPage\",\"@id\":\"http:\/\/anu.ufsj.edu.br\/site\/sem-categoria\/jornada-de-cursos-tera-oficinas-de-foto-video-escrita-e-apresentacao\/\",\"url\":\"http:\/\/anu.ufsj.edu.br\/site\/sem-categoria\/jornada-de-cursos-tera-oficinas-de-foto-video-escrita-e-apresentacao\/\",\"name\":\"Jornada de Cursos ter\u00e1 oficinas de foto, v\u00eddeo, escrita e apresenta\u00e7\u00e3o - Jornalismo UFSJ\",\"isPartOf\":{\"@id\":\"https:\/\/jornalismo.ufsj.edu.br\/site\/#website\"},\"datePublished\":\"2015-11-19T22:37:09+00:00\",\"dateModified\":\"2015-11-19T22:37:09+00:00\",\"author\":{\"@id\":\"\"},\"breadcrumb\":{\"@id\":\"http:\/\/anu.ufsj.edu.br\/site\/sem-categoria\/jornada-de-cursos-tera-oficinas-de-foto-video-escrita-e-apresentacao\/#breadcrumb\"},\"inLanguage\":\"pt-BR\",\"potentialAction\":[{\"@type\":\"ReadAction\",\"target\":[\"http:\/\/anu.ufsj.edu.br\/site\/sem-categoria\/jornada-de-cursos-tera-oficinas-de-foto-video-escrita-e-apresentacao\/\"]}]},{\"@type\":\"BreadcrumbList\",\"@id\":\"http:\/\/anu.ufsj.edu.br\/site\/sem-categoria\/jornada-de-cursos-tera-oficinas-de-foto-video-escrita-e-apresentacao\/#breadcrumb\",\"itemListElement\":[{\"@type\":\"ListItem\",\"position\":1,\"name\":\"In\u00edcio\",\"item\":\"https:\/\/jornalismo.ufsj.edu.br\/site\/\"},{\"@type\":\"ListItem\",\"position\":2,\"name\":\"Jornada de Cursos ter\u00e1 oficinas de foto, v\u00eddeo, escrita e apresenta\u00e7\u00e3o\"}]},{\"@type\":\"WebSite\",\"@id\":\"https:\/\/jornalismo.ufsj.edu.br\/site\/#website\",\"url\":\"https:\/\/jornalismo.ufsj.edu.br\/site\/\",\"name\":\"Jornalismo UFSJ\",\"description\":\"\",\"potentialAction\":[{\"@type\":\"SearchAction\",\"target\":{\"@type\":\"EntryPoint\",\"urlTemplate\":\"https:\/\/jornalismo.ufsj.edu.br\/site\/?s={search_term_string}\"},\"query-input\":\"required name=search_term_string\"}],\"inLanguage\":\"pt-BR\"},{\"@type\":\"Person\",\"@id\":\"\"}]}<\/script>\n<!-- \/ Yoast SEO plugin. -->","yoast_head_json":{"title":"Jornada de Cursos ter\u00e1 oficinas de foto, v\u00eddeo, escrita e apresenta\u00e7\u00e3o - Jornalismo UFSJ","robots":{"index":"index","follow":"follow","max-snippet":"max-snippet:-1","max-image-preview":"max-image-preview:large","max-video-preview":"max-video-preview:-1"},"canonical":"http:\/\/anu.ufsj.edu.br\/site\/sem-categoria\/jornada-de-cursos-tera-oficinas-de-foto-video-escrita-e-apresentacao\/","og_locale":"pt_BR","og_type":"article","og_title":"Jornada de Cursos ter\u00e1 oficinas de foto, v\u00eddeo, escrita e apresenta\u00e7\u00e3o - Jornalismo UFSJ","og_description":"Fotografia, edi\u00e7\u00e3o de v\u00eddeo, apresenta\u00e7\u00e3o de trabalho e escrita pr\u00e1tica s\u00e3o habilidades muito exigidas hoje nos ve\u00edculos de comunica\u00e7\u00e3o e nos meios corporativos. Estes s\u00e3o os temas das oficinas que ser\u00e3o promovidas pela Mosaico Comunica\u00e7\u00e3o Jr., empresa do curso de...","og_url":"http:\/\/anu.ufsj.edu.br\/site\/sem-categoria\/jornada-de-cursos-tera-oficinas-de-foto-video-escrita-e-apresentacao\/","og_site_name":"Jornalismo UFSJ","article_publisher":"https:\/\/www.facebook.com\/jornalismoufsj\/","article_published_time":"2015-11-19T22:37:09+00:00","twitter_card":"summary_large_image","twitter_creator":"@jornalismoufsj","twitter_site":"@jornalismoufsj","twitter_misc":{"Escrito por":"","Est. tempo de leitura":"1 minuto"},"schema":{"@context":"https:\/\/schema.org","@graph":[{"@type":"WebPage","@id":"http:\/\/anu.ufsj.edu.br\/site\/sem-categoria\/jornada-de-cursos-tera-oficinas-de-foto-video-escrita-e-apresentacao\/","url":"http:\/\/anu.ufsj.edu.br\/site\/sem-categoria\/jornada-de-cursos-tera-oficinas-de-foto-video-escrita-e-apresentacao\/","name":"Jornada de Cursos ter\u00e1 oficinas de foto, v\u00eddeo, escrita e apresenta\u00e7\u00e3o - Jornalismo UFSJ","isPartOf":{"@id":"https:\/\/jornalismo.ufsj.edu.br\/site\/#website"},"datePublished":"2015-11-19T22:37:09+00:00","dateModified":"2015-11-19T22:37:09+00:00","author":{"@id":""},"breadcrumb":{"@id":"http:\/\/anu.ufsj.edu.br\/site\/sem-categoria\/jornada-de-cursos-tera-oficinas-de-foto-video-escrita-e-apresentacao\/#breadcrumb"},"inLanguage":"pt-BR","potentialAction":[{"@type":"ReadAction","target":["http:\/\/anu.ufsj.edu.br\/site\/sem-categoria\/jornada-de-cursos-tera-oficinas-de-foto-video-escrita-e-apresentacao\/"]}]},{"@type":"BreadcrumbList","@id":"http:\/\/anu.ufsj.edu.br\/site\/sem-categoria\/jornada-de-cursos-tera-oficinas-de-foto-video-escrita-e-apresentacao\/#breadcrumb","itemListElement":[{"@type":"ListItem","position":1,"name":"In\u00edcio","item":"https:\/\/jornalismo.ufsj.edu.br\/site\/"},{"@type":"ListItem","position":2,"name":"Jornada de Cursos ter\u00e1 oficinas de foto, v\u00eddeo, escrita e apresenta\u00e7\u00e3o"}]},{"@type":"WebSite","@id":"https:\/\/jornalismo.ufsj.edu.br\/site\/#website","url":"https:\/\/jornalismo.ufsj.edu.br\/site\/","name":"Jornalismo UFSJ","description":"","potentialAction":[{"@type":"SearchAction","target":{"@type":"EntryPoint","urlTemplate":"https:\/\/jornalismo.ufsj.edu.br\/site\/?s={search_term_string}"},"query-input":"required name=search_term_string"}],"inLanguage":"pt-BR"},{"@type":"Person","@id":""}]}},"jetpack_featured_media_url":"","_links":{"self":[{"href":"http:\/\/anu.ufsj.edu.br\/site\/wp-json\/wp\/v2\/posts\/1357"}],"collection":[{"href":"http:\/\/anu.ufsj.edu.br\/site\/wp-json\/wp\/v2\/posts"}],"about":[{"href":"http:\/\/anu.ufsj.edu.br\/site\/wp-json\/wp\/v2\/types\/post"}],"author":[{"embeddable":true,"href":"http:\/\/anu.ufsj.edu.br\/site\/wp-json\/wp\/v2\/users\/3"}],"replies":[{"embeddable":true,"href":"http:\/\/anu.ufsj.edu.br\/site\/wp-json\/wp\/v2\/comments?post=1357"}],"version-history":[{"count":0,"href":"http:\/\/anu.ufsj.edu.br\/site\/wp-json\/wp\/v2\/posts\/1357\/revisions"}],"wp:featuredmedia":[{"embeddable":true,"href":"http:\/\/anu.ufsj.edu.br\/site\/wp-json\/"}],"wp:attachment":[{"href":"http:\/\/anu.ufsj.edu.br\/site\/wp-json\/wp\/v2\/media?parent=1357"}],"wp:term":[{"taxonomy":"category","embeddable":true,"href":"http:\/\/anu.ufsj.edu.br\/site\/wp-json\/wp\/v2\/categories?post=1357"},{"taxonomy":"post_tag","embeddable":true,"href":"http:\/\/anu.ufsj.edu.br\/site\/wp-json\/wp\/v2\/tags?post=1357"}],"curies":[{"name":"wp","href":"https:\/\/api.w.org\/{rel}","templated":true}]}}