{"id":1365,"date":"2015-11-19T22:45:45","date_gmt":"2015-11-19T22:45:45","guid":{"rendered":"http:\/\/jornalismo.ufsj.edu.br\/?p=1365"},"modified":"2015-11-19T22:45:45","modified_gmt":"2015-11-19T22:45:45","slug":"estudantes-de-jornalismo-visitam-o-cerem","status":"publish","type":"post","link":"http:\/\/anu.ufsj.edu.br\/site\/sem-categoria\/estudantes-de-jornalismo-visitam-o-cerem\/","title":{"rendered":"Estudantes de Jornalismo visitam o Cerem"},"content":{"rendered":"<div id=\"attachment_1368\" style=\"width: 310px\" class=\"wp-caption alignleft\"><img aria-describedby=\"caption-attachment-1368\" loading=\"lazy\" class=\"alignnone size-medium wp-image-1368\" src=\"http:\/\/jornalismo.ufsj.edu.br\/wp-content\/uploads\/2015\/11\/ceremnet.jpg?w=300\" alt=\"ceremnet\" width=\"300\" height=\"201\" \/><p id=\"caption-attachment-1368\" class=\"wp-caption-text\">Foto: Jo\u00e3o Pedro Justino<\/p><\/div>\n<p style=\"text-align:justify;\">Acompanhados pela professora Filomenta Bonfim, do Departamento de Letras, Artes e Cultura da UFSJ, cerca de 30 estudantes do curso de Comunica\u00e7\u00e3o Social (Jornalismo) da UFSJ visitaram quarta-feira, 11, a sede da Funda\u00e7\u00e3o Centro de Refer\u00eancia Musicol\u00f3gica Jos\u00e9 Maria Neves (Cerem). A visita foi uma atividade da disciplina Hist\u00f3ria do Jornalismo, ministrada a alunos do 2\u00ba per\u00edodo do curso.<\/p>\n<p style=\"text-align:justify;\">Professora e estudantes foram recebidos pelo diretor executivo do Cerem, Mauro Garcia Lovatto, que falou brevemente sobre a hist\u00f3ria da m\u00fasica em S\u00e3o Jo\u00e3o del-Rei, apresentou a sala expositiva, o rico acervo de livros de M\u00fasica e partituras do Centro de Musicologia, o qual \u00e9 um dos poucos em atividade no Brasil. Os estudantes puderam tamb\u00e9m conhecer no Cerem a sala de trabalhos do luthier Gedson Bravim, que conversou com eles sobre o of\u00edcio da lutheria, que \u00e9 a confec\u00e7\u00e3o, restaura\u00e7\u00e3o e manuten\u00e7\u00e3o de instrumentos musicais.<\/p>\n<p style=\"text-align:justify;\">Filomena Bonfim destacou que visitas a centros de mem\u00f3ria e cultura como o Cerem s\u00e3o fundamental para a forma\u00e7\u00e3o intelectual e a pr\u00e1tica profissional dos futuros jornalistas. E prometeu voltar ao Cerem com novas turmas de estudantes, para \u201cvalorizar e difundir este rico espa\u00e7o\u201d.<\/p>\n<p style=\"text-align:justify;\"><strong>Visitas guiadas<\/strong><br \/>\nComo um espa\u00e7o p\u00fablico ligado ao Departamento de M\u00fasica (Dmusi) da UFSJ, o Cerem pode receber visitas guiadas. Estas devem ser agendadas pelo telefone (32) 3373-3147 ou pelo e-mail<a href=\"mailto:lovatto@ufsj.edu.br\">\u00a0lovatto@ufsj.edu.br<\/a>.<\/p>\n<p style=\"text-align:right;\">Fonte: Site UFSJ \/ ASCOM<\/p>\n","protected":false},"excerpt":{"rendered":"<p>Acompanhados pela professora Filomenta Bonfim, do Departamento de Letras, Artes e Cultura da UFSJ, cerca de 30 estudantes do curso de Comunica\u00e7\u00e3o Social (Jornalismo) da UFSJ visitaram quarta-feira, 11, a sede da Funda\u00e7\u00e3o Centro de Refer\u00eancia Musicol\u00f3gica Jos\u00e9 Maria Neves&#8230;<\/p>\n","protected":false},"author":3,"featured_media":1368,"comment_status":"open","ping_status":"open","sticky":false,"template":"","format":"standard","meta":{"_monsterinsights_skip_tracking":false,"_monsterinsights_sitenote_active":false,"_monsterinsights_sitenote_note":"","_monsterinsights_sitenote_category":0},"categories":[70],"tags":[],"yoast_head":"<!-- This site is optimized with the Yoast SEO plugin v20.6 - https:\/\/yoast.com\/wordpress\/plugins\/seo\/ -->\n<title>Estudantes de Jornalismo visitam o Cerem - Jornalismo UFSJ<\/title>\n<meta name=\"robots\" content=\"index, follow, max-snippet:-1, max-image-preview:large, max-video-preview:-1\" \/>\n<link rel=\"canonical\" href=\"http:\/\/jornalismo.ufsj.edu.br\/site\/sem-categoria\/estudantes-de-jornalismo-visitam-o-cerem\/\" \/>\n<meta property=\"og:locale\" content=\"pt_BR\" \/>\n<meta property=\"og:type\" content=\"article\" \/>\n<meta property=\"og:title\" content=\"Estudantes de Jornalismo visitam o Cerem - Jornalismo UFSJ\" \/>\n<meta property=\"og:description\" content=\"Acompanhados pela professora Filomenta Bonfim, do Departamento de Letras, Artes e Cultura da UFSJ, cerca de 30 estudantes do curso de Comunica\u00e7\u00e3o Social (Jornalismo) da UFSJ visitaram quarta-feira, 11, a sede da Funda\u00e7\u00e3o Centro de Refer\u00eancia Musicol\u00f3gica Jos\u00e9 Maria Neves...\" \/>\n<meta property=\"og:url\" content=\"http:\/\/jornalismo.ufsj.edu.br\/site\/sem-categoria\/estudantes-de-jornalismo-visitam-o-cerem\/\" \/>\n<meta property=\"og:site_name\" content=\"Jornalismo UFSJ\" \/>\n<meta property=\"article:publisher\" content=\"https:\/\/www.facebook.com\/jornalismoufsj\/\" \/>\n<meta property=\"article:published_time\" content=\"2015-11-19T22:45:45+00:00\" \/>\n<meta name=\"twitter:card\" content=\"summary_large_image\" \/>\n<meta name=\"twitter:creator\" content=\"@jornalismoufsj\" \/>\n<meta name=\"twitter:site\" content=\"@jornalismoufsj\" \/>\n<meta name=\"twitter:label1\" content=\"Escrito por\" \/>\n\t<meta name=\"twitter:data1\" content=\"\" \/>\n\t<meta name=\"twitter:label2\" content=\"Est. tempo de leitura\" \/>\n\t<meta name=\"twitter:data2\" content=\"1 minuto\" \/>\n<script type=\"application\/ld+json\" class=\"yoast-schema-graph\">{\"@context\":\"https:\/\/schema.org\",\"@graph\":[{\"@type\":\"WebPage\",\"@id\":\"http:\/\/jornalismo.ufsj.edu.br\/site\/sem-categoria\/estudantes-de-jornalismo-visitam-o-cerem\/\",\"url\":\"http:\/\/jornalismo.ufsj.edu.br\/site\/sem-categoria\/estudantes-de-jornalismo-visitam-o-cerem\/\",\"name\":\"Estudantes de Jornalismo visitam o Cerem - Jornalismo UFSJ\",\"isPartOf\":{\"@id\":\"http:\/\/jornalismo.ufsj.edu.br\/site\/#website\"},\"datePublished\":\"2015-11-19T22:45:45+00:00\",\"dateModified\":\"2015-11-19T22:45:45+00:00\",\"author\":{\"@id\":\"\"},\"breadcrumb\":{\"@id\":\"http:\/\/jornalismo.ufsj.edu.br\/site\/sem-categoria\/estudantes-de-jornalismo-visitam-o-cerem\/#breadcrumb\"},\"inLanguage\":\"pt-BR\",\"potentialAction\":[{\"@type\":\"ReadAction\",\"target\":[\"http:\/\/jornalismo.ufsj.edu.br\/site\/sem-categoria\/estudantes-de-jornalismo-visitam-o-cerem\/\"]}]},{\"@type\":\"BreadcrumbList\",\"@id\":\"http:\/\/jornalismo.ufsj.edu.br\/site\/sem-categoria\/estudantes-de-jornalismo-visitam-o-cerem\/#breadcrumb\",\"itemListElement\":[{\"@type\":\"ListItem\",\"position\":1,\"name\":\"In\u00edcio\",\"item\":\"http:\/\/jornalismo.ufsj.edu.br\/site\/\"},{\"@type\":\"ListItem\",\"position\":2,\"name\":\"Estudantes de Jornalismo visitam o Cerem\"}]},{\"@type\":\"WebSite\",\"@id\":\"http:\/\/jornalismo.ufsj.edu.br\/site\/#website\",\"url\":\"http:\/\/jornalismo.ufsj.edu.br\/site\/\",\"name\":\"Jornalismo UFSJ\",\"description\":\"\",\"potentialAction\":[{\"@type\":\"SearchAction\",\"target\":{\"@type\":\"EntryPoint\",\"urlTemplate\":\"http:\/\/jornalismo.ufsj.edu.br\/site\/?s={search_term_string}\"},\"query-input\":\"required name=search_term_string\"}],\"inLanguage\":\"pt-BR\"},{\"@type\":\"Person\",\"@id\":\"\"}]}<\/script>\n<!-- \/ Yoast SEO plugin. -->","yoast_head_json":{"title":"Estudantes de Jornalismo visitam o Cerem - Jornalismo UFSJ","robots":{"index":"index","follow":"follow","max-snippet":"max-snippet:-1","max-image-preview":"max-image-preview:large","max-video-preview":"max-video-preview:-1"},"canonical":"http:\/\/jornalismo.ufsj.edu.br\/site\/sem-categoria\/estudantes-de-jornalismo-visitam-o-cerem\/","og_locale":"pt_BR","og_type":"article","og_title":"Estudantes de Jornalismo visitam o Cerem - Jornalismo UFSJ","og_description":"Acompanhados pela professora Filomenta Bonfim, do Departamento de Letras, Artes e Cultura da UFSJ, cerca de 30 estudantes do curso de Comunica\u00e7\u00e3o Social (Jornalismo) da UFSJ visitaram quarta-feira, 11, a sede da Funda\u00e7\u00e3o Centro de Refer\u00eancia Musicol\u00f3gica Jos\u00e9 Maria Neves...","og_url":"http:\/\/jornalismo.ufsj.edu.br\/site\/sem-categoria\/estudantes-de-jornalismo-visitam-o-cerem\/","og_site_name":"Jornalismo UFSJ","article_publisher":"https:\/\/www.facebook.com\/jornalismoufsj\/","article_published_time":"2015-11-19T22:45:45+00:00","twitter_card":"summary_large_image","twitter_creator":"@jornalismoufsj","twitter_site":"@jornalismoufsj","twitter_misc":{"Escrito por":"","Est. tempo de leitura":"1 minuto"},"schema":{"@context":"https:\/\/schema.org","@graph":[{"@type":"WebPage","@id":"http:\/\/jornalismo.ufsj.edu.br\/site\/sem-categoria\/estudantes-de-jornalismo-visitam-o-cerem\/","url":"http:\/\/jornalismo.ufsj.edu.br\/site\/sem-categoria\/estudantes-de-jornalismo-visitam-o-cerem\/","name":"Estudantes de Jornalismo visitam o Cerem - Jornalismo UFSJ","isPartOf":{"@id":"http:\/\/jornalismo.ufsj.edu.br\/site\/#website"},"datePublished":"2015-11-19T22:45:45+00:00","dateModified":"2015-11-19T22:45:45+00:00","author":{"@id":""},"breadcrumb":{"@id":"http:\/\/jornalismo.ufsj.edu.br\/site\/sem-categoria\/estudantes-de-jornalismo-visitam-o-cerem\/#breadcrumb"},"inLanguage":"pt-BR","potentialAction":[{"@type":"ReadAction","target":["http:\/\/jornalismo.ufsj.edu.br\/site\/sem-categoria\/estudantes-de-jornalismo-visitam-o-cerem\/"]}]},{"@type":"BreadcrumbList","@id":"http:\/\/jornalismo.ufsj.edu.br\/site\/sem-categoria\/estudantes-de-jornalismo-visitam-o-cerem\/#breadcrumb","itemListElement":[{"@type":"ListItem","position":1,"name":"In\u00edcio","item":"http:\/\/jornalismo.ufsj.edu.br\/site\/"},{"@type":"ListItem","position":2,"name":"Estudantes de Jornalismo visitam o Cerem"}]},{"@type":"WebSite","@id":"http:\/\/jornalismo.ufsj.edu.br\/site\/#website","url":"http:\/\/jornalismo.ufsj.edu.br\/site\/","name":"Jornalismo UFSJ","description":"","potentialAction":[{"@type":"SearchAction","target":{"@type":"EntryPoint","urlTemplate":"http:\/\/jornalismo.ufsj.edu.br\/site\/?s={search_term_string}"},"query-input":"required name=search_term_string"}],"inLanguage":"pt-BR"},{"@type":"Person","@id":""}]}},"jetpack_featured_media_url":"","_links":{"self":[{"href":"http:\/\/anu.ufsj.edu.br\/site\/wp-json\/wp\/v2\/posts\/1365"}],"collection":[{"href":"http:\/\/anu.ufsj.edu.br\/site\/wp-json\/wp\/v2\/posts"}],"about":[{"href":"http:\/\/anu.ufsj.edu.br\/site\/wp-json\/wp\/v2\/types\/post"}],"author":[{"embeddable":true,"href":"http:\/\/anu.ufsj.edu.br\/site\/wp-json\/wp\/v2\/users\/3"}],"replies":[{"embeddable":true,"href":"http:\/\/anu.ufsj.edu.br\/site\/wp-json\/wp\/v2\/comments?post=1365"}],"version-history":[{"count":0,"href":"http:\/\/anu.ufsj.edu.br\/site\/wp-json\/wp\/v2\/posts\/1365\/revisions"}],"wp:featuredmedia":[{"embeddable":true,"href":"http:\/\/anu.ufsj.edu.br\/site\/wp-json\/"}],"wp:attachment":[{"href":"http:\/\/anu.ufsj.edu.br\/site\/wp-json\/wp\/v2\/media?parent=1365"}],"wp:term":[{"taxonomy":"category","embeddable":true,"href":"http:\/\/anu.ufsj.edu.br\/site\/wp-json\/wp\/v2\/categories?post=1365"},{"taxonomy":"post_tag","embeddable":true,"href":"http:\/\/anu.ufsj.edu.br\/site\/wp-json\/wp\/v2\/tags?post=1365"}],"curies":[{"name":"wp","href":"https:\/\/api.w.org\/{rel}","templated":true}]}}