{"id":1374,"date":"2015-11-23T15:34:32","date_gmt":"2015-11-23T15:34:32","guid":{"rendered":"http:\/\/jornalismo.ufsj.edu.br\/?p=1374"},"modified":"2015-11-23T15:34:32","modified_gmt":"2015-11-23T15:34:32","slug":"transdisciplinaridade-enriquece-4o-dia-de-ciclo-de-debates","status":"publish","type":"post","link":"http:\/\/anu.ufsj.edu.br\/site\/sem-categoria\/transdisciplinaridade-enriquece-4o-dia-de-ciclo-de-debates\/","title":{"rendered":"Transdisciplinaridade enriquece 4\u00ba dia de Ciclo de Debates"},"content":{"rendered":"<p style=\"text-align:justify;\"><span style=\"color:#000000;\"><img loading=\"lazy\" class=\"alignleft size-medium wp-image-1385\" src=\"http:\/\/jornalismo.ufsj.edu.br\/wp-content\/uploads\/2015\/11\/12283328_946486245388956_1946623123_n.jpg?w=300\" alt=\"12283328_946486245388956_1946623123_n\" width=\"300\" height=\"225\" \/>Aconteceu na noite de sexta \u2013 feira, no Campus Tancredo de Almeida Neves, o 4\u00ba dia do IV Ciclo de Debates de Hist\u00f3ria de Jornalismo, organizado pela professora Filomena Bonfim e alunos do 2\u00ba per\u00edodo do curso de Comunica\u00e7\u00e3o Social da UFSJ.<\/span><\/p>\n<p style=\"text-align:justify;\"><span style=\"color:#000000;\">Como forma de promover a transdisciplinaridade, o evento contou com a apresenta\u00e7\u00e3o da pe\u00e7a Capital Federal de Arthur Azevedo, que foi adaptada para a realidade sanjoanense para que o p\u00fablico pudesse passear por S\u00e3o Jo\u00e3o del \u2013 Rei sem sair do lugar.<\/span><\/p>\n<p style=\"text-align:justify;\"><span style=\"color:#000000;\">Ap\u00f3s a apresenta\u00e7\u00e3o teatral realizada por alunos do curso de Teatro da UFSJ, a mesa redonda com a professora Edna Resende, doutora em Hist\u00f3ria, e Alex Lombello, mestre em Hist\u00f3ria, sobre a Hist\u00f3ria dos Peri\u00f3dicos de S\u00e3o Jo\u00e3o del-Rei e Barbacena, teve in\u00edcio. No primeiro momento, ambos falaram de seus estudos sobre os peri\u00f3dicos e experi\u00eancias envolvendo o trabalho com os mesmos, principalmente no que tange o debate pol\u00edtico nos notici\u00e1rios.\u00a0<\/span><\/p>\n<p style=\"text-align:justify;\"><span style=\"color:#000000;\">O debate contou com a participa\u00e7\u00e3o do p\u00fablico e da organiza\u00e7\u00e3o promovendo perguntas, as quais enriqueceram o evento.<\/span><\/p>\n<p style=\"text-align:justify;\"><span style=\"color:#000000;\">Segundo o palestrante Alex Lombello, a transdisciplinaridade \u00e9 eficiente para a produ\u00e7\u00e3o do conhecimento e para o debate, ele tamb\u00e9m acredita que \u00e9 importante que este tipo de evento aconte\u00e7a frequentemente dentro das universidades, valorizando todo tipo de conhecimento.<\/span><\/p>\n<p style=\"text-align:justify;\"><span style=\"color:#000000;\">\u201c\u00c9 bom voc\u00ea, o historiador, \u00a0poder levar para outros p\u00fablicos o seu trabalho, a sua vis\u00e3o. Eu acho que isso \u00e9 muito enriquecedor, a hist\u00f3ria trabalha a muito tempo com essa perspectiva de reunir outras disciplinas, outros m\u00e9todos.\u201d destacou a palestrante Edna Resende. A professora ainda considerou que acha fundamental apresentar arquivos como fontes para pesquisadores, pois s\u00e3o fontes dispon\u00edveis e ricas, que devem ser mais conhecidas pelas pessoas. Vale lembrar que Edna foi a criadora e atualmente \u00e9 coordenadora do Arquivo Hist\u00f3rico Municipal de Barbacena.<\/span><\/p>\n<p style=\"text-align:right;\"><span style=\"color:#000000;\">Fonte: Fazendo Hist\u00f3ria no Jornalismo<\/span><\/p>\n","protected":false},"excerpt":{"rendered":"<p>Aconteceu na noite de sexta \u2013 feira, no Campus Tancredo de Almeida Neves, o 4\u00ba dia do IV Ciclo de Debates de Hist\u00f3ria de Jornalismo, organizado pela professora Filomena Bonfim e alunos do 2\u00ba per\u00edodo do curso de Comunica\u00e7\u00e3o Social&#8230;<\/p>\n","protected":false},"author":3,"featured_media":1385,"comment_status":"open","ping_status":"open","sticky":false,"template":"","format":"standard","meta":{"_monsterinsights_skip_tracking":false,"_monsterinsights_sitenote_active":false,"_monsterinsights_sitenote_note":"","_monsterinsights_sitenote_category":0},"categories":[70],"tags":[],"yoast_head":"<!-- This site is optimized with the Yoast SEO plugin v20.6 - https:\/\/yoast.com\/wordpress\/plugins\/seo\/ -->\n<title>Transdisciplinaridade enriquece 4\u00ba dia de Ciclo de Debates - Jornalismo UFSJ<\/title>\n<meta name=\"robots\" content=\"index, follow, max-snippet:-1, max-image-preview:large, max-video-preview:-1\" \/>\n<link rel=\"canonical\" href=\"http:\/\/jornalismo.ufsj.edu.br\/site\/sem-categoria\/transdisciplinaridade-enriquece-4o-dia-de-ciclo-de-debates\/\" \/>\n<meta property=\"og:locale\" content=\"pt_BR\" \/>\n<meta property=\"og:type\" content=\"article\" \/>\n<meta property=\"og:title\" content=\"Transdisciplinaridade enriquece 4\u00ba dia de Ciclo de Debates - Jornalismo UFSJ\" \/>\n<meta property=\"og:description\" content=\"Aconteceu na noite de sexta \u2013 feira, no Campus Tancredo de Almeida Neves, o 4\u00ba dia do IV Ciclo de Debates de Hist\u00f3ria de Jornalismo, organizado pela professora Filomena Bonfim e alunos do 2\u00ba per\u00edodo do curso de Comunica\u00e7\u00e3o Social...\" \/>\n<meta property=\"og:url\" content=\"http:\/\/jornalismo.ufsj.edu.br\/site\/sem-categoria\/transdisciplinaridade-enriquece-4o-dia-de-ciclo-de-debates\/\" \/>\n<meta property=\"og:site_name\" content=\"Jornalismo UFSJ\" \/>\n<meta property=\"article:publisher\" content=\"https:\/\/www.facebook.com\/jornalismoufsj\/\" \/>\n<meta property=\"article:published_time\" content=\"2015-11-23T15:34:32+00:00\" \/>\n<meta name=\"twitter:card\" content=\"summary_large_image\" \/>\n<meta name=\"twitter:creator\" content=\"@jornalismoufsj\" \/>\n<meta name=\"twitter:site\" content=\"@jornalismoufsj\" \/>\n<meta name=\"twitter:label1\" content=\"Escrito por\" \/>\n\t<meta name=\"twitter:data1\" content=\"\" \/>\n\t<meta name=\"twitter:label2\" content=\"Est. tempo de leitura\" \/>\n\t<meta name=\"twitter:data2\" content=\"2 minutos\" \/>\n<script type=\"application\/ld+json\" class=\"yoast-schema-graph\">{\"@context\":\"https:\/\/schema.org\",\"@graph\":[{\"@type\":\"WebPage\",\"@id\":\"http:\/\/jornalismo.ufsj.edu.br\/site\/sem-categoria\/transdisciplinaridade-enriquece-4o-dia-de-ciclo-de-debates\/\",\"url\":\"http:\/\/jornalismo.ufsj.edu.br\/site\/sem-categoria\/transdisciplinaridade-enriquece-4o-dia-de-ciclo-de-debates\/\",\"name\":\"Transdisciplinaridade enriquece 4\u00ba dia de Ciclo de Debates - Jornalismo UFSJ\",\"isPartOf\":{\"@id\":\"http:\/\/jornalismo.ufsj.edu.br\/site\/#website\"},\"datePublished\":\"2015-11-23T15:34:32+00:00\",\"dateModified\":\"2015-11-23T15:34:32+00:00\",\"author\":{\"@id\":\"\"},\"breadcrumb\":{\"@id\":\"http:\/\/jornalismo.ufsj.edu.br\/site\/sem-categoria\/transdisciplinaridade-enriquece-4o-dia-de-ciclo-de-debates\/#breadcrumb\"},\"inLanguage\":\"pt-BR\",\"potentialAction\":[{\"@type\":\"ReadAction\",\"target\":[\"http:\/\/jornalismo.ufsj.edu.br\/site\/sem-categoria\/transdisciplinaridade-enriquece-4o-dia-de-ciclo-de-debates\/\"]}]},{\"@type\":\"BreadcrumbList\",\"@id\":\"http:\/\/jornalismo.ufsj.edu.br\/site\/sem-categoria\/transdisciplinaridade-enriquece-4o-dia-de-ciclo-de-debates\/#breadcrumb\",\"itemListElement\":[{\"@type\":\"ListItem\",\"position\":1,\"name\":\"In\u00edcio\",\"item\":\"http:\/\/jornalismo.ufsj.edu.br\/site\/\"},{\"@type\":\"ListItem\",\"position\":2,\"name\":\"Transdisciplinaridade enriquece 4\u00ba dia de Ciclo de Debates\"}]},{\"@type\":\"WebSite\",\"@id\":\"http:\/\/jornalismo.ufsj.edu.br\/site\/#website\",\"url\":\"http:\/\/jornalismo.ufsj.edu.br\/site\/\",\"name\":\"Jornalismo UFSJ\",\"description\":\"\",\"potentialAction\":[{\"@type\":\"SearchAction\",\"target\":{\"@type\":\"EntryPoint\",\"urlTemplate\":\"http:\/\/jornalismo.ufsj.edu.br\/site\/?s={search_term_string}\"},\"query-input\":\"required name=search_term_string\"}],\"inLanguage\":\"pt-BR\"},{\"@type\":\"Person\",\"@id\":\"\"}]}<\/script>\n<!-- \/ Yoast SEO plugin. -->","yoast_head_json":{"title":"Transdisciplinaridade enriquece 4\u00ba dia de Ciclo de Debates - Jornalismo UFSJ","robots":{"index":"index","follow":"follow","max-snippet":"max-snippet:-1","max-image-preview":"max-image-preview:large","max-video-preview":"max-video-preview:-1"},"canonical":"http:\/\/jornalismo.ufsj.edu.br\/site\/sem-categoria\/transdisciplinaridade-enriquece-4o-dia-de-ciclo-de-debates\/","og_locale":"pt_BR","og_type":"article","og_title":"Transdisciplinaridade enriquece 4\u00ba dia de Ciclo de Debates - Jornalismo UFSJ","og_description":"Aconteceu na noite de sexta \u2013 feira, no Campus Tancredo de Almeida Neves, o 4\u00ba dia do IV Ciclo de Debates de Hist\u00f3ria de Jornalismo, organizado pela professora Filomena Bonfim e alunos do 2\u00ba per\u00edodo do curso de Comunica\u00e7\u00e3o Social...","og_url":"http:\/\/jornalismo.ufsj.edu.br\/site\/sem-categoria\/transdisciplinaridade-enriquece-4o-dia-de-ciclo-de-debates\/","og_site_name":"Jornalismo UFSJ","article_publisher":"https:\/\/www.facebook.com\/jornalismoufsj\/","article_published_time":"2015-11-23T15:34:32+00:00","twitter_card":"summary_large_image","twitter_creator":"@jornalismoufsj","twitter_site":"@jornalismoufsj","twitter_misc":{"Escrito por":"","Est. tempo de leitura":"2 minutos"},"schema":{"@context":"https:\/\/schema.org","@graph":[{"@type":"WebPage","@id":"http:\/\/jornalismo.ufsj.edu.br\/site\/sem-categoria\/transdisciplinaridade-enriquece-4o-dia-de-ciclo-de-debates\/","url":"http:\/\/jornalismo.ufsj.edu.br\/site\/sem-categoria\/transdisciplinaridade-enriquece-4o-dia-de-ciclo-de-debates\/","name":"Transdisciplinaridade enriquece 4\u00ba dia de Ciclo de Debates - Jornalismo UFSJ","isPartOf":{"@id":"http:\/\/jornalismo.ufsj.edu.br\/site\/#website"},"datePublished":"2015-11-23T15:34:32+00:00","dateModified":"2015-11-23T15:34:32+00:00","author":{"@id":""},"breadcrumb":{"@id":"http:\/\/jornalismo.ufsj.edu.br\/site\/sem-categoria\/transdisciplinaridade-enriquece-4o-dia-de-ciclo-de-debates\/#breadcrumb"},"inLanguage":"pt-BR","potentialAction":[{"@type":"ReadAction","target":["http:\/\/jornalismo.ufsj.edu.br\/site\/sem-categoria\/transdisciplinaridade-enriquece-4o-dia-de-ciclo-de-debates\/"]}]},{"@type":"BreadcrumbList","@id":"http:\/\/jornalismo.ufsj.edu.br\/site\/sem-categoria\/transdisciplinaridade-enriquece-4o-dia-de-ciclo-de-debates\/#breadcrumb","itemListElement":[{"@type":"ListItem","position":1,"name":"In\u00edcio","item":"http:\/\/jornalismo.ufsj.edu.br\/site\/"},{"@type":"ListItem","position":2,"name":"Transdisciplinaridade enriquece 4\u00ba dia de Ciclo de Debates"}]},{"@type":"WebSite","@id":"http:\/\/jornalismo.ufsj.edu.br\/site\/#website","url":"http:\/\/jornalismo.ufsj.edu.br\/site\/","name":"Jornalismo UFSJ","description":"","potentialAction":[{"@type":"SearchAction","target":{"@type":"EntryPoint","urlTemplate":"http:\/\/jornalismo.ufsj.edu.br\/site\/?s={search_term_string}"},"query-input":"required name=search_term_string"}],"inLanguage":"pt-BR"},{"@type":"Person","@id":""}]}},"jetpack_featured_media_url":"","_links":{"self":[{"href":"http:\/\/anu.ufsj.edu.br\/site\/wp-json\/wp\/v2\/posts\/1374"}],"collection":[{"href":"http:\/\/anu.ufsj.edu.br\/site\/wp-json\/wp\/v2\/posts"}],"about":[{"href":"http:\/\/anu.ufsj.edu.br\/site\/wp-json\/wp\/v2\/types\/post"}],"author":[{"embeddable":true,"href":"http:\/\/anu.ufsj.edu.br\/site\/wp-json\/wp\/v2\/users\/3"}],"replies":[{"embeddable":true,"href":"http:\/\/anu.ufsj.edu.br\/site\/wp-json\/wp\/v2\/comments?post=1374"}],"version-history":[{"count":0,"href":"http:\/\/anu.ufsj.edu.br\/site\/wp-json\/wp\/v2\/posts\/1374\/revisions"}],"wp:featuredmedia":[{"embeddable":true,"href":"http:\/\/anu.ufsj.edu.br\/site\/wp-json\/"}],"wp:attachment":[{"href":"http:\/\/anu.ufsj.edu.br\/site\/wp-json\/wp\/v2\/media?parent=1374"}],"wp:term":[{"taxonomy":"category","embeddable":true,"href":"http:\/\/anu.ufsj.edu.br\/site\/wp-json\/wp\/v2\/categories?post=1374"},{"taxonomy":"post_tag","embeddable":true,"href":"http:\/\/anu.ufsj.edu.br\/site\/wp-json\/wp\/v2\/tags?post=1374"}],"curies":[{"name":"wp","href":"https:\/\/api.w.org\/{rel}","templated":true}]}}