{"id":1388,"date":"2015-11-25T02:13:28","date_gmt":"2015-11-25T02:13:28","guid":{"rendered":"http:\/\/jornalismo.ufsj.edu.br\/?p=1388"},"modified":"2015-11-25T02:13:28","modified_gmt":"2015-11-25T02:13:28","slug":"quinto-dia-do-vi-ciclo-de-debates-discute-o-jornalismo-regional-atraves-do-jornal-das-lajes","status":"publish","type":"post","link":"http:\/\/anu.ufsj.edu.br\/site\/sem-categoria\/quinto-dia-do-vi-ciclo-de-debates-discute-o-jornalismo-regional-atraves-do-jornal-das-lajes\/","title":{"rendered":"Quinto dia do VI Ciclo de Debates discute o jornalismo regional atrav\u00e9s do Jornal das Lajes"},"content":{"rendered":"<p style=\"text-align:justify;\">O evento acontecer\u00e1 no CTAN (Campus Tancredo Neves \u2013 UFSJ) e ter\u00e1 in\u00edcio \u00e0s 19 horas\u00a0no anfiteatro. Ser\u00e1 realizada uma mesa redonda sobre o Jornal das Lajes \u2013\u00a0peri\u00f3dico mensal de Resende Costa,<br \/>\nque foi criado em abril de 2003 a partir do interesse em \u201cresgatar a mem\u00f3ria e cultura local\u201d e hoje \u00e9 uma das principais fontes de not\u00edcia da cidade.\u00a0O<br \/>\njornal \u00e9 gratuito e mensal desde sua primeira edi\u00e7\u00e3o, e conta com uma tiragem de 4 mil exemplares.<\/p>\n<div id=\"attachment_1402\" style=\"width: 340px\" class=\"wp-caption aligncenter\"><img aria-describedby=\"caption-attachment-1402\" loading=\"lazy\" class=\"alignnone size-full wp-image-1402\" src=\"http:\/\/jornalismo.ufsj.edu.br\/wp-content\/uploads\/2015\/11\/logo.png\" alt=\"logo\" width=\"330\" height=\"80\" \/><p id=\"caption-attachment-1402\" class=\"wp-caption-text\">Jornal de Resende Costa ser\u00e1 tema do debate do pr\u00f3ximo dia 25<\/p><\/div>\n<p style=\"text-align:justify;\">A mesa ser\u00e1 composta por Andr\u00e9 Eust\u00e1quio, editor-chefe do Jornal das Lajes; Rosalvo Pinto, propriet\u00e1rio, colunista e diretor de reda\u00e7\u00e3o do jornal\u00a0e Andr\u00e9 Frigo, graduando em Comunica\u00e7\u00e3o Social \u2013 Jornalismo, tamb\u00e9m\u00a0formado em Engenharia El\u00e9trica.<\/p>\n<p style=\"text-align:justify;\">Ap\u00f3s a mesa, \u00e0s 20:30 ser\u00e1 realizada a apresenta\u00e7\u00e3o do grupo Ra\u00edzes da Terra no p\u00e1tio do REUNI (pr\u00e9dio do Jornalismo). O grupo existe em S\u00e3o Jo\u00e3o del-Rei desde 1994 com o objetivo de valorizar e resgatar a cultura negra da cidade. Os participantes promovem conscientiza\u00e7\u00e3o cultural a partir de eventos e palestras.<\/p>\n<div id=\"attachment_1391\" style=\"width: 686px\" class=\"wp-caption alignnone\"><img aria-describedby=\"caption-attachment-1391\" loading=\"lazy\" class=\"alignnone size-full wp-image-1391\" src=\"http:\/\/jornalismo.ufsj.edu.br\/wp-content\/uploads\/2015\/11\/21800874822_68b54ebae5_k.jpg\" alt=\"21800874822_68b54ebae5_k\" width=\"676\" height=\"451\" \/><p id=\"caption-attachment-1391\" class=\"wp-caption-text\">Grupo de Maracatu \u201cRa\u00edzes da Terra\u201d se apresentou na 3\u00ba edi\u00e7\u00e3o da Primavera Negra<\/p><\/div>\n<p>&nbsp;<\/p>\n<p style=\"text-align:right;\">Foto:\u00a0Jederson Rosa<\/p>\n<p style=\"text-align:right;\">Fonte: Site Fazendo Historia no Jornalismo<\/p>\n","protected":false},"excerpt":{"rendered":"<p>O evento acontecer\u00e1 no CTAN (Campus Tancredo Neves \u2013 UFSJ) e ter\u00e1 in\u00edcio \u00e0s 19 horas\u00a0no anfiteatro. Ser\u00e1 realizada uma mesa redonda sobre o Jornal das Lajes \u2013\u00a0peri\u00f3dico mensal de Resende Costa, que foi criado em abril de 2003 a&#8230;<\/p>\n","protected":false},"author":3,"featured_media":1391,"comment_status":"open","ping_status":"open","sticky":false,"template":"","format":"standard","meta":{"_monsterinsights_skip_tracking":false,"_monsterinsights_sitenote_active":false,"_monsterinsights_sitenote_note":"","_monsterinsights_sitenote_category":0},"categories":[70],"tags":[],"yoast_head":"<!-- This site is optimized with the Yoast SEO plugin v20.6 - https:\/\/yoast.com\/wordpress\/plugins\/seo\/ -->\n<title>Quinto dia do VI Ciclo de Debates discute o jornalismo regional atrav\u00e9s do Jornal das Lajes - Jornalismo UFSJ<\/title>\n<meta name=\"robots\" content=\"index, follow, max-snippet:-1, max-image-preview:large, max-video-preview:-1\" \/>\n<link rel=\"canonical\" href=\"http:\/\/jornalismo.ufsj.edu.br\/site\/sem-categoria\/quinto-dia-do-vi-ciclo-de-debates-discute-o-jornalismo-regional-atraves-do-jornal-das-lajes\/\" \/>\n<meta property=\"og:locale\" content=\"pt_BR\" \/>\n<meta property=\"og:type\" content=\"article\" \/>\n<meta property=\"og:title\" content=\"Quinto dia do VI Ciclo de Debates discute o jornalismo regional atrav\u00e9s do Jornal das Lajes - Jornalismo UFSJ\" \/>\n<meta property=\"og:description\" content=\"O evento acontecer\u00e1 no CTAN (Campus Tancredo Neves \u2013 UFSJ) e ter\u00e1 in\u00edcio \u00e0s 19 horas\u00a0no anfiteatro. Ser\u00e1 realizada uma mesa redonda sobre o Jornal das Lajes \u2013\u00a0peri\u00f3dico mensal de Resende Costa, que foi criado em abril de 2003 a...\" \/>\n<meta property=\"og:url\" content=\"http:\/\/jornalismo.ufsj.edu.br\/site\/sem-categoria\/quinto-dia-do-vi-ciclo-de-debates-discute-o-jornalismo-regional-atraves-do-jornal-das-lajes\/\" \/>\n<meta property=\"og:site_name\" content=\"Jornalismo UFSJ\" \/>\n<meta property=\"article:publisher\" content=\"https:\/\/www.facebook.com\/jornalismoufsj\/\" \/>\n<meta property=\"article:published_time\" content=\"2015-11-25T02:13:28+00:00\" \/>\n<meta name=\"twitter:card\" content=\"summary_large_image\" \/>\n<meta name=\"twitter:creator\" content=\"@jornalismoufsj\" \/>\n<meta name=\"twitter:site\" content=\"@jornalismoufsj\" \/>\n<meta name=\"twitter:label1\" content=\"Escrito por\" \/>\n\t<meta name=\"twitter:data1\" content=\"\" \/>\n\t<meta name=\"twitter:label2\" content=\"Est. tempo de leitura\" \/>\n\t<meta name=\"twitter:data2\" content=\"1 minuto\" \/>\n<script type=\"application\/ld+json\" class=\"yoast-schema-graph\">{\"@context\":\"https:\/\/schema.org\",\"@graph\":[{\"@type\":\"WebPage\",\"@id\":\"http:\/\/jornalismo.ufsj.edu.br\/site\/sem-categoria\/quinto-dia-do-vi-ciclo-de-debates-discute-o-jornalismo-regional-atraves-do-jornal-das-lajes\/\",\"url\":\"http:\/\/jornalismo.ufsj.edu.br\/site\/sem-categoria\/quinto-dia-do-vi-ciclo-de-debates-discute-o-jornalismo-regional-atraves-do-jornal-das-lajes\/\",\"name\":\"Quinto dia do VI Ciclo de Debates discute o jornalismo regional atrav\u00e9s do Jornal das Lajes - Jornalismo UFSJ\",\"isPartOf\":{\"@id\":\"http:\/\/jornalismo.ufsj.edu.br\/site\/#website\"},\"datePublished\":\"2015-11-25T02:13:28+00:00\",\"dateModified\":\"2015-11-25T02:13:28+00:00\",\"author\":{\"@id\":\"\"},\"breadcrumb\":{\"@id\":\"http:\/\/jornalismo.ufsj.edu.br\/site\/sem-categoria\/quinto-dia-do-vi-ciclo-de-debates-discute-o-jornalismo-regional-atraves-do-jornal-das-lajes\/#breadcrumb\"},\"inLanguage\":\"pt-BR\",\"potentialAction\":[{\"@type\":\"ReadAction\",\"target\":[\"http:\/\/jornalismo.ufsj.edu.br\/site\/sem-categoria\/quinto-dia-do-vi-ciclo-de-debates-discute-o-jornalismo-regional-atraves-do-jornal-das-lajes\/\"]}]},{\"@type\":\"BreadcrumbList\",\"@id\":\"http:\/\/jornalismo.ufsj.edu.br\/site\/sem-categoria\/quinto-dia-do-vi-ciclo-de-debates-discute-o-jornalismo-regional-atraves-do-jornal-das-lajes\/#breadcrumb\",\"itemListElement\":[{\"@type\":\"ListItem\",\"position\":1,\"name\":\"In\u00edcio\",\"item\":\"http:\/\/jornalismo.ufsj.edu.br\/site\/\"},{\"@type\":\"ListItem\",\"position\":2,\"name\":\"Quinto dia do VI Ciclo de Debates discute o jornalismo regional atrav\u00e9s do Jornal das Lajes\"}]},{\"@type\":\"WebSite\",\"@id\":\"http:\/\/jornalismo.ufsj.edu.br\/site\/#website\",\"url\":\"http:\/\/jornalismo.ufsj.edu.br\/site\/\",\"name\":\"Jornalismo UFSJ\",\"description\":\"\",\"potentialAction\":[{\"@type\":\"SearchAction\",\"target\":{\"@type\":\"EntryPoint\",\"urlTemplate\":\"http:\/\/jornalismo.ufsj.edu.br\/site\/?s={search_term_string}\"},\"query-input\":\"required name=search_term_string\"}],\"inLanguage\":\"pt-BR\"},{\"@type\":\"Person\",\"@id\":\"\"}]}<\/script>\n<!-- \/ Yoast SEO plugin. -->","yoast_head_json":{"title":"Quinto dia do VI Ciclo de Debates discute o jornalismo regional atrav\u00e9s do Jornal das Lajes - Jornalismo UFSJ","robots":{"index":"index","follow":"follow","max-snippet":"max-snippet:-1","max-image-preview":"max-image-preview:large","max-video-preview":"max-video-preview:-1"},"canonical":"http:\/\/jornalismo.ufsj.edu.br\/site\/sem-categoria\/quinto-dia-do-vi-ciclo-de-debates-discute-o-jornalismo-regional-atraves-do-jornal-das-lajes\/","og_locale":"pt_BR","og_type":"article","og_title":"Quinto dia do VI Ciclo de Debates discute o jornalismo regional atrav\u00e9s do Jornal das Lajes - Jornalismo UFSJ","og_description":"O evento acontecer\u00e1 no CTAN (Campus Tancredo Neves \u2013 UFSJ) e ter\u00e1 in\u00edcio \u00e0s 19 horas\u00a0no anfiteatro. Ser\u00e1 realizada uma mesa redonda sobre o Jornal das Lajes \u2013\u00a0peri\u00f3dico mensal de Resende Costa, que foi criado em abril de 2003 a...","og_url":"http:\/\/jornalismo.ufsj.edu.br\/site\/sem-categoria\/quinto-dia-do-vi-ciclo-de-debates-discute-o-jornalismo-regional-atraves-do-jornal-das-lajes\/","og_site_name":"Jornalismo UFSJ","article_publisher":"https:\/\/www.facebook.com\/jornalismoufsj\/","article_published_time":"2015-11-25T02:13:28+00:00","twitter_card":"summary_large_image","twitter_creator":"@jornalismoufsj","twitter_site":"@jornalismoufsj","twitter_misc":{"Escrito por":"","Est. tempo de leitura":"1 minuto"},"schema":{"@context":"https:\/\/schema.org","@graph":[{"@type":"WebPage","@id":"http:\/\/jornalismo.ufsj.edu.br\/site\/sem-categoria\/quinto-dia-do-vi-ciclo-de-debates-discute-o-jornalismo-regional-atraves-do-jornal-das-lajes\/","url":"http:\/\/jornalismo.ufsj.edu.br\/site\/sem-categoria\/quinto-dia-do-vi-ciclo-de-debates-discute-o-jornalismo-regional-atraves-do-jornal-das-lajes\/","name":"Quinto dia do VI Ciclo de Debates discute o jornalismo regional atrav\u00e9s do Jornal das Lajes - Jornalismo UFSJ","isPartOf":{"@id":"http:\/\/jornalismo.ufsj.edu.br\/site\/#website"},"datePublished":"2015-11-25T02:13:28+00:00","dateModified":"2015-11-25T02:13:28+00:00","author":{"@id":""},"breadcrumb":{"@id":"http:\/\/jornalismo.ufsj.edu.br\/site\/sem-categoria\/quinto-dia-do-vi-ciclo-de-debates-discute-o-jornalismo-regional-atraves-do-jornal-das-lajes\/#breadcrumb"},"inLanguage":"pt-BR","potentialAction":[{"@type":"ReadAction","target":["http:\/\/jornalismo.ufsj.edu.br\/site\/sem-categoria\/quinto-dia-do-vi-ciclo-de-debates-discute-o-jornalismo-regional-atraves-do-jornal-das-lajes\/"]}]},{"@type":"BreadcrumbList","@id":"http:\/\/jornalismo.ufsj.edu.br\/site\/sem-categoria\/quinto-dia-do-vi-ciclo-de-debates-discute-o-jornalismo-regional-atraves-do-jornal-das-lajes\/#breadcrumb","itemListElement":[{"@type":"ListItem","position":1,"name":"In\u00edcio","item":"http:\/\/jornalismo.ufsj.edu.br\/site\/"},{"@type":"ListItem","position":2,"name":"Quinto dia do VI Ciclo de Debates discute o jornalismo regional atrav\u00e9s do Jornal das Lajes"}]},{"@type":"WebSite","@id":"http:\/\/jornalismo.ufsj.edu.br\/site\/#website","url":"http:\/\/jornalismo.ufsj.edu.br\/site\/","name":"Jornalismo UFSJ","description":"","potentialAction":[{"@type":"SearchAction","target":{"@type":"EntryPoint","urlTemplate":"http:\/\/jornalismo.ufsj.edu.br\/site\/?s={search_term_string}"},"query-input":"required name=search_term_string"}],"inLanguage":"pt-BR"},{"@type":"Person","@id":""}]}},"jetpack_featured_media_url":"","_links":{"self":[{"href":"http:\/\/anu.ufsj.edu.br\/site\/wp-json\/wp\/v2\/posts\/1388"}],"collection":[{"href":"http:\/\/anu.ufsj.edu.br\/site\/wp-json\/wp\/v2\/posts"}],"about":[{"href":"http:\/\/anu.ufsj.edu.br\/site\/wp-json\/wp\/v2\/types\/post"}],"author":[{"embeddable":true,"href":"http:\/\/anu.ufsj.edu.br\/site\/wp-json\/wp\/v2\/users\/3"}],"replies":[{"embeddable":true,"href":"http:\/\/anu.ufsj.edu.br\/site\/wp-json\/wp\/v2\/comments?post=1388"}],"version-history":[{"count":0,"href":"http:\/\/anu.ufsj.edu.br\/site\/wp-json\/wp\/v2\/posts\/1388\/revisions"}],"wp:featuredmedia":[{"embeddable":true,"href":"http:\/\/anu.ufsj.edu.br\/site\/wp-json\/"}],"wp:attachment":[{"href":"http:\/\/anu.ufsj.edu.br\/site\/wp-json\/wp\/v2\/media?parent=1388"}],"wp:term":[{"taxonomy":"category","embeddable":true,"href":"http:\/\/anu.ufsj.edu.br\/site\/wp-json\/wp\/v2\/categories?post=1388"},{"taxonomy":"post_tag","embeddable":true,"href":"http:\/\/anu.ufsj.edu.br\/site\/wp-json\/wp\/v2\/tags?post=1388"}],"curies":[{"name":"wp","href":"https:\/\/api.w.org\/{rel}","templated":true}]}}