{"id":1478,"date":"2016-03-07T17:36:04","date_gmt":"2016-03-07T17:36:04","guid":{"rendered":"http:\/\/jornalismo.ufsj.edu.br\/?p=1478"},"modified":"2016-03-07T17:36:04","modified_gmt":"2016-03-07T17:36:04","slug":"ex-aluno-do-curso-defende-dissertacao-de-mestrado","status":"publish","type":"post","link":"http:\/\/anu.ufsj.edu.br\/site\/ex-alunos\/ex-aluno-do-curso-defende-dissertacao-de-mestrado\/","title":{"rendered":"Ex-aluno do curso defende disserta\u00e7\u00e3o de Mestrado"},"content":{"rendered":"<p><span style=\"font-weight:400;\"><img loading=\"lazy\" class=\"  wp-image-1502 alignleft\" src=\"http:\/\/jornalismo.ufsj.edu.br\/wp-content\/uploads\/2016\/03\/dissertac3a7c3a3o-marcelo-alves.jpg\" alt=\"disserta\u00e7\u00e3o marcelo alves\" width=\"265\" height=\"267\" \/><br \/>\nMarcelo Alves (24) fez parte da primeira turma que se formou no curso de Jornalismo da Universidade Federal de S\u00e3o Jo\u00e3o del-Rei (UFSJ), em 2013. Recentemente o ex-aluno defendeu sua disserta\u00e7\u00e3o de mestrado com o tema &#8220;Vai pra Cuba!!! A Rede Antipetista na elei\u00e7\u00e3o de 2014&#8221;, na Universidade Federal Fluminense (UFF). Agora ele se prepara para a tese de doutoramento em comunica\u00e7\u00e3o pela UFF e conta um pouco sobre suas experi\u00eancias.<\/span><\/p>\n<p><b><\/p>\n<p>Como voc\u00ea avalia o mercado acad\u00eamico?<\/b><span style=\"font-weight:400;\"><br \/>\n<\/span><b>Marcelo:<\/b><span style=\"font-weight:400;\"> A separa\u00e7\u00e3o entre mercado e academia reduz as possibilidades de inova\u00e7\u00e3o. Apesar de haver um pessimismo generalizado, acho que h\u00e1 motivos para ter boas expectativas. No entanto, \u00e9 necess\u00e1rio um esfor\u00e7o de atualiza\u00e7\u00e3o constante e de entendimento multidisciplinar das din\u00e2micas sociais.<br \/>\n<\/span><b><\/b><\/p>\n<p><b>Quando estudava na gradua\u00e7\u00e3o voc\u00ea tinha ideia sobre o mestrado?<\/b><span style=\"font-weight:400;\"><br \/>\n<\/span><b>M<\/b><span style=\"font-weight:400;\">: Sim, passei anos preparando o curr\u00edculo e o projeto para ingressar no mestrado.<\/span><\/p>\n<p><b>O seu interesse pela pol\u00edtica veio da faculdade? Se sim, atrav\u00e9s de que experi\u00eancias?<\/b><b><br \/>\n<\/b><b>M: <\/b><span style=\"font-weight:400;\">Sim, desde a inicia\u00e7\u00e3o cient\u00edfica orientada pelo professor Luiz Ademir, tenho certeza de que minha \u00e1rea de atua\u00e7\u00e3o \u00e9 a comunica\u00e7\u00e3o pol\u00edtica.<\/span><span style=\"font-weight:400;\"><br \/>\n<\/span><span style=\"font-weight:400;\"><br \/>\n<\/span><b>Baseado em sua experi\u00eancia, como voc\u00ea avalia o mercado para quem se forma em jornalismo hoje?<\/b><span style=\"font-weight:400;\"><br \/>\n<\/span><b>M<\/b><span style=\"font-weight:400;\">: O mercado midi\u00e1tico est\u00e1 em forte transforma\u00e7\u00e3o. Creio que pensar o jornalismo dissociado do campo da comunica\u00e7\u00e3o e dos estudos de m\u00eddia seja um erro grav\u00edssimo, imposto pelas diretrizes curr\u00edculares. O profissional que entender as mudan\u00e7as sociais contempor\u00e2neas certamente encontrar\u00e1 posi\u00e7\u00e3o. Por\u00e9m, ainda \u00e9 necess\u00e1rio um esfor\u00e7o maior da academia para jogar luz sobre as diversas mudan\u00e7as pelas quais o jornalismo vem passando.<\/span><span style=\"font-weight:400;\"><br \/>\n<\/span><span style=\"font-weight:400;\"><br \/>\n<\/span><b>Quais seus planos daqui pra frente?<\/b><span style=\"font-weight:400;\"><br \/>\n<\/span><b>M<\/b><span style=\"font-weight:400;\">: Estou envolvido em um amplo projeto de desenvolvimento te\u00f3rico e pr\u00e1tico na \u00e1rea de an\u00e1lise de redes sociais aplicada \u00e0 comunica\u00e7\u00e3o pol\u00edtico-eleitoral. Participo de atividades de pesquisa e de investiga\u00e7\u00f5es emp\u00edricas das possibilidades de an\u00e1lise de dados provenientes das m\u00eddias sociais para orientar as estrat\u00e9gias de campanha pol\u00edtica. Nesse contexto, fa\u00e7o parte da equipe da V\u00e9rtice, empresa incubada na ag\u00eancia de inova\u00e7\u00e3o da UFF, com a finalidade de prestar consultoria a candidatos em \u00e2mbito nacional, regional e municipal.<\/span><\/p>\n<p>Um trabalho realizado pela V\u00e9rtice, do qual Marcelo fez parte como pesquisador, foi divulgado no in\u00edcio deste m\u00eas pelo blog Na Base dos Dados, do jornal O Globo. A pesquisa analisa quem s\u00e3o os pol\u00edticos que hoje lideram a influ\u00eancia pelas redes sociais. Visite o<br \/>\n<a href=\"http:\/\/blogs.oglobo.globo.com\/na-base-dos-dados\/post\/quem-sao-os-politicos-que-lideram-nas-midias-sociais.html\" target=\"_blank\">link<\/a>.<\/p>\n<p>J\u00e1, a\u00a0<span style=\"font-weight:400;\">disserta\u00e7\u00e3o completa voc\u00ea pode ler\u00a0<\/span><span style=\"font-weight:400;\"><a href=\"https:\/\/www.academia.edu\/22866036\/Vai_pra_Cuba_A_Rede_Antipetista_na_elei%C3%A7%C3%A3o_de_2014\" target=\"_blank\">aqui<\/a>.<br \/>\n<\/span><\/p>\n<h6><span style=\"font-weight:400;\"><img loading=\"lazy\" class=\" size-full wp-image-1498 alignnone\" src=\"http:\/\/jornalismo.ufsj.edu.br\/wp-content\/uploads\/2016\/03\/defesa-dissertac3a7c3a3o-marcelo-alves.jpg\" alt=\"defesa disserta\u00e7\u00e3o marcelo alves\" width=\"497\" height=\"280\" \/><\/span><span style=\"font-weight:400;\"><br \/>\n<\/span><span style=\"font-weight:400;\">Da esquerda para a direita, Fabio Vasconcellos, Afonso Albuquerque,\u00a0<\/span><span style=\"font-weight:400;\">Marcelo Alves,<br \/>\n<\/span><span style=\"font-weight:400;\">Marco Roxo e Di\u00f3genes Lycari\u00e3o.<\/span><\/h6>\n<p style=\"text-align:right;\">Texto: Tulio Moura<br \/>\nFotos: Arquivo Pessoal<\/p>\n","protected":false},"excerpt":{"rendered":"<p>Marcelo Alves (24) fez parte da primeira turma que se formou no curso de Jornalismo da Universidade Federal de S\u00e3o Jo\u00e3o del-Rei (UFSJ), em 2013. Recentemente o ex-aluno defendeu sua disserta\u00e7\u00e3o de mestrado com o tema &#8220;Vai pra Cuba!!! A&#8230;<\/p>\n","protected":false},"author":3,"featured_media":1502,"comment_status":"open","ping_status":"open","sticky":false,"template":"","format":"standard","meta":{"_monsterinsights_skip_tracking":false,"_monsterinsights_sitenote_active":false,"_monsterinsights_sitenote_note":"","_monsterinsights_sitenote_category":0},"categories":[28],"tags":[],"yoast_head":"<!-- This site is optimized with the Yoast SEO plugin v20.6 - https:\/\/yoast.com\/wordpress\/plugins\/seo\/ -->\n<title>Ex-aluno do curso defende disserta\u00e7\u00e3o de Mestrado - Jornalismo UFSJ<\/title>\n<meta name=\"robots\" content=\"index, follow, max-snippet:-1, max-image-preview:large, max-video-preview:-1\" \/>\n<link rel=\"canonical\" href=\"https:\/\/jornalismo.ufsj.edu.br\/site\/ex-alunos\/ex-aluno-do-curso-defende-dissertacao-de-mestrado\/\" \/>\n<meta property=\"og:locale\" content=\"pt_BR\" \/>\n<meta property=\"og:type\" content=\"article\" \/>\n<meta property=\"og:title\" content=\"Ex-aluno do curso defende disserta\u00e7\u00e3o de Mestrado - Jornalismo UFSJ\" \/>\n<meta property=\"og:description\" content=\"Marcelo Alves (24) fez parte da primeira turma que se formou no curso de Jornalismo da Universidade Federal de S\u00e3o Jo\u00e3o del-Rei (UFSJ), em 2013. Recentemente o ex-aluno defendeu sua disserta\u00e7\u00e3o de mestrado com o tema &#8220;Vai pra Cuba!!! A...\" \/>\n<meta property=\"og:url\" content=\"https:\/\/jornalismo.ufsj.edu.br\/site\/ex-alunos\/ex-aluno-do-curso-defende-dissertacao-de-mestrado\/\" \/>\n<meta property=\"og:site_name\" content=\"Jornalismo UFSJ\" \/>\n<meta property=\"article:publisher\" content=\"https:\/\/www.facebook.com\/jornalismoufsj\/\" \/>\n<meta property=\"article:published_time\" content=\"2016-03-07T17:36:04+00:00\" \/>\n<meta name=\"twitter:card\" content=\"summary_large_image\" \/>\n<meta name=\"twitter:creator\" content=\"@jornalismoufsj\" \/>\n<meta name=\"twitter:site\" content=\"@jornalismoufsj\" \/>\n<meta name=\"twitter:label1\" content=\"Escrito por\" \/>\n\t<meta name=\"twitter:data1\" content=\"\" \/>\n\t<meta name=\"twitter:label2\" content=\"Est. tempo de leitura\" \/>\n\t<meta name=\"twitter:data2\" content=\"2 minutos\" \/>\n<script type=\"application\/ld+json\" class=\"yoast-schema-graph\">{\"@context\":\"https:\/\/schema.org\",\"@graph\":[{\"@type\":\"WebPage\",\"@id\":\"https:\/\/jornalismo.ufsj.edu.br\/site\/ex-alunos\/ex-aluno-do-curso-defende-dissertacao-de-mestrado\/\",\"url\":\"https:\/\/jornalismo.ufsj.edu.br\/site\/ex-alunos\/ex-aluno-do-curso-defende-dissertacao-de-mestrado\/\",\"name\":\"Ex-aluno do curso defende disserta\u00e7\u00e3o de Mestrado - Jornalismo UFSJ\",\"isPartOf\":{\"@id\":\"http:\/\/jornalismo.ufsj.edu.br\/site\/#website\"},\"datePublished\":\"2016-03-07T17:36:04+00:00\",\"dateModified\":\"2016-03-07T17:36:04+00:00\",\"author\":{\"@id\":\"\"},\"breadcrumb\":{\"@id\":\"https:\/\/jornalismo.ufsj.edu.br\/site\/ex-alunos\/ex-aluno-do-curso-defende-dissertacao-de-mestrado\/#breadcrumb\"},\"inLanguage\":\"pt-BR\",\"potentialAction\":[{\"@type\":\"ReadAction\",\"target\":[\"https:\/\/jornalismo.ufsj.edu.br\/site\/ex-alunos\/ex-aluno-do-curso-defende-dissertacao-de-mestrado\/\"]}]},{\"@type\":\"BreadcrumbList\",\"@id\":\"https:\/\/jornalismo.ufsj.edu.br\/site\/ex-alunos\/ex-aluno-do-curso-defende-dissertacao-de-mestrado\/#breadcrumb\",\"itemListElement\":[{\"@type\":\"ListItem\",\"position\":1,\"name\":\"In\u00edcio\",\"item\":\"http:\/\/jornalismo.ufsj.edu.br\/site\/\"},{\"@type\":\"ListItem\",\"position\":2,\"name\":\"Ex-aluno do curso defende disserta\u00e7\u00e3o de Mestrado\"}]},{\"@type\":\"WebSite\",\"@id\":\"http:\/\/jornalismo.ufsj.edu.br\/site\/#website\",\"url\":\"http:\/\/jornalismo.ufsj.edu.br\/site\/\",\"name\":\"Jornalismo UFSJ\",\"description\":\"\",\"potentialAction\":[{\"@type\":\"SearchAction\",\"target\":{\"@type\":\"EntryPoint\",\"urlTemplate\":\"http:\/\/jornalismo.ufsj.edu.br\/site\/?s={search_term_string}\"},\"query-input\":\"required name=search_term_string\"}],\"inLanguage\":\"pt-BR\"},{\"@type\":\"Person\",\"@id\":\"\"}]}<\/script>\n<!-- \/ Yoast SEO plugin. -->","yoast_head_json":{"title":"Ex-aluno do curso defende disserta\u00e7\u00e3o de Mestrado - Jornalismo UFSJ","robots":{"index":"index","follow":"follow","max-snippet":"max-snippet:-1","max-image-preview":"max-image-preview:large","max-video-preview":"max-video-preview:-1"},"canonical":"https:\/\/jornalismo.ufsj.edu.br\/site\/ex-alunos\/ex-aluno-do-curso-defende-dissertacao-de-mestrado\/","og_locale":"pt_BR","og_type":"article","og_title":"Ex-aluno do curso defende disserta\u00e7\u00e3o de Mestrado - Jornalismo UFSJ","og_description":"Marcelo Alves (24) fez parte da primeira turma que se formou no curso de Jornalismo da Universidade Federal de S\u00e3o Jo\u00e3o del-Rei (UFSJ), em 2013. Recentemente o ex-aluno defendeu sua disserta\u00e7\u00e3o de mestrado com o tema &#8220;Vai pra Cuba!!! A...","og_url":"https:\/\/jornalismo.ufsj.edu.br\/site\/ex-alunos\/ex-aluno-do-curso-defende-dissertacao-de-mestrado\/","og_site_name":"Jornalismo UFSJ","article_publisher":"https:\/\/www.facebook.com\/jornalismoufsj\/","article_published_time":"2016-03-07T17:36:04+00:00","twitter_card":"summary_large_image","twitter_creator":"@jornalismoufsj","twitter_site":"@jornalismoufsj","twitter_misc":{"Escrito por":"","Est. tempo de leitura":"2 minutos"},"schema":{"@context":"https:\/\/schema.org","@graph":[{"@type":"WebPage","@id":"https:\/\/jornalismo.ufsj.edu.br\/site\/ex-alunos\/ex-aluno-do-curso-defende-dissertacao-de-mestrado\/","url":"https:\/\/jornalismo.ufsj.edu.br\/site\/ex-alunos\/ex-aluno-do-curso-defende-dissertacao-de-mestrado\/","name":"Ex-aluno do curso defende disserta\u00e7\u00e3o de Mestrado - Jornalismo UFSJ","isPartOf":{"@id":"http:\/\/jornalismo.ufsj.edu.br\/site\/#website"},"datePublished":"2016-03-07T17:36:04+00:00","dateModified":"2016-03-07T17:36:04+00:00","author":{"@id":""},"breadcrumb":{"@id":"https:\/\/jornalismo.ufsj.edu.br\/site\/ex-alunos\/ex-aluno-do-curso-defende-dissertacao-de-mestrado\/#breadcrumb"},"inLanguage":"pt-BR","potentialAction":[{"@type":"ReadAction","target":["https:\/\/jornalismo.ufsj.edu.br\/site\/ex-alunos\/ex-aluno-do-curso-defende-dissertacao-de-mestrado\/"]}]},{"@type":"BreadcrumbList","@id":"https:\/\/jornalismo.ufsj.edu.br\/site\/ex-alunos\/ex-aluno-do-curso-defende-dissertacao-de-mestrado\/#breadcrumb","itemListElement":[{"@type":"ListItem","position":1,"name":"In\u00edcio","item":"http:\/\/jornalismo.ufsj.edu.br\/site\/"},{"@type":"ListItem","position":2,"name":"Ex-aluno do curso defende disserta\u00e7\u00e3o de Mestrado"}]},{"@type":"WebSite","@id":"http:\/\/jornalismo.ufsj.edu.br\/site\/#website","url":"http:\/\/jornalismo.ufsj.edu.br\/site\/","name":"Jornalismo UFSJ","description":"","potentialAction":[{"@type":"SearchAction","target":{"@type":"EntryPoint","urlTemplate":"http:\/\/jornalismo.ufsj.edu.br\/site\/?s={search_term_string}"},"query-input":"required name=search_term_string"}],"inLanguage":"pt-BR"},{"@type":"Person","@id":""}]}},"jetpack_featured_media_url":"","_links":{"self":[{"href":"http:\/\/anu.ufsj.edu.br\/site\/wp-json\/wp\/v2\/posts\/1478"}],"collection":[{"href":"http:\/\/anu.ufsj.edu.br\/site\/wp-json\/wp\/v2\/posts"}],"about":[{"href":"http:\/\/anu.ufsj.edu.br\/site\/wp-json\/wp\/v2\/types\/post"}],"author":[{"embeddable":true,"href":"http:\/\/anu.ufsj.edu.br\/site\/wp-json\/wp\/v2\/users\/3"}],"replies":[{"embeddable":true,"href":"http:\/\/anu.ufsj.edu.br\/site\/wp-json\/wp\/v2\/comments?post=1478"}],"version-history":[{"count":0,"href":"http:\/\/anu.ufsj.edu.br\/site\/wp-json\/wp\/v2\/posts\/1478\/revisions"}],"wp:featuredmedia":[{"embeddable":true,"href":"http:\/\/anu.ufsj.edu.br\/site\/wp-json\/"}],"wp:attachment":[{"href":"http:\/\/anu.ufsj.edu.br\/site\/wp-json\/wp\/v2\/media?parent=1478"}],"wp:term":[{"taxonomy":"category","embeddable":true,"href":"http:\/\/anu.ufsj.edu.br\/site\/wp-json\/wp\/v2\/categories?post=1478"},{"taxonomy":"post_tag","embeddable":true,"href":"http:\/\/anu.ufsj.edu.br\/site\/wp-json\/wp\/v2\/tags?post=1478"}],"curies":[{"name":"wp","href":"https:\/\/api.w.org\/{rel}","templated":true}]}}