{"id":1552,"date":"2016-03-09T22:00:44","date_gmt":"2016-03-09T22:00:44","guid":{"rendered":"http:\/\/jornalismo.ufsj.edu.br\/?p=1552"},"modified":"2016-03-09T22:00:44","modified_gmt":"2016-03-09T22:00:44","slug":"protagonismo-feminino-e-empreendedorismo","status":"publish","type":"post","link":"http:\/\/anu.ufsj.edu.br\/site\/ex-alunos\/protagonismo-feminino-e-empreendedorismo\/","title":{"rendered":"Protagonismo feminino e empreendedorismo"},"content":{"rendered":"<p><img loading=\"lazy\" class=\"  wp-image-1596 alignleft\" src=\"http:\/\/jornalismo.ufsj.edu.br\/wp-content\/uploads\/2016\/03\/file9051263254096.jpg\" alt=\"file9051263254096\" width=\"297\" height=\"197\" \/>O Dia Internacional da Mulher sempre suscita debates, mais do que urgentes, sobre a amplia\u00e7\u00e3o da representa\u00e7\u00e3o\u00a0feminina nas diversas \u00e1reas da sociedade. Marina Farias, ex-aluna do curso de Jornalismo da UFSJ, hoje atuando como freelance na \u00e1rea de produ\u00e7\u00e3o cultural, \u00a0elaborou uma an\u00e1lise da participa\u00e7\u00e3o feminina em um setor que apresenta hoje franco crescimento: o ambiente empreendedor.<br \/>\nApresentando dados oficiais mas tamb\u00e9m sua pr\u00f3pria vis\u00e3o sobre o tema, Marina conta como isso tem\u00a0mudado\u00a0a realidade das mulheres e do mercado.<br \/>\n<span style=\"line-height:1.7;\">O texto, abaixo, foi publicado no site da\u00a0<strong><a href=\"http:\/\/consiliumbrasil.com.br\" target=\"_blank\">Consilium Brasil<\/a><\/strong>, empresa de Belo Horizonte que presta servi\u00e7os na \u00e1rea de consultoria\u00a0empresarial.<\/span><\/p>\n<p><strong>O Protagonismo Feminino no Ambiente Empreendedor<br \/>\n<\/strong>Marina Farias<\/p>\n<p>A participa\u00e7\u00e3o das mulheres nos neg\u00f3cios t\u00eam mostrado n\u00fameros positivos no ambiente empreendedor. Se antes, a participa\u00e7\u00e3o acontecia de forma t\u00edmida, hoje 31% delas j\u00e1 s\u00e3o propriet\u00e1rias de seus pr\u00f3prios neg\u00f3cios al\u00e9m de investirem 90% da renda em suas comunidades e fam\u00edlias.<br \/>\nDurante muito tempo as mulheres t\u00eam tido sua capacidade intelectual, art\u00edstica e at\u00e9 mesmo profissional subjugadas por um modelo social que favorece aos homens. Por\u00e9m, nos \u00faltimos anos, o feminismo \u2013 movimento que luta pela igualdade de g\u00eaneros &#8211; tem sido pauta nos mais diversos canais e com isso contribu\u00eddo para maior ascens\u00e3o das mulheres nos mais diversos espa\u00e7os.<br \/>\nO mais recente epis\u00f3dio de divulga\u00e7\u00e3o midi\u00e1tica em larga escala dessa tem\u00e1tica, ocorreu em dezembro de 2015 quando o Exame Nacional do Ensino M\u00e9dio (ENEM) teve como proposta a viol\u00eancia contra mulheres. Ou seja, mesmo os olhos desatentos para as desigualdades na nossa sociedade tiveram que debater sobre o tema. Por\u00e9m, apesar desse cen\u00e1rio n\u00e3o t\u00e3o feliz, uma pesquisa que ocorreu tamb\u00e9m em 2015 revelou que esse realidade tem mudado.<\/p>\n<p>Leia\u00a0<strong><a href=\"http:\/\/consiliumbrasil.com.br\/blog\/empreendedorismo-feminino\" target=\"_blank\">aqui<\/a><\/strong>\u00a0o texto\u00a0completo.<\/p>\n<p style=\"text-align:right;\">Texto: Dani da Gama<br \/>\nCredito \u00a0da Foto: Banco de \u00a0imagens MorgueFile<\/p>\n","protected":false},"excerpt":{"rendered":"<p>O Dia Internacional da Mulher sempre suscita debates, mais do que urgentes, sobre a amplia\u00e7\u00e3o da representa\u00e7\u00e3o\u00a0feminina nas diversas \u00e1reas da sociedade. Marina Farias, ex-aluna do curso de Jornalismo da UFSJ, hoje atuando como freelance na \u00e1rea de produ\u00e7\u00e3o cultural,&#8230;<\/p>\n","protected":false},"author":3,"featured_media":1596,"comment_status":"open","ping_status":"open","sticky":false,"template":"","format":"standard","meta":{"_monsterinsights_skip_tracking":false,"_monsterinsights_sitenote_active":false,"_monsterinsights_sitenote_note":"","_monsterinsights_sitenote_category":0},"categories":[28],"tags":[],"yoast_head":"<!-- This site is optimized with the Yoast SEO plugin v20.6 - https:\/\/yoast.com\/wordpress\/plugins\/seo\/ -->\n<title>Protagonismo feminino e empreendedorismo - Jornalismo UFSJ<\/title>\n<meta name=\"robots\" content=\"index, follow, max-snippet:-1, max-image-preview:large, max-video-preview:-1\" \/>\n<link rel=\"canonical\" href=\"http:\/\/jornalismo.ufsj.edu.br\/site\/ex-alunos\/protagonismo-feminino-e-empreendedorismo\/\" \/>\n<meta property=\"og:locale\" content=\"pt_BR\" \/>\n<meta property=\"og:type\" content=\"article\" \/>\n<meta property=\"og:title\" content=\"Protagonismo feminino e empreendedorismo - Jornalismo UFSJ\" \/>\n<meta property=\"og:description\" content=\"O Dia Internacional da Mulher sempre suscita debates, mais do que urgentes, sobre a amplia\u00e7\u00e3o da representa\u00e7\u00e3o\u00a0feminina nas diversas \u00e1reas da sociedade. Marina Farias, ex-aluna do curso de Jornalismo da UFSJ, hoje atuando como freelance na \u00e1rea de produ\u00e7\u00e3o cultural,...\" \/>\n<meta property=\"og:url\" content=\"http:\/\/jornalismo.ufsj.edu.br\/site\/ex-alunos\/protagonismo-feminino-e-empreendedorismo\/\" \/>\n<meta property=\"og:site_name\" content=\"Jornalismo UFSJ\" \/>\n<meta property=\"article:publisher\" content=\"https:\/\/www.facebook.com\/jornalismoufsj\/\" \/>\n<meta property=\"article:published_time\" content=\"2016-03-09T22:00:44+00:00\" \/>\n<meta name=\"twitter:card\" content=\"summary_large_image\" \/>\n<meta name=\"twitter:creator\" content=\"@jornalismoufsj\" \/>\n<meta name=\"twitter:site\" content=\"@jornalismoufsj\" \/>\n<meta name=\"twitter:label1\" content=\"Escrito por\" \/>\n\t<meta name=\"twitter:data1\" content=\"\" \/>\n\t<meta name=\"twitter:label2\" content=\"Est. tempo de leitura\" \/>\n\t<meta name=\"twitter:data2\" content=\"2 minutos\" \/>\n<script type=\"application\/ld+json\" class=\"yoast-schema-graph\">{\"@context\":\"https:\/\/schema.org\",\"@graph\":[{\"@type\":\"WebPage\",\"@id\":\"http:\/\/jornalismo.ufsj.edu.br\/site\/ex-alunos\/protagonismo-feminino-e-empreendedorismo\/\",\"url\":\"http:\/\/jornalismo.ufsj.edu.br\/site\/ex-alunos\/protagonismo-feminino-e-empreendedorismo\/\",\"name\":\"Protagonismo feminino e empreendedorismo - Jornalismo UFSJ\",\"isPartOf\":{\"@id\":\"http:\/\/jornalismo.ufsj.edu.br\/site\/#website\"},\"datePublished\":\"2016-03-09T22:00:44+00:00\",\"dateModified\":\"2016-03-09T22:00:44+00:00\",\"author\":{\"@id\":\"\"},\"breadcrumb\":{\"@id\":\"http:\/\/jornalismo.ufsj.edu.br\/site\/ex-alunos\/protagonismo-feminino-e-empreendedorismo\/#breadcrumb\"},\"inLanguage\":\"pt-BR\",\"potentialAction\":[{\"@type\":\"ReadAction\",\"target\":[\"http:\/\/jornalismo.ufsj.edu.br\/site\/ex-alunos\/protagonismo-feminino-e-empreendedorismo\/\"]}]},{\"@type\":\"BreadcrumbList\",\"@id\":\"http:\/\/jornalismo.ufsj.edu.br\/site\/ex-alunos\/protagonismo-feminino-e-empreendedorismo\/#breadcrumb\",\"itemListElement\":[{\"@type\":\"ListItem\",\"position\":1,\"name\":\"In\u00edcio\",\"item\":\"http:\/\/jornalismo.ufsj.edu.br\/site\/\"},{\"@type\":\"ListItem\",\"position\":2,\"name\":\"Protagonismo feminino e empreendedorismo\"}]},{\"@type\":\"WebSite\",\"@id\":\"http:\/\/jornalismo.ufsj.edu.br\/site\/#website\",\"url\":\"http:\/\/jornalismo.ufsj.edu.br\/site\/\",\"name\":\"Jornalismo UFSJ\",\"description\":\"\",\"potentialAction\":[{\"@type\":\"SearchAction\",\"target\":{\"@type\":\"EntryPoint\",\"urlTemplate\":\"http:\/\/jornalismo.ufsj.edu.br\/site\/?s={search_term_string}\"},\"query-input\":\"required name=search_term_string\"}],\"inLanguage\":\"pt-BR\"},{\"@type\":\"Person\",\"@id\":\"\"}]}<\/script>\n<!-- \/ Yoast SEO plugin. -->","yoast_head_json":{"title":"Protagonismo feminino e empreendedorismo - Jornalismo UFSJ","robots":{"index":"index","follow":"follow","max-snippet":"max-snippet:-1","max-image-preview":"max-image-preview:large","max-video-preview":"max-video-preview:-1"},"canonical":"http:\/\/jornalismo.ufsj.edu.br\/site\/ex-alunos\/protagonismo-feminino-e-empreendedorismo\/","og_locale":"pt_BR","og_type":"article","og_title":"Protagonismo feminino e empreendedorismo - Jornalismo UFSJ","og_description":"O Dia Internacional da Mulher sempre suscita debates, mais do que urgentes, sobre a amplia\u00e7\u00e3o da representa\u00e7\u00e3o\u00a0feminina nas diversas \u00e1reas da sociedade. Marina Farias, ex-aluna do curso de Jornalismo da UFSJ, hoje atuando como freelance na \u00e1rea de produ\u00e7\u00e3o cultural,...","og_url":"http:\/\/jornalismo.ufsj.edu.br\/site\/ex-alunos\/protagonismo-feminino-e-empreendedorismo\/","og_site_name":"Jornalismo UFSJ","article_publisher":"https:\/\/www.facebook.com\/jornalismoufsj\/","article_published_time":"2016-03-09T22:00:44+00:00","twitter_card":"summary_large_image","twitter_creator":"@jornalismoufsj","twitter_site":"@jornalismoufsj","twitter_misc":{"Escrito por":"","Est. tempo de leitura":"2 minutos"},"schema":{"@context":"https:\/\/schema.org","@graph":[{"@type":"WebPage","@id":"http:\/\/jornalismo.ufsj.edu.br\/site\/ex-alunos\/protagonismo-feminino-e-empreendedorismo\/","url":"http:\/\/jornalismo.ufsj.edu.br\/site\/ex-alunos\/protagonismo-feminino-e-empreendedorismo\/","name":"Protagonismo feminino e empreendedorismo - Jornalismo UFSJ","isPartOf":{"@id":"http:\/\/jornalismo.ufsj.edu.br\/site\/#website"},"datePublished":"2016-03-09T22:00:44+00:00","dateModified":"2016-03-09T22:00:44+00:00","author":{"@id":""},"breadcrumb":{"@id":"http:\/\/jornalismo.ufsj.edu.br\/site\/ex-alunos\/protagonismo-feminino-e-empreendedorismo\/#breadcrumb"},"inLanguage":"pt-BR","potentialAction":[{"@type":"ReadAction","target":["http:\/\/jornalismo.ufsj.edu.br\/site\/ex-alunos\/protagonismo-feminino-e-empreendedorismo\/"]}]},{"@type":"BreadcrumbList","@id":"http:\/\/jornalismo.ufsj.edu.br\/site\/ex-alunos\/protagonismo-feminino-e-empreendedorismo\/#breadcrumb","itemListElement":[{"@type":"ListItem","position":1,"name":"In\u00edcio","item":"http:\/\/jornalismo.ufsj.edu.br\/site\/"},{"@type":"ListItem","position":2,"name":"Protagonismo feminino e empreendedorismo"}]},{"@type":"WebSite","@id":"http:\/\/jornalismo.ufsj.edu.br\/site\/#website","url":"http:\/\/jornalismo.ufsj.edu.br\/site\/","name":"Jornalismo UFSJ","description":"","potentialAction":[{"@type":"SearchAction","target":{"@type":"EntryPoint","urlTemplate":"http:\/\/jornalismo.ufsj.edu.br\/site\/?s={search_term_string}"},"query-input":"required name=search_term_string"}],"inLanguage":"pt-BR"},{"@type":"Person","@id":""}]}},"jetpack_featured_media_url":"","_links":{"self":[{"href":"http:\/\/anu.ufsj.edu.br\/site\/wp-json\/wp\/v2\/posts\/1552"}],"collection":[{"href":"http:\/\/anu.ufsj.edu.br\/site\/wp-json\/wp\/v2\/posts"}],"about":[{"href":"http:\/\/anu.ufsj.edu.br\/site\/wp-json\/wp\/v2\/types\/post"}],"author":[{"embeddable":true,"href":"http:\/\/anu.ufsj.edu.br\/site\/wp-json\/wp\/v2\/users\/3"}],"replies":[{"embeddable":true,"href":"http:\/\/anu.ufsj.edu.br\/site\/wp-json\/wp\/v2\/comments?post=1552"}],"version-history":[{"count":0,"href":"http:\/\/anu.ufsj.edu.br\/site\/wp-json\/wp\/v2\/posts\/1552\/revisions"}],"wp:featuredmedia":[{"embeddable":true,"href":"http:\/\/anu.ufsj.edu.br\/site\/wp-json\/"}],"wp:attachment":[{"href":"http:\/\/anu.ufsj.edu.br\/site\/wp-json\/wp\/v2\/media?parent=1552"}],"wp:term":[{"taxonomy":"category","embeddable":true,"href":"http:\/\/anu.ufsj.edu.br\/site\/wp-json\/wp\/v2\/categories?post=1552"},{"taxonomy":"post_tag","embeddable":true,"href":"http:\/\/anu.ufsj.edu.br\/site\/wp-json\/wp\/v2\/tags?post=1552"}],"curies":[{"name":"wp","href":"https:\/\/api.w.org\/{rel}","templated":true}]}}