{"id":1790,"date":"2016-03-16T16:10:26","date_gmt":"2016-03-16T16:10:26","guid":{"rendered":"http:\/\/jornalismo.ufsj.edu.br\/?p=1790"},"modified":"2016-03-16T16:10:26","modified_gmt":"2016-03-16T16:10:26","slug":"mais-do-que-mil-palavras","status":"publish","type":"post","link":"http:\/\/anu.ufsj.edu.br\/site\/fotografia\/mais-do-que-mil-palavras\/","title":{"rendered":"Mais do que mil palavras"},"content":{"rendered":"<div id=\"attachment_1803\" style=\"width: 210px\" class=\"wp-caption alignleft\"><img aria-describedby=\"caption-attachment-1803\" loading=\"lazy\" class=\"  wp-image-1803 alignleft\" src=\"http:\/\/jornalismo.ufsj.edu.br\/wp-content\/uploads\/2016\/03\/foto-sc3adntese-debate.jpg\" alt=\"Foto s\u00edntese - debate\" width=\"200\" height=\"200\" \/><p id=\"caption-attachment-1803\" class=\"wp-caption-text\">Foto: Jo\u00e3o Valadares<\/p><\/div>\n<p>Uma imagem tomou conta das redes sociais ap\u00f3s as manifesta\u00e7\u00f5es do \u00faltimo domingo, 13. No quadro registrado pelo fotojornalista Jo\u00e3o Valadares, do Correio Braziliense, uma empregada negra e uniformizada empurra o carrinho de beb\u00eas de seus patr\u00f5es brancos vestindo as cores verde e amarelo que s\u00e3o o uniforme dos manifestantes pr\u00f3-impeachment.<\/p>\n<p>Nesta ter\u00e7a-feira, 15, os alunos do curso de Jornalismo participaram de um debate promovido em parceria entre a Coordenadoria e o Centro Acad\u00eamico, com a proposta de refletir sobre esta imagem e suas repercuss\u00f5es, al\u00e9m dos pontos de vista sobre o atual momento pol\u00edtico vivido pelo pa\u00eds e a influ\u00eancia que a m\u00eddia tem exercido neste cen\u00e1rio.<\/p>\n<p>Para a professora de Linguagem Fotogr\u00e1fica e Fotojornalismo, K\u00e1tia Lombardi, a fotografia de Jo\u00e3o Valadares \u00e9 uma imagem potente. Ela aponta como cruciais sua perspic\u00e1cia e a sensibilidade na composi\u00e7\u00e3o com elementos que lograram representar a atual conjuntura social do pa\u00eds. K\u00e1tia cr\u00ea que o mais importante \u00e9 que a imagem consiga trazer reflex\u00f5es sobre essa realidade: \u201c\u00c9 o papel do fotojornalista chamar a aten\u00e7\u00e3o para os vest\u00edgios e tra\u00e7os de nosso cotidiano\u201d, afirmou.<\/p>\n<p>\u00c9, ali\u00e1s, papel do jornalista chamar aten\u00e7\u00e3o para realidades injustas e de opress\u00e3o que, por naturalizadas, s\u00e3o invis\u00edveis at\u00e9 mesmo para os que s\u00e3o oprimidos. Ang\u00e9lica, a bab\u00e1 retratada na fotografia, em seu depoimento \u00e0 imprensa, mostrou-se desconfort\u00e1vel com a exposi\u00e7\u00e3o que sofreu, mas n\u00e3o criticou a situa\u00e7\u00e3o que vivencia. Mesmo assim, afirmou, descrente quanto \u00e0 situa\u00e7\u00e3o do pa\u00eds: \u201cN\u00e3o sou eu que vou mudar essa quest\u00e3o\u201d, sentenciando: \u201cInfelizmente o Brasil \u00e9 assim\u201d.<\/p>\n<p>Daqui a alguns anos, \u00e9 prov\u00e1vel que a imagem em que Ang\u00e9lica aparece seja ainda repetida em classes de Jornalismo ou em retrospectivas hist\u00f3ricas simbolizando\u00a0um momento do pa\u00eds em que a m\u00eddia teve participa\u00e7\u00e3o vital. Esperemos que ent\u00e3o mais Ang\u00e9licas possam crer que, sim, essas quest\u00f5es podem mudar e que mudan\u00e7as sociais leg\u00edtimas s\u00e3o feitas por Ang\u00e9licas, como ela. Nosso papel como jornalistas<span style=\"color:#ff0000;\">\u00a0<\/span>\u00e9 nos mantermos cr\u00edticos e criativos o bastante para contribuir.<\/p>\n<div id=\"attachment_1811\" style=\"width: 970px\" class=\"wp-caption alignleft\"><img aria-describedby=\"caption-attachment-1811\" loading=\"lazy\" class=\"alignnone size-full wp-image-1811\" src=\"http:\/\/jornalismo.ufsj.edu.br\/wp-content\/uploads\/2016\/03\/debate-jornalismo-15-03.jpg\" alt=\"Debate Jornalismo 15-03\" width=\"960\" height=\"450\" \/><p id=\"caption-attachment-1811\" class=\"wp-caption-text\">Foto: Jo\u00e3o Pedro Justino<\/p><\/div>\n<p style=\"text-align:right;\">Texto: Dani da Gama<\/p>\n","protected":false},"excerpt":{"rendered":"<p>Uma imagem tomou conta das redes sociais ap\u00f3s as manifesta\u00e7\u00f5es do \u00faltimo domingo, 13. No quadro registrado pelo fotojornalista Jo\u00e3o Valadares, do Correio Braziliense, uma empregada negra e uniformizada empurra o carrinho de beb\u00eas de seus patr\u00f5es brancos vestindo as&#8230;<\/p>\n","protected":false},"author":3,"featured_media":1811,"comment_status":"open","ping_status":"open","sticky":false,"template":"","format":"standard","meta":{"_monsterinsights_skip_tracking":false,"_monsterinsights_sitenote_active":false,"_monsterinsights_sitenote_note":"","_monsterinsights_sitenote_category":0},"categories":[32],"tags":[],"yoast_head":"<!-- This site is optimized with the Yoast SEO plugin v20.6 - https:\/\/yoast.com\/wordpress\/plugins\/seo\/ -->\n<title>Mais do que mil palavras - Jornalismo UFSJ<\/title>\n<meta name=\"robots\" content=\"index, follow, max-snippet:-1, max-image-preview:large, max-video-preview:-1\" \/>\n<link rel=\"canonical\" href=\"http:\/\/anu.ufsj.edu.br\/site\/fotografia\/mais-do-que-mil-palavras\/\" \/>\n<meta property=\"og:locale\" content=\"pt_BR\" \/>\n<meta property=\"og:type\" content=\"article\" \/>\n<meta property=\"og:title\" content=\"Mais do que mil palavras - Jornalismo UFSJ\" \/>\n<meta property=\"og:description\" content=\"Uma imagem tomou conta das redes sociais ap\u00f3s as manifesta\u00e7\u00f5es do \u00faltimo domingo, 13. No quadro registrado pelo fotojornalista Jo\u00e3o Valadares, do Correio Braziliense, uma empregada negra e uniformizada empurra o carrinho de beb\u00eas de seus patr\u00f5es brancos vestindo as...\" \/>\n<meta property=\"og:url\" content=\"http:\/\/anu.ufsj.edu.br\/site\/fotografia\/mais-do-que-mil-palavras\/\" \/>\n<meta property=\"og:site_name\" content=\"Jornalismo UFSJ\" \/>\n<meta property=\"article:publisher\" content=\"https:\/\/www.facebook.com\/jornalismoufsj\/\" \/>\n<meta property=\"article:published_time\" content=\"2016-03-16T16:10:26+00:00\" \/>\n<meta name=\"twitter:card\" content=\"summary_large_image\" \/>\n<meta name=\"twitter:creator\" content=\"@jornalismoufsj\" \/>\n<meta name=\"twitter:site\" content=\"@jornalismoufsj\" \/>\n<meta name=\"twitter:label1\" content=\"Escrito por\" \/>\n\t<meta name=\"twitter:data1\" content=\"\" \/>\n\t<meta name=\"twitter:label2\" content=\"Est. tempo de leitura\" \/>\n\t<meta name=\"twitter:data2\" content=\"2 minutos\" \/>\n<script type=\"application\/ld+json\" class=\"yoast-schema-graph\">{\"@context\":\"https:\/\/schema.org\",\"@graph\":[{\"@type\":\"WebPage\",\"@id\":\"http:\/\/anu.ufsj.edu.br\/site\/fotografia\/mais-do-que-mil-palavras\/\",\"url\":\"http:\/\/anu.ufsj.edu.br\/site\/fotografia\/mais-do-que-mil-palavras\/\",\"name\":\"Mais do que mil palavras - Jornalismo UFSJ\",\"isPartOf\":{\"@id\":\"http:\/\/jornalismo.ufsj.edu.br\/site\/#website\"},\"datePublished\":\"2016-03-16T16:10:26+00:00\",\"dateModified\":\"2016-03-16T16:10:26+00:00\",\"author\":{\"@id\":\"\"},\"breadcrumb\":{\"@id\":\"http:\/\/anu.ufsj.edu.br\/site\/fotografia\/mais-do-que-mil-palavras\/#breadcrumb\"},\"inLanguage\":\"pt-BR\",\"potentialAction\":[{\"@type\":\"ReadAction\",\"target\":[\"http:\/\/anu.ufsj.edu.br\/site\/fotografia\/mais-do-que-mil-palavras\/\"]}]},{\"@type\":\"BreadcrumbList\",\"@id\":\"http:\/\/anu.ufsj.edu.br\/site\/fotografia\/mais-do-que-mil-palavras\/#breadcrumb\",\"itemListElement\":[{\"@type\":\"ListItem\",\"position\":1,\"name\":\"In\u00edcio\",\"item\":\"http:\/\/jornalismo.ufsj.edu.br\/site\/\"},{\"@type\":\"ListItem\",\"position\":2,\"name\":\"Mais do que mil palavras\"}]},{\"@type\":\"WebSite\",\"@id\":\"http:\/\/jornalismo.ufsj.edu.br\/site\/#website\",\"url\":\"http:\/\/jornalismo.ufsj.edu.br\/site\/\",\"name\":\"Jornalismo UFSJ\",\"description\":\"\",\"potentialAction\":[{\"@type\":\"SearchAction\",\"target\":{\"@type\":\"EntryPoint\",\"urlTemplate\":\"http:\/\/jornalismo.ufsj.edu.br\/site\/?s={search_term_string}\"},\"query-input\":\"required name=search_term_string\"}],\"inLanguage\":\"pt-BR\"},{\"@type\":\"Person\",\"@id\":\"\"}]}<\/script>\n<!-- \/ Yoast SEO plugin. -->","yoast_head_json":{"title":"Mais do que mil palavras - Jornalismo UFSJ","robots":{"index":"index","follow":"follow","max-snippet":"max-snippet:-1","max-image-preview":"max-image-preview:large","max-video-preview":"max-video-preview:-1"},"canonical":"http:\/\/anu.ufsj.edu.br\/site\/fotografia\/mais-do-que-mil-palavras\/","og_locale":"pt_BR","og_type":"article","og_title":"Mais do que mil palavras - Jornalismo UFSJ","og_description":"Uma imagem tomou conta das redes sociais ap\u00f3s as manifesta\u00e7\u00f5es do \u00faltimo domingo, 13. No quadro registrado pelo fotojornalista Jo\u00e3o Valadares, do Correio Braziliense, uma empregada negra e uniformizada empurra o carrinho de beb\u00eas de seus patr\u00f5es brancos vestindo as...","og_url":"http:\/\/anu.ufsj.edu.br\/site\/fotografia\/mais-do-que-mil-palavras\/","og_site_name":"Jornalismo UFSJ","article_publisher":"https:\/\/www.facebook.com\/jornalismoufsj\/","article_published_time":"2016-03-16T16:10:26+00:00","twitter_card":"summary_large_image","twitter_creator":"@jornalismoufsj","twitter_site":"@jornalismoufsj","twitter_misc":{"Escrito por":"","Est. tempo de leitura":"2 minutos"},"schema":{"@context":"https:\/\/schema.org","@graph":[{"@type":"WebPage","@id":"http:\/\/anu.ufsj.edu.br\/site\/fotografia\/mais-do-que-mil-palavras\/","url":"http:\/\/anu.ufsj.edu.br\/site\/fotografia\/mais-do-que-mil-palavras\/","name":"Mais do que mil palavras - Jornalismo UFSJ","isPartOf":{"@id":"http:\/\/jornalismo.ufsj.edu.br\/site\/#website"},"datePublished":"2016-03-16T16:10:26+00:00","dateModified":"2016-03-16T16:10:26+00:00","author":{"@id":""},"breadcrumb":{"@id":"http:\/\/anu.ufsj.edu.br\/site\/fotografia\/mais-do-que-mil-palavras\/#breadcrumb"},"inLanguage":"pt-BR","potentialAction":[{"@type":"ReadAction","target":["http:\/\/anu.ufsj.edu.br\/site\/fotografia\/mais-do-que-mil-palavras\/"]}]},{"@type":"BreadcrumbList","@id":"http:\/\/anu.ufsj.edu.br\/site\/fotografia\/mais-do-que-mil-palavras\/#breadcrumb","itemListElement":[{"@type":"ListItem","position":1,"name":"In\u00edcio","item":"http:\/\/jornalismo.ufsj.edu.br\/site\/"},{"@type":"ListItem","position":2,"name":"Mais do que mil palavras"}]},{"@type":"WebSite","@id":"http:\/\/jornalismo.ufsj.edu.br\/site\/#website","url":"http:\/\/jornalismo.ufsj.edu.br\/site\/","name":"Jornalismo UFSJ","description":"","potentialAction":[{"@type":"SearchAction","target":{"@type":"EntryPoint","urlTemplate":"http:\/\/jornalismo.ufsj.edu.br\/site\/?s={search_term_string}"},"query-input":"required name=search_term_string"}],"inLanguage":"pt-BR"},{"@type":"Person","@id":""}]}},"jetpack_featured_media_url":"","_links":{"self":[{"href":"http:\/\/anu.ufsj.edu.br\/site\/wp-json\/wp\/v2\/posts\/1790"}],"collection":[{"href":"http:\/\/anu.ufsj.edu.br\/site\/wp-json\/wp\/v2\/posts"}],"about":[{"href":"http:\/\/anu.ufsj.edu.br\/site\/wp-json\/wp\/v2\/types\/post"}],"author":[{"embeddable":true,"href":"http:\/\/anu.ufsj.edu.br\/site\/wp-json\/wp\/v2\/users\/3"}],"replies":[{"embeddable":true,"href":"http:\/\/anu.ufsj.edu.br\/site\/wp-json\/wp\/v2\/comments?post=1790"}],"version-history":[{"count":0,"href":"http:\/\/anu.ufsj.edu.br\/site\/wp-json\/wp\/v2\/posts\/1790\/revisions"}],"wp:featuredmedia":[{"embeddable":true,"href":"http:\/\/anu.ufsj.edu.br\/site\/wp-json\/"}],"wp:attachment":[{"href":"http:\/\/anu.ufsj.edu.br\/site\/wp-json\/wp\/v2\/media?parent=1790"}],"wp:term":[{"taxonomy":"category","embeddable":true,"href":"http:\/\/anu.ufsj.edu.br\/site\/wp-json\/wp\/v2\/categories?post=1790"},{"taxonomy":"post_tag","embeddable":true,"href":"http:\/\/anu.ufsj.edu.br\/site\/wp-json\/wp\/v2\/tags?post=1790"}],"curies":[{"name":"wp","href":"https:\/\/api.w.org\/{rel}","templated":true}]}}