{"id":1855,"date":"2016-03-18T21:30:28","date_gmt":"2016-03-18T21:30:28","guid":{"rendered":"http:\/\/jornalismo.ufsj.edu.br\/?p=1855"},"modified":"2016-03-18T21:30:28","modified_gmt":"2016-03-18T21:30:28","slug":"para-quem-perdeu-ainda-da-tempo-conheca-a-producao-de-jovens-cineastas-do-curso","status":"publish","type":"post","link":"http:\/\/anu.ufsj.edu.br\/site\/documentario\/para-quem-perdeu-ainda-da-tempo-conheca-a-producao-de-jovens-cineastas-do-curso\/","title":{"rendered":"Para quem perdeu, ainda d\u00e1 tempo: Conhe\u00e7a a produ\u00e7\u00e3o de jovens cineastas do curso"},"content":{"rendered":"<p><img loading=\"lazy\" class=\"  wp-image-1868 alignleft\" src=\"http:\/\/jornalismo.ufsj.edu.br\/wp-content\/uploads\/2016\/03\/curtas-19-03.jpg\" alt=\"curtas-19.03\" width=\"269\" height=\"190\" \/>\u201cO cinema n\u00e3o tem fronteiras nem limites. \u00c9 um fluxo constante de sonho.\u201d Foi no s\u00e9culo passado que Orson Welles, roteirista, produtor, ator e cineasta estadunidense, disse isso. Mesmo que os anos tenham se passado, esta frase se mant\u00e9m atualizada. Como disse Welles, ultrapassando as fronteiras da UFSJ alunos do curso de Jornalismo exibem seus curta-metragens no Centro Cultural Yves Alves, em Tiradentes. A sess\u00e3o \u201cTalentos Regionais\u201d ter\u00e1 sua segunda exibi\u00e7\u00e3o\u00a0neste s\u00e1bado, 19, \u00e0s 18 horas.<\/p>\n<p>Os temas dos curtas transitam entre diversas esferas da s\u00e9tima arte. A fama de um ponto da hist\u00f3rica S\u00e3o Jo\u00e3o del-Rei; um bloco carnavalesco tradicional de Tiradentes; a hist\u00f3ria de um m\u00fasico do Sul de Minas; as adversidades vividas por uma travesti; e pensamentos que trazem uma tarde chuvosa.<\/p>\n<p>O bloco Ver-te Cana, tradicional no Carnaval tiradentino, \u00e9 retratado no curta de mesmo nome, por Emanuelle Melo e Mariana Nogueira. Thiago Morandi, ex-aluno do curso de Comunica\u00e7\u00e3o Social \u2013 Jornalismo da UFSJ mostra atrav\u00e9s de seu trabalho o curta \u201cTi\u00e3o Paineira, 86 janeiros\u201d, exibido tamb\u00e9m na 19\u00aa Mostra de Cinema de Tiradentes, nesse ano.<\/p>\n<p>Os quatro demais v\u00eddeos foram produzidos por graduandos do curso de Jornalismo da UFSJ, como trabalho final da disciplina \u201cDocument\u00e1rio para TV\u201d, ministrada pela professora Dra. Vanessa Maia e pelo professor Dr. Jo\u00e3o Barreto. A professora se disse encantada com o trabalho dos alunos e com a compet\u00eancia de cada um. \u201c\u00c9 gratificante ver que eles se dedicaram a realizar um trabalho n\u00e3o s\u00f3 para a disciplina, mas para valorizar a cidade, a responsabilidade com os outros e, sobretudo, com as pessoas\u201d, diz.<\/p>\n<p>T\u00falio Moura, o jovem cineasta produtor de \u201cA Esquina do Kibon\u201d, traz a hist\u00f3ria do ponto mais badalado de S\u00e3o Jo\u00e3o del-Rei, e a influ\u00eancia do Sr. Claudinor, seu av\u00f4 e comerciante local, na constru\u00e7\u00e3o da fama do lugar. O aluno conta que cresceu ouvindo diversas hist\u00f3rias sobre a esquina e p\u00f4de, atrav\u00e9s do trabalho, fazer um registro n\u00e3o s\u00f3 familiar, mas hist\u00f3rico. \u201cO tema em si pode gerar uma reflex\u00e3o sobre as tradi\u00e7\u00f5es de S\u00e3o Jo\u00e3o. At\u00e9 hoje pessoas se encontram ali e carregam consigo desde os pequenos casos at\u00e9 debates sobre acontecimentos e not\u00edcias da regi\u00e3o\u201d, afirma. O curta voc\u00ea pode assistir <a href=\"https:\/\/vimeo.com\/148022877\" target=\"_blank\">aqui<\/a>.<\/p>\n<p>Ainda em tem\u00e1tica envolvendo a Cidade dos Sinos, Marlon de Paula, Priscila Natany e Fl\u00e1via Frota contam as adversidades vividas na trajet\u00f3ria de Marisol, travesti e rainha de bateria do Carnaval sanjoanense, no curta \u201cVida Tirana\u201d. Marlon conta que \u201ca Marisol se mostrou ser uma pe\u00e7a muito central para se entender a hist\u00f3ria da \u2018Rua da Zona\u2019\u201d, nome popular da Rua Marechal Bittencourt.<\/p>\n<p>Uma personalidade marcante do Sul de Minas \u00e9 o tema do curta de Diego Alexandre, que traz a hist\u00f3ria de Wilson da Silva, o Ventania, um m\u00fasico influenciado pela cultura hippie, que aos 14 anos caiu na estrada cantando e vendendo artesanatos nas cal\u00e7adas por onde passava. O document\u00e1rio tamb\u00e9m foi exibido no ano passado no 28\u00ba Inverno Cultural, no XV FACE \u2013 Festival de Artes C\u00eanicas em Conselheiro Lafaiete e em festivais de outros estados. <a href=\"https:\/\/www.youtube.com\/watch?time_continue=2&amp;v=vQjaueMOw4s\" target=\"_blank\">Aqui<\/a>\u00a0voc\u00ea v\u00ea um trecho do trabalho de Diego.<\/p>\n<p>Nicoly de Oliveira escolheu uma tem\u00e1tica envolvendo as reflex\u00f5es que um dia chuvoso proporciona. Com cen\u00e1rio simples, dentro de seu apartamento, ela apresenta o rumo que alguns acontecimentos tiveram em fun\u00e7\u00e3o da chuva em \u201c\u00daltimo Verso\u201d.<\/p>\n<p>As dificuldades para a produ\u00e7\u00e3o dos document\u00e1rios s\u00e3o diversas. T\u00falio ressalta que, como para ele foi a primeira experi\u00eancia, a sele\u00e7\u00e3o de imagens e entrevistas foi algo que o limitava. A falta de recursos tamb\u00e9m foi um problema para os jovens produtores. \u201cN\u00e3o ter recursos para adquirir determinados equipamentos torna a produ\u00e7\u00e3o mais complicada, mas ao mesmo tempo, mais criativa\u201d, comenta Marlon. \u201cTemos que reinventar e recriar uma s\u00e9rie de coisas para conseguir driblar as dificuldades\u201d, completa.<\/p>\n<p style=\"text-align:right;\">Texto adaptado<span style=\"color:#ff0000;\"> <a href=\"http:\/\/www.vanufsj.jor.br\/?p=3095\">VAN<\/a>:<\/span> Emanuel Reis<\/p>\n<p>&nbsp;<\/p>\n","protected":false},"excerpt":{"rendered":"<p>\u201cO cinema n\u00e3o tem fronteiras nem limites. \u00c9 um fluxo constante de sonho.\u201d Foi no s\u00e9culo passado que Orson Welles, roteirista, produtor, ator e cineasta estadunidense, disse isso. Mesmo que os anos tenham se passado, esta frase se mant\u00e9m atualizada&#8230;.<\/p>\n","protected":false},"author":3,"featured_media":1868,"comment_status":"open","ping_status":"open","sticky":false,"template":"","format":"standard","meta":{"_monsterinsights_skip_tracking":false,"_monsterinsights_sitenote_active":false,"_monsterinsights_sitenote_note":"","_monsterinsights_sitenote_category":0},"categories":[22],"tags":[],"yoast_head":"<!-- This site is optimized with the Yoast SEO plugin v20.6 - https:\/\/yoast.com\/wordpress\/plugins\/seo\/ -->\n<title>Para quem perdeu, ainda d\u00e1 tempo: Conhe\u00e7a a produ\u00e7\u00e3o de jovens cineastas do curso - Jornalismo UFSJ<\/title>\n<meta name=\"robots\" content=\"index, follow, max-snippet:-1, max-image-preview:large, max-video-preview:-1\" \/>\n<link rel=\"canonical\" href=\"http:\/\/anu.ufsj.edu.br\/site\/documentario\/para-quem-perdeu-ainda-da-tempo-conheca-a-producao-de-jovens-cineastas-do-curso\/\" \/>\n<meta property=\"og:locale\" content=\"pt_BR\" \/>\n<meta property=\"og:type\" content=\"article\" \/>\n<meta property=\"og:title\" content=\"Para quem perdeu, ainda d\u00e1 tempo: Conhe\u00e7a a produ\u00e7\u00e3o de jovens cineastas do curso - Jornalismo UFSJ\" \/>\n<meta property=\"og:description\" content=\"\u201cO cinema n\u00e3o tem fronteiras nem limites. \u00c9 um fluxo constante de sonho.\u201d Foi no s\u00e9culo passado que Orson Welles, roteirista, produtor, ator e cineasta estadunidense, disse isso. Mesmo que os anos tenham se passado, esta frase se mant\u00e9m atualizada....\" \/>\n<meta property=\"og:url\" content=\"http:\/\/anu.ufsj.edu.br\/site\/documentario\/para-quem-perdeu-ainda-da-tempo-conheca-a-producao-de-jovens-cineastas-do-curso\/\" \/>\n<meta property=\"og:site_name\" content=\"Jornalismo UFSJ\" \/>\n<meta property=\"article:publisher\" content=\"https:\/\/www.facebook.com\/jornalismoufsj\/\" \/>\n<meta property=\"article:published_time\" content=\"2016-03-18T21:30:28+00:00\" \/>\n<meta name=\"twitter:card\" content=\"summary_large_image\" \/>\n<meta name=\"twitter:creator\" content=\"@jornalismoufsj\" \/>\n<meta name=\"twitter:site\" content=\"@jornalismoufsj\" \/>\n<meta name=\"twitter:label1\" content=\"Escrito por\" \/>\n\t<meta name=\"twitter:data1\" content=\"\" \/>\n\t<meta name=\"twitter:label2\" content=\"Est. tempo de leitura\" \/>\n\t<meta name=\"twitter:data2\" content=\"3 minutos\" \/>\n<script type=\"application\/ld+json\" class=\"yoast-schema-graph\">{\"@context\":\"https:\/\/schema.org\",\"@graph\":[{\"@type\":\"WebPage\",\"@id\":\"http:\/\/anu.ufsj.edu.br\/site\/documentario\/para-quem-perdeu-ainda-da-tempo-conheca-a-producao-de-jovens-cineastas-do-curso\/\",\"url\":\"http:\/\/anu.ufsj.edu.br\/site\/documentario\/para-quem-perdeu-ainda-da-tempo-conheca-a-producao-de-jovens-cineastas-do-curso\/\",\"name\":\"Para quem perdeu, ainda d\u00e1 tempo: Conhe\u00e7a a produ\u00e7\u00e3o de jovens cineastas do curso - Jornalismo UFSJ\",\"isPartOf\":{\"@id\":\"http:\/\/jornalismo.ufsj.edu.br\/site\/#website\"},\"datePublished\":\"2016-03-18T21:30:28+00:00\",\"dateModified\":\"2016-03-18T21:30:28+00:00\",\"author\":{\"@id\":\"\"},\"breadcrumb\":{\"@id\":\"http:\/\/anu.ufsj.edu.br\/site\/documentario\/para-quem-perdeu-ainda-da-tempo-conheca-a-producao-de-jovens-cineastas-do-curso\/#breadcrumb\"},\"inLanguage\":\"pt-BR\",\"potentialAction\":[{\"@type\":\"ReadAction\",\"target\":[\"http:\/\/anu.ufsj.edu.br\/site\/documentario\/para-quem-perdeu-ainda-da-tempo-conheca-a-producao-de-jovens-cineastas-do-curso\/\"]}]},{\"@type\":\"BreadcrumbList\",\"@id\":\"http:\/\/anu.ufsj.edu.br\/site\/documentario\/para-quem-perdeu-ainda-da-tempo-conheca-a-producao-de-jovens-cineastas-do-curso\/#breadcrumb\",\"itemListElement\":[{\"@type\":\"ListItem\",\"position\":1,\"name\":\"In\u00edcio\",\"item\":\"http:\/\/jornalismo.ufsj.edu.br\/site\/\"},{\"@type\":\"ListItem\",\"position\":2,\"name\":\"Para quem perdeu, ainda d\u00e1 tempo: Conhe\u00e7a a produ\u00e7\u00e3o de jovens cineastas do curso\"}]},{\"@type\":\"WebSite\",\"@id\":\"http:\/\/jornalismo.ufsj.edu.br\/site\/#website\",\"url\":\"http:\/\/jornalismo.ufsj.edu.br\/site\/\",\"name\":\"Jornalismo UFSJ\",\"description\":\"\",\"potentialAction\":[{\"@type\":\"SearchAction\",\"target\":{\"@type\":\"EntryPoint\",\"urlTemplate\":\"http:\/\/jornalismo.ufsj.edu.br\/site\/?s={search_term_string}\"},\"query-input\":\"required name=search_term_string\"}],\"inLanguage\":\"pt-BR\"},{\"@type\":\"Person\",\"@id\":\"\"}]}<\/script>\n<!-- \/ Yoast SEO plugin. -->","yoast_head_json":{"title":"Para quem perdeu, ainda d\u00e1 tempo: Conhe\u00e7a a produ\u00e7\u00e3o de jovens cineastas do curso - Jornalismo UFSJ","robots":{"index":"index","follow":"follow","max-snippet":"max-snippet:-1","max-image-preview":"max-image-preview:large","max-video-preview":"max-video-preview:-1"},"canonical":"http:\/\/anu.ufsj.edu.br\/site\/documentario\/para-quem-perdeu-ainda-da-tempo-conheca-a-producao-de-jovens-cineastas-do-curso\/","og_locale":"pt_BR","og_type":"article","og_title":"Para quem perdeu, ainda d\u00e1 tempo: Conhe\u00e7a a produ\u00e7\u00e3o de jovens cineastas do curso - Jornalismo UFSJ","og_description":"\u201cO cinema n\u00e3o tem fronteiras nem limites. \u00c9 um fluxo constante de sonho.\u201d Foi no s\u00e9culo passado que Orson Welles, roteirista, produtor, ator e cineasta estadunidense, disse isso. Mesmo que os anos tenham se passado, esta frase se mant\u00e9m atualizada....","og_url":"http:\/\/anu.ufsj.edu.br\/site\/documentario\/para-quem-perdeu-ainda-da-tempo-conheca-a-producao-de-jovens-cineastas-do-curso\/","og_site_name":"Jornalismo UFSJ","article_publisher":"https:\/\/www.facebook.com\/jornalismoufsj\/","article_published_time":"2016-03-18T21:30:28+00:00","twitter_card":"summary_large_image","twitter_creator":"@jornalismoufsj","twitter_site":"@jornalismoufsj","twitter_misc":{"Escrito por":"","Est. tempo de leitura":"3 minutos"},"schema":{"@context":"https:\/\/schema.org","@graph":[{"@type":"WebPage","@id":"http:\/\/anu.ufsj.edu.br\/site\/documentario\/para-quem-perdeu-ainda-da-tempo-conheca-a-producao-de-jovens-cineastas-do-curso\/","url":"http:\/\/anu.ufsj.edu.br\/site\/documentario\/para-quem-perdeu-ainda-da-tempo-conheca-a-producao-de-jovens-cineastas-do-curso\/","name":"Para quem perdeu, ainda d\u00e1 tempo: Conhe\u00e7a a produ\u00e7\u00e3o de jovens cineastas do curso - Jornalismo UFSJ","isPartOf":{"@id":"http:\/\/jornalismo.ufsj.edu.br\/site\/#website"},"datePublished":"2016-03-18T21:30:28+00:00","dateModified":"2016-03-18T21:30:28+00:00","author":{"@id":""},"breadcrumb":{"@id":"http:\/\/anu.ufsj.edu.br\/site\/documentario\/para-quem-perdeu-ainda-da-tempo-conheca-a-producao-de-jovens-cineastas-do-curso\/#breadcrumb"},"inLanguage":"pt-BR","potentialAction":[{"@type":"ReadAction","target":["http:\/\/anu.ufsj.edu.br\/site\/documentario\/para-quem-perdeu-ainda-da-tempo-conheca-a-producao-de-jovens-cineastas-do-curso\/"]}]},{"@type":"BreadcrumbList","@id":"http:\/\/anu.ufsj.edu.br\/site\/documentario\/para-quem-perdeu-ainda-da-tempo-conheca-a-producao-de-jovens-cineastas-do-curso\/#breadcrumb","itemListElement":[{"@type":"ListItem","position":1,"name":"In\u00edcio","item":"http:\/\/jornalismo.ufsj.edu.br\/site\/"},{"@type":"ListItem","position":2,"name":"Para quem perdeu, ainda d\u00e1 tempo: Conhe\u00e7a a produ\u00e7\u00e3o de jovens cineastas do curso"}]},{"@type":"WebSite","@id":"http:\/\/jornalismo.ufsj.edu.br\/site\/#website","url":"http:\/\/jornalismo.ufsj.edu.br\/site\/","name":"Jornalismo UFSJ","description":"","potentialAction":[{"@type":"SearchAction","target":{"@type":"EntryPoint","urlTemplate":"http:\/\/jornalismo.ufsj.edu.br\/site\/?s={search_term_string}"},"query-input":"required name=search_term_string"}],"inLanguage":"pt-BR"},{"@type":"Person","@id":""}]}},"jetpack_featured_media_url":"","_links":{"self":[{"href":"http:\/\/anu.ufsj.edu.br\/site\/wp-json\/wp\/v2\/posts\/1855"}],"collection":[{"href":"http:\/\/anu.ufsj.edu.br\/site\/wp-json\/wp\/v2\/posts"}],"about":[{"href":"http:\/\/anu.ufsj.edu.br\/site\/wp-json\/wp\/v2\/types\/post"}],"author":[{"embeddable":true,"href":"http:\/\/anu.ufsj.edu.br\/site\/wp-json\/wp\/v2\/users\/3"}],"replies":[{"embeddable":true,"href":"http:\/\/anu.ufsj.edu.br\/site\/wp-json\/wp\/v2\/comments?post=1855"}],"version-history":[{"count":0,"href":"http:\/\/anu.ufsj.edu.br\/site\/wp-json\/wp\/v2\/posts\/1855\/revisions"}],"wp:featuredmedia":[{"embeddable":true,"href":"http:\/\/anu.ufsj.edu.br\/site\/wp-json\/"}],"wp:attachment":[{"href":"http:\/\/anu.ufsj.edu.br\/site\/wp-json\/wp\/v2\/media?parent=1855"}],"wp:term":[{"taxonomy":"category","embeddable":true,"href":"http:\/\/anu.ufsj.edu.br\/site\/wp-json\/wp\/v2\/categories?post=1855"},{"taxonomy":"post_tag","embeddable":true,"href":"http:\/\/anu.ufsj.edu.br\/site\/wp-json\/wp\/v2\/tags?post=1855"}],"curies":[{"name":"wp","href":"https:\/\/api.w.org\/{rel}","templated":true}]}}