{"id":1875,"date":"2016-03-21T19:35:08","date_gmt":"2016-03-21T19:35:08","guid":{"rendered":"http:\/\/jornalismo.ufsj.edu.br\/?p=1875"},"modified":"2016-03-21T19:35:08","modified_gmt":"2016-03-21T19:35:08","slug":"aplicativo-criado-por-estudantes-promove-a-semana-santa-e-vira-noticia","status":"publish","type":"post","link":"http:\/\/anu.ufsj.edu.br\/site\/webjornalismo\/aplicativo-criado-por-estudantes-promove-a-semana-santa-e-vira-noticia\/","title":{"rendered":"Aplicativo criado por estudantes promove a Semana Santa e vira not\u00edcia"},"content":{"rendered":"<div id=\"attachment_1911\" style=\"width: 340px\" class=\"wp-caption alignleft\"><img aria-describedby=\"caption-attachment-1911\" loading=\"lazy\" class=\"  wp-image-1911 alignleft\" src=\"http:\/\/jornalismo.ufsj.edu.br\/wp-content\/uploads\/2016\/03\/aplicativos_semana_santa_sao_joao_del_rei.jpg\" alt=\"aplicativos_semana_santa_sao_joao_del_rei\" width=\"330\" height=\"248\" \/><p id=\"caption-attachment-1911\" class=\"wp-caption-text\">Eduardo e Luiz Fernando (Foto: Iolanda Pedrosa, reproduzida do site\u00a0<a href=\"http:\/\/g1.globo.com\/mg\/zona-da-mata\/noticia\/2016\/03\/aplicativos-divulgam-semana-santa-em-sao-joao-del-rei.html\" target=\"_blank\">G1<\/a>).<\/p><\/div>\n<p>Na \u00faltima sexta-feira, 18, no Centro Cultural da UFSJ, Eduardo Carazza, do curso de Jornalismo, e Luiz Fernando Carvalho, do curso de Ci\u00eancias da Computa\u00e7\u00e3o, realizaram o lan\u00e7amento do aplicativo que produziram em seus Trabalhos de Conclus\u00e3o de Curso. Trata-se de um aplicativo para celular que permitir\u00e1 acompanhar toda a programa\u00e7\u00e3o da Semana Santa, evento tradicional em S\u00e3o Jo\u00e3o del-Rei.<\/p>\n<p>Eduardo explica por que escolheu esta data para inaugurar seu projeto: &#8220;Escolhemos a Semana Santa de S\u00e3o Jo\u00e3o del-Rei por toda relev\u00e2ncia cultural e religiosa que ela tem na cidade e no Brasil. Aqui h\u00e1 celebra\u00e7\u00f5es extintas at\u00e9 mesmo no Vaticano. Durante as conversas acerca do que seria o tema, achamos este um argumento forte&#8221;.<\/p>\n<p>Sobre as especializa\u00e7\u00f5es do aplicativo, o estudante informa que j\u00e1 est\u00e1 dispon\u00edvel para download gratuito, apresentando a programa\u00e7\u00e3o da par\u00f3quia de Nossa Senhora do Pilar: &#8220;Como conte\u00fado, apresentamos aos usu\u00e1rios cobertura fotogr\u00e1fica de todo o evento, \u00e1udios do Of\u00edcio de Trevas e mapa sinalizando os locais das celebra\u00e7\u00f5es&#8221;. O usu\u00e1rio que postar fotos no Instagram tamb\u00e9m poder\u00e1 ter suas fotos divulgadas\u00a0no app, utilizando a hashtag <strong>#semanasanta_sjdr<\/strong>.\u00a0O aplicativo conta tamb\u00e9m com \u00e1udios gravados com exclusividade pelo Bispo Diocesano Dom C\u00e9lio, que narram\u00a0os \u00faltimos momentos da vida de Cristo atrav\u00e9s da Via-Sacra.<\/p>\n<p>O programa \u00e9 de f\u00e1cil manuseio\u00a0e pode ser baixado gratuitamente para o sistema Android, pela <a href=\"https:\/\/play.google.com\/store\/apps\/details?id=xdk.intel.sssjdr\" target=\"_blank\">Google Play Store<\/a>. O lan\u00e7amento foi not\u00edcia em sites como o\u00a0<a href=\"http:\/\/g1.globo.com\/mg\/zona-da-mata\/noticia\/2016\/03\/aplicativos-divulgam-semana-santa-em-sao-joao-del-rei.html\" target=\"_blank\">G1<\/a>. A Vertentes Ag\u00eancia de Not\u00edcias (VAN),\u00a0produzida por alunos do curso de Jornalismo, traz mais detalhes. Confira\u00a0<a href=\"http:\/\/www.vanufsj.jor.br\/?p=3204\" target=\"_blank\">aqui<\/a>.<\/p>\n<p>&nbsp;<\/p>\n<p style=\"text-align:right;\">Texto: Lucas \u00a0Di Capri<\/p>\n","protected":false},"excerpt":{"rendered":"<p>Na \u00faltima sexta-feira, 18, no Centro Cultural da UFSJ, Eduardo Carazza, do curso de Jornalismo, e Luiz Fernando Carvalho, do curso de Ci\u00eancias da Computa\u00e7\u00e3o, realizaram o lan\u00e7amento do aplicativo que produziram em seus Trabalhos de Conclus\u00e3o de Curso. Trata-se&#8230;<\/p>\n","protected":false},"author":3,"featured_media":1911,"comment_status":"open","ping_status":"open","sticky":false,"template":"","format":"standard","meta":{"_monsterinsights_skip_tracking":false,"_monsterinsights_sitenote_active":false,"_monsterinsights_sitenote_note":"","_monsterinsights_sitenote_category":0},"categories":[77],"tags":[],"yoast_head":"<!-- This site is optimized with the Yoast SEO plugin v20.6 - https:\/\/yoast.com\/wordpress\/plugins\/seo\/ -->\n<title>Aplicativo criado por estudantes promove a Semana Santa e vira not\u00edcia - Jornalismo UFSJ<\/title>\n<meta name=\"robots\" content=\"index, follow, max-snippet:-1, max-image-preview:large, max-video-preview:-1\" \/>\n<link rel=\"canonical\" href=\"http:\/\/anu.ufsj.edu.br\/site\/webjornalismo\/aplicativo-criado-por-estudantes-promove-a-semana-santa-e-vira-noticia\/\" \/>\n<meta property=\"og:locale\" content=\"pt_BR\" \/>\n<meta property=\"og:type\" content=\"article\" \/>\n<meta property=\"og:title\" content=\"Aplicativo criado por estudantes promove a Semana Santa e vira not\u00edcia - Jornalismo UFSJ\" \/>\n<meta property=\"og:description\" content=\"Na \u00faltima sexta-feira, 18, no Centro Cultural da UFSJ, Eduardo Carazza, do curso de Jornalismo, e Luiz Fernando Carvalho, do curso de Ci\u00eancias da Computa\u00e7\u00e3o, realizaram o lan\u00e7amento do aplicativo que produziram em seus Trabalhos de Conclus\u00e3o de Curso. Trata-se...\" \/>\n<meta property=\"og:url\" content=\"http:\/\/anu.ufsj.edu.br\/site\/webjornalismo\/aplicativo-criado-por-estudantes-promove-a-semana-santa-e-vira-noticia\/\" \/>\n<meta property=\"og:site_name\" content=\"Jornalismo UFSJ\" \/>\n<meta property=\"article:publisher\" content=\"https:\/\/www.facebook.com\/jornalismoufsj\/\" \/>\n<meta property=\"article:published_time\" content=\"2016-03-21T19:35:08+00:00\" \/>\n<meta name=\"twitter:card\" content=\"summary_large_image\" \/>\n<meta name=\"twitter:creator\" content=\"@jornalismoufsj\" \/>\n<meta name=\"twitter:site\" content=\"@jornalismoufsj\" \/>\n<meta name=\"twitter:label1\" content=\"Escrito por\" \/>\n\t<meta name=\"twitter:data1\" content=\"\" \/>\n\t<meta name=\"twitter:label2\" content=\"Est. tempo de leitura\" \/>\n\t<meta name=\"twitter:data2\" content=\"2 minutos\" \/>\n<script type=\"application\/ld+json\" class=\"yoast-schema-graph\">{\"@context\":\"https:\/\/schema.org\",\"@graph\":[{\"@type\":\"WebPage\",\"@id\":\"http:\/\/anu.ufsj.edu.br\/site\/webjornalismo\/aplicativo-criado-por-estudantes-promove-a-semana-santa-e-vira-noticia\/\",\"url\":\"http:\/\/anu.ufsj.edu.br\/site\/webjornalismo\/aplicativo-criado-por-estudantes-promove-a-semana-santa-e-vira-noticia\/\",\"name\":\"Aplicativo criado por estudantes promove a Semana Santa e vira not\u00edcia - Jornalismo UFSJ\",\"isPartOf\":{\"@id\":\"http:\/\/jornalismo.ufsj.edu.br\/site\/#website\"},\"datePublished\":\"2016-03-21T19:35:08+00:00\",\"dateModified\":\"2016-03-21T19:35:08+00:00\",\"author\":{\"@id\":\"\"},\"breadcrumb\":{\"@id\":\"http:\/\/anu.ufsj.edu.br\/site\/webjornalismo\/aplicativo-criado-por-estudantes-promove-a-semana-santa-e-vira-noticia\/#breadcrumb\"},\"inLanguage\":\"pt-BR\",\"potentialAction\":[{\"@type\":\"ReadAction\",\"target\":[\"http:\/\/anu.ufsj.edu.br\/site\/webjornalismo\/aplicativo-criado-por-estudantes-promove-a-semana-santa-e-vira-noticia\/\"]}]},{\"@type\":\"BreadcrumbList\",\"@id\":\"http:\/\/anu.ufsj.edu.br\/site\/webjornalismo\/aplicativo-criado-por-estudantes-promove-a-semana-santa-e-vira-noticia\/#breadcrumb\",\"itemListElement\":[{\"@type\":\"ListItem\",\"position\":1,\"name\":\"In\u00edcio\",\"item\":\"http:\/\/jornalismo.ufsj.edu.br\/site\/\"},{\"@type\":\"ListItem\",\"position\":2,\"name\":\"Aplicativo criado por estudantes promove a Semana Santa e vira not\u00edcia\"}]},{\"@type\":\"WebSite\",\"@id\":\"http:\/\/jornalismo.ufsj.edu.br\/site\/#website\",\"url\":\"http:\/\/jornalismo.ufsj.edu.br\/site\/\",\"name\":\"Jornalismo UFSJ\",\"description\":\"\",\"potentialAction\":[{\"@type\":\"SearchAction\",\"target\":{\"@type\":\"EntryPoint\",\"urlTemplate\":\"http:\/\/jornalismo.ufsj.edu.br\/site\/?s={search_term_string}\"},\"query-input\":\"required name=search_term_string\"}],\"inLanguage\":\"pt-BR\"},{\"@type\":\"Person\",\"@id\":\"\"}]}<\/script>\n<!-- \/ Yoast SEO plugin. -->","yoast_head_json":{"title":"Aplicativo criado por estudantes promove a Semana Santa e vira not\u00edcia - Jornalismo UFSJ","robots":{"index":"index","follow":"follow","max-snippet":"max-snippet:-1","max-image-preview":"max-image-preview:large","max-video-preview":"max-video-preview:-1"},"canonical":"http:\/\/anu.ufsj.edu.br\/site\/webjornalismo\/aplicativo-criado-por-estudantes-promove-a-semana-santa-e-vira-noticia\/","og_locale":"pt_BR","og_type":"article","og_title":"Aplicativo criado por estudantes promove a Semana Santa e vira not\u00edcia - Jornalismo UFSJ","og_description":"Na \u00faltima sexta-feira, 18, no Centro Cultural da UFSJ, Eduardo Carazza, do curso de Jornalismo, e Luiz Fernando Carvalho, do curso de Ci\u00eancias da Computa\u00e7\u00e3o, realizaram o lan\u00e7amento do aplicativo que produziram em seus Trabalhos de Conclus\u00e3o de Curso. Trata-se...","og_url":"http:\/\/anu.ufsj.edu.br\/site\/webjornalismo\/aplicativo-criado-por-estudantes-promove-a-semana-santa-e-vira-noticia\/","og_site_name":"Jornalismo UFSJ","article_publisher":"https:\/\/www.facebook.com\/jornalismoufsj\/","article_published_time":"2016-03-21T19:35:08+00:00","twitter_card":"summary_large_image","twitter_creator":"@jornalismoufsj","twitter_site":"@jornalismoufsj","twitter_misc":{"Escrito por":"","Est. tempo de leitura":"2 minutos"},"schema":{"@context":"https:\/\/schema.org","@graph":[{"@type":"WebPage","@id":"http:\/\/anu.ufsj.edu.br\/site\/webjornalismo\/aplicativo-criado-por-estudantes-promove-a-semana-santa-e-vira-noticia\/","url":"http:\/\/anu.ufsj.edu.br\/site\/webjornalismo\/aplicativo-criado-por-estudantes-promove-a-semana-santa-e-vira-noticia\/","name":"Aplicativo criado por estudantes promove a Semana Santa e vira not\u00edcia - Jornalismo UFSJ","isPartOf":{"@id":"http:\/\/jornalismo.ufsj.edu.br\/site\/#website"},"datePublished":"2016-03-21T19:35:08+00:00","dateModified":"2016-03-21T19:35:08+00:00","author":{"@id":""},"breadcrumb":{"@id":"http:\/\/anu.ufsj.edu.br\/site\/webjornalismo\/aplicativo-criado-por-estudantes-promove-a-semana-santa-e-vira-noticia\/#breadcrumb"},"inLanguage":"pt-BR","potentialAction":[{"@type":"ReadAction","target":["http:\/\/anu.ufsj.edu.br\/site\/webjornalismo\/aplicativo-criado-por-estudantes-promove-a-semana-santa-e-vira-noticia\/"]}]},{"@type":"BreadcrumbList","@id":"http:\/\/anu.ufsj.edu.br\/site\/webjornalismo\/aplicativo-criado-por-estudantes-promove-a-semana-santa-e-vira-noticia\/#breadcrumb","itemListElement":[{"@type":"ListItem","position":1,"name":"In\u00edcio","item":"http:\/\/jornalismo.ufsj.edu.br\/site\/"},{"@type":"ListItem","position":2,"name":"Aplicativo criado por estudantes promove a Semana Santa e vira not\u00edcia"}]},{"@type":"WebSite","@id":"http:\/\/jornalismo.ufsj.edu.br\/site\/#website","url":"http:\/\/jornalismo.ufsj.edu.br\/site\/","name":"Jornalismo UFSJ","description":"","potentialAction":[{"@type":"SearchAction","target":{"@type":"EntryPoint","urlTemplate":"http:\/\/jornalismo.ufsj.edu.br\/site\/?s={search_term_string}"},"query-input":"required name=search_term_string"}],"inLanguage":"pt-BR"},{"@type":"Person","@id":""}]}},"jetpack_featured_media_url":"","_links":{"self":[{"href":"http:\/\/anu.ufsj.edu.br\/site\/wp-json\/wp\/v2\/posts\/1875"}],"collection":[{"href":"http:\/\/anu.ufsj.edu.br\/site\/wp-json\/wp\/v2\/posts"}],"about":[{"href":"http:\/\/anu.ufsj.edu.br\/site\/wp-json\/wp\/v2\/types\/post"}],"author":[{"embeddable":true,"href":"http:\/\/anu.ufsj.edu.br\/site\/wp-json\/wp\/v2\/users\/3"}],"replies":[{"embeddable":true,"href":"http:\/\/anu.ufsj.edu.br\/site\/wp-json\/wp\/v2\/comments?post=1875"}],"version-history":[{"count":0,"href":"http:\/\/anu.ufsj.edu.br\/site\/wp-json\/wp\/v2\/posts\/1875\/revisions"}],"wp:featuredmedia":[{"embeddable":true,"href":"http:\/\/anu.ufsj.edu.br\/site\/wp-json\/"}],"wp:attachment":[{"href":"http:\/\/anu.ufsj.edu.br\/site\/wp-json\/wp\/v2\/media?parent=1875"}],"wp:term":[{"taxonomy":"category","embeddable":true,"href":"http:\/\/anu.ufsj.edu.br\/site\/wp-json\/wp\/v2\/categories?post=1875"},{"taxonomy":"post_tag","embeddable":true,"href":"http:\/\/anu.ufsj.edu.br\/site\/wp-json\/wp\/v2\/tags?post=1875"}],"curies":[{"name":"wp","href":"https:\/\/api.w.org\/{rel}","templated":true}]}}