{"id":1994,"date":"2016-03-25T21:26:29","date_gmt":"2016-03-25T21:26:29","guid":{"rendered":"http:\/\/jornalismo.ufsj.edu.br\/?p=1994"},"modified":"2016-03-25T21:26:29","modified_gmt":"2016-03-25T21:26:29","slug":"ex-aluno-de-jornalismo-exibe-os-cinco-sentidos-do-patrimonio","status":"publish","type":"post","link":"http:\/\/anu.ufsj.edu.br\/site\/ex-alunos\/ex-aluno-de-jornalismo-exibe-os-cinco-sentidos-do-patrimonio\/","title":{"rendered":"Ex-aluno de Jornalismo exibe os cinco sentidos do patrim\u00f4nio"},"content":{"rendered":"<p>No \u00faltimo<img loading=\"lazy\" class=\"  wp-image-1997 alignleft\" src=\"http:\/\/jornalismo.ufsj.edu.br\/wp-content\/uploads\/2016\/03\/5-sentidos-patrimc3b4nio-thiago-morandi1.jpg\" alt=\"5 Sentidos Patrim\u00f4nio - Thiago Morandi\" width=\"317\" height=\"211\" \/>\u00a0dia 24 (quinta-feira), no Museu Regional de S\u00e3o Jo\u00e3o del-Rei, foi inaugurada\u00a0a primeira exposi\u00e7\u00e3o individual do fot\u00f3grafo\u00a0 sanjoanense Thiago Morandi, formado no curso de Comunica\u00e7\u00e3o<span style=\"color:#003300;\">\u00a0<\/span>Social da UFSJ. Nomeada &#8220;Os 5 Sentidos do Patrim\u00f4nio&#8221;, a exposi\u00e7\u00e3o pretende, atrav\u00e9s dos sentidos, fazer com que o espectador se sinta presente no patrim\u00f4nio material e imaterial de S\u00e3o Jo\u00e3o e de Minas.<\/p>\n<p>A exibi\u00e7\u00e3o conta com fotografias, proje\u00e7\u00f5es, sons e textos. Morandi explica que &#8220;atrav\u00e9s da fotografia, dessa vis\u00e3o, do \u00e1udio, do olfato, enfim, provocando os sentidos, a gente faz com que a pessoa se sinta presente naquele momento em que a fotografia foi feita&#8221;.<\/p>\n<p>A exposi\u00e7\u00e3o tem como objetivo n\u00e3o apenas expor a bagagem cultural da cidade e da regi\u00e3o mas tamb\u00e9m documentar. Segundo Thiago &#8220;uma vez que a gente registra isso,\u00a0a gente est\u00e1 documentando e possibilitando que isso n\u00e3o se perca&#8221;. E afirma: &#8220;Eu me sinto muito gratificado\u00a0em poder contribuir com esses registros e levar isso adiante,\u00a0para que realmente fiquem preservados a linguagem dos sinos, o congado, as prociss\u00f5es, as manifesta\u00e7\u00f5es religiosas&#8221;.<\/p>\n<p>Os &#8220;5\u00a0Sentidos do Patrim\u00f4nio&#8221; ficar\u00e1 em cartaz\u00a0no Museu Regional\u00a0at\u00e9 o dia 29 de maio<span style=\"color:#ff0000;\">\u00a0<\/span>de 2016, com entrada franca.<\/p>\n<p style=\"text-align:right;\">\u00a0Texto e Foto: Maria J\u00falia Rodrigues<\/p>\n","protected":false},"excerpt":{"rendered":"<p>No \u00faltimo\u00a0dia 24 (quinta-feira), no Museu Regional de S\u00e3o Jo\u00e3o del-Rei, foi inaugurada\u00a0a primeira exposi\u00e7\u00e3o individual do fot\u00f3grafo\u00a0 sanjoanense Thiago Morandi, formado no curso de Comunica\u00e7\u00e3o\u00a0Social da UFSJ. Nomeada &#8220;Os 5 Sentidos do Patrim\u00f4nio&#8221;, a exposi\u00e7\u00e3o pretende, atrav\u00e9s dos sentidos,&#8230;<\/p>\n","protected":false},"author":3,"featured_media":1997,"comment_status":"open","ping_status":"open","sticky":false,"template":"","format":"standard","meta":{"_monsterinsights_skip_tracking":false,"_monsterinsights_sitenote_active":false,"_monsterinsights_sitenote_note":"","_monsterinsights_sitenote_category":0},"categories":[28,32],"tags":[],"yoast_head":"<!-- This site is optimized with the Yoast SEO plugin v20.6 - https:\/\/yoast.com\/wordpress\/plugins\/seo\/ -->\n<title>Ex-aluno de Jornalismo exibe os cinco sentidos do patrim\u00f4nio - Jornalismo UFSJ<\/title>\n<meta name=\"robots\" content=\"index, follow, max-snippet:-1, max-image-preview:large, max-video-preview:-1\" \/>\n<link rel=\"canonical\" href=\"https:\/\/jornalismo.ufsj.edu.br\/site\/ex-alunos\/ex-aluno-de-jornalismo-exibe-os-cinco-sentidos-do-patrimonio\/\" \/>\n<meta property=\"og:locale\" content=\"pt_BR\" \/>\n<meta property=\"og:type\" content=\"article\" \/>\n<meta property=\"og:title\" content=\"Ex-aluno de Jornalismo exibe os cinco sentidos do patrim\u00f4nio - Jornalismo UFSJ\" \/>\n<meta property=\"og:description\" content=\"No \u00faltimo\u00a0dia 24 (quinta-feira), no Museu Regional de S\u00e3o Jo\u00e3o del-Rei, foi inaugurada\u00a0a primeira exposi\u00e7\u00e3o individual do fot\u00f3grafo\u00a0 sanjoanense Thiago Morandi, formado no curso de Comunica\u00e7\u00e3o\u00a0Social da UFSJ. Nomeada &#8220;Os 5 Sentidos do Patrim\u00f4nio&#8221;, a exposi\u00e7\u00e3o pretende, atrav\u00e9s dos sentidos,...\" \/>\n<meta property=\"og:url\" content=\"https:\/\/jornalismo.ufsj.edu.br\/site\/ex-alunos\/ex-aluno-de-jornalismo-exibe-os-cinco-sentidos-do-patrimonio\/\" \/>\n<meta property=\"og:site_name\" content=\"Jornalismo UFSJ\" \/>\n<meta property=\"article:publisher\" content=\"https:\/\/www.facebook.com\/jornalismoufsj\/\" \/>\n<meta property=\"article:published_time\" content=\"2016-03-25T21:26:29+00:00\" \/>\n<meta name=\"twitter:card\" content=\"summary_large_image\" \/>\n<meta name=\"twitter:creator\" content=\"@jornalismoufsj\" \/>\n<meta name=\"twitter:site\" content=\"@jornalismoufsj\" \/>\n<meta name=\"twitter:label1\" content=\"Escrito por\" \/>\n\t<meta name=\"twitter:data1\" content=\"\" \/>\n\t<meta name=\"twitter:label2\" content=\"Est. tempo de leitura\" \/>\n\t<meta name=\"twitter:data2\" content=\"1 minuto\" \/>\n<script type=\"application\/ld+json\" class=\"yoast-schema-graph\">{\"@context\":\"https:\/\/schema.org\",\"@graph\":[{\"@type\":\"WebPage\",\"@id\":\"https:\/\/jornalismo.ufsj.edu.br\/site\/ex-alunos\/ex-aluno-de-jornalismo-exibe-os-cinco-sentidos-do-patrimonio\/\",\"url\":\"https:\/\/jornalismo.ufsj.edu.br\/site\/ex-alunos\/ex-aluno-de-jornalismo-exibe-os-cinco-sentidos-do-patrimonio\/\",\"name\":\"Ex-aluno de Jornalismo exibe os cinco sentidos do patrim\u00f4nio - Jornalismo UFSJ\",\"isPartOf\":{\"@id\":\"http:\/\/jornalismo.ufsj.edu.br\/site\/#website\"},\"datePublished\":\"2016-03-25T21:26:29+00:00\",\"dateModified\":\"2016-03-25T21:26:29+00:00\",\"author\":{\"@id\":\"\"},\"breadcrumb\":{\"@id\":\"https:\/\/jornalismo.ufsj.edu.br\/site\/ex-alunos\/ex-aluno-de-jornalismo-exibe-os-cinco-sentidos-do-patrimonio\/#breadcrumb\"},\"inLanguage\":\"pt-BR\",\"potentialAction\":[{\"@type\":\"ReadAction\",\"target\":[\"https:\/\/jornalismo.ufsj.edu.br\/site\/ex-alunos\/ex-aluno-de-jornalismo-exibe-os-cinco-sentidos-do-patrimonio\/\"]}]},{\"@type\":\"BreadcrumbList\",\"@id\":\"https:\/\/jornalismo.ufsj.edu.br\/site\/ex-alunos\/ex-aluno-de-jornalismo-exibe-os-cinco-sentidos-do-patrimonio\/#breadcrumb\",\"itemListElement\":[{\"@type\":\"ListItem\",\"position\":1,\"name\":\"In\u00edcio\",\"item\":\"http:\/\/jornalismo.ufsj.edu.br\/site\/\"},{\"@type\":\"ListItem\",\"position\":2,\"name\":\"Ex-aluno de Jornalismo exibe os cinco sentidos do patrim\u00f4nio\"}]},{\"@type\":\"WebSite\",\"@id\":\"http:\/\/jornalismo.ufsj.edu.br\/site\/#website\",\"url\":\"http:\/\/jornalismo.ufsj.edu.br\/site\/\",\"name\":\"Jornalismo UFSJ\",\"description\":\"\",\"potentialAction\":[{\"@type\":\"SearchAction\",\"target\":{\"@type\":\"EntryPoint\",\"urlTemplate\":\"http:\/\/jornalismo.ufsj.edu.br\/site\/?s={search_term_string}\"},\"query-input\":\"required name=search_term_string\"}],\"inLanguage\":\"pt-BR\"},{\"@type\":\"Person\",\"@id\":\"\"}]}<\/script>\n<!-- \/ Yoast SEO plugin. -->","yoast_head_json":{"title":"Ex-aluno de Jornalismo exibe os cinco sentidos do patrim\u00f4nio - Jornalismo UFSJ","robots":{"index":"index","follow":"follow","max-snippet":"max-snippet:-1","max-image-preview":"max-image-preview:large","max-video-preview":"max-video-preview:-1"},"canonical":"https:\/\/jornalismo.ufsj.edu.br\/site\/ex-alunos\/ex-aluno-de-jornalismo-exibe-os-cinco-sentidos-do-patrimonio\/","og_locale":"pt_BR","og_type":"article","og_title":"Ex-aluno de Jornalismo exibe os cinco sentidos do patrim\u00f4nio - Jornalismo UFSJ","og_description":"No \u00faltimo\u00a0dia 24 (quinta-feira), no Museu Regional de S\u00e3o Jo\u00e3o del-Rei, foi inaugurada\u00a0a primeira exposi\u00e7\u00e3o individual do fot\u00f3grafo\u00a0 sanjoanense Thiago Morandi, formado no curso de Comunica\u00e7\u00e3o\u00a0Social da UFSJ. Nomeada &#8220;Os 5 Sentidos do Patrim\u00f4nio&#8221;, a exposi\u00e7\u00e3o pretende, atrav\u00e9s dos sentidos,...","og_url":"https:\/\/jornalismo.ufsj.edu.br\/site\/ex-alunos\/ex-aluno-de-jornalismo-exibe-os-cinco-sentidos-do-patrimonio\/","og_site_name":"Jornalismo UFSJ","article_publisher":"https:\/\/www.facebook.com\/jornalismoufsj\/","article_published_time":"2016-03-25T21:26:29+00:00","twitter_card":"summary_large_image","twitter_creator":"@jornalismoufsj","twitter_site":"@jornalismoufsj","twitter_misc":{"Escrito por":"","Est. tempo de leitura":"1 minuto"},"schema":{"@context":"https:\/\/schema.org","@graph":[{"@type":"WebPage","@id":"https:\/\/jornalismo.ufsj.edu.br\/site\/ex-alunos\/ex-aluno-de-jornalismo-exibe-os-cinco-sentidos-do-patrimonio\/","url":"https:\/\/jornalismo.ufsj.edu.br\/site\/ex-alunos\/ex-aluno-de-jornalismo-exibe-os-cinco-sentidos-do-patrimonio\/","name":"Ex-aluno de Jornalismo exibe os cinco sentidos do patrim\u00f4nio - Jornalismo UFSJ","isPartOf":{"@id":"http:\/\/jornalismo.ufsj.edu.br\/site\/#website"},"datePublished":"2016-03-25T21:26:29+00:00","dateModified":"2016-03-25T21:26:29+00:00","author":{"@id":""},"breadcrumb":{"@id":"https:\/\/jornalismo.ufsj.edu.br\/site\/ex-alunos\/ex-aluno-de-jornalismo-exibe-os-cinco-sentidos-do-patrimonio\/#breadcrumb"},"inLanguage":"pt-BR","potentialAction":[{"@type":"ReadAction","target":["https:\/\/jornalismo.ufsj.edu.br\/site\/ex-alunos\/ex-aluno-de-jornalismo-exibe-os-cinco-sentidos-do-patrimonio\/"]}]},{"@type":"BreadcrumbList","@id":"https:\/\/jornalismo.ufsj.edu.br\/site\/ex-alunos\/ex-aluno-de-jornalismo-exibe-os-cinco-sentidos-do-patrimonio\/#breadcrumb","itemListElement":[{"@type":"ListItem","position":1,"name":"In\u00edcio","item":"http:\/\/jornalismo.ufsj.edu.br\/site\/"},{"@type":"ListItem","position":2,"name":"Ex-aluno de Jornalismo exibe os cinco sentidos do patrim\u00f4nio"}]},{"@type":"WebSite","@id":"http:\/\/jornalismo.ufsj.edu.br\/site\/#website","url":"http:\/\/jornalismo.ufsj.edu.br\/site\/","name":"Jornalismo UFSJ","description":"","potentialAction":[{"@type":"SearchAction","target":{"@type":"EntryPoint","urlTemplate":"http:\/\/jornalismo.ufsj.edu.br\/site\/?s={search_term_string}"},"query-input":"required name=search_term_string"}],"inLanguage":"pt-BR"},{"@type":"Person","@id":""}]}},"jetpack_featured_media_url":"","_links":{"self":[{"href":"http:\/\/anu.ufsj.edu.br\/site\/wp-json\/wp\/v2\/posts\/1994"}],"collection":[{"href":"http:\/\/anu.ufsj.edu.br\/site\/wp-json\/wp\/v2\/posts"}],"about":[{"href":"http:\/\/anu.ufsj.edu.br\/site\/wp-json\/wp\/v2\/types\/post"}],"author":[{"embeddable":true,"href":"http:\/\/anu.ufsj.edu.br\/site\/wp-json\/wp\/v2\/users\/3"}],"replies":[{"embeddable":true,"href":"http:\/\/anu.ufsj.edu.br\/site\/wp-json\/wp\/v2\/comments?post=1994"}],"version-history":[{"count":0,"href":"http:\/\/anu.ufsj.edu.br\/site\/wp-json\/wp\/v2\/posts\/1994\/revisions"}],"wp:featuredmedia":[{"embeddable":true,"href":"http:\/\/anu.ufsj.edu.br\/site\/wp-json\/"}],"wp:attachment":[{"href":"http:\/\/anu.ufsj.edu.br\/site\/wp-json\/wp\/v2\/media?parent=1994"}],"wp:term":[{"taxonomy":"category","embeddable":true,"href":"http:\/\/anu.ufsj.edu.br\/site\/wp-json\/wp\/v2\/categories?post=1994"},{"taxonomy":"post_tag","embeddable":true,"href":"http:\/\/anu.ufsj.edu.br\/site\/wp-json\/wp\/v2\/tags?post=1994"}],"curies":[{"name":"wp","href":"https:\/\/api.w.org\/{rel}","templated":true}]}}