{"id":2031,"date":"2016-03-29T21:17:03","date_gmt":"2016-03-29T21:17:03","guid":{"rendered":"http:\/\/jornalismo.ufsj.edu.br\/?p=2031"},"modified":"2016-03-29T21:17:03","modified_gmt":"2016-03-29T21:17:03","slug":"projeto-interdisciplinar-promove-praticas-sustentaveis","status":"publish","type":"post","link":"http:\/\/anu.ufsj.edu.br\/site\/extensao\/projeto-interdisciplinar-promove-praticas-sustentaveis\/","title":{"rendered":"Projeto interdisciplinar promove pr\u00e1ticas sustent\u00e1veis"},"content":{"rendered":"<p><img loading=\"lazy\" class=\"  wp-image-2030 alignleft\" src=\"http:\/\/jornalismo.ufsj.edu.br\/wp-content\/uploads\/2016\/03\/vertentes-sustentc3a1veis.png\" alt=\"Vertentes Sustent\u00e1veis\" width=\"192\" height=\"129\" \/>O Vertentes Sustent\u00e1veis nasceu no segundo semestre de 2014 e foi idealizado pelos ent\u00e3o participantes, professor S\u00e1lvio\u00a0de Macedo (do Departamento de Ci\u00eancias Administrativas e Cont\u00e1beis) e Murilo Haddad (do N\u00facleo de Educa\u00e7\u00e3o \u00e0 Dist\u00e2ncia). O projeto tem como inten\u00e7\u00e3o divulgar not\u00edcias que abrangem assuntos ecol\u00f3gicos.<\/p>\n<p>Sendo um projeto do programa de extens\u00e3o Casa Verde (do curso de Biologia da UFSJ), que visa transmitir conhecimentos sobre a biodiversidade, o Vertentes \u00e9 organizado atualmente por\u00a0alunos de Comunica\u00e7\u00e3o Social, al\u00e9m de possuir um vi\u00e9s multidisciplinar entre os estudantes da \u00e1rea da Biologia e Administra\u00e7\u00e3o. Seu objetivo vai muito al\u00e9m de mostrar medidas ambientais e econ\u00f4micas para a sociedade s\u00e3ojoanense, mas tamb\u00e9m a conscientiza\u00e7\u00e3o da popula\u00e7\u00e3o a fim de ajudar a criar h\u00e1bitos mais sustent\u00e1veis.<\/p>\n<p>Nesse in\u00edcio de semestre a equipe do Vertentes abriu vagas para que os calouros pudessem participar. Rosana Faria, estudante de Jornalismo da UFSJ, \u00e9 uma das candidatas. Ela afirma que sempre se importou com a sustentabilidade no mundo e v\u00ea na iniciativa do programa uma forma acess\u00edvel de se obter informa\u00e7\u00e3o sobre alternativas ecol\u00f3gicas\u00a0para a sociedade.<\/p>\n<p>O Vertentes Sustent\u00e1veis concentra seu trabalho nos bairros de S\u00e3o Jo\u00e3o del-Rei fazendo reportagens sobre as novas ideias ambientais\u00a0criadas pela popula\u00e7\u00e3o e t\u00e9cnicas caseiras sustent\u00e1veis. Essas mat\u00e9rias s\u00e3o divididas entre not\u00edcias publicadas no blog <a href=\"http:\/\/www.casaverde.ufsj.edu.br\/portal\/\" target=\"_blank\">Casa Verde<\/a> e v\u00eddeos postados na mesma m\u00eddia, intitulados como \u201cVoc\u00ea Verde\u201d. Os v\u00eddeos n\u00e3o possuem certa periodicidade como os textos, por\u00e9m neles s\u00e3o mostradas para o leitor do blog maneiras pr\u00e1ticas e sustent\u00e1veis\u00a0de se fazer objetos do cotidiano e ainda por cima por um baixo custo, como por exemplo, o sab\u00e3o feito a partir de \u00f3leo de cozinha usado.<\/p>\n<p>O projeto possui, al\u00e9m do blog Casa Verde, uma p\u00e1gina no\u00a0<a href=\"https:\/\/www.facebook.com\/vertentessustentaveis\" target=\"_blank\">Facebook<\/a> onde s\u00e3o divulgadas todas as not\u00edcias realizadas pelo Vertentes e publica\u00e7\u00f5es de outros sites relacionadas ao meio ambiente. Para participar basta ir a uma das reuni\u00f5es que acontecem todas as quintas, \u00e0s 16 horas, no terceiro andar da biblioteca do Campus Santo Ant\u00f4nio.<\/p>\n<p style=\"text-align:right;\">Texto: Beatriz Estima<\/p>\n","protected":false},"excerpt":{"rendered":"<p>O Vertentes Sustent\u00e1veis nasceu no segundo semestre de 2014 e foi idealizado pelos ent\u00e3o participantes, professor S\u00e1lvio\u00a0de Macedo (do Departamento de Ci\u00eancias Administrativas e Cont\u00e1beis) e Murilo Haddad (do N\u00facleo de Educa\u00e7\u00e3o \u00e0 Dist\u00e2ncia). O projeto tem como inten\u00e7\u00e3o divulgar&#8230;<\/p>\n","protected":false},"author":3,"featured_media":2030,"comment_status":"open","ping_status":"open","sticky":false,"template":"","format":"standard","meta":{"_monsterinsights_skip_tracking":false,"_monsterinsights_sitenote_active":false,"_monsterinsights_sitenote_note":"","_monsterinsights_sitenote_category":0},"categories":[29],"tags":[],"yoast_head":"<!-- This site is optimized with the Yoast SEO plugin v20.6 - https:\/\/yoast.com\/wordpress\/plugins\/seo\/ -->\n<title>Projeto interdisciplinar promove pr\u00e1ticas sustent\u00e1veis - Jornalismo UFSJ<\/title>\n<meta name=\"robots\" content=\"index, follow, max-snippet:-1, max-image-preview:large, max-video-preview:-1\" \/>\n<link rel=\"canonical\" href=\"http:\/\/anu.ufsj.edu.br\/site\/extensao\/projeto-interdisciplinar-promove-praticas-sustentaveis\/\" \/>\n<meta property=\"og:locale\" content=\"pt_BR\" \/>\n<meta property=\"og:type\" content=\"article\" \/>\n<meta property=\"og:title\" content=\"Projeto interdisciplinar promove pr\u00e1ticas sustent\u00e1veis - Jornalismo UFSJ\" \/>\n<meta property=\"og:description\" content=\"O Vertentes Sustent\u00e1veis nasceu no segundo semestre de 2014 e foi idealizado pelos ent\u00e3o participantes, professor S\u00e1lvio\u00a0de Macedo (do Departamento de Ci\u00eancias Administrativas e Cont\u00e1beis) e Murilo Haddad (do N\u00facleo de Educa\u00e7\u00e3o \u00e0 Dist\u00e2ncia). O projeto tem como inten\u00e7\u00e3o divulgar...\" \/>\n<meta property=\"og:url\" content=\"http:\/\/anu.ufsj.edu.br\/site\/extensao\/projeto-interdisciplinar-promove-praticas-sustentaveis\/\" \/>\n<meta property=\"og:site_name\" content=\"Jornalismo UFSJ\" \/>\n<meta property=\"article:publisher\" content=\"https:\/\/www.facebook.com\/jornalismoufsj\/\" \/>\n<meta property=\"article:published_time\" content=\"2016-03-29T21:17:03+00:00\" \/>\n<meta name=\"twitter:card\" content=\"summary_large_image\" \/>\n<meta name=\"twitter:creator\" content=\"@jornalismoufsj\" \/>\n<meta name=\"twitter:site\" content=\"@jornalismoufsj\" \/>\n<meta name=\"twitter:label1\" content=\"Escrito por\" \/>\n\t<meta name=\"twitter:data1\" content=\"\" \/>\n\t<meta name=\"twitter:label2\" content=\"Est. tempo de leitura\" \/>\n\t<meta name=\"twitter:data2\" content=\"2 minutos\" \/>\n<script type=\"application\/ld+json\" class=\"yoast-schema-graph\">{\"@context\":\"https:\/\/schema.org\",\"@graph\":[{\"@type\":\"WebPage\",\"@id\":\"http:\/\/anu.ufsj.edu.br\/site\/extensao\/projeto-interdisciplinar-promove-praticas-sustentaveis\/\",\"url\":\"http:\/\/anu.ufsj.edu.br\/site\/extensao\/projeto-interdisciplinar-promove-praticas-sustentaveis\/\",\"name\":\"Projeto interdisciplinar promove pr\u00e1ticas sustent\u00e1veis - Jornalismo UFSJ\",\"isPartOf\":{\"@id\":\"http:\/\/jornalismo.ufsj.edu.br\/site\/#website\"},\"datePublished\":\"2016-03-29T21:17:03+00:00\",\"dateModified\":\"2016-03-29T21:17:03+00:00\",\"author\":{\"@id\":\"\"},\"breadcrumb\":{\"@id\":\"http:\/\/anu.ufsj.edu.br\/site\/extensao\/projeto-interdisciplinar-promove-praticas-sustentaveis\/#breadcrumb\"},\"inLanguage\":\"pt-BR\",\"potentialAction\":[{\"@type\":\"ReadAction\",\"target\":[\"http:\/\/anu.ufsj.edu.br\/site\/extensao\/projeto-interdisciplinar-promove-praticas-sustentaveis\/\"]}]},{\"@type\":\"BreadcrumbList\",\"@id\":\"http:\/\/anu.ufsj.edu.br\/site\/extensao\/projeto-interdisciplinar-promove-praticas-sustentaveis\/#breadcrumb\",\"itemListElement\":[{\"@type\":\"ListItem\",\"position\":1,\"name\":\"In\u00edcio\",\"item\":\"http:\/\/jornalismo.ufsj.edu.br\/site\/\"},{\"@type\":\"ListItem\",\"position\":2,\"name\":\"Projeto interdisciplinar promove pr\u00e1ticas sustent\u00e1veis\"}]},{\"@type\":\"WebSite\",\"@id\":\"http:\/\/jornalismo.ufsj.edu.br\/site\/#website\",\"url\":\"http:\/\/jornalismo.ufsj.edu.br\/site\/\",\"name\":\"Jornalismo UFSJ\",\"description\":\"\",\"potentialAction\":[{\"@type\":\"SearchAction\",\"target\":{\"@type\":\"EntryPoint\",\"urlTemplate\":\"http:\/\/jornalismo.ufsj.edu.br\/site\/?s={search_term_string}\"},\"query-input\":\"required name=search_term_string\"}],\"inLanguage\":\"pt-BR\"},{\"@type\":\"Person\",\"@id\":\"\"}]}<\/script>\n<!-- \/ Yoast SEO plugin. -->","yoast_head_json":{"title":"Projeto interdisciplinar promove pr\u00e1ticas sustent\u00e1veis - Jornalismo UFSJ","robots":{"index":"index","follow":"follow","max-snippet":"max-snippet:-1","max-image-preview":"max-image-preview:large","max-video-preview":"max-video-preview:-1"},"canonical":"http:\/\/anu.ufsj.edu.br\/site\/extensao\/projeto-interdisciplinar-promove-praticas-sustentaveis\/","og_locale":"pt_BR","og_type":"article","og_title":"Projeto interdisciplinar promove pr\u00e1ticas sustent\u00e1veis - Jornalismo UFSJ","og_description":"O Vertentes Sustent\u00e1veis nasceu no segundo semestre de 2014 e foi idealizado pelos ent\u00e3o participantes, professor S\u00e1lvio\u00a0de Macedo (do Departamento de Ci\u00eancias Administrativas e Cont\u00e1beis) e Murilo Haddad (do N\u00facleo de Educa\u00e7\u00e3o \u00e0 Dist\u00e2ncia). O projeto tem como inten\u00e7\u00e3o divulgar...","og_url":"http:\/\/anu.ufsj.edu.br\/site\/extensao\/projeto-interdisciplinar-promove-praticas-sustentaveis\/","og_site_name":"Jornalismo UFSJ","article_publisher":"https:\/\/www.facebook.com\/jornalismoufsj\/","article_published_time":"2016-03-29T21:17:03+00:00","twitter_card":"summary_large_image","twitter_creator":"@jornalismoufsj","twitter_site":"@jornalismoufsj","twitter_misc":{"Escrito por":"","Est. tempo de leitura":"2 minutos"},"schema":{"@context":"https:\/\/schema.org","@graph":[{"@type":"WebPage","@id":"http:\/\/anu.ufsj.edu.br\/site\/extensao\/projeto-interdisciplinar-promove-praticas-sustentaveis\/","url":"http:\/\/anu.ufsj.edu.br\/site\/extensao\/projeto-interdisciplinar-promove-praticas-sustentaveis\/","name":"Projeto interdisciplinar promove pr\u00e1ticas sustent\u00e1veis - Jornalismo UFSJ","isPartOf":{"@id":"http:\/\/jornalismo.ufsj.edu.br\/site\/#website"},"datePublished":"2016-03-29T21:17:03+00:00","dateModified":"2016-03-29T21:17:03+00:00","author":{"@id":""},"breadcrumb":{"@id":"http:\/\/anu.ufsj.edu.br\/site\/extensao\/projeto-interdisciplinar-promove-praticas-sustentaveis\/#breadcrumb"},"inLanguage":"pt-BR","potentialAction":[{"@type":"ReadAction","target":["http:\/\/anu.ufsj.edu.br\/site\/extensao\/projeto-interdisciplinar-promove-praticas-sustentaveis\/"]}]},{"@type":"BreadcrumbList","@id":"http:\/\/anu.ufsj.edu.br\/site\/extensao\/projeto-interdisciplinar-promove-praticas-sustentaveis\/#breadcrumb","itemListElement":[{"@type":"ListItem","position":1,"name":"In\u00edcio","item":"http:\/\/jornalismo.ufsj.edu.br\/site\/"},{"@type":"ListItem","position":2,"name":"Projeto interdisciplinar promove pr\u00e1ticas sustent\u00e1veis"}]},{"@type":"WebSite","@id":"http:\/\/jornalismo.ufsj.edu.br\/site\/#website","url":"http:\/\/jornalismo.ufsj.edu.br\/site\/","name":"Jornalismo UFSJ","description":"","potentialAction":[{"@type":"SearchAction","target":{"@type":"EntryPoint","urlTemplate":"http:\/\/jornalismo.ufsj.edu.br\/site\/?s={search_term_string}"},"query-input":"required name=search_term_string"}],"inLanguage":"pt-BR"},{"@type":"Person","@id":""}]}},"jetpack_featured_media_url":"","_links":{"self":[{"href":"http:\/\/anu.ufsj.edu.br\/site\/wp-json\/wp\/v2\/posts\/2031"}],"collection":[{"href":"http:\/\/anu.ufsj.edu.br\/site\/wp-json\/wp\/v2\/posts"}],"about":[{"href":"http:\/\/anu.ufsj.edu.br\/site\/wp-json\/wp\/v2\/types\/post"}],"author":[{"embeddable":true,"href":"http:\/\/anu.ufsj.edu.br\/site\/wp-json\/wp\/v2\/users\/3"}],"replies":[{"embeddable":true,"href":"http:\/\/anu.ufsj.edu.br\/site\/wp-json\/wp\/v2\/comments?post=2031"}],"version-history":[{"count":0,"href":"http:\/\/anu.ufsj.edu.br\/site\/wp-json\/wp\/v2\/posts\/2031\/revisions"}],"wp:featuredmedia":[{"embeddable":true,"href":"http:\/\/anu.ufsj.edu.br\/site\/wp-json\/"}],"wp:attachment":[{"href":"http:\/\/anu.ufsj.edu.br\/site\/wp-json\/wp\/v2\/media?parent=2031"}],"wp:term":[{"taxonomy":"category","embeddable":true,"href":"http:\/\/anu.ufsj.edu.br\/site\/wp-json\/wp\/v2\/categories?post=2031"},{"taxonomy":"post_tag","embeddable":true,"href":"http:\/\/anu.ufsj.edu.br\/site\/wp-json\/wp\/v2\/tags?post=2031"}],"curies":[{"name":"wp","href":"https:\/\/api.w.org\/{rel}","templated":true}]}}