{"id":2088,"date":"2016-04-04T17:05:05","date_gmt":"2016-04-04T17:05:05","guid":{"rendered":"http:\/\/jornalismo.ufsj.edu.br\/?p=2088"},"modified":"2016-04-04T17:05:05","modified_gmt":"2016-04-04T17:05:05","slug":"conheca-os-novos-projetos-de-extensao-do-curso","status":"publish","type":"post","link":"http:\/\/anu.ufsj.edu.br\/site\/extensao\/conheca-os-novos-projetos-de-extensao-do-curso\/","title":{"rendered":"Conhe\u00e7a os novos projetos de Extens\u00e3o do curso"},"content":{"rendered":"<div id=\"attachment_2137\" style=\"width: 250px\" class=\"wp-caption alignleft\"><img aria-describedby=\"caption-attachment-2137\" loading=\"lazy\" class=\"  wp-image-2137 alignleft\" src=\"http:\/\/jornalismo.ufsj.edu.br\/wp-content\/uploads\/2016\/03\/5a-cultural.jpg?w=680\" alt=\"5a Cultural\" width=\"240\" height=\"160\" \/><p id=\"caption-attachment-2137\" class=\"wp-caption-text\">Imagem: Ana Beatriz Peres &#8211; Programa 5a. Cultural<\/p><\/div>\n<p>O curso de Comunica\u00e7\u00e3o Social da UFSJ teve cinco propostas aprovadas no Edital PIBEX &#8211; Programa Institucional de Bolsas de Extens\u00e3o Universit\u00e1ria, que teve seu resultado divulgado no \u00faltimo dia 23. Duas delas s\u00e3o Programas de Extens\u00e3o j\u00e1 em atividade: 5a. Cultural: Pensando\u00a0arte e fazendo parte, e VAN: Vertentes Ag\u00eancia de Not\u00edcias Interativa no Campo das Vertentes.<br \/>\nA novidade s\u00e3o os 3 projetos que iniciar\u00e3o este ano:<\/p>\n<p>O projeto URBE &#8211; Olhares sobre S\u00e3o Jo\u00e3o, coordenado pelo professor Chico Brinatti, contar\u00e1 a hist\u00f3ria de pessoas e lugares de S\u00e3o Jo\u00e3o del-Rei por meio de programas de WebTV. O prop\u00f3sito \u00e9 valorizar a diversidade da urbe sanjoanense, com seus tra\u00e7os e identidades.<\/p>\n<p>Hist\u00f3rias Digitais (HD) pretende colocar em pr\u00e1tica a aplica\u00e7\u00e3o tecnol\u00f3gica na comunica\u00e7\u00e3o e na educa\u00e7\u00e3o, unindo estudantes e comunidade em torno de atividades como contar hist\u00f3rias utilizando tecnologias emergentes. O projeto \u00e9 de coordena\u00e7\u00e3o da professora Alessandra de Falco.<\/p>\n<p>E a Mostra de Audiovisual MUDA! ser\u00e1 dirigida pelos professores Vanessa Maia, Jo\u00e3o Barreto e K\u00e1tia Lombardi.\u00a0A ideia da Mostra \u00e9 proporcionar um espa\u00e7o para exibi\u00e7\u00e3o de produ\u00e7\u00f5es audiovisuais dos estudantes que s\u00e3o realizadas na cidade, valorizando seus moradores. Para a professora Vanessa Maia, a inten\u00e7\u00e3o \u00e9 &#8220;criar um lugar onde a cidade possa se ver&#8221;.<\/p>\n<p><span style=\"line-height:1.7;\">A\u00e7\u00f5es de extens\u00e3o permitem um contato maior entre\u00a0estudantes e comunidade,\u00a0em um processo de compartilhamento de saberes.\u00a0<\/span>Procure seu professor e contribua para o enriquecimento das atividades de extens\u00e3o em nosso curso!<\/p>\n<p style=\"text-align:right;\">Texto: Dani da Gama<\/p>\n","protected":false},"excerpt":{"rendered":"<p>O curso de Comunica\u00e7\u00e3o Social da UFSJ teve cinco propostas aprovadas no Edital PIBEX &#8211; Programa Institucional de Bolsas de Extens\u00e3o Universit\u00e1ria, que teve seu resultado divulgado no \u00faltimo dia 23. Duas delas s\u00e3o Programas de Extens\u00e3o j\u00e1 em atividade:&#8230;<\/p>\n","protected":false},"author":3,"featured_media":2137,"comment_status":"open","ping_status":"open","sticky":false,"template":"","format":"standard","meta":{"_monsterinsights_skip_tracking":false,"_monsterinsights_sitenote_active":false,"_monsterinsights_sitenote_note":"","_monsterinsights_sitenote_category":0},"categories":[29],"tags":[],"yoast_head":"<!-- This site is optimized with the Yoast SEO plugin v20.6 - https:\/\/yoast.com\/wordpress\/plugins\/seo\/ -->\n<title>Conhe\u00e7a os novos projetos de Extens\u00e3o do curso - Jornalismo UFSJ<\/title>\n<meta name=\"robots\" content=\"index, follow, max-snippet:-1, max-image-preview:large, max-video-preview:-1\" \/>\n<link rel=\"canonical\" href=\"http:\/\/anu.ufsj.edu.br\/site\/extensao\/conheca-os-novos-projetos-de-extensao-do-curso\/\" \/>\n<meta property=\"og:locale\" content=\"pt_BR\" \/>\n<meta property=\"og:type\" content=\"article\" \/>\n<meta property=\"og:title\" content=\"Conhe\u00e7a os novos projetos de Extens\u00e3o do curso - Jornalismo UFSJ\" \/>\n<meta property=\"og:description\" content=\"O curso de Comunica\u00e7\u00e3o Social da UFSJ teve cinco propostas aprovadas no Edital PIBEX &#8211; Programa Institucional de Bolsas de Extens\u00e3o Universit\u00e1ria, que teve seu resultado divulgado no \u00faltimo dia 23. Duas delas s\u00e3o Programas de Extens\u00e3o j\u00e1 em atividade:...\" \/>\n<meta property=\"og:url\" content=\"http:\/\/anu.ufsj.edu.br\/site\/extensao\/conheca-os-novos-projetos-de-extensao-do-curso\/\" \/>\n<meta property=\"og:site_name\" content=\"Jornalismo UFSJ\" \/>\n<meta property=\"article:publisher\" content=\"https:\/\/www.facebook.com\/jornalismoufsj\/\" \/>\n<meta property=\"article:published_time\" content=\"2016-04-04T17:05:05+00:00\" \/>\n<meta name=\"twitter:card\" content=\"summary_large_image\" \/>\n<meta name=\"twitter:creator\" content=\"@jornalismoufsj\" \/>\n<meta name=\"twitter:site\" content=\"@jornalismoufsj\" \/>\n<meta name=\"twitter:label1\" content=\"Escrito por\" \/>\n\t<meta name=\"twitter:data1\" content=\"\" \/>\n\t<meta name=\"twitter:label2\" content=\"Est. tempo de leitura\" \/>\n\t<meta name=\"twitter:data2\" content=\"1 minuto\" \/>\n<script type=\"application\/ld+json\" class=\"yoast-schema-graph\">{\"@context\":\"https:\/\/schema.org\",\"@graph\":[{\"@type\":\"WebPage\",\"@id\":\"http:\/\/anu.ufsj.edu.br\/site\/extensao\/conheca-os-novos-projetos-de-extensao-do-curso\/\",\"url\":\"http:\/\/anu.ufsj.edu.br\/site\/extensao\/conheca-os-novos-projetos-de-extensao-do-curso\/\",\"name\":\"Conhe\u00e7a os novos projetos de Extens\u00e3o do curso - Jornalismo UFSJ\",\"isPartOf\":{\"@id\":\"http:\/\/jornalismo.ufsj.edu.br\/site\/#website\"},\"datePublished\":\"2016-04-04T17:05:05+00:00\",\"dateModified\":\"2016-04-04T17:05:05+00:00\",\"author\":{\"@id\":\"\"},\"breadcrumb\":{\"@id\":\"http:\/\/anu.ufsj.edu.br\/site\/extensao\/conheca-os-novos-projetos-de-extensao-do-curso\/#breadcrumb\"},\"inLanguage\":\"pt-BR\",\"potentialAction\":[{\"@type\":\"ReadAction\",\"target\":[\"http:\/\/anu.ufsj.edu.br\/site\/extensao\/conheca-os-novos-projetos-de-extensao-do-curso\/\"]}]},{\"@type\":\"BreadcrumbList\",\"@id\":\"http:\/\/anu.ufsj.edu.br\/site\/extensao\/conheca-os-novos-projetos-de-extensao-do-curso\/#breadcrumb\",\"itemListElement\":[{\"@type\":\"ListItem\",\"position\":1,\"name\":\"In\u00edcio\",\"item\":\"http:\/\/jornalismo.ufsj.edu.br\/site\/\"},{\"@type\":\"ListItem\",\"position\":2,\"name\":\"Conhe\u00e7a os novos projetos de Extens\u00e3o do curso\"}]},{\"@type\":\"WebSite\",\"@id\":\"http:\/\/jornalismo.ufsj.edu.br\/site\/#website\",\"url\":\"http:\/\/jornalismo.ufsj.edu.br\/site\/\",\"name\":\"Jornalismo UFSJ\",\"description\":\"\",\"potentialAction\":[{\"@type\":\"SearchAction\",\"target\":{\"@type\":\"EntryPoint\",\"urlTemplate\":\"http:\/\/jornalismo.ufsj.edu.br\/site\/?s={search_term_string}\"},\"query-input\":\"required name=search_term_string\"}],\"inLanguage\":\"pt-BR\"},{\"@type\":\"Person\",\"@id\":\"\"}]}<\/script>\n<!-- \/ Yoast SEO plugin. -->","yoast_head_json":{"title":"Conhe\u00e7a os novos projetos de Extens\u00e3o do curso - Jornalismo UFSJ","robots":{"index":"index","follow":"follow","max-snippet":"max-snippet:-1","max-image-preview":"max-image-preview:large","max-video-preview":"max-video-preview:-1"},"canonical":"http:\/\/anu.ufsj.edu.br\/site\/extensao\/conheca-os-novos-projetos-de-extensao-do-curso\/","og_locale":"pt_BR","og_type":"article","og_title":"Conhe\u00e7a os novos projetos de Extens\u00e3o do curso - Jornalismo UFSJ","og_description":"O curso de Comunica\u00e7\u00e3o Social da UFSJ teve cinco propostas aprovadas no Edital PIBEX &#8211; Programa Institucional de Bolsas de Extens\u00e3o Universit\u00e1ria, que teve seu resultado divulgado no \u00faltimo dia 23. Duas delas s\u00e3o Programas de Extens\u00e3o j\u00e1 em atividade:...","og_url":"http:\/\/anu.ufsj.edu.br\/site\/extensao\/conheca-os-novos-projetos-de-extensao-do-curso\/","og_site_name":"Jornalismo UFSJ","article_publisher":"https:\/\/www.facebook.com\/jornalismoufsj\/","article_published_time":"2016-04-04T17:05:05+00:00","twitter_card":"summary_large_image","twitter_creator":"@jornalismoufsj","twitter_site":"@jornalismoufsj","twitter_misc":{"Escrito por":"","Est. tempo de leitura":"1 minuto"},"schema":{"@context":"https:\/\/schema.org","@graph":[{"@type":"WebPage","@id":"http:\/\/anu.ufsj.edu.br\/site\/extensao\/conheca-os-novos-projetos-de-extensao-do-curso\/","url":"http:\/\/anu.ufsj.edu.br\/site\/extensao\/conheca-os-novos-projetos-de-extensao-do-curso\/","name":"Conhe\u00e7a os novos projetos de Extens\u00e3o do curso - Jornalismo UFSJ","isPartOf":{"@id":"http:\/\/jornalismo.ufsj.edu.br\/site\/#website"},"datePublished":"2016-04-04T17:05:05+00:00","dateModified":"2016-04-04T17:05:05+00:00","author":{"@id":""},"breadcrumb":{"@id":"http:\/\/anu.ufsj.edu.br\/site\/extensao\/conheca-os-novos-projetos-de-extensao-do-curso\/#breadcrumb"},"inLanguage":"pt-BR","potentialAction":[{"@type":"ReadAction","target":["http:\/\/anu.ufsj.edu.br\/site\/extensao\/conheca-os-novos-projetos-de-extensao-do-curso\/"]}]},{"@type":"BreadcrumbList","@id":"http:\/\/anu.ufsj.edu.br\/site\/extensao\/conheca-os-novos-projetos-de-extensao-do-curso\/#breadcrumb","itemListElement":[{"@type":"ListItem","position":1,"name":"In\u00edcio","item":"http:\/\/jornalismo.ufsj.edu.br\/site\/"},{"@type":"ListItem","position":2,"name":"Conhe\u00e7a os novos projetos de Extens\u00e3o do curso"}]},{"@type":"WebSite","@id":"http:\/\/jornalismo.ufsj.edu.br\/site\/#website","url":"http:\/\/jornalismo.ufsj.edu.br\/site\/","name":"Jornalismo UFSJ","description":"","potentialAction":[{"@type":"SearchAction","target":{"@type":"EntryPoint","urlTemplate":"http:\/\/jornalismo.ufsj.edu.br\/site\/?s={search_term_string}"},"query-input":"required name=search_term_string"}],"inLanguage":"pt-BR"},{"@type":"Person","@id":""}]}},"jetpack_featured_media_url":"","_links":{"self":[{"href":"http:\/\/anu.ufsj.edu.br\/site\/wp-json\/wp\/v2\/posts\/2088"}],"collection":[{"href":"http:\/\/anu.ufsj.edu.br\/site\/wp-json\/wp\/v2\/posts"}],"about":[{"href":"http:\/\/anu.ufsj.edu.br\/site\/wp-json\/wp\/v2\/types\/post"}],"author":[{"embeddable":true,"href":"http:\/\/anu.ufsj.edu.br\/site\/wp-json\/wp\/v2\/users\/3"}],"replies":[{"embeddable":true,"href":"http:\/\/anu.ufsj.edu.br\/site\/wp-json\/wp\/v2\/comments?post=2088"}],"version-history":[{"count":0,"href":"http:\/\/anu.ufsj.edu.br\/site\/wp-json\/wp\/v2\/posts\/2088\/revisions"}],"wp:featuredmedia":[{"embeddable":true,"href":"http:\/\/anu.ufsj.edu.br\/site\/wp-json\/"}],"wp:attachment":[{"href":"http:\/\/anu.ufsj.edu.br\/site\/wp-json\/wp\/v2\/media?parent=2088"}],"wp:term":[{"taxonomy":"category","embeddable":true,"href":"http:\/\/anu.ufsj.edu.br\/site\/wp-json\/wp\/v2\/categories?post=2088"},{"taxonomy":"post_tag","embeddable":true,"href":"http:\/\/anu.ufsj.edu.br\/site\/wp-json\/wp\/v2\/tags?post=2088"}],"curies":[{"name":"wp","href":"https:\/\/api.w.org\/{rel}","templated":true}]}}