{"id":2384,"date":"2016-04-14T20:18:42","date_gmt":"2016-04-14T20:18:42","guid":{"rendered":"http:\/\/jornalismo.ufsj.edu.br\/?p=2384"},"modified":"2016-04-14T20:18:42","modified_gmt":"2016-04-14T20:18:42","slug":"no-ar-uai-noticia","status":"publish","type":"post","link":"http:\/\/anu.ufsj.edu.br\/site\/webjornalismo\/no-ar-uai-noticia\/","title":{"rendered":"No ar: UAI Not\u00edcia, jornal eletr\u00f4nico das Vertentes"},"content":{"rendered":"<div id=\"attachment_2383\" style=\"width: 284px\" class=\"wp-caption alignleft\"><img aria-describedby=\"caption-attachment-2383\" loading=\"lazy\" class=\"  wp-image-2383 alignleft\" src=\"http:\/\/jornalismo.ufsj.edu.br\/wp-content\/uploads\/2016\/04\/dsc7155.jpg?w=680\" alt=\"_DSC7155\" width=\"274\" height=\"223\" \/><p id=\"caption-attachment-2383\" class=\"wp-caption-text\">Rodrigo e Douglas Caputo &#8211; Foto: Arquivo Pessoal<\/p><\/div>\n<p>Quando se formou em Comunica\u00e7\u00e3o Social pela UFSJ, em 2013, Douglas Caputo n\u00e3o imaginava a situa\u00e7\u00e3o do mercado de trabalho que iria encarar. Ap\u00f3s algumas experi\u00eancias e tentativas, o jornalista da cidade de S\u00e3o Tiago, tamb\u00e9m mestre em Letras, decidiu com a ajuda de um amigo que era hora de domar a situa\u00e7\u00e3o pelo empreendedorismo. Assim nasceu o Uai Not\u00edcia, jornal eletr\u00f4nico com foco na sua cidade natal e regi\u00e3o das Vertentes.<\/p>\n<p>Douglas \u00e9 veterano da Universidade de S\u00e3o Jo\u00e3o del-Rei, com muitas credenciais: ingressou pela primeira vez na institui\u00e7\u00e3o no curso de Letras, em 2003. \u201cParticipei de v\u00e1rios projetos, sempre voltados para o lado acad\u00eamico\u201d, conta. Entre eles, o estudo do Big Brother Brasil e o formato de reality shows, quando o programa ainda estava em suas primeiras edi\u00e7\u00f5es. O jornalista participou ainda de um projeto de Inicia\u00e7\u00e3o Cient\u00edfica com o professor da UFSJ Luiz Ademir, j\u00e1 no curso de Jornalismo. O tema era o posicionamento do jornal Estado de Minas na campanha pol\u00edtica municipal de Belo Horizonte, em 2008. Mas o projeto teve de ser descontinuado, pois Douglas n\u00e3o era mais mestre de seu tempo: \u201cComo passei no mestrado, ficou imposs\u00edvel. Eu dava aula de manh\u00e3 em S\u00e3o Tiago, tinha mestrado \u00e0 tarde e Jornalismo \u00e0 noite, em S\u00e3o Jo\u00e3o del-Rei\u201d, explica.<\/p>\n<p>A concep\u00e7\u00e3o do Uai Not\u00edcia veio com a dificuldade de inser\u00e7\u00e3o no mercado de trabalho. Douglas foi professor substituto do curso de Jornalismo da UFSJ por dois anos, tendo o contrato expirado no in\u00edcio de 2016. Foi ent\u00e3o que viu suas possibilidades cada vez menores: \u201cO mercado est\u00e1 em crise; n\u00e3o existe emprego.\u201d A solu\u00e7\u00e3o? Inovar.<\/p>\n<p>O rabisco inicial do Uai Not\u00edcia se deu ainda no ano passado. \u201cSentei com Rodrigo Caputo (amigo e parente de muitos graus), formado em Ci\u00eancia da Computa\u00e7\u00e3o, e tivemos esta ideia de fazermos um site jornal\u00edstico, vender publicidade\u201d. O projeto ficou suspenso porque Douglas iria prestar um concurso e mudar de cidade, o que acabou n\u00e3o dando certo. Antes de retomar a ideia do jornal, ele tentou a sorte novamente em v\u00e1rios ve\u00edculos impressos, em Belo Horizonte, Juiz de Fora e S\u00e3o Paulo. Mas n\u00e3o conseguiu vaga. Era hora de retirar o rabisco do papel.<\/p>\n<p><strong>Uai Not\u00edcia<\/strong><\/p>\n<p>\u201cNo dia 28 de mar\u00e7o come\u00e7amos. A ideia do projeto \u00e9 ser local, mas sem perder o foco regional e tamb\u00e9m trazer fatos nacionais ou internacionais, que interfiram em nosso cotidiano\u201d, diz. E d\u00e1 como exemplo o recente aumento dos medicamentos, autorizado pela Ag\u00eancia Nacional de Vigil\u00e2ncia Sanit\u00e1ria, desencadeado pela alta do d\u00f3lar: \u201cO aumento do d\u00f3lar sobe o custo da mat\u00e9ria prima do rem\u00e9dio, que aumenta seu pre\u00e7o na farm\u00e1cia, que \u00e9 repassado para mim. \u00c9 um acontecimento nacional e tamb\u00e9m internacional que impacta em qualquer cidade. Pegamos uma fonte que toma rem\u00e9dio controlado, quanto ela gasta por m\u00eas, a dificuldade de pagar por este rem\u00e9dio agora, com o aumento, e inserimos na nossa realidade aqui\u201d.<\/p>\n<p>Apesar de o conte\u00fado ser produzido a duas m\u00e3os, Douglas mant\u00e9m a periodicidade do Uai Not\u00edcia, que \u00e9 di\u00e1ria. \u201cSempre apronto o jornal um dia antes. Por exemplo, tenho quatro mat\u00e9rias prontas. Se amanh\u00e3, at\u00e9 o final da manh\u00e3 aparecer alguma coisa nova, apuro, escrevo e publico\u201d, destacando que isso costuma acontecer com as pautas policiais.<\/p>\n<p>Douglas tem planos de, em longo prazo, transformar o site em algo maior. \u201c\u00c9 muito recente e estamos conversando muita coisa. Tenho essa pretens\u00e3o de que ele cres\u00e7a e se torne um portal, e n\u00e3o apenas um site noticioso. Que tenha entretenimento e aumente o leque de op\u00e7\u00f5es para os nossos usu\u00e1rios e leitores\u201d, conta. Mas ele tem ainda pela frente o desafio da capta\u00e7\u00e3o de recursos para manter o crescimento do jornal, que hoje conta mais de mil visitas di\u00e1rias. Muito, se levarmos v\u00e1rios pontos em considera\u00e7\u00e3o: \u201c\u00c9 um site em uma cidade com dez mil habitantes, onde nem todo mundo tem acesso a computadores, internet\u201d, conta. Al\u00e9m disso, por enquanto n\u00e3o h\u00e1 recursos para a\u00e7\u00f5es de marketing, a n\u00e3o ser uma permuta com uma r\u00e1dio comunit\u00e1ria, a R\u00e1dio Uni\u00e3o: \u201cEles leem as nossas not\u00edcias e no final divulgam a fonte, pedem aos ouvintes para acessarem e publicam no Facebook deles.\u201d<\/p>\n<p>Ponto interessante nas estat\u00edsticas do Uai Not\u00edcia est\u00e1 na origem de suas visitas: muitos cidad\u00e3os que moram fora procuram se informar sobre a cidade de S\u00e3o Tiago ao redor do globo. Estados Unidos, Portugal, Espanha, Alemanha, Inglaterra, Emirados \u00c1rabes, \u00cdndia, e Argentina est\u00e3o estre as localidades que visitam o site que teve, at\u00e9 o fim da \u00faltima semana, o seu maior n\u00famero de acessos na not\u00edcia sobre \u201co monstro de Oliveira\u201d, que conta da pris\u00e3o de V\u00edtor Silva, filmado enforcando um cadelinha na cidade de Oliveira, a 70km de S\u00e3o Tiago.<\/p>\n<p>O jornal eletr\u00f4nico est\u00e1 alinhado com o conceito de aldeia global, do fil\u00f3sofo canadense Marshall McLuhan. \u201cPensar local e agir global. Esta inser\u00e7\u00e3o que a internet propicia, de voc\u00ea se comunicar com o mundo inteiro e levar informa\u00e7\u00e3o para o maior n\u00famero de pessoas poss\u00edvel. Aquela quest\u00e3o do morador que est\u00e1 fora e estar\u00e1 por dentro, gra\u00e7as ao meio de comunica\u00e7\u00e3o internet, que facilitou a intera\u00e7\u00e3o de pessoas no mundo inteiro\u201d finaliza.<\/p>\n<p>Douglas hoje se dedica completamente a este projeto. Ele conta que j\u00e1 foi abordado por jornalistas e estudantes interessados em colaborar, mas por enquanto ainda n\u00e3o \u00e9 poss\u00edvel contratar. Para os interessados em acompanhar o Uai Not\u00edcia, o endere\u00e7o \u00e9 <a href=\"http:\/\/www.uainoticia.com.br\" target=\"_blank\">www.uainoticia.com.br<\/a>, com links para todas as m\u00eddias sociais.<\/p>\n<p style=\"text-align:right;\">Texto: Cid Bruno<\/p>\n<p>&nbsp;<\/p>\n","protected":false},"excerpt":{"rendered":"<p>Quando se formou em Comunica\u00e7\u00e3o Social pela UFSJ, em 2013, Douglas Caputo n\u00e3o imaginava a situa\u00e7\u00e3o do mercado de trabalho que iria encarar. Ap\u00f3s algumas experi\u00eancias e tentativas, o jornalista da cidade de S\u00e3o Tiago, tamb\u00e9m mestre em Letras, decidiu&#8230;<\/p>\n","protected":false},"author":3,"featured_media":2382,"comment_status":"open","ping_status":"open","sticky":false,"template":"","format":"standard","meta":{"_monsterinsights_skip_tracking":false,"_monsterinsights_sitenote_active":false,"_monsterinsights_sitenote_note":"","_monsterinsights_sitenote_category":0},"categories":[77],"tags":[],"yoast_head":"<!-- This site is optimized with the Yoast SEO plugin v20.6 - https:\/\/yoast.com\/wordpress\/plugins\/seo\/ -->\n<title>No ar: UAI Not\u00edcia, jornal eletr\u00f4nico das Vertentes - Jornalismo UFSJ<\/title>\n<meta name=\"robots\" content=\"index, follow, max-snippet:-1, max-image-preview:large, max-video-preview:-1\" \/>\n<link rel=\"canonical\" href=\"http:\/\/anu.ufsj.edu.br\/site\/webjornalismo\/no-ar-uai-noticia\/\" \/>\n<meta property=\"og:locale\" content=\"pt_BR\" \/>\n<meta property=\"og:type\" content=\"article\" \/>\n<meta property=\"og:title\" content=\"No ar: UAI Not\u00edcia, jornal eletr\u00f4nico das Vertentes - Jornalismo UFSJ\" \/>\n<meta property=\"og:description\" content=\"Quando se formou em Comunica\u00e7\u00e3o Social pela UFSJ, em 2013, Douglas Caputo n\u00e3o imaginava a situa\u00e7\u00e3o do mercado de trabalho que iria encarar. Ap\u00f3s algumas experi\u00eancias e tentativas, o jornalista da cidade de S\u00e3o Tiago, tamb\u00e9m mestre em Letras, decidiu...\" \/>\n<meta property=\"og:url\" content=\"http:\/\/anu.ufsj.edu.br\/site\/webjornalismo\/no-ar-uai-noticia\/\" \/>\n<meta property=\"og:site_name\" content=\"Jornalismo UFSJ\" \/>\n<meta property=\"article:publisher\" content=\"https:\/\/www.facebook.com\/jornalismoufsj\/\" \/>\n<meta property=\"article:published_time\" content=\"2016-04-14T20:18:42+00:00\" \/>\n<meta name=\"twitter:card\" content=\"summary_large_image\" \/>\n<meta name=\"twitter:creator\" content=\"@jornalismoufsj\" \/>\n<meta name=\"twitter:site\" content=\"@jornalismoufsj\" \/>\n<meta name=\"twitter:label1\" content=\"Escrito por\" \/>\n\t<meta name=\"twitter:data1\" content=\"\" \/>\n\t<meta name=\"twitter:label2\" content=\"Est. tempo de leitura\" \/>\n\t<meta name=\"twitter:data2\" content=\"5 minutos\" \/>\n<script type=\"application\/ld+json\" class=\"yoast-schema-graph\">{\"@context\":\"https:\/\/schema.org\",\"@graph\":[{\"@type\":\"WebPage\",\"@id\":\"http:\/\/anu.ufsj.edu.br\/site\/webjornalismo\/no-ar-uai-noticia\/\",\"url\":\"http:\/\/anu.ufsj.edu.br\/site\/webjornalismo\/no-ar-uai-noticia\/\",\"name\":\"No ar: UAI Not\u00edcia, jornal eletr\u00f4nico das Vertentes - Jornalismo UFSJ\",\"isPartOf\":{\"@id\":\"http:\/\/jornalismo.ufsj.edu.br\/site\/#website\"},\"datePublished\":\"2016-04-14T20:18:42+00:00\",\"dateModified\":\"2016-04-14T20:18:42+00:00\",\"author\":{\"@id\":\"\"},\"breadcrumb\":{\"@id\":\"http:\/\/anu.ufsj.edu.br\/site\/webjornalismo\/no-ar-uai-noticia\/#breadcrumb\"},\"inLanguage\":\"pt-BR\",\"potentialAction\":[{\"@type\":\"ReadAction\",\"target\":[\"http:\/\/anu.ufsj.edu.br\/site\/webjornalismo\/no-ar-uai-noticia\/\"]}]},{\"@type\":\"BreadcrumbList\",\"@id\":\"http:\/\/anu.ufsj.edu.br\/site\/webjornalismo\/no-ar-uai-noticia\/#breadcrumb\",\"itemListElement\":[{\"@type\":\"ListItem\",\"position\":1,\"name\":\"In\u00edcio\",\"item\":\"http:\/\/jornalismo.ufsj.edu.br\/site\/\"},{\"@type\":\"ListItem\",\"position\":2,\"name\":\"No ar: UAI Not\u00edcia, jornal eletr\u00f4nico das Vertentes\"}]},{\"@type\":\"WebSite\",\"@id\":\"http:\/\/jornalismo.ufsj.edu.br\/site\/#website\",\"url\":\"http:\/\/jornalismo.ufsj.edu.br\/site\/\",\"name\":\"Jornalismo UFSJ\",\"description\":\"\",\"potentialAction\":[{\"@type\":\"SearchAction\",\"target\":{\"@type\":\"EntryPoint\",\"urlTemplate\":\"http:\/\/jornalismo.ufsj.edu.br\/site\/?s={search_term_string}\"},\"query-input\":\"required name=search_term_string\"}],\"inLanguage\":\"pt-BR\"},{\"@type\":\"Person\",\"@id\":\"\"}]}<\/script>\n<!-- \/ Yoast SEO plugin. -->","yoast_head_json":{"title":"No ar: UAI Not\u00edcia, jornal eletr\u00f4nico das Vertentes - Jornalismo UFSJ","robots":{"index":"index","follow":"follow","max-snippet":"max-snippet:-1","max-image-preview":"max-image-preview:large","max-video-preview":"max-video-preview:-1"},"canonical":"http:\/\/anu.ufsj.edu.br\/site\/webjornalismo\/no-ar-uai-noticia\/","og_locale":"pt_BR","og_type":"article","og_title":"No ar: UAI Not\u00edcia, jornal eletr\u00f4nico das Vertentes - Jornalismo UFSJ","og_description":"Quando se formou em Comunica\u00e7\u00e3o Social pela UFSJ, em 2013, Douglas Caputo n\u00e3o imaginava a situa\u00e7\u00e3o do mercado de trabalho que iria encarar. Ap\u00f3s algumas experi\u00eancias e tentativas, o jornalista da cidade de S\u00e3o Tiago, tamb\u00e9m mestre em Letras, decidiu...","og_url":"http:\/\/anu.ufsj.edu.br\/site\/webjornalismo\/no-ar-uai-noticia\/","og_site_name":"Jornalismo UFSJ","article_publisher":"https:\/\/www.facebook.com\/jornalismoufsj\/","article_published_time":"2016-04-14T20:18:42+00:00","twitter_card":"summary_large_image","twitter_creator":"@jornalismoufsj","twitter_site":"@jornalismoufsj","twitter_misc":{"Escrito por":"","Est. tempo de leitura":"5 minutos"},"schema":{"@context":"https:\/\/schema.org","@graph":[{"@type":"WebPage","@id":"http:\/\/anu.ufsj.edu.br\/site\/webjornalismo\/no-ar-uai-noticia\/","url":"http:\/\/anu.ufsj.edu.br\/site\/webjornalismo\/no-ar-uai-noticia\/","name":"No ar: UAI Not\u00edcia, jornal eletr\u00f4nico das Vertentes - Jornalismo UFSJ","isPartOf":{"@id":"http:\/\/jornalismo.ufsj.edu.br\/site\/#website"},"datePublished":"2016-04-14T20:18:42+00:00","dateModified":"2016-04-14T20:18:42+00:00","author":{"@id":""},"breadcrumb":{"@id":"http:\/\/anu.ufsj.edu.br\/site\/webjornalismo\/no-ar-uai-noticia\/#breadcrumb"},"inLanguage":"pt-BR","potentialAction":[{"@type":"ReadAction","target":["http:\/\/anu.ufsj.edu.br\/site\/webjornalismo\/no-ar-uai-noticia\/"]}]},{"@type":"BreadcrumbList","@id":"http:\/\/anu.ufsj.edu.br\/site\/webjornalismo\/no-ar-uai-noticia\/#breadcrumb","itemListElement":[{"@type":"ListItem","position":1,"name":"In\u00edcio","item":"http:\/\/jornalismo.ufsj.edu.br\/site\/"},{"@type":"ListItem","position":2,"name":"No ar: UAI Not\u00edcia, jornal eletr\u00f4nico das Vertentes"}]},{"@type":"WebSite","@id":"http:\/\/jornalismo.ufsj.edu.br\/site\/#website","url":"http:\/\/jornalismo.ufsj.edu.br\/site\/","name":"Jornalismo UFSJ","description":"","potentialAction":[{"@type":"SearchAction","target":{"@type":"EntryPoint","urlTemplate":"http:\/\/jornalismo.ufsj.edu.br\/site\/?s={search_term_string}"},"query-input":"required name=search_term_string"}],"inLanguage":"pt-BR"},{"@type":"Person","@id":""}]}},"jetpack_featured_media_url":"","_links":{"self":[{"href":"http:\/\/anu.ufsj.edu.br\/site\/wp-json\/wp\/v2\/posts\/2384"}],"collection":[{"href":"http:\/\/anu.ufsj.edu.br\/site\/wp-json\/wp\/v2\/posts"}],"about":[{"href":"http:\/\/anu.ufsj.edu.br\/site\/wp-json\/wp\/v2\/types\/post"}],"author":[{"embeddable":true,"href":"http:\/\/anu.ufsj.edu.br\/site\/wp-json\/wp\/v2\/users\/3"}],"replies":[{"embeddable":true,"href":"http:\/\/anu.ufsj.edu.br\/site\/wp-json\/wp\/v2\/comments?post=2384"}],"version-history":[{"count":0,"href":"http:\/\/anu.ufsj.edu.br\/site\/wp-json\/wp\/v2\/posts\/2384\/revisions"}],"wp:featuredmedia":[{"embeddable":true,"href":"http:\/\/anu.ufsj.edu.br\/site\/wp-json\/"}],"wp:attachment":[{"href":"http:\/\/anu.ufsj.edu.br\/site\/wp-json\/wp\/v2\/media?parent=2384"}],"wp:term":[{"taxonomy":"category","embeddable":true,"href":"http:\/\/anu.ufsj.edu.br\/site\/wp-json\/wp\/v2\/categories?post=2384"},{"taxonomy":"post_tag","embeddable":true,"href":"http:\/\/anu.ufsj.edu.br\/site\/wp-json\/wp\/v2\/tags?post=2384"}],"curies":[{"name":"wp","href":"https:\/\/api.w.org\/{rel}","templated":true}]}}