{"id":2677,"date":"2016-04-23T20:08:45","date_gmt":"2016-04-23T20:08:45","guid":{"rendered":"http:\/\/jornalismo.ufsj.edu.br\/?p=2677"},"modified":"2016-04-23T20:08:45","modified_gmt":"2016-04-23T20:08:45","slug":"aluna-do-curso-tem-tcc-selecionado-em-congresso-da-abraji","status":"publish","type":"post","link":"http:\/\/anu.ufsj.edu.br\/site\/congresso\/aluna-do-curso-tem-tcc-selecionado-em-congresso-da-abraji\/","title":{"rendered":"Aluna tem TCC selecionado pela ABRAJI"},"content":{"rendered":"<div id=\"attachment_2740\" style=\"width: 318px\" class=\"wp-caption alignleft\"><img aria-describedby=\"caption-attachment-2740\" loading=\"lazy\" class=\"  wp-image-2740 alignleft\" src=\"http:\/\/jornalismo.ufsj.edu.br\/wp-content\/uploads\/2016\/04\/tcc-bruna.jpg\" alt=\"TCC Bruna\" width=\"308\" height=\"174\" \/><p id=\"caption-attachment-2740\" class=\"wp-caption-text\">Bruna (de branco) na apresenta\u00e7\u00e3o do TCC com os professores Cristiano Otaviano, Jairo Farias e a orientadora Alessandra de Falco<\/p><\/div>\n<p>A\u00a0Associa\u00e7\u00e3o Brasileira de Jornalismo Investigativo (Abraji) anunciou no \u00faltimo dia 20 os Trabalhos de Conclus\u00e3o de Curso selecionados para participar do 11\u00ba Congresso de Jornalismo Investigativo, a ser realizado de 23 a 25 de junho deste ano. Foram 35 trabalhos analisados, em um n\u00famero recorde de inscri\u00e7\u00f5es. Entre os seis trabalhos escolhidos est\u00e1 o inovador e cativante livro-reportagem em quadrinhos de Bruna de Faria, formada este ano no curso de Comunica\u00e7\u00e3o Social da UFSJ. Usando seu talento especial para o desenho, Bruna p\u00f5e em foco a vida de<b>\u00a0<\/b>8<b>\u00a0<\/b>pessoas, relacionando suas hist\u00f3rias a letras de can\u00e7\u00f5es.<\/p>\n<p>As op\u00e7\u00f5es foram naturais para Bruna: \u201cEu escolhi o jornalismo em quadrinhos por uma afinidade pessoal &#8211; amo ler e produzir &#8211; e por crer, verdadeiramente, nesta nova proposta&#8221;, afirma. Ela cr\u00ea, ainda, que a uni\u00e3o entre imagens e texto aproxima do di\u00e1logo e facilita a compreens\u00e3o da informa\u00e7\u00e3o, permitindo uma &#8220;contextualiza\u00e7\u00e3o do leitor em todo ambiente em que o fato acontece&#8221;.<\/p>\n<p>Quanto a relacionar as hist\u00f3rias com m\u00fasicas, Bruna explica: \u201cEu sempre fui daquelas que tinha uma letra de m\u00fasica para cada momento da vida &#8211; e acho que todo mundo \u00e9 assim&#8221;. E conta: &#8220;Em um trabalho, tive contato com um jovem que trabalhava no campo e seguia o caminho do pai, ainda que tivesse outras ambi\u00e7\u00f5es. Lembrei de imediato da m\u00fasica Marvin dos Tit\u00e3s, \u2018sem perceber seguia a mesma trilha'&#8221;, conta. Assim surgiu a ideia do livro.<\/p>\n<p>J\u00e1, na escolha por contar hist\u00f3rias de pessoas comuns, Bruna seguiu uma tend\u00eancia que vem ganhando espa\u00e7o no jornalismo. Ela\u00a0considera que resgatar essas narrativas lhe permitiu perceber \u201ccomo o jornalista pode esbarrar em pessoas incr\u00edveis que n\u00e3o est\u00e3o na grande m\u00eddia, est\u00e3o nas ruas, no com\u00e9rcio, na barraquinha de pipoca\u201d.<\/p>\n<p>Bruna ficou entusiasmada com o resultado e sua participa\u00e7\u00e3o no congresso, e agradece \u00e0 professora Alessandra de Falco, que orientou o TCC e lhe indicou esta oportunidade. A estudante j\u00e1 participou do evento em 2015, apresentando um artigo sobre a produ\u00e7\u00e3o de reportagens em quadrinhos para a Ag\u00eancia P\u00fablica. L\u00e1 ela recebeu a indica\u00e7\u00e3o do trabalho de Robson Vilalba, que realizou uma s\u00e9rie em quadrinhos sobre a ditadura militar (saiba mais nessa\u00a0<a href=\"http:\/\/cultura.estadao.com.br\/noticias\/geral,novo-hq-faz-panorama-da-ditadura-no-brasil,1738822\" target=\"_blank\">mat\u00e9ria<\/a>).<\/p>\n<p>Com as dicas recebidas e a participa\u00e7\u00e3o no debate sobre a ferramenta, Bruna\u00a0consolidou a ideia que se desenhava desde o come\u00e7o do ano, de usar os quadrinhos em seu TCC . \u201cA participa\u00e7\u00e3o no congresso no ano passado foi uma motiva\u00e7\u00e3o imensa. Tive a oportunidade de ter contato com grandes jornalistas brasileiros e de me aproximar da produ\u00e7\u00e3o jornal\u00edstica, efetivamente\u201d, afirma.<\/p>\n<p>As inscri\u00e7\u00f5es para o encontro\u00a0podem ser feitas com descontos at\u00e9 o dia 31 de maio pelo site do <a href=\"http:\/\/congresso.abraji.org.br\/\" target=\"_blank\">evento<\/a>. O congresso ter\u00e1 pain\u00e9is exclusivos para apresenta\u00e7\u00e3o dos TCCs\u00a0selecionados, onde o livro de Bruna ser\u00e1 apreciado. Mas voc\u00ea n\u00e3o precisa esperar e pode conhec\u00ea-lo agorinha mesmo, \u00e9 s\u00f3 visit\u00e1-lo <a href=\"https:\/\/drive.google.com\/file\/d\/0B4mequtDokK_Q1V6Y21PRXVNWFE\/view?pref=2&amp;pli=1\" target=\"_blank\">aqui<\/a>.<\/p>\n<p style=\"text-align:right;\">Texto: Dani da Gama<\/p>\n","protected":false},"excerpt":{"rendered":"<p>A\u00a0Associa\u00e7\u00e3o Brasileira de Jornalismo Investigativo (Abraji) anunciou no \u00faltimo dia 20 os Trabalhos de Conclus\u00e3o de Curso selecionados para participar do 11\u00ba Congresso de Jornalismo Investigativo, a ser realizado de 23 a 25 de junho deste ano. Foram 35 trabalhos&#8230;<\/p>\n","protected":false},"author":3,"featured_media":2771,"comment_status":"open","ping_status":"open","sticky":false,"template":"","format":"standard","meta":{"_monsterinsights_skip_tracking":false,"_monsterinsights_sitenote_active":false,"_monsterinsights_sitenote_note":"","_monsterinsights_sitenote_category":0},"categories":[14],"tags":[],"yoast_head":"<!-- This site is optimized with the Yoast SEO plugin v20.6 - https:\/\/yoast.com\/wordpress\/plugins\/seo\/ -->\n<title>Aluna tem TCC selecionado pela ABRAJI - Jornalismo UFSJ<\/title>\n<meta name=\"robots\" content=\"index, follow, max-snippet:-1, max-image-preview:large, max-video-preview:-1\" \/>\n<link rel=\"canonical\" href=\"http:\/\/anu.ufsj.edu.br\/site\/congresso\/aluna-do-curso-tem-tcc-selecionado-em-congresso-da-abraji\/\" \/>\n<meta property=\"og:locale\" content=\"pt_BR\" \/>\n<meta property=\"og:type\" content=\"article\" \/>\n<meta property=\"og:title\" content=\"Aluna tem TCC selecionado pela ABRAJI - Jornalismo UFSJ\" \/>\n<meta property=\"og:description\" content=\"A\u00a0Associa\u00e7\u00e3o Brasileira de Jornalismo Investigativo (Abraji) anunciou no \u00faltimo dia 20 os Trabalhos de Conclus\u00e3o de Curso selecionados para participar do 11\u00ba Congresso de Jornalismo Investigativo, a ser realizado de 23 a 25 de junho deste ano. Foram 35 trabalhos...\" \/>\n<meta property=\"og:url\" content=\"http:\/\/anu.ufsj.edu.br\/site\/congresso\/aluna-do-curso-tem-tcc-selecionado-em-congresso-da-abraji\/\" \/>\n<meta property=\"og:site_name\" content=\"Jornalismo UFSJ\" \/>\n<meta property=\"article:publisher\" content=\"https:\/\/www.facebook.com\/jornalismoufsj\/\" \/>\n<meta property=\"article:published_time\" content=\"2016-04-23T20:08:45+00:00\" \/>\n<meta name=\"twitter:card\" content=\"summary_large_image\" \/>\n<meta name=\"twitter:creator\" content=\"@jornalismoufsj\" \/>\n<meta name=\"twitter:site\" content=\"@jornalismoufsj\" \/>\n<meta name=\"twitter:label1\" content=\"Escrito por\" \/>\n\t<meta name=\"twitter:data1\" content=\"\" \/>\n\t<meta name=\"twitter:label2\" content=\"Est. tempo de leitura\" \/>\n\t<meta name=\"twitter:data2\" content=\"3 minutos\" \/>\n<script type=\"application\/ld+json\" class=\"yoast-schema-graph\">{\"@context\":\"https:\/\/schema.org\",\"@graph\":[{\"@type\":\"WebPage\",\"@id\":\"http:\/\/anu.ufsj.edu.br\/site\/congresso\/aluna-do-curso-tem-tcc-selecionado-em-congresso-da-abraji\/\",\"url\":\"http:\/\/anu.ufsj.edu.br\/site\/congresso\/aluna-do-curso-tem-tcc-selecionado-em-congresso-da-abraji\/\",\"name\":\"Aluna tem TCC selecionado pela ABRAJI - Jornalismo UFSJ\",\"isPartOf\":{\"@id\":\"http:\/\/jornalismo.ufsj.edu.br\/site\/#website\"},\"datePublished\":\"2016-04-23T20:08:45+00:00\",\"dateModified\":\"2016-04-23T20:08:45+00:00\",\"author\":{\"@id\":\"\"},\"breadcrumb\":{\"@id\":\"http:\/\/anu.ufsj.edu.br\/site\/congresso\/aluna-do-curso-tem-tcc-selecionado-em-congresso-da-abraji\/#breadcrumb\"},\"inLanguage\":\"pt-BR\",\"potentialAction\":[{\"@type\":\"ReadAction\",\"target\":[\"http:\/\/anu.ufsj.edu.br\/site\/congresso\/aluna-do-curso-tem-tcc-selecionado-em-congresso-da-abraji\/\"]}]},{\"@type\":\"BreadcrumbList\",\"@id\":\"http:\/\/anu.ufsj.edu.br\/site\/congresso\/aluna-do-curso-tem-tcc-selecionado-em-congresso-da-abraji\/#breadcrumb\",\"itemListElement\":[{\"@type\":\"ListItem\",\"position\":1,\"name\":\"In\u00edcio\",\"item\":\"http:\/\/jornalismo.ufsj.edu.br\/site\/\"},{\"@type\":\"ListItem\",\"position\":2,\"name\":\"Aluna tem TCC selecionado pela ABRAJI\"}]},{\"@type\":\"WebSite\",\"@id\":\"http:\/\/jornalismo.ufsj.edu.br\/site\/#website\",\"url\":\"http:\/\/jornalismo.ufsj.edu.br\/site\/\",\"name\":\"Jornalismo UFSJ\",\"description\":\"\",\"potentialAction\":[{\"@type\":\"SearchAction\",\"target\":{\"@type\":\"EntryPoint\",\"urlTemplate\":\"http:\/\/jornalismo.ufsj.edu.br\/site\/?s={search_term_string}\"},\"query-input\":\"required name=search_term_string\"}],\"inLanguage\":\"pt-BR\"},{\"@type\":\"Person\",\"@id\":\"\"}]}<\/script>\n<!-- \/ Yoast SEO plugin. -->","yoast_head_json":{"title":"Aluna tem TCC selecionado pela ABRAJI - Jornalismo UFSJ","robots":{"index":"index","follow":"follow","max-snippet":"max-snippet:-1","max-image-preview":"max-image-preview:large","max-video-preview":"max-video-preview:-1"},"canonical":"http:\/\/anu.ufsj.edu.br\/site\/congresso\/aluna-do-curso-tem-tcc-selecionado-em-congresso-da-abraji\/","og_locale":"pt_BR","og_type":"article","og_title":"Aluna tem TCC selecionado pela ABRAJI - Jornalismo UFSJ","og_description":"A\u00a0Associa\u00e7\u00e3o Brasileira de Jornalismo Investigativo (Abraji) anunciou no \u00faltimo dia 20 os Trabalhos de Conclus\u00e3o de Curso selecionados para participar do 11\u00ba Congresso de Jornalismo Investigativo, a ser realizado de 23 a 25 de junho deste ano. Foram 35 trabalhos...","og_url":"http:\/\/anu.ufsj.edu.br\/site\/congresso\/aluna-do-curso-tem-tcc-selecionado-em-congresso-da-abraji\/","og_site_name":"Jornalismo UFSJ","article_publisher":"https:\/\/www.facebook.com\/jornalismoufsj\/","article_published_time":"2016-04-23T20:08:45+00:00","twitter_card":"summary_large_image","twitter_creator":"@jornalismoufsj","twitter_site":"@jornalismoufsj","twitter_misc":{"Escrito por":"","Est. tempo de leitura":"3 minutos"},"schema":{"@context":"https:\/\/schema.org","@graph":[{"@type":"WebPage","@id":"http:\/\/anu.ufsj.edu.br\/site\/congresso\/aluna-do-curso-tem-tcc-selecionado-em-congresso-da-abraji\/","url":"http:\/\/anu.ufsj.edu.br\/site\/congresso\/aluna-do-curso-tem-tcc-selecionado-em-congresso-da-abraji\/","name":"Aluna tem TCC selecionado pela ABRAJI - Jornalismo UFSJ","isPartOf":{"@id":"http:\/\/jornalismo.ufsj.edu.br\/site\/#website"},"datePublished":"2016-04-23T20:08:45+00:00","dateModified":"2016-04-23T20:08:45+00:00","author":{"@id":""},"breadcrumb":{"@id":"http:\/\/anu.ufsj.edu.br\/site\/congresso\/aluna-do-curso-tem-tcc-selecionado-em-congresso-da-abraji\/#breadcrumb"},"inLanguage":"pt-BR","potentialAction":[{"@type":"ReadAction","target":["http:\/\/anu.ufsj.edu.br\/site\/congresso\/aluna-do-curso-tem-tcc-selecionado-em-congresso-da-abraji\/"]}]},{"@type":"BreadcrumbList","@id":"http:\/\/anu.ufsj.edu.br\/site\/congresso\/aluna-do-curso-tem-tcc-selecionado-em-congresso-da-abraji\/#breadcrumb","itemListElement":[{"@type":"ListItem","position":1,"name":"In\u00edcio","item":"http:\/\/jornalismo.ufsj.edu.br\/site\/"},{"@type":"ListItem","position":2,"name":"Aluna tem TCC selecionado pela ABRAJI"}]},{"@type":"WebSite","@id":"http:\/\/jornalismo.ufsj.edu.br\/site\/#website","url":"http:\/\/jornalismo.ufsj.edu.br\/site\/","name":"Jornalismo UFSJ","description":"","potentialAction":[{"@type":"SearchAction","target":{"@type":"EntryPoint","urlTemplate":"http:\/\/jornalismo.ufsj.edu.br\/site\/?s={search_term_string}"},"query-input":"required name=search_term_string"}],"inLanguage":"pt-BR"},{"@type":"Person","@id":""}]}},"jetpack_featured_media_url":"","_links":{"self":[{"href":"http:\/\/anu.ufsj.edu.br\/site\/wp-json\/wp\/v2\/posts\/2677"}],"collection":[{"href":"http:\/\/anu.ufsj.edu.br\/site\/wp-json\/wp\/v2\/posts"}],"about":[{"href":"http:\/\/anu.ufsj.edu.br\/site\/wp-json\/wp\/v2\/types\/post"}],"author":[{"embeddable":true,"href":"http:\/\/anu.ufsj.edu.br\/site\/wp-json\/wp\/v2\/users\/3"}],"replies":[{"embeddable":true,"href":"http:\/\/anu.ufsj.edu.br\/site\/wp-json\/wp\/v2\/comments?post=2677"}],"version-history":[{"count":0,"href":"http:\/\/anu.ufsj.edu.br\/site\/wp-json\/wp\/v2\/posts\/2677\/revisions"}],"wp:featuredmedia":[{"embeddable":true,"href":"http:\/\/anu.ufsj.edu.br\/site\/wp-json\/"}],"wp:attachment":[{"href":"http:\/\/anu.ufsj.edu.br\/site\/wp-json\/wp\/v2\/media?parent=2677"}],"wp:term":[{"taxonomy":"category","embeddable":true,"href":"http:\/\/anu.ufsj.edu.br\/site\/wp-json\/wp\/v2\/categories?post=2677"},{"taxonomy":"post_tag","embeddable":true,"href":"http:\/\/anu.ufsj.edu.br\/site\/wp-json\/wp\/v2\/tags?post=2677"}],"curies":[{"name":"wp","href":"https:\/\/api.w.org\/{rel}","templated":true}]}}