{"id":3772,"date":"2016-05-26T12:35:28","date_gmt":"2016-05-26T12:35:28","guid":{"rendered":"http:\/\/jornalismo.ufsj.edu.br\/?p=3772"},"modified":"2016-05-26T12:35:28","modified_gmt":"2016-05-26T12:35:28","slug":"oficinas-compartilham-experiencias-de-comunicacao","status":"publish","type":"post","link":"http:\/\/anu.ufsj.edu.br\/site\/ex-alunos\/oficinas-compartilham-experiencias-de-comunicacao\/","title":{"rendered":"Oficinas compartilham experi\u00eancias de Comunica\u00e7\u00e3o"},"content":{"rendered":"<div id=\"attachment_4329\" style=\"width: 205px\" class=\"wp-caption alignleft\"><img aria-describedby=\"caption-attachment-4329\" loading=\"lazy\" class=\"alignnone  wp-image-4329\" src=\"http:\/\/jornalismo.ufsj.edu.br\/wp-content\/uploads\/2016\/06\/13435891_1030332603688100_410553703_n.jpg?w=680\" alt=\"13435891_1030332603688100_410553703_n\" width=\"195\" height=\"195\" \/><p id=\"caption-attachment-4329\" class=\"wp-caption-text\">Arquivo Pessoal<\/p><\/div>\n<p>Fraldas, brinquedos , mamadeiras e cadernos espalhados. \u00c9 assim a rotina de quem \u00e9 m\u00e3e e precisa, ao mesmo tempo, estudar. Amanda Magalh\u00e3es \u00e9 aluna do 7\u00b0 per\u00edodo de Comunica\u00e7\u00e3o Social da Ufsj e \u00e9 m\u00e3e da Valentina, uma gracinha de beb\u00ea de 11 meses.\u00a0 A vida da Amanda virou de cabe\u00e7a para baixo desde que\u00a0descobriu que estava gr\u00e1vida, mas isso n\u00e3o a impediu de continuar lutando para conseguir terminar a faculdade e tornar-se uma jornalista.<\/p>\n<p>Sua\u00a0 maior dificuldade \u00e9 poder cumprir o papel de &#8220;m\u00e3e presente&#8221; e ao mesmo tempo conseguir realizar todos os trabalhos que a Universidade exige. Isso implica uma s\u00e9ria quest\u00e3o: a aus\u00eancia de uma creche nos campi da Universidade. Amanda conseguiria realizar os trabalhos acad\u00eamicos e\u00a0o trabalho de monitoria do qual participava\u00a0sem ter que mobilizar sua fam\u00edlia inteira para tomar conta da pequena Valentina. E n\u00e3o s\u00f3 ela, como outras m\u00e3es, alunas e funcion\u00e1rias, poderiam se beneficiar disso.<\/p>\n<p>O dilema de tentar ser presente para sua beb\u00ea e pensar na sua vida profissional traz \u00e0 Amanda uma infinidade de quest\u00f5es para tratar. Uma delas se refere a coment\u00e1rios por vezes preconceituosos ou ofensivos. &#8220;Todos os dias eu ou\u00e7o coment\u00e1rios como &#8216;quem deve cuidar s\u00e3o seus pais n\u00e9?'&#8221; ou \u201c&#8217;Voc\u00ea n\u00e3o sabia que existe rem\u00e9dio?\u2019. Mas eu n\u00e3o me importo&#8221;, assegura.<\/p>\n<p>Mas de modo geral as pessoas com quem Amanda se relaciona na faculdade, como colegas e professores, s\u00e3o bem compreensivos. &#8220;O pessoal da sala sempre entende quando eu n\u00e3o posso participar das reuni\u00f5es&#8221;, comenta. Sobre o apoio dos amigos ela conta: &#8220;Eles fizeram um ch\u00e1 de fraldas quando eu estava gr\u00e1vida&#8221;. E alega se sentir perdida por ter dificuldade em acompanhar o ritmo das aulas, bem como o da turma: \u201cEu s\u00f3 consigo conciliar por conta do apoio dos meus pais e dos amigos&#8221;.<\/p>\n<p>A pequena Valentina \u00e0s vezes acompanha a m\u00e3e na Universidade. A bebezinha que encanta aos olhos de quem quer que a veja, de primeira n\u00e3o deixa transparecer a crian\u00e7a arteira, comum durante essa idade, que est\u00e1 conhecendo o mundo. Amanda conta que uma vez gravou uma mat\u00e9ria para aula de TV enquanto a Valentina comia o cabo do microfone ao mesmo tempo em que escalava sua perna! Mas apesar de tudo isso, a beb\u00ea \u00e9 a raz\u00e3o de viver da estudante. &#8220;A Valentina \u00e9 o \u00fanico motivo de eu encarar toda essa bagun\u00e7a que anda a minha vida. Eu s\u00f3 continuo para dar o melhor para ela&#8221;, diz Amanda.<\/p>\n<p>Atualmente a aluna e m\u00e3e est\u00e1 elaborando o seu TCC, tentando conciliar com os servi\u00e7os da bolsa de extens\u00e3o e com os cuidados com a pequena arteira. Amanda comenta que n\u00e3o tem tempo nem para dormir, j\u00e1 que, al\u00e9m de tudo isso, a beb\u00ea acorda 5 vezes durante a madrugada! Mas diz isso aos risos: Amanda n\u00e3o trocaria essa alegria por nada nesse mundo.<\/p>\n<p style=\"text-align:right;\">Texto: Beatriz Estima<br \/>\nRevis\u00e3o e Edi\u00e7\u00e3o: Dani da Gama<br \/>\nImagens: Arquivo Pessoal<\/p>\n","protected":false},"excerpt":{"rendered":"<p>Fraldas, brinquedos , mamadeiras e cadernos espalhados. \u00c9 assim a rotina de quem \u00e9 m\u00e3e e precisa, ao mesmo tempo, estudar. Amanda Magalh\u00e3es \u00e9 aluna do 7\u00b0 per\u00edodo de Comunica\u00e7\u00e3o Social da Ufsj e \u00e9 m\u00e3e da Valentina, uma gracinha&#8230;<\/p>\n","protected":false},"author":3,"featured_media":4328,"comment_status":"open","ping_status":"open","sticky":false,"template":"","format":"standard","meta":{"_monsterinsights_skip_tracking":false,"_monsterinsights_sitenote_active":false,"_monsterinsights_sitenote_note":"","_monsterinsights_sitenote_category":0},"categories":[28,41],"tags":[],"yoast_head":"<!-- This site is optimized with the Yoast SEO plugin v20.6 - https:\/\/yoast.com\/wordpress\/plugins\/seo\/ -->\n<title>Oficinas compartilham experi\u00eancias de Comunica\u00e7\u00e3o - Jornalismo UFSJ<\/title>\n<meta name=\"robots\" content=\"index, follow, max-snippet:-1, max-image-preview:large, max-video-preview:-1\" \/>\n<link rel=\"canonical\" href=\"https:\/\/jornalismo.ufsj.edu.br\/site\/ex-alunos\/oficinas-compartilham-experiencias-de-comunicacao\/\" \/>\n<meta property=\"og:locale\" content=\"pt_BR\" \/>\n<meta property=\"og:type\" content=\"article\" \/>\n<meta property=\"og:title\" content=\"Oficinas compartilham experi\u00eancias de Comunica\u00e7\u00e3o - Jornalismo UFSJ\" \/>\n<meta property=\"og:description\" content=\"Fraldas, brinquedos , mamadeiras e cadernos espalhados. \u00c9 assim a rotina de quem \u00e9 m\u00e3e e precisa, ao mesmo tempo, estudar. Amanda Magalh\u00e3es \u00e9 aluna do 7\u00b0 per\u00edodo de Comunica\u00e7\u00e3o Social da Ufsj e \u00e9 m\u00e3e da Valentina, uma gracinha...\" \/>\n<meta property=\"og:url\" content=\"https:\/\/jornalismo.ufsj.edu.br\/site\/ex-alunos\/oficinas-compartilham-experiencias-de-comunicacao\/\" \/>\n<meta property=\"og:site_name\" content=\"Jornalismo UFSJ\" \/>\n<meta property=\"article:publisher\" content=\"https:\/\/www.facebook.com\/jornalismoufsj\/\" \/>\n<meta property=\"article:published_time\" content=\"2016-05-26T12:35:28+00:00\" \/>\n<meta name=\"twitter:card\" content=\"summary_large_image\" \/>\n<meta name=\"twitter:creator\" content=\"@jornalismoufsj\" \/>\n<meta name=\"twitter:site\" content=\"@jornalismoufsj\" \/>\n<meta name=\"twitter:label1\" content=\"Escrito por\" \/>\n\t<meta name=\"twitter:data1\" content=\"\" \/>\n\t<meta name=\"twitter:label2\" content=\"Est. tempo de leitura\" \/>\n\t<meta name=\"twitter:data2\" content=\"3 minutos\" \/>\n<script type=\"application\/ld+json\" class=\"yoast-schema-graph\">{\"@context\":\"https:\/\/schema.org\",\"@graph\":[{\"@type\":\"WebPage\",\"@id\":\"https:\/\/jornalismo.ufsj.edu.br\/site\/ex-alunos\/oficinas-compartilham-experiencias-de-comunicacao\/\",\"url\":\"https:\/\/jornalismo.ufsj.edu.br\/site\/ex-alunos\/oficinas-compartilham-experiencias-de-comunicacao\/\",\"name\":\"Oficinas compartilham experi\u00eancias de Comunica\u00e7\u00e3o - Jornalismo UFSJ\",\"isPartOf\":{\"@id\":\"http:\/\/jornalismo.ufsj.edu.br\/site\/#website\"},\"datePublished\":\"2016-05-26T12:35:28+00:00\",\"dateModified\":\"2016-05-26T12:35:28+00:00\",\"author\":{\"@id\":\"\"},\"breadcrumb\":{\"@id\":\"https:\/\/jornalismo.ufsj.edu.br\/site\/ex-alunos\/oficinas-compartilham-experiencias-de-comunicacao\/#breadcrumb\"},\"inLanguage\":\"pt-BR\",\"potentialAction\":[{\"@type\":\"ReadAction\",\"target\":[\"https:\/\/jornalismo.ufsj.edu.br\/site\/ex-alunos\/oficinas-compartilham-experiencias-de-comunicacao\/\"]}]},{\"@type\":\"BreadcrumbList\",\"@id\":\"https:\/\/jornalismo.ufsj.edu.br\/site\/ex-alunos\/oficinas-compartilham-experiencias-de-comunicacao\/#breadcrumb\",\"itemListElement\":[{\"@type\":\"ListItem\",\"position\":1,\"name\":\"In\u00edcio\",\"item\":\"http:\/\/jornalismo.ufsj.edu.br\/site\/\"},{\"@type\":\"ListItem\",\"position\":2,\"name\":\"Oficinas compartilham experi\u00eancias de Comunica\u00e7\u00e3o\"}]},{\"@type\":\"WebSite\",\"@id\":\"http:\/\/jornalismo.ufsj.edu.br\/site\/#website\",\"url\":\"http:\/\/jornalismo.ufsj.edu.br\/site\/\",\"name\":\"Jornalismo UFSJ\",\"description\":\"\",\"potentialAction\":[{\"@type\":\"SearchAction\",\"target\":{\"@type\":\"EntryPoint\",\"urlTemplate\":\"http:\/\/jornalismo.ufsj.edu.br\/site\/?s={search_term_string}\"},\"query-input\":\"required name=search_term_string\"}],\"inLanguage\":\"pt-BR\"},{\"@type\":\"Person\",\"@id\":\"\"}]}<\/script>\n<!-- \/ Yoast SEO plugin. -->","yoast_head_json":{"title":"Oficinas compartilham experi\u00eancias de Comunica\u00e7\u00e3o - Jornalismo UFSJ","robots":{"index":"index","follow":"follow","max-snippet":"max-snippet:-1","max-image-preview":"max-image-preview:large","max-video-preview":"max-video-preview:-1"},"canonical":"https:\/\/jornalismo.ufsj.edu.br\/site\/ex-alunos\/oficinas-compartilham-experiencias-de-comunicacao\/","og_locale":"pt_BR","og_type":"article","og_title":"Oficinas compartilham experi\u00eancias de Comunica\u00e7\u00e3o - Jornalismo UFSJ","og_description":"Fraldas, brinquedos , mamadeiras e cadernos espalhados. \u00c9 assim a rotina de quem \u00e9 m\u00e3e e precisa, ao mesmo tempo, estudar. Amanda Magalh\u00e3es \u00e9 aluna do 7\u00b0 per\u00edodo de Comunica\u00e7\u00e3o Social da Ufsj e \u00e9 m\u00e3e da Valentina, uma gracinha...","og_url":"https:\/\/jornalismo.ufsj.edu.br\/site\/ex-alunos\/oficinas-compartilham-experiencias-de-comunicacao\/","og_site_name":"Jornalismo UFSJ","article_publisher":"https:\/\/www.facebook.com\/jornalismoufsj\/","article_published_time":"2016-05-26T12:35:28+00:00","twitter_card":"summary_large_image","twitter_creator":"@jornalismoufsj","twitter_site":"@jornalismoufsj","twitter_misc":{"Escrito por":"","Est. tempo de leitura":"3 minutos"},"schema":{"@context":"https:\/\/schema.org","@graph":[{"@type":"WebPage","@id":"https:\/\/jornalismo.ufsj.edu.br\/site\/ex-alunos\/oficinas-compartilham-experiencias-de-comunicacao\/","url":"https:\/\/jornalismo.ufsj.edu.br\/site\/ex-alunos\/oficinas-compartilham-experiencias-de-comunicacao\/","name":"Oficinas compartilham experi\u00eancias de Comunica\u00e7\u00e3o - Jornalismo UFSJ","isPartOf":{"@id":"http:\/\/jornalismo.ufsj.edu.br\/site\/#website"},"datePublished":"2016-05-26T12:35:28+00:00","dateModified":"2016-05-26T12:35:28+00:00","author":{"@id":""},"breadcrumb":{"@id":"https:\/\/jornalismo.ufsj.edu.br\/site\/ex-alunos\/oficinas-compartilham-experiencias-de-comunicacao\/#breadcrumb"},"inLanguage":"pt-BR","potentialAction":[{"@type":"ReadAction","target":["https:\/\/jornalismo.ufsj.edu.br\/site\/ex-alunos\/oficinas-compartilham-experiencias-de-comunicacao\/"]}]},{"@type":"BreadcrumbList","@id":"https:\/\/jornalismo.ufsj.edu.br\/site\/ex-alunos\/oficinas-compartilham-experiencias-de-comunicacao\/#breadcrumb","itemListElement":[{"@type":"ListItem","position":1,"name":"In\u00edcio","item":"http:\/\/jornalismo.ufsj.edu.br\/site\/"},{"@type":"ListItem","position":2,"name":"Oficinas compartilham experi\u00eancias de Comunica\u00e7\u00e3o"}]},{"@type":"WebSite","@id":"http:\/\/jornalismo.ufsj.edu.br\/site\/#website","url":"http:\/\/jornalismo.ufsj.edu.br\/site\/","name":"Jornalismo UFSJ","description":"","potentialAction":[{"@type":"SearchAction","target":{"@type":"EntryPoint","urlTemplate":"http:\/\/jornalismo.ufsj.edu.br\/site\/?s={search_term_string}"},"query-input":"required name=search_term_string"}],"inLanguage":"pt-BR"},{"@type":"Person","@id":""}]}},"jetpack_featured_media_url":"","_links":{"self":[{"href":"http:\/\/anu.ufsj.edu.br\/site\/wp-json\/wp\/v2\/posts\/3772"}],"collection":[{"href":"http:\/\/anu.ufsj.edu.br\/site\/wp-json\/wp\/v2\/posts"}],"about":[{"href":"http:\/\/anu.ufsj.edu.br\/site\/wp-json\/wp\/v2\/types\/post"}],"author":[{"embeddable":true,"href":"http:\/\/anu.ufsj.edu.br\/site\/wp-json\/wp\/v2\/users\/3"}],"replies":[{"embeddable":true,"href":"http:\/\/anu.ufsj.edu.br\/site\/wp-json\/wp\/v2\/comments?post=3772"}],"version-history":[{"count":0,"href":"http:\/\/anu.ufsj.edu.br\/site\/wp-json\/wp\/v2\/posts\/3772\/revisions"}],"wp:featuredmedia":[{"embeddable":true,"href":"http:\/\/anu.ufsj.edu.br\/site\/wp-json\/"}],"wp:attachment":[{"href":"http:\/\/anu.ufsj.edu.br\/site\/wp-json\/wp\/v2\/media?parent=3772"}],"wp:term":[{"taxonomy":"category","embeddable":true,"href":"http:\/\/anu.ufsj.edu.br\/site\/wp-json\/wp\/v2\/categories?post=3772"},{"taxonomy":"post_tag","embeddable":true,"href":"http:\/\/anu.ufsj.edu.br\/site\/wp-json\/wp\/v2\/tags?post=3772"}],"curies":[{"name":"wp","href":"https:\/\/api.w.org\/{rel}","templated":true}]}}