{"id":4360,"date":"2016-06-18T16:56:10","date_gmt":"2016-06-18T16:56:10","guid":{"rendered":"http:\/\/jornalismo.ufsj.edu.br\/?p=4360"},"modified":"2016-06-18T16:56:10","modified_gmt":"2016-06-18T16:56:10","slug":"4360","status":"publish","type":"post","link":"http:\/\/anu.ufsj.edu.br\/site\/diz-ai\/4360\/","title":{"rendered":"Ouri\u00e7os que sonham"},"content":{"rendered":"<div class=\"_1dwg _1w_m\">\n<div id=\"js_b\" class=\"_5pbx userContent\">\n<p><img loading=\"lazy\" class=\"  wp-image-4367 alignleft\" src=\"http:\/\/jornalismo.ufsj.edu.br\/wp-content\/uploads\/2016\/06\/apresentando-os-ouric3a7os.png\" alt=\"apresentando os ouri\u00e7os\" width=\"262\" height=\"262\" \/>A se\u00e7\u00e3o Diz A\u00ed deste s\u00e1bado est\u00e1 filos\u00f3fica. Quem vai nos trazer o prazer de um texto genial \u00e9 a Ana Martins, aluna do 7o. per\u00edodo que tem um p\u00e9 no Jornalismo outro na Literatura, ou vive pulando com os dois tentando juntar &#8211; e bem &#8211; as duas metades.<\/p>\n<p>No blog &#8220;Ouri\u00e7os que sonham&#8221;, Ana fala das &#8220;ang\u00fastias das rela\u00e7\u00f5es humanas, das t\u00eanues linhas que separam os indiv\u00edduos modernos e das bobagens que insistem em afastar, cada vez mais, as pessoas&#8221;. O tema, para Ana, tem muita a ver com seu trabalho de conclus\u00e3o de curso, que \u00e9 a intoler\u00e2ncia \u00e0 diferen\u00e7a entre os indiv\u00edduos.<\/p>\n<p>Na descri\u00e7\u00e3o do projeto, Ana j\u00e1 diz com que ajuda ela conta: &#8220;Que a literatura esteja conosco neste caminho tortuoso a percorrer&#8221;. E o que podemos esperar seguindo ouri\u00e7os que sonham? Carinhos ou espinhos? Conhe\u00e7a o\u00a0<a href=\"https:\/\/www.facebook.com\/ouricosquesonham\/\" target=\"_blank\">Ouri\u00e7os<\/a>\u00a0para ler textos em que se encontram, como dentro da gente, as duas coisas.<\/p>\n<p>Esse \u00e9 o texto que a gente escolheu pra postar hoje, e vale muito a pena uma reflex\u00e3o! N\u00e3o deixe de ler.<\/p>\n<p>Diz A\u00ed, Ana Martins!<\/p>\n<\/div>\n<div class=\"_5wpt\">\n<h2 class=\"headline\">Apresentando os ouri\u00e7os<\/h2>\n<p>N\u00f3s n\u00e3o conversamos mais. Empatia, a palavra que est\u00e1 na moda, n\u00e3o passa dos pap\u00e9is e das redes sociais saturadas de opini\u00f5es diversas e desentendimentos. As conversas de comadre, as masturba\u00e7\u00f5es de ego, invadem nosso cotidiano e, cada vez mais, nos afastam. Consigo perceber, atrav\u00e9s desta e de outras telas, que o di\u00e1logo est\u00e1 morto e n\u00f3s o matamos. O que antes era opini\u00e3o, hoje \u00e9 lei, \u00e9 intoc\u00e1vel e imut\u00e1vel. N\u00e3o abrimos mais espa\u00e7o para nada que difere de n\u00f3s mesmos e dos nossos gigantescos egos, que engolem nossa humanidade, nossa exist\u00eancia e nossas rela\u00e7\u00f5es. Tenho pra mim que os espinhos que carregamos, como ouri\u00e7os, cresceram demais e j\u00e1 n\u00e3o podemos contar com o grupo para nos protegermos do inverno que assola nossas almas. Estamos morrendo congelados, presos a nossos pr\u00f3prios arbustos.<\/p>\n<p>Se teu espinho me fere, automaticamente sinto-me no direito de te furar com os meus. Voc\u00ea n\u00e3o me compreende e eu tamb\u00e9m n\u00e3o fa\u00e7o o m\u00ednimo esfor\u00e7o para tentar enxergar o seu ponto de vista. As leis de Hamurabi, criadas em 1700 a.c. ainda surtem efeito na nossa sociedade p\u00f3s-moderna, t\u00e3o desenvolvida. Aos poucos e vorazmente, cegamos um ao outro, mesmo os que se dizem com a miss\u00e3o de esclarecer. Ainda nos lembramos de onde viemos, mas como um bando de barata tontas, n\u00e3o sabemos qual destino esperamos ou nos espera.<\/p>\n<p>Pessoalmente, compreendo que nenhuma pessoa faz o que faz ou pensa como pensa no intuito pr\u00e9vio de prejudicar outros indiv\u00edduos. Entretanto, nos esquecemos da responsabilidade que carrega cada a\u00e7\u00e3o, palavra e pensamento que possu\u00edmos. E essa responsabilidade se perde pelas beiradas e cai sobre outras cabe\u00e7as, outras hist\u00f3rias, outros universos. Queremos um lugar melhor, mas n\u00e3o nos damos o trabalho de tentar compreender o mundo que mora ao lado. Fechamo-nos em nossos cub\u00edculos enfeitados de n\u00f3s mesmos e nem pensamos em visitar o cub\u00edculo mais pr\u00f3ximo, imagine o mais distante\u2026 E nessa dist\u00e2ncia, alimentamos nossa pr\u00f3pria mediocridade. Lemos apenas o que nos apetece, assistimos apenas o que afirma nossas pr\u00f3prias convic\u00e7\u00f5es. O inc\u00f4modo, que deveria engrandecer os gr\u00e3os de areia que somos, s\u00e3o nosso maior medo. Estamos t\u00e3o inseguros que nada que n\u00e3o nos remeta a lugar confort\u00e1vel \u00e9 bem visto.<\/p>\n<p>N\u00e3o seria essa a hora de trocarmos ou apararmos esses malditos espinhos? Para dar a luz, quase sempre \u00e9 necess\u00e1rio sentir a dor do parto. Para viver, \u00e9 necess\u00e1rio toparmos com as pedras, com o diverso, com o que machuca. Qual beleza teria a alegria se ela fosse absoluta? Quem foi que te disse que existe alegria absoluta ou que voc\u00ea \u00e9 especial? Voc\u00ea j\u00e1 pesquisou o tamanho do nosso universo, a possibilidade de um multiverso? Ent\u00e3o por que ainda nos sentimos t\u00e3o grandes e t\u00e3o certos de tudo? A vida \u00e9 nada mais que um mist\u00e9rio a ser solucionado diariamente. Biologicamente, meu c\u00e9rebro funciona exatamente como o seu, mas o biol\u00f3gico \u00e9 tudo que temos pra nos basear? Biologicamente, o homem n\u00e3o pode voar, n\u00e3o pode respirar no espa\u00e7o, n\u00e3o pode quase nada, mas atrav\u00e9s dos milhares de anos de nossa exist\u00eancia nesse \u201cp\u00e1lido ponto azul\u201d, provamos o contr\u00e1rio. Adaptamo-nos pra sobreviver, n\u00e3o \u00e9? N\u00f3s temos essa capacidade, ent\u00e3o que tal us\u00e1-la?<\/p>\n<p>N\u00f3s somos o tudo e o nada ao mesmo tempo e isso \u00e9 incr\u00edvel. Vamos celebrar, sem falsidades, a diferen\u00e7a. Vamos nos dar um pouco do direito de se colocar no lugar do outro antes de lan\u00e7ar pedras. N\u00e3o jogue bosta na Geni, nem no dono do Zepelin. Tente conversar com eles e entender as diferentes exist\u00eancias e porque elas se tornaram isto que voc\u00ea tanto odeia. O \u00f3dio s\u00f3 nos levou a intermin\u00e1veis guerras, mas o di\u00e1logo, esse sim tem a capacidade de real mudan\u00e7a. Abra espa\u00e7o em voc\u00ea para que o outro possa se acomodar em sua alma. Deixe que a poesia de cada ser, as dores, a hist\u00f3ria, seja compartilhada. Abra caminho e largue essa convic\u00e7\u00e3o que te transforma em mais um ponto fixo. Abra espa\u00e7o para que voc\u00ea possa fluir, e os outros tamb\u00e9m. N\u00e3o esconda seus espinhos e suas dores, mas saiba que o seu vizinho tamb\u00e9m tem l\u00e1 seus inc\u00f4modos e que eles n\u00e3o s\u00e3o piores ou menores porque a sua dor tamb\u00e9m \u00e9 gigantesca. Toda dor \u00e9 gigantesca, n\u00e3o se esque\u00e7a disso jamais.<\/p>\n<\/div>\n<\/div>\n","protected":false},"excerpt":{"rendered":"<p>A se\u00e7\u00e3o Diz A\u00ed deste s\u00e1bado est\u00e1 filos\u00f3fica. Quem vai nos trazer o prazer de um texto genial \u00e9 a Ana Martins, aluna do 7o. per\u00edodo que tem um p\u00e9 no Jornalismo outro na Literatura, ou vive pulando com os&#8230;<\/p>\n","protected":false},"author":3,"featured_media":4396,"comment_status":"open","ping_status":"open","sticky":false,"template":"","format":"standard","meta":{"_monsterinsights_skip_tracking":false,"_monsterinsights_sitenote_active":false,"_monsterinsights_sitenote_note":"","_monsterinsights_sitenote_category":0},"categories":[21],"tags":[],"yoast_head":"<!-- This site is optimized with the Yoast SEO plugin v20.6 - https:\/\/yoast.com\/wordpress\/plugins\/seo\/ -->\n<title>Ouri\u00e7os que sonham - Jornalismo UFSJ<\/title>\n<meta name=\"robots\" content=\"index, follow, max-snippet:-1, max-image-preview:large, max-video-preview:-1\" \/>\n<link rel=\"canonical\" href=\"http:\/\/jornalismo.ufsj.edu.br\/site\/diz-ai\/4360\/\" \/>\n<meta property=\"og:locale\" content=\"pt_BR\" \/>\n<meta property=\"og:type\" content=\"article\" \/>\n<meta property=\"og:title\" content=\"Ouri\u00e7os que sonham - Jornalismo UFSJ\" \/>\n<meta property=\"og:description\" content=\"A se\u00e7\u00e3o Diz A\u00ed deste s\u00e1bado est\u00e1 filos\u00f3fica. Quem vai nos trazer o prazer de um texto genial \u00e9 a Ana Martins, aluna do 7o. per\u00edodo que tem um p\u00e9 no Jornalismo outro na Literatura, ou vive pulando com os...\" \/>\n<meta property=\"og:url\" content=\"http:\/\/jornalismo.ufsj.edu.br\/site\/diz-ai\/4360\/\" \/>\n<meta property=\"og:site_name\" content=\"Jornalismo UFSJ\" \/>\n<meta property=\"article:publisher\" content=\"https:\/\/www.facebook.com\/jornalismoufsj\/\" \/>\n<meta property=\"article:published_time\" content=\"2016-06-18T16:56:10+00:00\" \/>\n<meta name=\"twitter:card\" content=\"summary_large_image\" \/>\n<meta name=\"twitter:creator\" content=\"@jornalismoufsj\" \/>\n<meta name=\"twitter:site\" content=\"@jornalismoufsj\" \/>\n<meta name=\"twitter:label1\" content=\"Escrito por\" \/>\n\t<meta name=\"twitter:data1\" content=\"\" \/>\n\t<meta name=\"twitter:label2\" content=\"Est. tempo de leitura\" \/>\n\t<meta name=\"twitter:data2\" content=\"5 minutos\" \/>\n<script type=\"application\/ld+json\" class=\"yoast-schema-graph\">{\"@context\":\"https:\/\/schema.org\",\"@graph\":[{\"@type\":\"WebPage\",\"@id\":\"http:\/\/jornalismo.ufsj.edu.br\/site\/diz-ai\/4360\/\",\"url\":\"http:\/\/jornalismo.ufsj.edu.br\/site\/diz-ai\/4360\/\",\"name\":\"Ouri\u00e7os que sonham - Jornalismo UFSJ\",\"isPartOf\":{\"@id\":\"http:\/\/jornalismo.ufsj.edu.br\/site\/#website\"},\"datePublished\":\"2016-06-18T16:56:10+00:00\",\"dateModified\":\"2016-06-18T16:56:10+00:00\",\"author\":{\"@id\":\"\"},\"breadcrumb\":{\"@id\":\"http:\/\/jornalismo.ufsj.edu.br\/site\/diz-ai\/4360\/#breadcrumb\"},\"inLanguage\":\"pt-BR\",\"potentialAction\":[{\"@type\":\"ReadAction\",\"target\":[\"http:\/\/jornalismo.ufsj.edu.br\/site\/diz-ai\/4360\/\"]}]},{\"@type\":\"BreadcrumbList\",\"@id\":\"http:\/\/jornalismo.ufsj.edu.br\/site\/diz-ai\/4360\/#breadcrumb\",\"itemListElement\":[{\"@type\":\"ListItem\",\"position\":1,\"name\":\"In\u00edcio\",\"item\":\"http:\/\/jornalismo.ufsj.edu.br\/site\/\"},{\"@type\":\"ListItem\",\"position\":2,\"name\":\"Ouri\u00e7os que sonham\"}]},{\"@type\":\"WebSite\",\"@id\":\"http:\/\/jornalismo.ufsj.edu.br\/site\/#website\",\"url\":\"http:\/\/jornalismo.ufsj.edu.br\/site\/\",\"name\":\"Jornalismo UFSJ\",\"description\":\"\",\"potentialAction\":[{\"@type\":\"SearchAction\",\"target\":{\"@type\":\"EntryPoint\",\"urlTemplate\":\"http:\/\/jornalismo.ufsj.edu.br\/site\/?s={search_term_string}\"},\"query-input\":\"required name=search_term_string\"}],\"inLanguage\":\"pt-BR\"},{\"@type\":\"Person\",\"@id\":\"\"}]}<\/script>\n<!-- \/ Yoast SEO plugin. -->","yoast_head_json":{"title":"Ouri\u00e7os que sonham - Jornalismo UFSJ","robots":{"index":"index","follow":"follow","max-snippet":"max-snippet:-1","max-image-preview":"max-image-preview:large","max-video-preview":"max-video-preview:-1"},"canonical":"http:\/\/jornalismo.ufsj.edu.br\/site\/diz-ai\/4360\/","og_locale":"pt_BR","og_type":"article","og_title":"Ouri\u00e7os que sonham - Jornalismo UFSJ","og_description":"A se\u00e7\u00e3o Diz A\u00ed deste s\u00e1bado est\u00e1 filos\u00f3fica. Quem vai nos trazer o prazer de um texto genial \u00e9 a Ana Martins, aluna do 7o. per\u00edodo que tem um p\u00e9 no Jornalismo outro na Literatura, ou vive pulando com os...","og_url":"http:\/\/jornalismo.ufsj.edu.br\/site\/diz-ai\/4360\/","og_site_name":"Jornalismo UFSJ","article_publisher":"https:\/\/www.facebook.com\/jornalismoufsj\/","article_published_time":"2016-06-18T16:56:10+00:00","twitter_card":"summary_large_image","twitter_creator":"@jornalismoufsj","twitter_site":"@jornalismoufsj","twitter_misc":{"Escrito por":"","Est. tempo de leitura":"5 minutos"},"schema":{"@context":"https:\/\/schema.org","@graph":[{"@type":"WebPage","@id":"http:\/\/jornalismo.ufsj.edu.br\/site\/diz-ai\/4360\/","url":"http:\/\/jornalismo.ufsj.edu.br\/site\/diz-ai\/4360\/","name":"Ouri\u00e7os que sonham - Jornalismo UFSJ","isPartOf":{"@id":"http:\/\/jornalismo.ufsj.edu.br\/site\/#website"},"datePublished":"2016-06-18T16:56:10+00:00","dateModified":"2016-06-18T16:56:10+00:00","author":{"@id":""},"breadcrumb":{"@id":"http:\/\/jornalismo.ufsj.edu.br\/site\/diz-ai\/4360\/#breadcrumb"},"inLanguage":"pt-BR","potentialAction":[{"@type":"ReadAction","target":["http:\/\/jornalismo.ufsj.edu.br\/site\/diz-ai\/4360\/"]}]},{"@type":"BreadcrumbList","@id":"http:\/\/jornalismo.ufsj.edu.br\/site\/diz-ai\/4360\/#breadcrumb","itemListElement":[{"@type":"ListItem","position":1,"name":"In\u00edcio","item":"http:\/\/jornalismo.ufsj.edu.br\/site\/"},{"@type":"ListItem","position":2,"name":"Ouri\u00e7os que sonham"}]},{"@type":"WebSite","@id":"http:\/\/jornalismo.ufsj.edu.br\/site\/#website","url":"http:\/\/jornalismo.ufsj.edu.br\/site\/","name":"Jornalismo UFSJ","description":"","potentialAction":[{"@type":"SearchAction","target":{"@type":"EntryPoint","urlTemplate":"http:\/\/jornalismo.ufsj.edu.br\/site\/?s={search_term_string}"},"query-input":"required name=search_term_string"}],"inLanguage":"pt-BR"},{"@type":"Person","@id":""}]}},"jetpack_featured_media_url":"","_links":{"self":[{"href":"http:\/\/anu.ufsj.edu.br\/site\/wp-json\/wp\/v2\/posts\/4360"}],"collection":[{"href":"http:\/\/anu.ufsj.edu.br\/site\/wp-json\/wp\/v2\/posts"}],"about":[{"href":"http:\/\/anu.ufsj.edu.br\/site\/wp-json\/wp\/v2\/types\/post"}],"author":[{"embeddable":true,"href":"http:\/\/anu.ufsj.edu.br\/site\/wp-json\/wp\/v2\/users\/3"}],"replies":[{"embeddable":true,"href":"http:\/\/anu.ufsj.edu.br\/site\/wp-json\/wp\/v2\/comments?post=4360"}],"version-history":[{"count":0,"href":"http:\/\/anu.ufsj.edu.br\/site\/wp-json\/wp\/v2\/posts\/4360\/revisions"}],"wp:featuredmedia":[{"embeddable":true,"href":"http:\/\/anu.ufsj.edu.br\/site\/wp-json\/"}],"wp:attachment":[{"href":"http:\/\/anu.ufsj.edu.br\/site\/wp-json\/wp\/v2\/media?parent=4360"}],"wp:term":[{"taxonomy":"category","embeddable":true,"href":"http:\/\/anu.ufsj.edu.br\/site\/wp-json\/wp\/v2\/categories?post=4360"},{"taxonomy":"post_tag","embeddable":true,"href":"http:\/\/anu.ufsj.edu.br\/site\/wp-json\/wp\/v2\/tags?post=4360"}],"curies":[{"name":"wp","href":"https:\/\/api.w.org\/{rel}","templated":true}]}}