{"id":4634,"date":"2016-06-28T14:59:38","date_gmt":"2016-06-28T14:59:38","guid":{"rendered":"http:\/\/jornalismo.ufsj.edu.br\/?p=4634"},"modified":"2016-06-28T14:59:38","modified_gmt":"2016-06-28T14:59:38","slug":"nao-deixe-o-samba-acabar","status":"publish","type":"post","link":"http:\/\/anu.ufsj.edu.br\/site\/invernocultural\/nao-deixe-o-samba-acabar\/","title":{"rendered":"N\u00e3o deixe o samba acabar"},"content":{"rendered":"<p><img loading=\"lazy\" class=\"  wp-image-4673 alignleft\" src=\"http:\/\/jornalismo.ufsj.edu.br\/wp-content\/uploads\/2016\/06\/festival-inverno.png\" alt=\"festival inverno\" width=\"294\" height=\"186\" \/>Quando a UFSJ\u00a0anunciou que este ano o Inverno Cultural seria cancelado, por n\u00e3o ter obtido capta\u00e7\u00e3o m\u00ednima de recursos, foi grande a surpresa e frustra\u00e7\u00e3o dos alunos. O festival\u00a0\u00e9 realizado h\u00e1 28 anos. O\u00a0an\u00fancio foi feito\u00a0em 25 de maio, no mesmo dia em que os proponentes de oficinas, palestras e eventos esperavam ansiosos pela lista de aprovados.<\/p>\n<p>Depois do susto inicial, por\u00e9m, a rea\u00e7\u00e3o foi imediata: na mesma noite alunos j\u00e1 fomentavam nas redes sociais a possibilidade de promover um festival por conta pr\u00f3pria. Por que n\u00e3o? E desde ent\u00e3o uma equipe tem trabalhado duro para que o festival aconte\u00e7a.<\/p>\n<p>Por ironia, o tema do Inverno Cultural para este ano seria\u00a0a comemora\u00e7\u00e3o do centen\u00e1rio do samba. E se depender dessa equipe valente, por aqui o samba n\u00e3o vai morrer e o Inverno Cultural n\u00e3o vai acabar.<\/p>\n<p><strong>Precisa-se de Volunt\u00e1rios<\/strong><\/p>\n<p>Uma das organizadoras \u00e9 a aluna Bianca C\u00f4bbo do curso de Jornalismo. Ela afirma que ainda\u00a0precisam de muita ajuda. A Universidade est\u00e1 apoiando, cedendo espa\u00e7os f\u00edsicos. Mas s\u00e3o necess\u00e1rios aux\u00edlios com alimenta\u00e7\u00e3o, material para oficinas, contribui\u00e7\u00e3o financeira e de pessoal para monitoria. O festival\u00a0tamb\u00e9m est\u00e1 recebendo contribui\u00e7\u00f5es de crowdfunding pelo site\u00a0<a href=\"http:\/\/kickante.com.br\/campanhas\/festival-de-inverno-nao-deixe-cultura-morrer-1\" target=\"_blank\">Kickante<\/a>. Voc\u00ea pode descobrir formas de ajudar, acesse\u00a0o site para saber mais: <a href=\"http:\/\/naodeixeaculturamorrer.com.br\" target=\"_blank\">http:\/\/naodeixeaculturamorrer.com.br<\/a>.<\/p>\n<p>Entre as atra\u00e7\u00f5es, ela conta mais de 80, que incluir\u00e3o dan\u00e7a, teatro e m\u00fasica, de artistas locais e de fora. Muitos dos\u00a0que haviam se inscrito para o festival oficial ofereceram seu trabalho como volunt\u00e1rios. Isso\u00a0demonstra a import\u00e2ncia do evento que \u00a0se tornou patrim\u00f4nio de S\u00e3o Jo\u00e3o: \u201cA cultura tem uma import\u00e2ncia peculiar, porque as artes contribuem na forma\u00e7\u00e3o de car\u00e1ter, ideologia, al\u00e9m de estarem aliadas ao racioc\u00ednio l\u00f3gico de um indiv\u00edduo. Quem consome cultura, absorve sabedoria e por isso ela n\u00e3o pode morrer\u201d, afirma Bianca.<\/p>\n<p><strong>Pelo direito \u00e0 cultura<\/strong><\/p>\n<p>Jessika Dam\u00e1sio, mestranda\u00a0em Psicologia, considera que a constru\u00e7\u00e3o do festival alternativo carrega em si um grande movimento social: \u201cA mobiliza\u00e7\u00e3o foi intensa e \u00fanica. Foi algo bonito e inspirador de se ver\u201d. Mas, em sua opini\u00e3o,\u00a0o festival poderia ser mais politizado. Ela considera\u00a0que um festival alternativo \u00e9 subtra\u00eddo de sua\u00a0potencialidade se\u00a0n\u00e3o tiver um car\u00e1ter de contesta\u00e7\u00e3o.\u00a0\u201cO que falo \u00e9 da luta pelo direito \u00e0 cultura pra todos&#8221;, declara. Na centralidade dos eventos da universidade, Jessika\u00a0observa que muitas vezes a institui\u00e7\u00e3o\u00a0esquece &#8220;das popula\u00e7\u00f5es menos favorecidas, das favelas, guetos e minorias que tamb\u00e9m comp\u00f5em a cidade de S\u00e3o Jo\u00e3o del-Rei.\u201d<\/p>\n<p>Bianca explica que uma preocupa\u00e7\u00e3o do grupo desde o princ\u00edpio foi essa:\u00a0\u201cEntendemos a import\u00e2ncia em levar cultura a outras comunidades mais afastadas do centro, \u00e9 necess\u00e1rio que haja essa aproxima\u00e7\u00e3o e faremos na medida do poss\u00edvel.\u201d<\/p>\n<p>O essencial\u00a0\u00e9 que a rela\u00e7\u00e3o universidade-comunidade seja cada vez mais pr\u00f3xima e vista de perto. Que a\u00e7\u00f5es como essa partam do \u00edmpeto e uni\u00e3o dos dois universos. E, afinal, atos como esses s\u00e3o sempre importantes, porque tamb\u00e9m existe a op\u00e7\u00e3o\u00a0de cruzar os bra\u00e7os e n\u00e3o se fazer nada. Jessika conclui: \u201cPra mim o festival alternativo pode trazer grandes modifica\u00e7\u00f5es e sua potencialidade, por ter sido criado pela popula\u00e7\u00e3o, \u00e9 ineg\u00e1vel\u201d. Falta pouco: o festival acontecer\u00e1\u00a0entre 16 e 24 de julho. N\u00e3o vai perder!<\/p>\n<p style=\"text-align:right;\">Texto: Dani da Gama<br \/>\nRevis\u00e3o: Julia Benatti<br \/>\nImagens: Divulga\u00e7\u00e3o<\/p>\n<p><strong>\u00a0<\/strong><\/p>\n","protected":false},"excerpt":{"rendered":"<p>Quando a UFSJ\u00a0anunciou que este ano o Inverno Cultural seria cancelado, por n\u00e3o ter obtido capta\u00e7\u00e3o m\u00ednima de recursos, foi grande a surpresa e frustra\u00e7\u00e3o dos alunos. O festival\u00a0\u00e9 realizado h\u00e1 28 anos. O\u00a0an\u00fancio foi feito\u00a0em 25 de maio, no&#8230;<\/p>\n","protected":false},"author":3,"featured_media":4673,"comment_status":"open","ping_status":"open","sticky":false,"template":"","format":"standard","meta":{"_monsterinsights_skip_tracking":false,"_monsterinsights_sitenote_active":false,"_monsterinsights_sitenote_note":"","_monsterinsights_sitenote_category":0},"categories":[38,41],"tags":[],"yoast_head":"<!-- This site is optimized with the Yoast SEO plugin v20.6 - https:\/\/yoast.com\/wordpress\/plugins\/seo\/ -->\n<title>N\u00e3o deixe o samba acabar - Jornalismo UFSJ<\/title>\n<meta name=\"robots\" content=\"index, follow, max-snippet:-1, max-image-preview:large, max-video-preview:-1\" \/>\n<link rel=\"canonical\" href=\"http:\/\/anu.ufsj.edu.br\/site\/invernocultural\/nao-deixe-o-samba-acabar\/\" \/>\n<meta property=\"og:locale\" content=\"pt_BR\" \/>\n<meta property=\"og:type\" content=\"article\" \/>\n<meta property=\"og:title\" content=\"N\u00e3o deixe o samba acabar - Jornalismo UFSJ\" \/>\n<meta property=\"og:description\" content=\"Quando a UFSJ\u00a0anunciou que este ano o Inverno Cultural seria cancelado, por n\u00e3o ter obtido capta\u00e7\u00e3o m\u00ednima de recursos, foi grande a surpresa e frustra\u00e7\u00e3o dos alunos. O festival\u00a0\u00e9 realizado h\u00e1 28 anos. O\u00a0an\u00fancio foi feito\u00a0em 25 de maio, no...\" \/>\n<meta property=\"og:url\" content=\"http:\/\/anu.ufsj.edu.br\/site\/invernocultural\/nao-deixe-o-samba-acabar\/\" \/>\n<meta property=\"og:site_name\" content=\"Jornalismo UFSJ\" \/>\n<meta property=\"article:publisher\" content=\"https:\/\/www.facebook.com\/jornalismoufsj\/\" \/>\n<meta property=\"article:published_time\" content=\"2016-06-28T14:59:38+00:00\" \/>\n<meta name=\"twitter:card\" content=\"summary_large_image\" \/>\n<meta name=\"twitter:creator\" content=\"@jornalismoufsj\" \/>\n<meta name=\"twitter:site\" content=\"@jornalismoufsj\" \/>\n<meta name=\"twitter:label1\" content=\"Escrito por\" \/>\n\t<meta name=\"twitter:data1\" content=\"\" \/>\n\t<meta name=\"twitter:label2\" content=\"Est. tempo de leitura\" \/>\n\t<meta name=\"twitter:data2\" content=\"3 minutos\" \/>\n<script type=\"application\/ld+json\" class=\"yoast-schema-graph\">{\"@context\":\"https:\/\/schema.org\",\"@graph\":[{\"@type\":\"WebPage\",\"@id\":\"http:\/\/anu.ufsj.edu.br\/site\/invernocultural\/nao-deixe-o-samba-acabar\/\",\"url\":\"http:\/\/anu.ufsj.edu.br\/site\/invernocultural\/nao-deixe-o-samba-acabar\/\",\"name\":\"N\u00e3o deixe o samba acabar - Jornalismo UFSJ\",\"isPartOf\":{\"@id\":\"http:\/\/jornalismo.ufsj.edu.br\/site\/#website\"},\"datePublished\":\"2016-06-28T14:59:38+00:00\",\"dateModified\":\"2016-06-28T14:59:38+00:00\",\"author\":{\"@id\":\"\"},\"breadcrumb\":{\"@id\":\"http:\/\/anu.ufsj.edu.br\/site\/invernocultural\/nao-deixe-o-samba-acabar\/#breadcrumb\"},\"inLanguage\":\"pt-BR\",\"potentialAction\":[{\"@type\":\"ReadAction\",\"target\":[\"http:\/\/anu.ufsj.edu.br\/site\/invernocultural\/nao-deixe-o-samba-acabar\/\"]}]},{\"@type\":\"BreadcrumbList\",\"@id\":\"http:\/\/anu.ufsj.edu.br\/site\/invernocultural\/nao-deixe-o-samba-acabar\/#breadcrumb\",\"itemListElement\":[{\"@type\":\"ListItem\",\"position\":1,\"name\":\"In\u00edcio\",\"item\":\"http:\/\/jornalismo.ufsj.edu.br\/site\/\"},{\"@type\":\"ListItem\",\"position\":2,\"name\":\"N\u00e3o deixe o samba acabar\"}]},{\"@type\":\"WebSite\",\"@id\":\"http:\/\/jornalismo.ufsj.edu.br\/site\/#website\",\"url\":\"http:\/\/jornalismo.ufsj.edu.br\/site\/\",\"name\":\"Jornalismo UFSJ\",\"description\":\"\",\"potentialAction\":[{\"@type\":\"SearchAction\",\"target\":{\"@type\":\"EntryPoint\",\"urlTemplate\":\"http:\/\/jornalismo.ufsj.edu.br\/site\/?s={search_term_string}\"},\"query-input\":\"required name=search_term_string\"}],\"inLanguage\":\"pt-BR\"},{\"@type\":\"Person\",\"@id\":\"\"}]}<\/script>\n<!-- \/ Yoast SEO plugin. -->","yoast_head_json":{"title":"N\u00e3o deixe o samba acabar - Jornalismo UFSJ","robots":{"index":"index","follow":"follow","max-snippet":"max-snippet:-1","max-image-preview":"max-image-preview:large","max-video-preview":"max-video-preview:-1"},"canonical":"http:\/\/anu.ufsj.edu.br\/site\/invernocultural\/nao-deixe-o-samba-acabar\/","og_locale":"pt_BR","og_type":"article","og_title":"N\u00e3o deixe o samba acabar - Jornalismo UFSJ","og_description":"Quando a UFSJ\u00a0anunciou que este ano o Inverno Cultural seria cancelado, por n\u00e3o ter obtido capta\u00e7\u00e3o m\u00ednima de recursos, foi grande a surpresa e frustra\u00e7\u00e3o dos alunos. O festival\u00a0\u00e9 realizado h\u00e1 28 anos. O\u00a0an\u00fancio foi feito\u00a0em 25 de maio, no...","og_url":"http:\/\/anu.ufsj.edu.br\/site\/invernocultural\/nao-deixe-o-samba-acabar\/","og_site_name":"Jornalismo UFSJ","article_publisher":"https:\/\/www.facebook.com\/jornalismoufsj\/","article_published_time":"2016-06-28T14:59:38+00:00","twitter_card":"summary_large_image","twitter_creator":"@jornalismoufsj","twitter_site":"@jornalismoufsj","twitter_misc":{"Escrito por":"","Est. tempo de leitura":"3 minutos"},"schema":{"@context":"https:\/\/schema.org","@graph":[{"@type":"WebPage","@id":"http:\/\/anu.ufsj.edu.br\/site\/invernocultural\/nao-deixe-o-samba-acabar\/","url":"http:\/\/anu.ufsj.edu.br\/site\/invernocultural\/nao-deixe-o-samba-acabar\/","name":"N\u00e3o deixe o samba acabar - Jornalismo UFSJ","isPartOf":{"@id":"http:\/\/jornalismo.ufsj.edu.br\/site\/#website"},"datePublished":"2016-06-28T14:59:38+00:00","dateModified":"2016-06-28T14:59:38+00:00","author":{"@id":""},"breadcrumb":{"@id":"http:\/\/anu.ufsj.edu.br\/site\/invernocultural\/nao-deixe-o-samba-acabar\/#breadcrumb"},"inLanguage":"pt-BR","potentialAction":[{"@type":"ReadAction","target":["http:\/\/anu.ufsj.edu.br\/site\/invernocultural\/nao-deixe-o-samba-acabar\/"]}]},{"@type":"BreadcrumbList","@id":"http:\/\/anu.ufsj.edu.br\/site\/invernocultural\/nao-deixe-o-samba-acabar\/#breadcrumb","itemListElement":[{"@type":"ListItem","position":1,"name":"In\u00edcio","item":"http:\/\/jornalismo.ufsj.edu.br\/site\/"},{"@type":"ListItem","position":2,"name":"N\u00e3o deixe o samba acabar"}]},{"@type":"WebSite","@id":"http:\/\/jornalismo.ufsj.edu.br\/site\/#website","url":"http:\/\/jornalismo.ufsj.edu.br\/site\/","name":"Jornalismo UFSJ","description":"","potentialAction":[{"@type":"SearchAction","target":{"@type":"EntryPoint","urlTemplate":"http:\/\/jornalismo.ufsj.edu.br\/site\/?s={search_term_string}"},"query-input":"required name=search_term_string"}],"inLanguage":"pt-BR"},{"@type":"Person","@id":""}]}},"jetpack_featured_media_url":"","_links":{"self":[{"href":"http:\/\/anu.ufsj.edu.br\/site\/wp-json\/wp\/v2\/posts\/4634"}],"collection":[{"href":"http:\/\/anu.ufsj.edu.br\/site\/wp-json\/wp\/v2\/posts"}],"about":[{"href":"http:\/\/anu.ufsj.edu.br\/site\/wp-json\/wp\/v2\/types\/post"}],"author":[{"embeddable":true,"href":"http:\/\/anu.ufsj.edu.br\/site\/wp-json\/wp\/v2\/users\/3"}],"replies":[{"embeddable":true,"href":"http:\/\/anu.ufsj.edu.br\/site\/wp-json\/wp\/v2\/comments?post=4634"}],"version-history":[{"count":0,"href":"http:\/\/anu.ufsj.edu.br\/site\/wp-json\/wp\/v2\/posts\/4634\/revisions"}],"wp:featuredmedia":[{"embeddable":true,"href":"http:\/\/anu.ufsj.edu.br\/site\/wp-json\/"}],"wp:attachment":[{"href":"http:\/\/anu.ufsj.edu.br\/site\/wp-json\/wp\/v2\/media?parent=4634"}],"wp:term":[{"taxonomy":"category","embeddable":true,"href":"http:\/\/anu.ufsj.edu.br\/site\/wp-json\/wp\/v2\/categories?post=4634"},{"taxonomy":"post_tag","embeddable":true,"href":"http:\/\/anu.ufsj.edu.br\/site\/wp-json\/wp\/v2\/tags?post=4634"}],"curies":[{"name":"wp","href":"https:\/\/api.w.org\/{rel}","templated":true}]}}