{"id":5106,"date":"2016-07-22T22:15:01","date_gmt":"2016-07-22T22:15:01","guid":{"rendered":"http:\/\/jornalismo.ufsj.edu.br\/?p=5106"},"modified":"2016-07-22T22:15:01","modified_gmt":"2016-07-22T22:15:01","slug":"olhares-ana-beatriz-peres","status":"publish","type":"post","link":"http:\/\/anu.ufsj.edu.br\/site\/fotografia\/olhares-ana-beatriz-peres\/","title":{"rendered":"Olhares &#8211; Ana Beatriz Peres"},"content":{"rendered":"<p><span style=\"font-weight:400;\">\u00a0<\/span><\/p>\n<div id=\"attachment_5113\" style=\"width: 274px\" class=\"wp-caption alignleft\"><img aria-describedby=\"caption-attachment-5113\" loading=\"lazy\" class=\"  wp-image-5113 alignleft\" src=\"http:\/\/jornalismo.ufsj.edu.br\/wp-content\/uploads\/2016\/07\/ana.jpg\" alt=\"ana\" width=\"264\" height=\"264\" \/><p id=\"caption-attachment-5113\" class=\"wp-caption-text\">Arquivo Pessoal<\/p><\/div>\n<p><span style=\"font-weight:400;\">Minha hist\u00f3ria com a fotografia come\u00e7ou h\u00e1 oito ou nove anos, um tempo depois de descobrir que estava com depress\u00e3o. Desde pequena eu sempre fui muito t\u00edmida, com vergonha de falar com as pessoas e mostrar o que eu sentia. Talvez, mesmo sem saber, a fotografia foi (e ainda \u00e9) uma maneira de me expressar e mostrar sentimentos que, muitas vezes, eu n\u00e3o sei dizer com palavras.<\/span><\/p>\n<p><span style=\"font-weight:400;\">Acho m\u00e1gico esse poder que uma foto tem de dizer tanto sem dizer nada. De n\u00e3o precisar de textos e nem de grandes explica\u00e7\u00f5es. Com ela voc\u00ea enxerga o mundo, l\u00ea atrav\u00e9s de outros olhos, sente gostos e sensa\u00e7\u00f5es \u00fanicas! Acho que a fotografia faz da gente contadores de hist\u00f3rias: voc\u00ea v\u00ea uma foto e mil e uma ideias sobre &#8220;o que aconteceu naquele momento?&#8221; florescem na sua cabe\u00e7a!! <\/span><\/p>\n<p><span style=\"font-weight:400;\">A gente se torna muita coisa quando v\u00ea uma foto. Voc\u00ea vira fot\u00f3grafo, personagem, contador de hist\u00f3ria, investigador&#8230; e vira gente que sente a foto! Que sente sorriso, que se emociona, que se inspira, d\u00e1 risada, que sente saudades. Gosto dessas sensa\u00e7\u00f5es e sentimentos que a fotografia causa na gente!\u00a0<\/span><\/p>\n<p><span style=\"font-weight:400;\">Escolhi as fotos que fiz da pe\u00e7a &#8220;A hist\u00f3ria de amor de Romeu e Julieta&#8221; durante essas f\u00e9rias, porque no dia da apresenta\u00e7\u00e3o eu enxerguei amor em cada um daqueles atores\/palha\u00e7os. Eles estavam fazendo o que amavam e eu me vi ao lado deles, fazendo o que eu amo tamb\u00e9m: fotografar. Quando fui tratar as fotos senti alegria e sorrisos, me vi personagem de tantas hist\u00f3rias, inclusive da minha.<\/span><\/p>\n<p><span style=\"font-weight:400;\">A fotografia faz parte de mim, da minha hist\u00f3ria e da minha for\u00e7a. Espero que voc\u00ea encontre algo que ame tamb\u00e9m!<\/span><\/p>\n<p style=\"text-align:right;\">Texto: Ana Beatriz Peres<\/p>\n\n","protected":false},"excerpt":{"rendered":"<p>\u00a0 Minha hist\u00f3ria com a fotografia come\u00e7ou h\u00e1 oito ou nove anos, um tempo depois de descobrir que estava com depress\u00e3o. Desde pequena eu sempre fui muito t\u00edmida, com vergonha de falar com as pessoas e mostrar o que eu&#8230;<\/p>\n","protected":false},"author":3,"featured_media":5108,"comment_status":"open","ping_status":"open","sticky":false,"template":"","format":"standard","meta":{"_monsterinsights_skip_tracking":false,"_monsterinsights_sitenote_active":false,"_monsterinsights_sitenote_note":"","_monsterinsights_sitenote_category":0},"categories":[32,57],"tags":[],"yoast_head":"<!-- This site is optimized with the Yoast SEO plugin v20.6 - https:\/\/yoast.com\/wordpress\/plugins\/seo\/ -->\n<title>Olhares - Ana Beatriz Peres - Jornalismo UFSJ<\/title>\n<meta name=\"robots\" content=\"index, follow, max-snippet:-1, max-image-preview:large, max-video-preview:-1\" \/>\n<link rel=\"canonical\" href=\"http:\/\/anu.ufsj.edu.br\/site\/fotografia\/olhares-ana-beatriz-peres\/\" \/>\n<meta property=\"og:locale\" content=\"pt_BR\" \/>\n<meta property=\"og:type\" content=\"article\" \/>\n<meta property=\"og:title\" content=\"Olhares - Ana Beatriz Peres - Jornalismo UFSJ\" \/>\n<meta property=\"og:description\" content=\"\u00a0 Minha hist\u00f3ria com a fotografia come\u00e7ou h\u00e1 oito ou nove anos, um tempo depois de descobrir que estava com depress\u00e3o. Desde pequena eu sempre fui muito t\u00edmida, com vergonha de falar com as pessoas e mostrar o que eu...\" \/>\n<meta property=\"og:url\" content=\"http:\/\/anu.ufsj.edu.br\/site\/fotografia\/olhares-ana-beatriz-peres\/\" \/>\n<meta property=\"og:site_name\" content=\"Jornalismo UFSJ\" \/>\n<meta property=\"article:publisher\" content=\"https:\/\/www.facebook.com\/jornalismoufsj\/\" \/>\n<meta property=\"article:published_time\" content=\"2016-07-22T22:15:01+00:00\" \/>\n<meta name=\"twitter:card\" content=\"summary_large_image\" \/>\n<meta name=\"twitter:creator\" content=\"@jornalismoufsj\" \/>\n<meta name=\"twitter:site\" content=\"@jornalismoufsj\" \/>\n<meta name=\"twitter:label1\" content=\"Escrito por\" \/>\n\t<meta name=\"twitter:data1\" content=\"\" \/>\n\t<meta name=\"twitter:label2\" content=\"Est. tempo de leitura\" \/>\n\t<meta name=\"twitter:data2\" content=\"2 minutos\" \/>\n<script type=\"application\/ld+json\" class=\"yoast-schema-graph\">{\"@context\":\"https:\/\/schema.org\",\"@graph\":[{\"@type\":\"WebPage\",\"@id\":\"http:\/\/anu.ufsj.edu.br\/site\/fotografia\/olhares-ana-beatriz-peres\/\",\"url\":\"http:\/\/anu.ufsj.edu.br\/site\/fotografia\/olhares-ana-beatriz-peres\/\",\"name\":\"Olhares - Ana Beatriz Peres - Jornalismo UFSJ\",\"isPartOf\":{\"@id\":\"http:\/\/jornalismo.ufsj.edu.br\/site\/#website\"},\"datePublished\":\"2016-07-22T22:15:01+00:00\",\"dateModified\":\"2016-07-22T22:15:01+00:00\",\"author\":{\"@id\":\"\"},\"breadcrumb\":{\"@id\":\"http:\/\/anu.ufsj.edu.br\/site\/fotografia\/olhares-ana-beatriz-peres\/#breadcrumb\"},\"inLanguage\":\"pt-BR\",\"potentialAction\":[{\"@type\":\"ReadAction\",\"target\":[\"http:\/\/anu.ufsj.edu.br\/site\/fotografia\/olhares-ana-beatriz-peres\/\"]}]},{\"@type\":\"BreadcrumbList\",\"@id\":\"http:\/\/anu.ufsj.edu.br\/site\/fotografia\/olhares-ana-beatriz-peres\/#breadcrumb\",\"itemListElement\":[{\"@type\":\"ListItem\",\"position\":1,\"name\":\"In\u00edcio\",\"item\":\"http:\/\/jornalismo.ufsj.edu.br\/site\/\"},{\"@type\":\"ListItem\",\"position\":2,\"name\":\"Olhares &#8211; Ana Beatriz Peres\"}]},{\"@type\":\"WebSite\",\"@id\":\"http:\/\/jornalismo.ufsj.edu.br\/site\/#website\",\"url\":\"http:\/\/jornalismo.ufsj.edu.br\/site\/\",\"name\":\"Jornalismo UFSJ\",\"description\":\"\",\"potentialAction\":[{\"@type\":\"SearchAction\",\"target\":{\"@type\":\"EntryPoint\",\"urlTemplate\":\"http:\/\/jornalismo.ufsj.edu.br\/site\/?s={search_term_string}\"},\"query-input\":\"required name=search_term_string\"}],\"inLanguage\":\"pt-BR\"},{\"@type\":\"Person\",\"@id\":\"\"}]}<\/script>\n<!-- \/ Yoast SEO plugin. -->","yoast_head_json":{"title":"Olhares - Ana Beatriz Peres - Jornalismo UFSJ","robots":{"index":"index","follow":"follow","max-snippet":"max-snippet:-1","max-image-preview":"max-image-preview:large","max-video-preview":"max-video-preview:-1"},"canonical":"http:\/\/anu.ufsj.edu.br\/site\/fotografia\/olhares-ana-beatriz-peres\/","og_locale":"pt_BR","og_type":"article","og_title":"Olhares - Ana Beatriz Peres - Jornalismo UFSJ","og_description":"\u00a0 Minha hist\u00f3ria com a fotografia come\u00e7ou h\u00e1 oito ou nove anos, um tempo depois de descobrir que estava com depress\u00e3o. Desde pequena eu sempre fui muito t\u00edmida, com vergonha de falar com as pessoas e mostrar o que eu...","og_url":"http:\/\/anu.ufsj.edu.br\/site\/fotografia\/olhares-ana-beatriz-peres\/","og_site_name":"Jornalismo UFSJ","article_publisher":"https:\/\/www.facebook.com\/jornalismoufsj\/","article_published_time":"2016-07-22T22:15:01+00:00","twitter_card":"summary_large_image","twitter_creator":"@jornalismoufsj","twitter_site":"@jornalismoufsj","twitter_misc":{"Escrito por":"","Est. tempo de leitura":"2 minutos"},"schema":{"@context":"https:\/\/schema.org","@graph":[{"@type":"WebPage","@id":"http:\/\/anu.ufsj.edu.br\/site\/fotografia\/olhares-ana-beatriz-peres\/","url":"http:\/\/anu.ufsj.edu.br\/site\/fotografia\/olhares-ana-beatriz-peres\/","name":"Olhares - Ana Beatriz Peres - Jornalismo UFSJ","isPartOf":{"@id":"http:\/\/jornalismo.ufsj.edu.br\/site\/#website"},"datePublished":"2016-07-22T22:15:01+00:00","dateModified":"2016-07-22T22:15:01+00:00","author":{"@id":""},"breadcrumb":{"@id":"http:\/\/anu.ufsj.edu.br\/site\/fotografia\/olhares-ana-beatriz-peres\/#breadcrumb"},"inLanguage":"pt-BR","potentialAction":[{"@type":"ReadAction","target":["http:\/\/anu.ufsj.edu.br\/site\/fotografia\/olhares-ana-beatriz-peres\/"]}]},{"@type":"BreadcrumbList","@id":"http:\/\/anu.ufsj.edu.br\/site\/fotografia\/olhares-ana-beatriz-peres\/#breadcrumb","itemListElement":[{"@type":"ListItem","position":1,"name":"In\u00edcio","item":"http:\/\/jornalismo.ufsj.edu.br\/site\/"},{"@type":"ListItem","position":2,"name":"Olhares &#8211; Ana Beatriz Peres"}]},{"@type":"WebSite","@id":"http:\/\/jornalismo.ufsj.edu.br\/site\/#website","url":"http:\/\/jornalismo.ufsj.edu.br\/site\/","name":"Jornalismo UFSJ","description":"","potentialAction":[{"@type":"SearchAction","target":{"@type":"EntryPoint","urlTemplate":"http:\/\/jornalismo.ufsj.edu.br\/site\/?s={search_term_string}"},"query-input":"required name=search_term_string"}],"inLanguage":"pt-BR"},{"@type":"Person","@id":""}]}},"jetpack_featured_media_url":"","_links":{"self":[{"href":"http:\/\/anu.ufsj.edu.br\/site\/wp-json\/wp\/v2\/posts\/5106"}],"collection":[{"href":"http:\/\/anu.ufsj.edu.br\/site\/wp-json\/wp\/v2\/posts"}],"about":[{"href":"http:\/\/anu.ufsj.edu.br\/site\/wp-json\/wp\/v2\/types\/post"}],"author":[{"embeddable":true,"href":"http:\/\/anu.ufsj.edu.br\/site\/wp-json\/wp\/v2\/users\/3"}],"replies":[{"embeddable":true,"href":"http:\/\/anu.ufsj.edu.br\/site\/wp-json\/wp\/v2\/comments?post=5106"}],"version-history":[{"count":0,"href":"http:\/\/anu.ufsj.edu.br\/site\/wp-json\/wp\/v2\/posts\/5106\/revisions"}],"wp:featuredmedia":[{"embeddable":true,"href":"http:\/\/anu.ufsj.edu.br\/site\/wp-json\/"}],"wp:attachment":[{"href":"http:\/\/anu.ufsj.edu.br\/site\/wp-json\/wp\/v2\/media?parent=5106"}],"wp:term":[{"taxonomy":"category","embeddable":true,"href":"http:\/\/anu.ufsj.edu.br\/site\/wp-json\/wp\/v2\/categories?post=5106"},{"taxonomy":"post_tag","embeddable":true,"href":"http:\/\/anu.ufsj.edu.br\/site\/wp-json\/wp\/v2\/tags?post=5106"}],"curies":[{"name":"wp","href":"https:\/\/api.w.org\/{rel}","templated":true}]}}