{"id":5137,"date":"2016-07-26T21:32:16","date_gmt":"2016-07-26T21:32:16","guid":{"rendered":"http:\/\/jornalismo.ufsj.edu.br\/?p=5137"},"modified":"2016-07-26T21:32:16","modified_gmt":"2016-07-26T21:32:16","slug":"ultimos-dias-da-exposicao-retratos","status":"publish","type":"post","link":"http:\/\/anu.ufsj.edu.br\/site\/fotografia\/ultimos-dias-da-exposicao-retratos\/","title":{"rendered":"\u00daltimos dias da exposi\u00e7\u00e3o &#8220;Retratos&#8221;"},"content":{"rendered":"<div class=\"_3hi clearfix\">\n<div class=\"_38 direction_ltr\">\n<p><img loading=\"lazy\" class=\"alignnone  wp-image-3705\" src=\"http:\/\/jornalismo.ufsj.edu.br\/wp-content\/uploads\/2016\/05\/retrato11.jpg\" alt=\"retrato11\" width=\"413\" height=\"275\" \/><\/p>\n<p>O Frederico Reis j\u00e1 foi entrevistado pela gente\u00a0<a href=\"https:\/\/jornalismoufsj.com.br\/2016\/05\/20\/olhares-retratos\/\" target=\"_blank\">aqui<\/a>, mas viemos lembrar que falta pouquinho para acabar a exposi\u00e7\u00e3o de seus retratos no\u00a0<a href=\"https:\/\/www.facebook.com\/events\/157136868029653\/\" target=\"_blank\">Barteli\u00ea<\/a>!\u00a0Segue at\u00e9 dia 30 de julho, este s\u00e1bado.<\/p>\n<p>Ele justifica sua prefer\u00eancia: &#8220;Nenhuma forma de fotografar mostra as pessoas de forma t\u00e3o eloquente quanto um retrato&#8221;. \u00a0E \u00e9 nos retratos que h\u00e1, tamb\u00e9m, um modo sutil de comunicar: &#8220;Busco de alguma forma parte do que sou nas outras pessoas&#8221;. Para ele, mesmo que a foto seja feita de surpresa, conseguir mostrar a ess\u00eancia de uma pessoa atrav\u00e9s de um retrato \u00e9 um processo que leva tempo.<\/p>\n<p>Frederico diz que a fotografia j\u00e1 ultrapassou o hobby e que pretende seguir carreira como fotojornalista. Ele afirma: &#8220;H\u00e1 muitas coisas acontecendo por a\u00ed que precisam ser documentadas, hist\u00f3rias precisam ser contadas e eu sinto que posso ajudar com imagens e meu ponto de vista&#8221;.<\/p>\n<p>E voc\u00ea?\u00a0N\u00e3o deixe seu trabalho escondido! Envie textos para a se\u00e7\u00e3o Diz A\u00ed do nosso site, ou fotos para a se\u00e7\u00e3o Olhares; fique atento aos editais do Centro Cultural &#8211; Solar da Baronesa para exposi\u00e7\u00f5es, procure parcerias com estabelecimentos como o Barteli\u00ea, circule fanzines, invente seu jeito.<\/p>\n<p>Fa\u00e7a, divulgue e compartilhe cultura. \ud83d\ude42<\/p>\n<\/div>\n<\/div>\n","protected":false},"excerpt":{"rendered":"<p>O Frederico Reis j\u00e1 foi entrevistado pela gente\u00a0aqui, mas viemos lembrar que falta pouquinho para acabar a exposi\u00e7\u00e3o de seus retratos no\u00a0Barteli\u00ea!\u00a0Segue at\u00e9 dia 30 de julho, este s\u00e1bado. Ele justifica sua prefer\u00eancia: &#8220;Nenhuma forma de fotografar mostra as pessoas&#8230;<\/p>\n","protected":false},"author":3,"featured_media":3705,"comment_status":"open","ping_status":"open","sticky":false,"template":"","format":"standard","meta":{"_monsterinsights_skip_tracking":false,"_monsterinsights_sitenote_active":false,"_monsterinsights_sitenote_note":"","_monsterinsights_sitenote_category":0},"categories":[32,57],"tags":[],"yoast_head":"<!-- This site is optimized with the Yoast SEO plugin v20.6 - https:\/\/yoast.com\/wordpress\/plugins\/seo\/ -->\n<title>\u00daltimos dias da exposi\u00e7\u00e3o &quot;Retratos&quot; - Jornalismo UFSJ<\/title>\n<meta name=\"robots\" content=\"index, follow, max-snippet:-1, max-image-preview:large, max-video-preview:-1\" \/>\n<link rel=\"canonical\" href=\"https:\/\/jornalismo.ufsj.edu.br\/site\/fotografia\/ultimos-dias-da-exposicao-retratos\/\" \/>\n<meta property=\"og:locale\" content=\"pt_BR\" \/>\n<meta property=\"og:type\" content=\"article\" \/>\n<meta property=\"og:title\" content=\"\u00daltimos dias da exposi\u00e7\u00e3o &quot;Retratos&quot; - Jornalismo UFSJ\" \/>\n<meta property=\"og:description\" content=\"O Frederico Reis j\u00e1 foi entrevistado pela gente\u00a0aqui, mas viemos lembrar que falta pouquinho para acabar a exposi\u00e7\u00e3o de seus retratos no\u00a0Barteli\u00ea!\u00a0Segue at\u00e9 dia 30 de julho, este s\u00e1bado. Ele justifica sua prefer\u00eancia: &#8220;Nenhuma forma de fotografar mostra as pessoas...\" \/>\n<meta property=\"og:url\" content=\"https:\/\/jornalismo.ufsj.edu.br\/site\/fotografia\/ultimos-dias-da-exposicao-retratos\/\" \/>\n<meta property=\"og:site_name\" content=\"Jornalismo UFSJ\" \/>\n<meta property=\"article:publisher\" content=\"https:\/\/www.facebook.com\/jornalismoufsj\/\" \/>\n<meta property=\"article:published_time\" content=\"2016-07-26T21:32:16+00:00\" \/>\n<meta name=\"twitter:card\" content=\"summary_large_image\" \/>\n<meta name=\"twitter:creator\" content=\"@jornalismoufsj\" \/>\n<meta name=\"twitter:site\" content=\"@jornalismoufsj\" \/>\n<meta name=\"twitter:label1\" content=\"Escrito por\" \/>\n\t<meta name=\"twitter:data1\" content=\"\" \/>\n\t<meta name=\"twitter:label2\" content=\"Est. tempo de leitura\" \/>\n\t<meta name=\"twitter:data2\" content=\"1 minuto\" \/>\n<script type=\"application\/ld+json\" class=\"yoast-schema-graph\">{\"@context\":\"https:\/\/schema.org\",\"@graph\":[{\"@type\":\"WebPage\",\"@id\":\"https:\/\/jornalismo.ufsj.edu.br\/site\/fotografia\/ultimos-dias-da-exposicao-retratos\/\",\"url\":\"https:\/\/jornalismo.ufsj.edu.br\/site\/fotografia\/ultimos-dias-da-exposicao-retratos\/\",\"name\":\"\u00daltimos dias da exposi\u00e7\u00e3o \\\"Retratos\\\" - Jornalismo UFSJ\",\"isPartOf\":{\"@id\":\"http:\/\/jornalismo.ufsj.edu.br\/site\/#website\"},\"datePublished\":\"2016-07-26T21:32:16+00:00\",\"dateModified\":\"2016-07-26T21:32:16+00:00\",\"author\":{\"@id\":\"\"},\"breadcrumb\":{\"@id\":\"https:\/\/jornalismo.ufsj.edu.br\/site\/fotografia\/ultimos-dias-da-exposicao-retratos\/#breadcrumb\"},\"inLanguage\":\"pt-BR\",\"potentialAction\":[{\"@type\":\"ReadAction\",\"target\":[\"https:\/\/jornalismo.ufsj.edu.br\/site\/fotografia\/ultimos-dias-da-exposicao-retratos\/\"]}]},{\"@type\":\"BreadcrumbList\",\"@id\":\"https:\/\/jornalismo.ufsj.edu.br\/site\/fotografia\/ultimos-dias-da-exposicao-retratos\/#breadcrumb\",\"itemListElement\":[{\"@type\":\"ListItem\",\"position\":1,\"name\":\"In\u00edcio\",\"item\":\"http:\/\/jornalismo.ufsj.edu.br\/site\/\"},{\"@type\":\"ListItem\",\"position\":2,\"name\":\"\u00daltimos dias da exposi\u00e7\u00e3o &#8220;Retratos&#8221;\"}]},{\"@type\":\"WebSite\",\"@id\":\"http:\/\/jornalismo.ufsj.edu.br\/site\/#website\",\"url\":\"http:\/\/jornalismo.ufsj.edu.br\/site\/\",\"name\":\"Jornalismo UFSJ\",\"description\":\"\",\"potentialAction\":[{\"@type\":\"SearchAction\",\"target\":{\"@type\":\"EntryPoint\",\"urlTemplate\":\"http:\/\/jornalismo.ufsj.edu.br\/site\/?s={search_term_string}\"},\"query-input\":\"required name=search_term_string\"}],\"inLanguage\":\"pt-BR\"},{\"@type\":\"Person\",\"@id\":\"\"}]}<\/script>\n<!-- \/ Yoast SEO plugin. -->","yoast_head_json":{"title":"\u00daltimos dias da exposi\u00e7\u00e3o \"Retratos\" - Jornalismo UFSJ","robots":{"index":"index","follow":"follow","max-snippet":"max-snippet:-1","max-image-preview":"max-image-preview:large","max-video-preview":"max-video-preview:-1"},"canonical":"https:\/\/jornalismo.ufsj.edu.br\/site\/fotografia\/ultimos-dias-da-exposicao-retratos\/","og_locale":"pt_BR","og_type":"article","og_title":"\u00daltimos dias da exposi\u00e7\u00e3o \"Retratos\" - Jornalismo UFSJ","og_description":"O Frederico Reis j\u00e1 foi entrevistado pela gente\u00a0aqui, mas viemos lembrar que falta pouquinho para acabar a exposi\u00e7\u00e3o de seus retratos no\u00a0Barteli\u00ea!\u00a0Segue at\u00e9 dia 30 de julho, este s\u00e1bado. Ele justifica sua prefer\u00eancia: &#8220;Nenhuma forma de fotografar mostra as pessoas...","og_url":"https:\/\/jornalismo.ufsj.edu.br\/site\/fotografia\/ultimos-dias-da-exposicao-retratos\/","og_site_name":"Jornalismo UFSJ","article_publisher":"https:\/\/www.facebook.com\/jornalismoufsj\/","article_published_time":"2016-07-26T21:32:16+00:00","twitter_card":"summary_large_image","twitter_creator":"@jornalismoufsj","twitter_site":"@jornalismoufsj","twitter_misc":{"Escrito por":"","Est. tempo de leitura":"1 minuto"},"schema":{"@context":"https:\/\/schema.org","@graph":[{"@type":"WebPage","@id":"https:\/\/jornalismo.ufsj.edu.br\/site\/fotografia\/ultimos-dias-da-exposicao-retratos\/","url":"https:\/\/jornalismo.ufsj.edu.br\/site\/fotografia\/ultimos-dias-da-exposicao-retratos\/","name":"\u00daltimos dias da exposi\u00e7\u00e3o \"Retratos\" - Jornalismo UFSJ","isPartOf":{"@id":"http:\/\/jornalismo.ufsj.edu.br\/site\/#website"},"datePublished":"2016-07-26T21:32:16+00:00","dateModified":"2016-07-26T21:32:16+00:00","author":{"@id":""},"breadcrumb":{"@id":"https:\/\/jornalismo.ufsj.edu.br\/site\/fotografia\/ultimos-dias-da-exposicao-retratos\/#breadcrumb"},"inLanguage":"pt-BR","potentialAction":[{"@type":"ReadAction","target":["https:\/\/jornalismo.ufsj.edu.br\/site\/fotografia\/ultimos-dias-da-exposicao-retratos\/"]}]},{"@type":"BreadcrumbList","@id":"https:\/\/jornalismo.ufsj.edu.br\/site\/fotografia\/ultimos-dias-da-exposicao-retratos\/#breadcrumb","itemListElement":[{"@type":"ListItem","position":1,"name":"In\u00edcio","item":"http:\/\/jornalismo.ufsj.edu.br\/site\/"},{"@type":"ListItem","position":2,"name":"\u00daltimos dias da exposi\u00e7\u00e3o &#8220;Retratos&#8221;"}]},{"@type":"WebSite","@id":"http:\/\/jornalismo.ufsj.edu.br\/site\/#website","url":"http:\/\/jornalismo.ufsj.edu.br\/site\/","name":"Jornalismo UFSJ","description":"","potentialAction":[{"@type":"SearchAction","target":{"@type":"EntryPoint","urlTemplate":"http:\/\/jornalismo.ufsj.edu.br\/site\/?s={search_term_string}"},"query-input":"required name=search_term_string"}],"inLanguage":"pt-BR"},{"@type":"Person","@id":""}]}},"jetpack_featured_media_url":"","_links":{"self":[{"href":"http:\/\/anu.ufsj.edu.br\/site\/wp-json\/wp\/v2\/posts\/5137"}],"collection":[{"href":"http:\/\/anu.ufsj.edu.br\/site\/wp-json\/wp\/v2\/posts"}],"about":[{"href":"http:\/\/anu.ufsj.edu.br\/site\/wp-json\/wp\/v2\/types\/post"}],"author":[{"embeddable":true,"href":"http:\/\/anu.ufsj.edu.br\/site\/wp-json\/wp\/v2\/users\/3"}],"replies":[{"embeddable":true,"href":"http:\/\/anu.ufsj.edu.br\/site\/wp-json\/wp\/v2\/comments?post=5137"}],"version-history":[{"count":0,"href":"http:\/\/anu.ufsj.edu.br\/site\/wp-json\/wp\/v2\/posts\/5137\/revisions"}],"wp:featuredmedia":[{"embeddable":true,"href":"http:\/\/anu.ufsj.edu.br\/site\/wp-json\/"}],"wp:attachment":[{"href":"http:\/\/anu.ufsj.edu.br\/site\/wp-json\/wp\/v2\/media?parent=5137"}],"wp:term":[{"taxonomy":"category","embeddable":true,"href":"http:\/\/anu.ufsj.edu.br\/site\/wp-json\/wp\/v2\/categories?post=5137"},{"taxonomy":"post_tag","embeddable":true,"href":"http:\/\/anu.ufsj.edu.br\/site\/wp-json\/wp\/v2\/tags?post=5137"}],"curies":[{"name":"wp","href":"https:\/\/api.w.org\/{rel}","templated":true}]}}