{"id":5406,"date":"2016-08-27T15:37:11","date_gmt":"2016-08-27T15:37:11","guid":{"rendered":"http:\/\/jornalismo.ufsj.edu.br\/?p=5406"},"modified":"2016-08-27T15:37:11","modified_gmt":"2016-08-27T15:37:11","slug":"olhares-alicia-antonioli","status":"publish","type":"post","link":"http:\/\/anu.ufsj.edu.br\/site\/fotografia\/olhares-alicia-antonioli\/","title":{"rendered":"Olhares &#8211; Al\u00edcia Antonioli"},"content":{"rendered":"<p>&nbsp;<\/p>\n<p style=\"text-align:justify;\"><img loading=\"lazy\" class=\"  wp-image-5409 alignleft\" src=\"http:\/\/jornalismo.ufsj.edu.br\/wp-content\/uploads\/2016\/08\/alicia.png\" alt=\"alicia\" width=\"227\" height=\"227\" \/>Apesar de ter apenas 18 anos, j\u00e1 vivi em muitos lugares e convivi com muitas pessoas diferentes. Sou carioca, mas me mudei para S\u00e3o Jo\u00e3o quando tinha 12 anos; vim por obriga\u00e7\u00e3o, odiando tudo e todos, n\u00e3o queria deixar meus amigos e toda minha fam\u00edlia para tr\u00e1s. Tinha medo, inseguran\u00e7a. Como uma forma de me reconfortar e fazer com que eu me distra\u00edsse, minha av\u00f3 me deu sua c\u00e2mera de presente. A partir da\u00ed, n\u00e3o parei de fotografar! Era conhecida como a \u201cmenina da c\u00e2mera\u201d na escola; capturava momentos entre os meus colegas sempre que poss\u00edvel. As pessoas sempre me chamaram aten\u00e7\u00e3o.<\/p>\n<p style=\"text-align:justify;\">Sobre o receio de publicar minhas fotos\u2026 Ele \u00e9 constante. Afinal, n\u00e3o entendo quase nada t\u00e9cnicas. Mesmo assim, esse ano venho partilhando mais do que fa\u00e7o nas redes sociais. Penso na t\u00e9cnica como um complemento ao olhar. Logo, se vejo uma fotografia que precisa ser tirada exatamente naquele momento \u2014 como uma express\u00e3o ou uma atitude espont\u00e2nea \u2014 e n\u00e3o tenho tempo de configurar a c\u00e2mera da melhor maneira poss\u00edvel, n\u00e3o perco a oportunidade.<\/p>\n<p style=\"text-align:justify;\">Talvez seja por causa dessa atra\u00e7\u00e3o pela espontaneidade que uma \u00e1rea da fotografia tem me chamado muita aten\u00e7\u00e3o: o Fotojornalismo. Trago, ent\u00e3o, a minha cobertura da passagem da Tocha Ol\u00edmpica por S\u00e3o Jo\u00e3o del-Rei em forma de narrativa.<\/p>\n<ol>\n<li>O perna de pau quer volta do MinC.<\/li>\n<li>Algumas crian\u00e7as observam atentamente.<\/li>\n<li>Outras se surpreendem.<\/li>\n<li>A multid\u00e3o caminha para o evento.<\/li>\n<li>A Tocha pouco se destaca em meio a tanta gente.<\/li>\n<li>Estudante protesta: \u201cFora Temer!\u201d<\/li>\n<li>Fam\u00edlias se juntam ao protesto.<\/li>\n<li>Os gritos n\u00e3o se calam.<\/li>\n<li>Enquanto isso, outra fam\u00edlia se re\u00fane alegremente.<\/li>\n<li>E um pai segura sua filha nas grades da Esta\u00e7\u00e3o Ferrovi\u00e1ria para que ela veja a Tocha partir de Maria Fuma\u00e7a para Tiradentes.<\/li>\n<\/ol>\n<p>&nbsp;<\/p>\n<p style=\"text-align:right;\">Texto: Al\u00edcia Antonioli<\/p>\n<p style=\"text-align:right;\">Revis\u00e3o: Julia Benatti<\/p>\n<p style=\"text-align:right;\">\n\n\t\t\t<div id='gallery-5406-1' class='gallery gallery-5406'>\n\t\t\t\t<div class='gallery-row gallery-col-3 gallery-clear'>\n\t\t\t\t\t<figure class='gallery-item col-3'>\n\t\t\t\t\t\t<div class='gallery-icon '><a title=\"DSC_0001-2\" href='http:\/\/anu.ufsj.edu.br\/site\/dsc_0001-2-2\/'><img width=\"150\" height=\"150\" src=\"http:\/\/anu.ufsj.edu.br\/site\/wp-content\/uploads\/2016\/08\/dsc_0001-21-150x150.jpg\" class=\"attachment-thumbnail size-thumbnail\" alt=\"\" loading=\"lazy\" \/><\/a><\/div>\n\t\t\t\t\t<\/figure>\n\t\t\t\t\t<figure class='gallery-item col-3'>\n\t\t\t\t\t\t<div class='gallery-icon '><a title=\"DSC_0002-2\" href='http:\/\/anu.ufsj.edu.br\/site\/dsc_0002-2-2\/'><img width=\"150\" height=\"150\" src=\"http:\/\/anu.ufsj.edu.br\/site\/wp-content\/uploads\/2016\/08\/dsc_0002-21-150x150.jpg\" class=\"attachment-thumbnail size-thumbnail\" alt=\"\" loading=\"lazy\" \/><\/a><\/div>\n\t\t\t\t\t<\/figure>\n\t\t\t\t\t<figure class='gallery-item col-3'>\n\t\t\t\t\t\t<div class='gallery-icon '><a title=\"DSC_0009-2\" href='http:\/\/anu.ufsj.edu.br\/site\/dsc_0009-2-2\/'><img width=\"150\" height=\"150\" src=\"http:\/\/anu.ufsj.edu.br\/site\/wp-content\/uploads\/2016\/08\/dsc_0009-21-150x150.jpg\" class=\"attachment-thumbnail size-thumbnail\" alt=\"\" loading=\"lazy\" \/><\/a><\/div>\n\t\t\t\t\t<\/figure>\n\t\t\t\t<\/div>\n\t\t\t\t<div class='gallery-row gallery-col-3 gallery-clear'>\n\t\t\t\t\t<figure class='gallery-item col-3'>\n\t\t\t\t\t\t<div class='gallery-icon '><a title=\"DSC_0013-2\" href='http:\/\/anu.ufsj.edu.br\/site\/dsc_0013-2-2\/'><img width=\"150\" height=\"150\" src=\"http:\/\/anu.ufsj.edu.br\/site\/wp-content\/uploads\/2016\/08\/dsc_0013-21-150x150.jpg\" class=\"attachment-thumbnail size-thumbnail\" alt=\"\" loading=\"lazy\" \/><\/a><\/div>\n\t\t\t\t\t<\/figure>\n\t\t\t\t\t<figure class='gallery-item col-3'>\n\t\t\t\t\t\t<div class='gallery-icon '><a title=\"DSC_0015-2\" href='http:\/\/anu.ufsj.edu.br\/site\/dsc_0015-2-2\/'><img width=\"150\" height=\"150\" src=\"http:\/\/anu.ufsj.edu.br\/site\/wp-content\/uploads\/2016\/08\/dsc_0015-21-150x150.jpg\" class=\"attachment-thumbnail size-thumbnail\" alt=\"\" loading=\"lazy\" \/><\/a><\/div>\n\t\t\t\t\t<\/figure>\n\t\t\t\t\t<figure class='gallery-item col-3'>\n\t\t\t\t\t\t<div class='gallery-icon '><a title=\"DSC_0022-2\" href='http:\/\/anu.ufsj.edu.br\/site\/dsc_0022-2-2\/'><img width=\"150\" height=\"150\" src=\"http:\/\/anu.ufsj.edu.br\/site\/wp-content\/uploads\/2016\/08\/dsc_0022-21-150x150.jpg\" class=\"attachment-thumbnail size-thumbnail\" alt=\"\" loading=\"lazy\" \/><\/a><\/div>\n\t\t\t\t\t<\/figure>\n\t\t\t\t<\/div>\n\t\t\t\t<div class='gallery-row gallery-col-3 gallery-clear'>\n\t\t\t\t\t<figure class='gallery-item col-3'>\n\t\t\t\t\t\t<div class='gallery-icon '><a title=\"DSC_0031-2\" href='http:\/\/anu.ufsj.edu.br\/site\/dsc_0031-2\/'><img width=\"150\" height=\"150\" src=\"http:\/\/anu.ufsj.edu.br\/site\/wp-content\/uploads\/2016\/08\/dsc_0031-2-150x150.jpg\" class=\"attachment-thumbnail size-thumbnail\" alt=\"\" loading=\"lazy\" \/><\/a><\/div>\n\t\t\t\t\t<\/figure>\n\t\t\t\t\t<figure class='gallery-item col-3'>\n\t\t\t\t\t\t<div class='gallery-icon '><a title=\"DSC_0050-2\" href='http:\/\/anu.ufsj.edu.br\/site\/dsc_0050-2\/'><img width=\"150\" height=\"150\" src=\"http:\/\/anu.ufsj.edu.br\/site\/wp-content\/uploads\/2016\/08\/dsc_0050-2-150x150.jpg\" class=\"attachment-thumbnail size-thumbnail\" alt=\"\" loading=\"lazy\" \/><\/a><\/div>\n\t\t\t\t\t<\/figure>\n\t\t\t\t\t<figure class='gallery-item col-3'>\n\t\t\t\t\t\t<div class='gallery-icon '><a title=\"DSC_0052-2\" href='http:\/\/anu.ufsj.edu.br\/site\/dsc_0052-2\/'><img width=\"150\" height=\"150\" src=\"http:\/\/anu.ufsj.edu.br\/site\/wp-content\/uploads\/2016\/08\/dsc_0052-2-150x150.jpg\" class=\"attachment-thumbnail size-thumbnail\" alt=\"\" loading=\"lazy\" \/><\/a><\/div>\n\t\t\t\t\t<\/figure>\n\t\t\t\t<\/div>\n\t\t\t\t<div class='gallery-row gallery-col-3 gallery-clear'>\n\t\t\t\t\t<figure class='gallery-item col-3'>\n\t\t\t\t\t\t<div class='gallery-icon '><a title=\"DSC_0060-2\" href='http:\/\/anu.ufsj.edu.br\/site\/dsc_0060-2\/'><img width=\"150\" height=\"150\" src=\"http:\/\/anu.ufsj.edu.br\/site\/wp-content\/uploads\/2016\/08\/dsc_0060-2-150x150.jpg\" class=\"attachment-thumbnail size-thumbnail\" alt=\"\" loading=\"lazy\" \/><\/a><\/div>\n\t\t\t\t\t<\/figure>\n\t\t\t<\/div>\n\t\t\t<\/div><!-- .gallery -->\n\n","protected":false},"excerpt":{"rendered":"<p>&nbsp; Apesar de ter apenas 18 anos, j\u00e1 vivi em muitos lugares e convivi com muitas pessoas diferentes. Sou carioca, mas me mudei para S\u00e3o Jo\u00e3o quando tinha 12 anos; vim por obriga\u00e7\u00e3o, odiando tudo e todos, n\u00e3o queria deixar&#8230;<\/p>\n","protected":false},"author":3,"featured_media":5426,"comment_status":"open","ping_status":"open","sticky":false,"template":"","format":"standard","meta":{"_monsterinsights_skip_tracking":false,"_monsterinsights_sitenote_active":false,"_monsterinsights_sitenote_note":"","_monsterinsights_sitenote_category":0},"categories":[32,57,70],"tags":[],"yoast_head":"<!-- This site is optimized with the Yoast SEO plugin v20.6 - https:\/\/yoast.com\/wordpress\/plugins\/seo\/ -->\n<title>Olhares - Al\u00edcia Antonioli - Jornalismo UFSJ<\/title>\n<meta name=\"robots\" content=\"index, follow, max-snippet:-1, max-image-preview:large, max-video-preview:-1\" \/>\n<link rel=\"canonical\" href=\"http:\/\/anu.ufsj.edu.br\/site\/fotografia\/olhares-alicia-antonioli\/\" \/>\n<meta property=\"og:locale\" content=\"pt_BR\" \/>\n<meta property=\"og:type\" content=\"article\" \/>\n<meta property=\"og:title\" content=\"Olhares - Al\u00edcia Antonioli - Jornalismo UFSJ\" \/>\n<meta property=\"og:description\" content=\"&nbsp; Apesar de ter apenas 18 anos, j\u00e1 vivi em muitos lugares e convivi com muitas pessoas diferentes. Sou carioca, mas me mudei para S\u00e3o Jo\u00e3o quando tinha 12 anos; vim por obriga\u00e7\u00e3o, odiando tudo e todos, n\u00e3o queria deixar...\" \/>\n<meta property=\"og:url\" content=\"http:\/\/anu.ufsj.edu.br\/site\/fotografia\/olhares-alicia-antonioli\/\" \/>\n<meta property=\"og:site_name\" content=\"Jornalismo UFSJ\" \/>\n<meta property=\"article:publisher\" content=\"https:\/\/www.facebook.com\/jornalismoufsj\/\" \/>\n<meta property=\"article:published_time\" content=\"2016-08-27T15:37:11+00:00\" \/>\n<meta property=\"og:image\" content=\"http:\/\/anu.ufsj.edu.br\/site\/wp-content\/uploads\/2016\/08\/dsc_0050-2-1024x683.jpg\" \/>\n\t<meta property=\"og:image:width\" content=\"1024\" \/>\n\t<meta property=\"og:image:height\" content=\"683\" \/>\n\t<meta property=\"og:image:type\" content=\"image\/jpeg\" \/>\n<meta name=\"twitter:card\" content=\"summary_large_image\" \/>\n<meta name=\"twitter:creator\" content=\"@jornalismoufsj\" \/>\n<meta name=\"twitter:site\" content=\"@jornalismoufsj\" \/>\n<meta name=\"twitter:label1\" content=\"Escrito por\" \/>\n\t<meta name=\"twitter:data1\" content=\"\" \/>\n\t<meta name=\"twitter:label2\" content=\"Est. tempo de leitura\" \/>\n\t<meta name=\"twitter:data2\" content=\"2 minutos\" \/>\n<script type=\"application\/ld+json\" class=\"yoast-schema-graph\">{\"@context\":\"https:\/\/schema.org\",\"@graph\":[{\"@type\":\"WebPage\",\"@id\":\"http:\/\/anu.ufsj.edu.br\/site\/fotografia\/olhares-alicia-antonioli\/\",\"url\":\"http:\/\/anu.ufsj.edu.br\/site\/fotografia\/olhares-alicia-antonioli\/\",\"name\":\"Olhares - Al\u00edcia Antonioli - Jornalismo UFSJ\",\"isPartOf\":{\"@id\":\"http:\/\/jornalismo.ufsj.edu.br\/site\/#website\"},\"datePublished\":\"2016-08-27T15:37:11+00:00\",\"dateModified\":\"2016-08-27T15:37:11+00:00\",\"author\":{\"@id\":\"\"},\"breadcrumb\":{\"@id\":\"http:\/\/anu.ufsj.edu.br\/site\/fotografia\/olhares-alicia-antonioli\/#breadcrumb\"},\"inLanguage\":\"pt-BR\",\"potentialAction\":[{\"@type\":\"ReadAction\",\"target\":[\"http:\/\/anu.ufsj.edu.br\/site\/fotografia\/olhares-alicia-antonioli\/\"]}]},{\"@type\":\"BreadcrumbList\",\"@id\":\"http:\/\/anu.ufsj.edu.br\/site\/fotografia\/olhares-alicia-antonioli\/#breadcrumb\",\"itemListElement\":[{\"@type\":\"ListItem\",\"position\":1,\"name\":\"In\u00edcio\",\"item\":\"http:\/\/jornalismo.ufsj.edu.br\/site\/\"},{\"@type\":\"ListItem\",\"position\":2,\"name\":\"Olhares &#8211; Al\u00edcia Antonioli\"}]},{\"@type\":\"WebSite\",\"@id\":\"http:\/\/jornalismo.ufsj.edu.br\/site\/#website\",\"url\":\"http:\/\/jornalismo.ufsj.edu.br\/site\/\",\"name\":\"Jornalismo UFSJ\",\"description\":\"\",\"potentialAction\":[{\"@type\":\"SearchAction\",\"target\":{\"@type\":\"EntryPoint\",\"urlTemplate\":\"http:\/\/jornalismo.ufsj.edu.br\/site\/?s={search_term_string}\"},\"query-input\":\"required name=search_term_string\"}],\"inLanguage\":\"pt-BR\"},{\"@type\":\"Person\",\"@id\":\"\"}]}<\/script>\n<!-- \/ Yoast SEO plugin. -->","yoast_head_json":{"title":"Olhares - Al\u00edcia Antonioli - Jornalismo UFSJ","robots":{"index":"index","follow":"follow","max-snippet":"max-snippet:-1","max-image-preview":"max-image-preview:large","max-video-preview":"max-video-preview:-1"},"canonical":"http:\/\/anu.ufsj.edu.br\/site\/fotografia\/olhares-alicia-antonioli\/","og_locale":"pt_BR","og_type":"article","og_title":"Olhares - Al\u00edcia Antonioli - Jornalismo UFSJ","og_description":"&nbsp; Apesar de ter apenas 18 anos, j\u00e1 vivi em muitos lugares e convivi com muitas pessoas diferentes. Sou carioca, mas me mudei para S\u00e3o Jo\u00e3o quando tinha 12 anos; vim por obriga\u00e7\u00e3o, odiando tudo e todos, n\u00e3o queria deixar...","og_url":"http:\/\/anu.ufsj.edu.br\/site\/fotografia\/olhares-alicia-antonioli\/","og_site_name":"Jornalismo UFSJ","article_publisher":"https:\/\/www.facebook.com\/jornalismoufsj\/","article_published_time":"2016-08-27T15:37:11+00:00","og_image":[{"width":1024,"height":683,"url":"http:\/\/anu.ufsj.edu.br\/site\/wp-content\/uploads\/2016\/08\/dsc_0050-2-1024x683.jpg","type":"image\/jpeg"}],"twitter_card":"summary_large_image","twitter_creator":"@jornalismoufsj","twitter_site":"@jornalismoufsj","twitter_misc":{"Escrito por":"","Est. tempo de leitura":"2 minutos"},"schema":{"@context":"https:\/\/schema.org","@graph":[{"@type":"WebPage","@id":"http:\/\/anu.ufsj.edu.br\/site\/fotografia\/olhares-alicia-antonioli\/","url":"http:\/\/anu.ufsj.edu.br\/site\/fotografia\/olhares-alicia-antonioli\/","name":"Olhares - Al\u00edcia Antonioli - Jornalismo UFSJ","isPartOf":{"@id":"http:\/\/jornalismo.ufsj.edu.br\/site\/#website"},"datePublished":"2016-08-27T15:37:11+00:00","dateModified":"2016-08-27T15:37:11+00:00","author":{"@id":""},"breadcrumb":{"@id":"http:\/\/anu.ufsj.edu.br\/site\/fotografia\/olhares-alicia-antonioli\/#breadcrumb"},"inLanguage":"pt-BR","potentialAction":[{"@type":"ReadAction","target":["http:\/\/anu.ufsj.edu.br\/site\/fotografia\/olhares-alicia-antonioli\/"]}]},{"@type":"BreadcrumbList","@id":"http:\/\/anu.ufsj.edu.br\/site\/fotografia\/olhares-alicia-antonioli\/#breadcrumb","itemListElement":[{"@type":"ListItem","position":1,"name":"In\u00edcio","item":"http:\/\/jornalismo.ufsj.edu.br\/site\/"},{"@type":"ListItem","position":2,"name":"Olhares &#8211; Al\u00edcia Antonioli"}]},{"@type":"WebSite","@id":"http:\/\/jornalismo.ufsj.edu.br\/site\/#website","url":"http:\/\/jornalismo.ufsj.edu.br\/site\/","name":"Jornalismo UFSJ","description":"","potentialAction":[{"@type":"SearchAction","target":{"@type":"EntryPoint","urlTemplate":"http:\/\/jornalismo.ufsj.edu.br\/site\/?s={search_term_string}"},"query-input":"required name=search_term_string"}],"inLanguage":"pt-BR"},{"@type":"Person","@id":""}]}},"jetpack_featured_media_url":"http:\/\/anu.ufsj.edu.br\/site\/wp-content\/uploads\/2016\/08\/dsc_0050-2.jpg","_links":{"self":[{"href":"http:\/\/anu.ufsj.edu.br\/site\/wp-json\/wp\/v2\/posts\/5406"}],"collection":[{"href":"http:\/\/anu.ufsj.edu.br\/site\/wp-json\/wp\/v2\/posts"}],"about":[{"href":"http:\/\/anu.ufsj.edu.br\/site\/wp-json\/wp\/v2\/types\/post"}],"author":[{"embeddable":true,"href":"http:\/\/anu.ufsj.edu.br\/site\/wp-json\/wp\/v2\/users\/3"}],"replies":[{"embeddable":true,"href":"http:\/\/anu.ufsj.edu.br\/site\/wp-json\/wp\/v2\/comments?post=5406"}],"version-history":[{"count":0,"href":"http:\/\/anu.ufsj.edu.br\/site\/wp-json\/wp\/v2\/posts\/5406\/revisions"}],"wp:featuredmedia":[{"embeddable":true,"href":"http:\/\/anu.ufsj.edu.br\/site\/wp-json\/wp\/v2\/media\/5426"}],"wp:attachment":[{"href":"http:\/\/anu.ufsj.edu.br\/site\/wp-json\/wp\/v2\/media?parent=5406"}],"wp:term":[{"taxonomy":"category","embeddable":true,"href":"http:\/\/anu.ufsj.edu.br\/site\/wp-json\/wp\/v2\/categories?post=5406"},{"taxonomy":"post_tag","embeddable":true,"href":"http:\/\/anu.ufsj.edu.br\/site\/wp-json\/wp\/v2\/tags?post=5406"}],"curies":[{"name":"wp","href":"https:\/\/api.w.org\/{rel}","templated":true}]}}