{"id":5456,"date":"2016-08-31T17:35:20","date_gmt":"2016-08-31T17:35:20","guid":{"rendered":"http:\/\/jornalismo.ufsj.edu.br\/?p=5456"},"modified":"2016-08-31T17:35:20","modified_gmt":"2016-08-31T17:35:20","slug":"a-vida-que-se-vai","status":"publish","type":"post","link":"http:\/\/anu.ufsj.edu.br\/site\/alunos\/a-vida-que-se-vai\/","title":{"rendered":"A vida que se vai"},"content":{"rendered":"<p style=\"text-align:justify;\">Ele possu\u00eda olhos, boca, nariz, orelhas, bra\u00e7os, pernas, pele. Era como qualquer um de n\u00f3s, poderia ser branco, negro, mulato, qualquer etnia, qualquer condi\u00e7\u00e3o sexual. Vestia-se com um avental, pois era assim que o oficio exigia. O carisma e a aten\u00e7\u00e3o com os clientes, tamb\u00e9m eram caracter\u00edsticas que, no seu emprego, eram muito bem servidas. Servir algo para o fregu\u00eas em bares e restaurantes pode ser muito prazeroso para quem est\u00e1 trabalhando na vida noturna, \u00e9 como abrir uma porta sem saber o que est\u00e1 do outro lado. A freguesia \u00e9 diversa, s\u00e3o casais que saem de casa para terem uma noite fora da rotina, amigos que v\u00e3o comemorar um anivers\u00e1rio, pessoas que estavam passando por ali e foram despertadas pela vontade de tomar uma gelada.<\/p>\n<p style=\"text-align:justify;\">Ele, o gar\u00e7om, tem seu trabalho Fordiano: perguntar, oferecer, servir, retirar, agradecer. E assim se vai uma noite de uma vida. Geralmente, tais pessoas que trabalham na noite, chegam em casa cansadas por terem ficado muito tempo de um lado para o outro, n\u00e3o terem sentado um pouquinho, porque logo chegava um cliente e assim tinha que se abrir uma mesa e come\u00e7ar o expediente. O grande desejo agora \u00e9 apenas descansar, pois logo chega uma nova noite. A rotina dele era basicamente esta, dia a dia, lua a lua, prato a prato, cerveja a cerveja, mesa a mesa. A vida daquele gar\u00e7om foi feita assim, de calmarias; como numa noite linda, em que a lua brilha forte no c\u00e9u, h\u00e1 risadas no bar, uma boa m\u00fasica como trilha sonora, o vento fresco que bate no rosto. Mas tamb\u00e9m de noites intolerantes, em que o tempo est\u00e1 fechado, as pessoas nervosas, a bebida quente e a comida que passou do ponto.<\/p>\n<p style=\"text-align:justify;\">No dia que amanhece os jornais n\u00e3o servem as respostas para as perguntas da clientela: Uma noite, uma agress\u00e3o, uma rua vazia, um corpo jogado ao ch\u00e3o, sangue. E mais um fim de expediente, dessa vez se vai uma vida numa noite. Uma comanda fechada pela intoler\u00e2ncia humana, para sempre.<\/p>\n<div id=\"attachment_5458\" style=\"width: 1210px\" class=\"wp-caption alignnone\"><img aria-describedby=\"caption-attachment-5458\" loading=\"lazy\" class=\"alignnone size-full wp-image-5458\" src=\"http:\/\/jornalismo.ufsj.edu.br\/wp-content\/uploads\/2016\/08\/felipe.jpg\" alt=\"felipe\" width=\"1200\" height=\"697\" srcset=\"http:\/\/anu.ufsj.edu.br\/site\/wp-content\/uploads\/2016\/08\/felipe.jpg 1200w, http:\/\/anu.ufsj.edu.br\/site\/wp-content\/uploads\/2016\/08\/felipe-300x174.jpg 300w, http:\/\/anu.ufsj.edu.br\/site\/wp-content\/uploads\/2016\/08\/felipe-768x446.jpg 768w, http:\/\/anu.ufsj.edu.br\/site\/wp-content\/uploads\/2016\/08\/felipe-1024x595.jpg 1024w\" sizes=\"(max-width: 1200px) 100vw, 1200px\" \/><p id=\"caption-attachment-5458\" class=\"wp-caption-text\">The Dead Toreador &#8211; \u00c9douard Manet (1864)<\/p><\/div>\n<p style=\"text-align:right;\">Texto: Fellipe Faleiro<\/p>\n<p style=\"text-align:right;\">Revis\u00e3o: Julia Benatti<\/p>\n<p>&nbsp;<\/p>\n","protected":false},"excerpt":{"rendered":"<p>Ele possu\u00eda olhos, boca, nariz, orelhas, bra\u00e7os, pernas, pele. Era como qualquer um de n\u00f3s, poderia ser branco, negro, mulato, qualquer etnia, qualquer condi\u00e7\u00e3o sexual. Vestia-se com um avental, pois era assim que o oficio exigia. O carisma e a&#8230;<\/p>\n","protected":false},"author":3,"featured_media":5458,"comment_status":"open","ping_status":"open","sticky":false,"template":"","format":"standard","meta":{"_monsterinsights_skip_tracking":false,"_monsterinsights_sitenote_active":false,"_monsterinsights_sitenote_note":"","_monsterinsights_sitenote_category":0},"categories":[6,17,21,70],"tags":[],"yoast_head":"<!-- This site is optimized with the Yoast SEO plugin v20.6 - https:\/\/yoast.com\/wordpress\/plugins\/seo\/ -->\n<title>A vida que se vai - Jornalismo UFSJ<\/title>\n<meta name=\"robots\" content=\"index, follow, max-snippet:-1, max-image-preview:large, max-video-preview:-1\" \/>\n<link rel=\"canonical\" href=\"http:\/\/anu.ufsj.edu.br\/site\/alunos\/a-vida-que-se-vai\/\" \/>\n<meta property=\"og:locale\" content=\"pt_BR\" \/>\n<meta property=\"og:type\" content=\"article\" \/>\n<meta property=\"og:title\" content=\"A vida que se vai - Jornalismo UFSJ\" \/>\n<meta property=\"og:description\" content=\"Ele possu\u00eda olhos, boca, nariz, orelhas, bra\u00e7os, pernas, pele. Era como qualquer um de n\u00f3s, poderia ser branco, negro, mulato, qualquer etnia, qualquer condi\u00e7\u00e3o sexual. Vestia-se com um avental, pois era assim que o oficio exigia. O carisma e a...\" \/>\n<meta property=\"og:url\" content=\"http:\/\/anu.ufsj.edu.br\/site\/alunos\/a-vida-que-se-vai\/\" \/>\n<meta property=\"og:site_name\" content=\"Jornalismo UFSJ\" \/>\n<meta property=\"article:publisher\" content=\"https:\/\/www.facebook.com\/jornalismoufsj\/\" \/>\n<meta property=\"article:published_time\" content=\"2016-08-31T17:35:20+00:00\" \/>\n<meta property=\"og:image\" content=\"http:\/\/anu.ufsj.edu.br\/site\/wp-content\/uploads\/2016\/08\/felipe.jpg\" \/>\n\t<meta property=\"og:image:width\" content=\"1200\" \/>\n\t<meta property=\"og:image:height\" content=\"697\" \/>\n\t<meta property=\"og:image:type\" content=\"image\/jpeg\" \/>\n<meta name=\"twitter:card\" content=\"summary_large_image\" \/>\n<meta name=\"twitter:creator\" content=\"@jornalismoufsj\" \/>\n<meta name=\"twitter:site\" content=\"@jornalismoufsj\" \/>\n<meta name=\"twitter:label1\" content=\"Escrito por\" \/>\n\t<meta name=\"twitter:data1\" content=\"\" \/>\n\t<meta name=\"twitter:label2\" content=\"Est. tempo de leitura\" \/>\n\t<meta name=\"twitter:data2\" content=\"2 minutos\" \/>\n<script type=\"application\/ld+json\" class=\"yoast-schema-graph\">{\"@context\":\"https:\/\/schema.org\",\"@graph\":[{\"@type\":\"WebPage\",\"@id\":\"http:\/\/anu.ufsj.edu.br\/site\/alunos\/a-vida-que-se-vai\/\",\"url\":\"http:\/\/anu.ufsj.edu.br\/site\/alunos\/a-vida-que-se-vai\/\",\"name\":\"A vida que se vai - Jornalismo UFSJ\",\"isPartOf\":{\"@id\":\"http:\/\/jornalismo.ufsj.edu.br\/site\/#website\"},\"datePublished\":\"2016-08-31T17:35:20+00:00\",\"dateModified\":\"2016-08-31T17:35:20+00:00\",\"author\":{\"@id\":\"\"},\"breadcrumb\":{\"@id\":\"http:\/\/anu.ufsj.edu.br\/site\/alunos\/a-vida-que-se-vai\/#breadcrumb\"},\"inLanguage\":\"pt-BR\",\"potentialAction\":[{\"@type\":\"ReadAction\",\"target\":[\"http:\/\/anu.ufsj.edu.br\/site\/alunos\/a-vida-que-se-vai\/\"]}]},{\"@type\":\"BreadcrumbList\",\"@id\":\"http:\/\/anu.ufsj.edu.br\/site\/alunos\/a-vida-que-se-vai\/#breadcrumb\",\"itemListElement\":[{\"@type\":\"ListItem\",\"position\":1,\"name\":\"In\u00edcio\",\"item\":\"http:\/\/jornalismo.ufsj.edu.br\/site\/\"},{\"@type\":\"ListItem\",\"position\":2,\"name\":\"A vida que se vai\"}]},{\"@type\":\"WebSite\",\"@id\":\"http:\/\/jornalismo.ufsj.edu.br\/site\/#website\",\"url\":\"http:\/\/jornalismo.ufsj.edu.br\/site\/\",\"name\":\"Jornalismo UFSJ\",\"description\":\"\",\"potentialAction\":[{\"@type\":\"SearchAction\",\"target\":{\"@type\":\"EntryPoint\",\"urlTemplate\":\"http:\/\/jornalismo.ufsj.edu.br\/site\/?s={search_term_string}\"},\"query-input\":\"required name=search_term_string\"}],\"inLanguage\":\"pt-BR\"},{\"@type\":\"Person\",\"@id\":\"\"}]}<\/script>\n<!-- \/ Yoast SEO plugin. -->","yoast_head_json":{"title":"A vida que se vai - Jornalismo UFSJ","robots":{"index":"index","follow":"follow","max-snippet":"max-snippet:-1","max-image-preview":"max-image-preview:large","max-video-preview":"max-video-preview:-1"},"canonical":"http:\/\/anu.ufsj.edu.br\/site\/alunos\/a-vida-que-se-vai\/","og_locale":"pt_BR","og_type":"article","og_title":"A vida que se vai - Jornalismo UFSJ","og_description":"Ele possu\u00eda olhos, boca, nariz, orelhas, bra\u00e7os, pernas, pele. Era como qualquer um de n\u00f3s, poderia ser branco, negro, mulato, qualquer etnia, qualquer condi\u00e7\u00e3o sexual. Vestia-se com um avental, pois era assim que o oficio exigia. O carisma e a...","og_url":"http:\/\/anu.ufsj.edu.br\/site\/alunos\/a-vida-que-se-vai\/","og_site_name":"Jornalismo UFSJ","article_publisher":"https:\/\/www.facebook.com\/jornalismoufsj\/","article_published_time":"2016-08-31T17:35:20+00:00","og_image":[{"width":1200,"height":697,"url":"http:\/\/anu.ufsj.edu.br\/site\/wp-content\/uploads\/2016\/08\/felipe.jpg","type":"image\/jpeg"}],"twitter_card":"summary_large_image","twitter_creator":"@jornalismoufsj","twitter_site":"@jornalismoufsj","twitter_misc":{"Escrito por":"","Est. tempo de leitura":"2 minutos"},"schema":{"@context":"https:\/\/schema.org","@graph":[{"@type":"WebPage","@id":"http:\/\/anu.ufsj.edu.br\/site\/alunos\/a-vida-que-se-vai\/","url":"http:\/\/anu.ufsj.edu.br\/site\/alunos\/a-vida-que-se-vai\/","name":"A vida que se vai - Jornalismo UFSJ","isPartOf":{"@id":"http:\/\/jornalismo.ufsj.edu.br\/site\/#website"},"datePublished":"2016-08-31T17:35:20+00:00","dateModified":"2016-08-31T17:35:20+00:00","author":{"@id":""},"breadcrumb":{"@id":"http:\/\/anu.ufsj.edu.br\/site\/alunos\/a-vida-que-se-vai\/#breadcrumb"},"inLanguage":"pt-BR","potentialAction":[{"@type":"ReadAction","target":["http:\/\/anu.ufsj.edu.br\/site\/alunos\/a-vida-que-se-vai\/"]}]},{"@type":"BreadcrumbList","@id":"http:\/\/anu.ufsj.edu.br\/site\/alunos\/a-vida-que-se-vai\/#breadcrumb","itemListElement":[{"@type":"ListItem","position":1,"name":"In\u00edcio","item":"http:\/\/jornalismo.ufsj.edu.br\/site\/"},{"@type":"ListItem","position":2,"name":"A vida que se vai"}]},{"@type":"WebSite","@id":"http:\/\/jornalismo.ufsj.edu.br\/site\/#website","url":"http:\/\/jornalismo.ufsj.edu.br\/site\/","name":"Jornalismo UFSJ","description":"","potentialAction":[{"@type":"SearchAction","target":{"@type":"EntryPoint","urlTemplate":"http:\/\/jornalismo.ufsj.edu.br\/site\/?s={search_term_string}"},"query-input":"required name=search_term_string"}],"inLanguage":"pt-BR"},{"@type":"Person","@id":""}]}},"jetpack_featured_media_url":"http:\/\/anu.ufsj.edu.br\/site\/wp-content\/uploads\/2016\/08\/felipe.jpg","_links":{"self":[{"href":"http:\/\/anu.ufsj.edu.br\/site\/wp-json\/wp\/v2\/posts\/5456"}],"collection":[{"href":"http:\/\/anu.ufsj.edu.br\/site\/wp-json\/wp\/v2\/posts"}],"about":[{"href":"http:\/\/anu.ufsj.edu.br\/site\/wp-json\/wp\/v2\/types\/post"}],"author":[{"embeddable":true,"href":"http:\/\/anu.ufsj.edu.br\/site\/wp-json\/wp\/v2\/users\/3"}],"replies":[{"embeddable":true,"href":"http:\/\/anu.ufsj.edu.br\/site\/wp-json\/wp\/v2\/comments?post=5456"}],"version-history":[{"count":0,"href":"http:\/\/anu.ufsj.edu.br\/site\/wp-json\/wp\/v2\/posts\/5456\/revisions"}],"wp:featuredmedia":[{"embeddable":true,"href":"http:\/\/anu.ufsj.edu.br\/site\/wp-json\/wp\/v2\/media\/5458"}],"wp:attachment":[{"href":"http:\/\/anu.ufsj.edu.br\/site\/wp-json\/wp\/v2\/media?parent=5456"}],"wp:term":[{"taxonomy":"category","embeddable":true,"href":"http:\/\/anu.ufsj.edu.br\/site\/wp-json\/wp\/v2\/categories?post=5456"},{"taxonomy":"post_tag","embeddable":true,"href":"http:\/\/anu.ufsj.edu.br\/site\/wp-json\/wp\/v2\/tags?post=5456"}],"curies":[{"name":"wp","href":"https:\/\/api.w.org\/{rel}","templated":true}]}}