{"id":5483,"date":"2016-09-04T15:15:50","date_gmt":"2016-09-04T15:15:50","guid":{"rendered":"http:\/\/jornalismo.ufsj.edu.br\/?p=5483"},"modified":"2016-09-04T15:15:50","modified_gmt":"2016-09-04T15:15:50","slug":"olhares-rafael-senna","status":"publish","type":"post","link":"http:\/\/anu.ufsj.edu.br\/site\/alunos\/olhares-rafael-senna\/","title":{"rendered":"Olhares &#8211; Rafael Senna"},"content":{"rendered":"<p style=\"text-align:justify;\"><img loading=\"lazy\" class=\"  wp-image-5492 alignleft\" src=\"http:\/\/jornalismo.ufsj.edu.br\/wp-content\/uploads\/2016\/09\/14218431_1090880290996865_545410404_n1.jpg\" alt=\"14218431_1090880290996865_545410404_n\" width=\"362\" height=\"362\" srcset=\"http:\/\/anu.ufsj.edu.br\/site\/wp-content\/uploads\/2016\/09\/14218431_1090880290996865_545410404_n1.jpg 690w, http:\/\/anu.ufsj.edu.br\/site\/wp-content\/uploads\/2016\/09\/14218431_1090880290996865_545410404_n1-150x150.jpg 150w, http:\/\/anu.ufsj.edu.br\/site\/wp-content\/uploads\/2016\/09\/14218431_1090880290996865_545410404_n1-300x300.jpg 300w\" sizes=\"(max-width: 362px) 100vw, 362px\" \/>Sempre fui fascinado pela imagem, pelo poder de parar o tempo em um clique e guardar aquele momento para sempre, de reviver momentos especiais e viajar sem sair do lugar em um simples olhar.<\/p>\n<p style=\"text-align:justify;\">Fotografia n\u00e3o \u00e9 apontar a c\u00e2mera e apertar um bot\u00e3o. \u00c9 necess\u00e1rio entender o espa\u00e7o, a luz, a m\u00e1quina, a t\u00e9cnica e, principalmente, ter a sensibilidade do fot\u00f3grafo. Como diz Henri Cartier-Bresson, &#8220;tirar fotos \u00e9 prender a respira\u00e7\u00e3o quando todas as faculdades convergem para a realidade fugaz. \u00c9 organizar rigorosamente as formas visuais percebidas para expressar seu significado. \u00c9 por numa mesma linha de mira a cabe\u00e7a, o olho e o cora\u00e7\u00e3o.&#8221;<\/p>\n<p style=\"text-align:justify;\">Quando pequeno, n\u00e3o tive muito contato com uma c\u00e2mera, mas passava horas folheando os \u00e1lbuns da fam\u00edlia e analisando negativos. Sempre quis sair fotografando tudo o que me fascinava e por isso, ao contr\u00e1rio de muitos, n\u00e3o escolhi o jornalismo por gostar de escrever, ler ou querer aparecer na televis\u00e3o. Escolhi o jornalismo pela fotografia.<\/p>\n<p style=\"text-align:justify;\">No decorrer do curso, al\u00e9m de poder aperfei\u00e7oar e colocar em pr\u00e1tica meu olhar fotogr\u00e1fico, descobri uma nova paix\u00e3o: produzir revistas. Em 2015, tive a oportunidade de criar a <a href=\"https:\/\/www.facebook.com\/revistacontrast\/photos?ref=page_internal\" target=\"_blank\">Revista Contrast<\/a>, que j\u00e1 est\u00e1 a caminho da terceira edi\u00e7\u00e3o. Nela pude unir a imagem e, por ser LGBT, a milit\u00e2ncia.<\/p>\n<p style=\"text-align:justify;\">O ensaio, &#8220;encanto da mulher que, em canto, resiste&#8221;, foi produzido para a segunda edi\u00e7\u00e3o da revista, que tem como tema o &#8220;feminismo negro&#8221;. Neste ensaio, fotografei a rapper Mari P, que comp\u00f5e e interpreta letras de empoderamento negro. O cen\u00e1rio estrategicamente escolhido foi um muro grafitado, que comp\u00f5e a ideia de produ\u00e7\u00e3o marginal.<\/p>\n<p style=\"text-align:justify;\">A m\u00e1gica da fotografia est\u00e1 nisso. Perceber que fotografia est\u00e1 al\u00e9m da imagem. A fotografia, al\u00e9m de si, \u00e9 conte\u00fado. Tem o poder de transmitir conhecimento, uma mensagem, acrescentar e transformar.<\/p>\n\n\t\t\t<div id='gallery-5483-1' class='gallery gallery-5483'>\n\t\t\t\t<div class='gallery-row gallery-col-3 gallery-clear'>\n\t\t\t\t\t<figure class='gallery-item col-3'>\n\t\t\t\t\t\t<div class='gallery-icon '><a title=\"14233598_1091768704241357_237441822_o\" href='http:\/\/anu.ufsj.edu.br\/site\/14233598_1091768704241357_237441822_o\/'><img width=\"150\" height=\"150\" src=\"http:\/\/anu.ufsj.edu.br\/site\/wp-content\/uploads\/2016\/09\/14233598_1091768704241357_237441822_o-150x150.jpg\" class=\"attachment-thumbnail size-thumbnail\" alt=\"\" loading=\"lazy\" \/><\/a><\/div>\n\t\t\t\t\t<\/figure>\n\t\t\t\t\t<figure class='gallery-item col-3'>\n\t\t\t\t\t\t<div class='gallery-icon '><a title=\"14164108_1091768447574716_967388544_o\" href='http:\/\/anu.ufsj.edu.br\/site\/14164108_1091768447574716_967388544_o\/'><img width=\"150\" height=\"150\" src=\"http:\/\/anu.ufsj.edu.br\/site\/wp-content\/uploads\/2016\/09\/14164108_1091768447574716_967388544_o-150x150.jpg\" class=\"attachment-thumbnail size-thumbnail\" alt=\"\" loading=\"lazy\" \/><\/a><\/div>\n\t\t\t\t\t<\/figure>\n\t\t\t\t\t<figure class='gallery-item col-3'>\n\t\t\t\t\t\t<div class='gallery-icon '><a title=\"14215263_1091768520908042_1752723831_o\" href='http:\/\/anu.ufsj.edu.br\/site\/14215263_1091768520908042_1752723831_o\/'><img width=\"150\" height=\"150\" src=\"http:\/\/anu.ufsj.edu.br\/site\/wp-content\/uploads\/2016\/09\/14215263_1091768520908042_1752723831_o-150x150.jpg\" class=\"attachment-thumbnail size-thumbnail\" alt=\"\" loading=\"lazy\" \/><\/a><\/div>\n\t\t\t\t\t<\/figure>\n\t\t\t\t<\/div>\n\t\t\t\t<div class='gallery-row gallery-col-3 gallery-clear'>\n\t\t\t\t\t<figure class='gallery-item col-3'>\n\t\t\t\t\t\t<div class='gallery-icon '><a title=\"14202888_1091768660908028_2007509345_o\" href='http:\/\/anu.ufsj.edu.br\/site\/14202888_1091768660908028_2007509345_o\/'><img width=\"150\" height=\"150\" src=\"http:\/\/anu.ufsj.edu.br\/site\/wp-content\/uploads\/2016\/09\/14202888_1091768660908028_2007509345_o-150x150.jpg\" class=\"attachment-thumbnail size-thumbnail\" alt=\"\" loading=\"lazy\" \/><\/a><\/div>\n\t\t\t\t\t<\/figure>\n\t\t\t\t\t<figure class='gallery-item col-3'>\n\t\t\t\t\t\t<div class='gallery-icon '><a title=\"14191817_1091768440908050_1633459833_o\" href='http:\/\/anu.ufsj.edu.br\/site\/14191817_1091768440908050_1633459833_o\/'><img width=\"150\" height=\"150\" src=\"http:\/\/anu.ufsj.edu.br\/site\/wp-content\/uploads\/2016\/09\/14191817_1091768440908050_1633459833_o-150x150.jpg\" class=\"attachment-thumbnail size-thumbnail\" alt=\"\" loading=\"lazy\" \/><\/a><\/div>\n\t\t\t\t\t<\/figure>\n\t\t\t\t\t<figure class='gallery-item col-3'>\n\t\t\t\t\t\t<div class='gallery-icon '><a title=\"14191605_1091768527574708_1263558250_o\" href='http:\/\/anu.ufsj.edu.br\/site\/14191605_1091768527574708_1263558250_o\/'><img width=\"150\" height=\"150\" src=\"http:\/\/anu.ufsj.edu.br\/site\/wp-content\/uploads\/2016\/09\/14191605_1091768527574708_1263558250_o-150x150.jpg\" class=\"attachment-thumbnail size-thumbnail\" alt=\"\" loading=\"lazy\" \/><\/a><\/div>\n\t\t\t\t\t<\/figure>\n\t\t\t\t<\/div>\n\t\t\t\t<div class='gallery-row gallery-col-3 gallery-clear'>\n\t\t\t\t\t<figure class='gallery-item col-3'>\n\t\t\t\t\t\t<div class='gallery-icon '><a title=\"14191488_1091768657574695_1567507266_o\" href='http:\/\/anu.ufsj.edu.br\/site\/14191488_1091768657574695_1567507266_o\/'><img width=\"150\" height=\"150\" src=\"http:\/\/anu.ufsj.edu.br\/site\/wp-content\/uploads\/2016\/09\/14191488_1091768657574695_1567507266_o-150x150.jpg\" class=\"attachment-thumbnail size-thumbnail\" alt=\"\" loading=\"lazy\" \/><\/a><\/div>\n\t\t\t\t\t<\/figure>\n\t\t\t<\/div>\n\t\t\t<\/div><!-- .gallery -->\n\n<p style=\"text-align:justify;\">Para ter acesso a <a href=\"http:\/\/www.youblisher.com\/p\/1454214-Revista-Contrast\" target=\"_blank\">revista<\/a> completa.<\/p>\n<p style=\"text-align:right;\">Texto: Rafael Senna<\/p>\n<p style=\"text-align:right;\">Revis\u00e3o: Julia Benatti<\/p>\n","protected":false},"excerpt":{"rendered":"<p>Sempre fui fascinado pela imagem, pelo poder de parar o tempo em um clique e guardar aquele momento para sempre, de reviver momentos especiais e viajar sem sair do lugar em um simples olhar. Fotografia n\u00e3o \u00e9 apontar a c\u00e2mera&#8230;<\/p>\n","protected":false},"author":3,"featured_media":5502,"comment_status":"open","ping_status":"open","sticky":false,"template":"","format":"standard","meta":{"_monsterinsights_skip_tracking":false,"_monsterinsights_sitenote_active":false,"_monsterinsights_sitenote_note":"","_monsterinsights_sitenote_category":0},"categories":[6,32,57,70],"tags":[],"yoast_head":"<!-- This site is optimized with the Yoast SEO plugin v20.6 - https:\/\/yoast.com\/wordpress\/plugins\/seo\/ -->\n<title>Olhares - Rafael Senna - Jornalismo UFSJ<\/title>\n<meta name=\"robots\" content=\"index, follow, max-snippet:-1, max-image-preview:large, max-video-preview:-1\" \/>\n<link rel=\"canonical\" href=\"http:\/\/anu.ufsj.edu.br\/site\/alunos\/olhares-rafael-senna\/\" \/>\n<meta property=\"og:locale\" content=\"pt_BR\" \/>\n<meta property=\"og:type\" content=\"article\" \/>\n<meta property=\"og:title\" content=\"Olhares - Rafael Senna - Jornalismo UFSJ\" \/>\n<meta property=\"og:description\" content=\"Sempre fui fascinado pela imagem, pelo poder de parar o tempo em um clique e guardar aquele momento para sempre, de reviver momentos especiais e viajar sem sair do lugar em um simples olhar. Fotografia n\u00e3o \u00e9 apontar a c\u00e2mera...\" \/>\n<meta property=\"og:url\" content=\"http:\/\/anu.ufsj.edu.br\/site\/alunos\/olhares-rafael-senna\/\" \/>\n<meta property=\"og:site_name\" content=\"Jornalismo UFSJ\" \/>\n<meta property=\"article:publisher\" content=\"https:\/\/www.facebook.com\/jornalismoufsj\/\" \/>\n<meta property=\"article:published_time\" content=\"2016-09-04T15:15:50+00:00\" \/>\n<meta property=\"og:image\" content=\"http:\/\/anu.ufsj.edu.br\/site\/wp-content\/uploads\/2016\/09\/14191817_1091768440908050_1633459833_o.jpg\" \/>\n\t<meta property=\"og:image:width\" content=\"1334\" \/>\n\t<meta property=\"og:image:height\" content=\"889\" \/>\n\t<meta property=\"og:image:type\" content=\"image\/jpeg\" \/>\n<meta name=\"twitter:card\" content=\"summary_large_image\" \/>\n<meta name=\"twitter:creator\" content=\"@jornalismoufsj\" \/>\n<meta name=\"twitter:site\" content=\"@jornalismoufsj\" \/>\n<meta name=\"twitter:label1\" content=\"Escrito por\" \/>\n\t<meta name=\"twitter:data1\" content=\"\" \/>\n\t<meta name=\"twitter:label2\" content=\"Est. tempo de leitura\" \/>\n\t<meta name=\"twitter:data2\" content=\"2 minutos\" \/>\n<script type=\"application\/ld+json\" class=\"yoast-schema-graph\">{\"@context\":\"https:\/\/schema.org\",\"@graph\":[{\"@type\":\"WebPage\",\"@id\":\"http:\/\/anu.ufsj.edu.br\/site\/alunos\/olhares-rafael-senna\/\",\"url\":\"http:\/\/anu.ufsj.edu.br\/site\/alunos\/olhares-rafael-senna\/\",\"name\":\"Olhares - Rafael Senna - Jornalismo UFSJ\",\"isPartOf\":{\"@id\":\"http:\/\/jornalismo.ufsj.edu.br\/site\/#website\"},\"datePublished\":\"2016-09-04T15:15:50+00:00\",\"dateModified\":\"2016-09-04T15:15:50+00:00\",\"author\":{\"@id\":\"\"},\"breadcrumb\":{\"@id\":\"http:\/\/anu.ufsj.edu.br\/site\/alunos\/olhares-rafael-senna\/#breadcrumb\"},\"inLanguage\":\"pt-BR\",\"potentialAction\":[{\"@type\":\"ReadAction\",\"target\":[\"http:\/\/anu.ufsj.edu.br\/site\/alunos\/olhares-rafael-senna\/\"]}]},{\"@type\":\"BreadcrumbList\",\"@id\":\"http:\/\/anu.ufsj.edu.br\/site\/alunos\/olhares-rafael-senna\/#breadcrumb\",\"itemListElement\":[{\"@type\":\"ListItem\",\"position\":1,\"name\":\"In\u00edcio\",\"item\":\"http:\/\/jornalismo.ufsj.edu.br\/site\/\"},{\"@type\":\"ListItem\",\"position\":2,\"name\":\"Olhares &#8211; Rafael Senna\"}]},{\"@type\":\"WebSite\",\"@id\":\"http:\/\/jornalismo.ufsj.edu.br\/site\/#website\",\"url\":\"http:\/\/jornalismo.ufsj.edu.br\/site\/\",\"name\":\"Jornalismo UFSJ\",\"description\":\"\",\"potentialAction\":[{\"@type\":\"SearchAction\",\"target\":{\"@type\":\"EntryPoint\",\"urlTemplate\":\"http:\/\/jornalismo.ufsj.edu.br\/site\/?s={search_term_string}\"},\"query-input\":\"required name=search_term_string\"}],\"inLanguage\":\"pt-BR\"},{\"@type\":\"Person\",\"@id\":\"\"}]}<\/script>\n<!-- \/ Yoast SEO plugin. -->","yoast_head_json":{"title":"Olhares - Rafael Senna - Jornalismo UFSJ","robots":{"index":"index","follow":"follow","max-snippet":"max-snippet:-1","max-image-preview":"max-image-preview:large","max-video-preview":"max-video-preview:-1"},"canonical":"http:\/\/anu.ufsj.edu.br\/site\/alunos\/olhares-rafael-senna\/","og_locale":"pt_BR","og_type":"article","og_title":"Olhares - Rafael Senna - Jornalismo UFSJ","og_description":"Sempre fui fascinado pela imagem, pelo poder de parar o tempo em um clique e guardar aquele momento para sempre, de reviver momentos especiais e viajar sem sair do lugar em um simples olhar. Fotografia n\u00e3o \u00e9 apontar a c\u00e2mera...","og_url":"http:\/\/anu.ufsj.edu.br\/site\/alunos\/olhares-rafael-senna\/","og_site_name":"Jornalismo UFSJ","article_publisher":"https:\/\/www.facebook.com\/jornalismoufsj\/","article_published_time":"2016-09-04T15:15:50+00:00","og_image":[{"width":1334,"height":889,"url":"http:\/\/anu.ufsj.edu.br\/site\/wp-content\/uploads\/2016\/09\/14191817_1091768440908050_1633459833_o.jpg","type":"image\/jpeg"}],"twitter_card":"summary_large_image","twitter_creator":"@jornalismoufsj","twitter_site":"@jornalismoufsj","twitter_misc":{"Escrito por":"","Est. tempo de leitura":"2 minutos"},"schema":{"@context":"https:\/\/schema.org","@graph":[{"@type":"WebPage","@id":"http:\/\/anu.ufsj.edu.br\/site\/alunos\/olhares-rafael-senna\/","url":"http:\/\/anu.ufsj.edu.br\/site\/alunos\/olhares-rafael-senna\/","name":"Olhares - Rafael Senna - Jornalismo UFSJ","isPartOf":{"@id":"http:\/\/jornalismo.ufsj.edu.br\/site\/#website"},"datePublished":"2016-09-04T15:15:50+00:00","dateModified":"2016-09-04T15:15:50+00:00","author":{"@id":""},"breadcrumb":{"@id":"http:\/\/anu.ufsj.edu.br\/site\/alunos\/olhares-rafael-senna\/#breadcrumb"},"inLanguage":"pt-BR","potentialAction":[{"@type":"ReadAction","target":["http:\/\/anu.ufsj.edu.br\/site\/alunos\/olhares-rafael-senna\/"]}]},{"@type":"BreadcrumbList","@id":"http:\/\/anu.ufsj.edu.br\/site\/alunos\/olhares-rafael-senna\/#breadcrumb","itemListElement":[{"@type":"ListItem","position":1,"name":"In\u00edcio","item":"http:\/\/jornalismo.ufsj.edu.br\/site\/"},{"@type":"ListItem","position":2,"name":"Olhares &#8211; Rafael Senna"}]},{"@type":"WebSite","@id":"http:\/\/jornalismo.ufsj.edu.br\/site\/#website","url":"http:\/\/jornalismo.ufsj.edu.br\/site\/","name":"Jornalismo UFSJ","description":"","potentialAction":[{"@type":"SearchAction","target":{"@type":"EntryPoint","urlTemplate":"http:\/\/jornalismo.ufsj.edu.br\/site\/?s={search_term_string}"},"query-input":"required name=search_term_string"}],"inLanguage":"pt-BR"},{"@type":"Person","@id":""}]}},"jetpack_featured_media_url":"http:\/\/anu.ufsj.edu.br\/site\/wp-content\/uploads\/2016\/09\/14191817_1091768440908050_1633459833_o.jpg","_links":{"self":[{"href":"http:\/\/anu.ufsj.edu.br\/site\/wp-json\/wp\/v2\/posts\/5483"}],"collection":[{"href":"http:\/\/anu.ufsj.edu.br\/site\/wp-json\/wp\/v2\/posts"}],"about":[{"href":"http:\/\/anu.ufsj.edu.br\/site\/wp-json\/wp\/v2\/types\/post"}],"author":[{"embeddable":true,"href":"http:\/\/anu.ufsj.edu.br\/site\/wp-json\/wp\/v2\/users\/3"}],"replies":[{"embeddable":true,"href":"http:\/\/anu.ufsj.edu.br\/site\/wp-json\/wp\/v2\/comments?post=5483"}],"version-history":[{"count":0,"href":"http:\/\/anu.ufsj.edu.br\/site\/wp-json\/wp\/v2\/posts\/5483\/revisions"}],"wp:featuredmedia":[{"embeddable":true,"href":"http:\/\/anu.ufsj.edu.br\/site\/wp-json\/wp\/v2\/media\/5502"}],"wp:attachment":[{"href":"http:\/\/anu.ufsj.edu.br\/site\/wp-json\/wp\/v2\/media?parent=5483"}],"wp:term":[{"taxonomy":"category","embeddable":true,"href":"http:\/\/anu.ufsj.edu.br\/site\/wp-json\/wp\/v2\/categories?post=5483"},{"taxonomy":"post_tag","embeddable":true,"href":"http:\/\/anu.ufsj.edu.br\/site\/wp-json\/wp\/v2\/tags?post=5483"}],"curies":[{"name":"wp","href":"https:\/\/api.w.org\/{rel}","templated":true}]}}