{"id":5519,"date":"2016-09-07T14:43:02","date_gmt":"2016-09-07T14:43:02","guid":{"rendered":"http:\/\/jornalismo.ufsj.edu.br\/?p=5519"},"modified":"2016-09-07T14:43:02","modified_gmt":"2016-09-07T14:43:02","slug":"pela-metade","status":"publish","type":"post","link":"http:\/\/anu.ufsj.edu.br\/site\/alunos\/pela-metade\/","title":{"rendered":"Pela metade"},"content":{"rendered":"<p style=\"text-align:justify;\">\u00a0\u00a0<img loading=\"lazy\" class=\"  wp-image-5522 alignleft\" src=\"http:\/\/jornalismo.ufsj.edu.br\/wp-content\/uploads\/2016\/09\/14193767_1048362108605370_257507052_n.jpg\" alt=\"14193767_1048362108605370_257507052_n\" width=\"301\" height=\"376\" srcset=\"http:\/\/anu.ufsj.edu.br\/site\/wp-content\/uploads\/2016\/09\/14193767_1048362108605370_257507052_n.jpg 398w, http:\/\/anu.ufsj.edu.br\/site\/wp-content\/uploads\/2016\/09\/14193767_1048362108605370_257507052_n-240x300.jpg 240w\" sizes=\"(max-width: 301px) 100vw, 301px\" \/>Tenho acumulado uma extensa e variada lista de coisas que n\u00e3o consigo terminar de fazer. Domino como poucos a capacidade de come\u00e7ar uma tarefa \u200a\u2014\u200aseja ler um livro ou escrever um texto\u200a\u2014\u200a e abandonar sem mais nem menos, por qualquer motivo. Para algu\u00e9m como eu, com s\u00e9rios problemas de motiva\u00e7\u00e3o, \u00e9 realmente tentador.<\/p>\n<p style=\"text-align:justify;\">N\u00e3o escondo, por\u00e9m, que tal atitude me apavora e causa muita frustra\u00e7\u00e3o. Com um sentimento profundo de inferioridade, eu atesto diante de uma sociedade \u00e1vida pelo cumprimento de metas que n\u00e3o consigo executar os projetos que tenho em mente. J\u00e1 perdi as contas de quantas vezes tentei levar um blog adiante, por exemplo. Falhei miseravelmente em todas as tentativas.<\/p>\n<p style=\"text-align:justify;\">Mas a vergonha na cara bateu a minha porta. Fui acometida por um \u00edmpeto de enfrentar essa maldi\u00e7\u00e3o que me acompanha. Meu desafio de vida agora \u00e9 provar para mim mesma que, sim, sou capaz de iniciar a atividade que pintar na minha frente sem deix\u00e1-la pela metade. Se por um tempo sofri v\u00e1rias rasteiras por causa da procrastina\u00e7\u00e3o, agora decidi expuls\u00e1-la uma vez por todas de uma festa em que ela insiste em participar apesar de n\u00e3o ter sido convidada.<\/p>\n<p style=\"text-align:justify;\">\n<p style=\"text-align:right;\">Texto: Tha\u00eds Lacaz<\/p>\n<p style=\"text-align:right;\">Revis\u00e3o: Julia Benatti<\/p>\n","protected":false},"excerpt":{"rendered":"<p>\u00a0\u00a0Tenho acumulado uma extensa e variada lista de coisas que n\u00e3o consigo terminar de fazer. Domino como poucos a capacidade de come\u00e7ar uma tarefa \u200a\u2014\u200aseja ler um livro ou escrever um texto\u200a\u2014\u200a e abandonar sem mais nem menos, por qualquer&#8230;<\/p>\n","protected":false},"author":3,"featured_media":5522,"comment_status":"open","ping_status":"open","sticky":false,"template":"","format":"standard","meta":{"_monsterinsights_skip_tracking":false,"_monsterinsights_sitenote_active":false,"_monsterinsights_sitenote_note":"","_monsterinsights_sitenote_category":0},"categories":[6,17,21,70],"tags":[],"yoast_head":"<!-- This site is optimized with the Yoast SEO plugin v20.6 - https:\/\/yoast.com\/wordpress\/plugins\/seo\/ -->\n<title>Pela metade - Jornalismo UFSJ<\/title>\n<meta name=\"robots\" content=\"index, follow, max-snippet:-1, max-image-preview:large, max-video-preview:-1\" \/>\n<link rel=\"canonical\" href=\"http:\/\/jornalismo.ufsj.edu.br\/site\/alunos\/pela-metade\/\" \/>\n<meta property=\"og:locale\" content=\"pt_BR\" \/>\n<meta property=\"og:type\" content=\"article\" \/>\n<meta property=\"og:title\" content=\"Pela metade - Jornalismo UFSJ\" \/>\n<meta property=\"og:description\" content=\"\u00a0\u00a0Tenho acumulado uma extensa e variada lista de coisas que n\u00e3o consigo terminar de fazer. Domino como poucos a capacidade de come\u00e7ar uma tarefa \u200a\u2014\u200aseja ler um livro ou escrever um texto\u200a\u2014\u200a e abandonar sem mais nem menos, por qualquer...\" \/>\n<meta property=\"og:url\" content=\"http:\/\/jornalismo.ufsj.edu.br\/site\/alunos\/pela-metade\/\" \/>\n<meta property=\"og:site_name\" content=\"Jornalismo UFSJ\" \/>\n<meta property=\"article:publisher\" content=\"https:\/\/www.facebook.com\/jornalismoufsj\/\" \/>\n<meta property=\"article:published_time\" content=\"2016-09-07T14:43:02+00:00\" \/>\n<meta property=\"og:image\" content=\"http:\/\/jornalismo.ufsj.edu.br\/site\/wp-content\/uploads\/2016\/09\/14193767_1048362108605370_257507052_n.jpg\" \/>\n\t<meta property=\"og:image:width\" content=\"398\" \/>\n\t<meta property=\"og:image:height\" content=\"497\" \/>\n\t<meta property=\"og:image:type\" content=\"image\/jpeg\" \/>\n<meta name=\"twitter:card\" content=\"summary_large_image\" \/>\n<meta name=\"twitter:creator\" content=\"@jornalismoufsj\" \/>\n<meta name=\"twitter:site\" content=\"@jornalismoufsj\" \/>\n<meta name=\"twitter:label1\" content=\"Escrito por\" \/>\n\t<meta name=\"twitter:data1\" content=\"\" \/>\n\t<meta name=\"twitter:label2\" content=\"Est. tempo de leitura\" \/>\n\t<meta name=\"twitter:data2\" content=\"1 minuto\" \/>\n<script type=\"application\/ld+json\" class=\"yoast-schema-graph\">{\"@context\":\"https:\/\/schema.org\",\"@graph\":[{\"@type\":\"WebPage\",\"@id\":\"http:\/\/jornalismo.ufsj.edu.br\/site\/alunos\/pela-metade\/\",\"url\":\"http:\/\/jornalismo.ufsj.edu.br\/site\/alunos\/pela-metade\/\",\"name\":\"Pela metade - Jornalismo UFSJ\",\"isPartOf\":{\"@id\":\"http:\/\/jornalismo.ufsj.edu.br\/site\/#website\"},\"datePublished\":\"2016-09-07T14:43:02+00:00\",\"dateModified\":\"2016-09-07T14:43:02+00:00\",\"author\":{\"@id\":\"\"},\"breadcrumb\":{\"@id\":\"http:\/\/jornalismo.ufsj.edu.br\/site\/alunos\/pela-metade\/#breadcrumb\"},\"inLanguage\":\"pt-BR\",\"potentialAction\":[{\"@type\":\"ReadAction\",\"target\":[\"http:\/\/jornalismo.ufsj.edu.br\/site\/alunos\/pela-metade\/\"]}]},{\"@type\":\"BreadcrumbList\",\"@id\":\"http:\/\/jornalismo.ufsj.edu.br\/site\/alunos\/pela-metade\/#breadcrumb\",\"itemListElement\":[{\"@type\":\"ListItem\",\"position\":1,\"name\":\"In\u00edcio\",\"item\":\"http:\/\/jornalismo.ufsj.edu.br\/site\/\"},{\"@type\":\"ListItem\",\"position\":2,\"name\":\"Pela metade\"}]},{\"@type\":\"WebSite\",\"@id\":\"http:\/\/jornalismo.ufsj.edu.br\/site\/#website\",\"url\":\"http:\/\/jornalismo.ufsj.edu.br\/site\/\",\"name\":\"Jornalismo UFSJ\",\"description\":\"\",\"potentialAction\":[{\"@type\":\"SearchAction\",\"target\":{\"@type\":\"EntryPoint\",\"urlTemplate\":\"http:\/\/jornalismo.ufsj.edu.br\/site\/?s={search_term_string}\"},\"query-input\":\"required name=search_term_string\"}],\"inLanguage\":\"pt-BR\"},{\"@type\":\"Person\",\"@id\":\"\"}]}<\/script>\n<!-- \/ Yoast SEO plugin. -->","yoast_head_json":{"title":"Pela metade - Jornalismo UFSJ","robots":{"index":"index","follow":"follow","max-snippet":"max-snippet:-1","max-image-preview":"max-image-preview:large","max-video-preview":"max-video-preview:-1"},"canonical":"http:\/\/jornalismo.ufsj.edu.br\/site\/alunos\/pela-metade\/","og_locale":"pt_BR","og_type":"article","og_title":"Pela metade - Jornalismo UFSJ","og_description":"\u00a0\u00a0Tenho acumulado uma extensa e variada lista de coisas que n\u00e3o consigo terminar de fazer. Domino como poucos a capacidade de come\u00e7ar uma tarefa \u200a\u2014\u200aseja ler um livro ou escrever um texto\u200a\u2014\u200a e abandonar sem mais nem menos, por qualquer...","og_url":"http:\/\/jornalismo.ufsj.edu.br\/site\/alunos\/pela-metade\/","og_site_name":"Jornalismo UFSJ","article_publisher":"https:\/\/www.facebook.com\/jornalismoufsj\/","article_published_time":"2016-09-07T14:43:02+00:00","og_image":[{"width":398,"height":497,"url":"http:\/\/jornalismo.ufsj.edu.br\/site\/wp-content\/uploads\/2016\/09\/14193767_1048362108605370_257507052_n.jpg","type":"image\/jpeg"}],"twitter_card":"summary_large_image","twitter_creator":"@jornalismoufsj","twitter_site":"@jornalismoufsj","twitter_misc":{"Escrito por":"","Est. tempo de leitura":"1 minuto"},"schema":{"@context":"https:\/\/schema.org","@graph":[{"@type":"WebPage","@id":"http:\/\/jornalismo.ufsj.edu.br\/site\/alunos\/pela-metade\/","url":"http:\/\/jornalismo.ufsj.edu.br\/site\/alunos\/pela-metade\/","name":"Pela metade - Jornalismo UFSJ","isPartOf":{"@id":"http:\/\/jornalismo.ufsj.edu.br\/site\/#website"},"datePublished":"2016-09-07T14:43:02+00:00","dateModified":"2016-09-07T14:43:02+00:00","author":{"@id":""},"breadcrumb":{"@id":"http:\/\/jornalismo.ufsj.edu.br\/site\/alunos\/pela-metade\/#breadcrumb"},"inLanguage":"pt-BR","potentialAction":[{"@type":"ReadAction","target":["http:\/\/jornalismo.ufsj.edu.br\/site\/alunos\/pela-metade\/"]}]},{"@type":"BreadcrumbList","@id":"http:\/\/jornalismo.ufsj.edu.br\/site\/alunos\/pela-metade\/#breadcrumb","itemListElement":[{"@type":"ListItem","position":1,"name":"In\u00edcio","item":"http:\/\/jornalismo.ufsj.edu.br\/site\/"},{"@type":"ListItem","position":2,"name":"Pela metade"}]},{"@type":"WebSite","@id":"http:\/\/jornalismo.ufsj.edu.br\/site\/#website","url":"http:\/\/jornalismo.ufsj.edu.br\/site\/","name":"Jornalismo UFSJ","description":"","potentialAction":[{"@type":"SearchAction","target":{"@type":"EntryPoint","urlTemplate":"http:\/\/jornalismo.ufsj.edu.br\/site\/?s={search_term_string}"},"query-input":"required name=search_term_string"}],"inLanguage":"pt-BR"},{"@type":"Person","@id":""}]}},"jetpack_featured_media_url":"http:\/\/anu.ufsj.edu.br\/site\/wp-content\/uploads\/2016\/09\/14193767_1048362108605370_257507052_n.jpg","_links":{"self":[{"href":"http:\/\/anu.ufsj.edu.br\/site\/wp-json\/wp\/v2\/posts\/5519"}],"collection":[{"href":"http:\/\/anu.ufsj.edu.br\/site\/wp-json\/wp\/v2\/posts"}],"about":[{"href":"http:\/\/anu.ufsj.edu.br\/site\/wp-json\/wp\/v2\/types\/post"}],"author":[{"embeddable":true,"href":"http:\/\/anu.ufsj.edu.br\/site\/wp-json\/wp\/v2\/users\/3"}],"replies":[{"embeddable":true,"href":"http:\/\/anu.ufsj.edu.br\/site\/wp-json\/wp\/v2\/comments?post=5519"}],"version-history":[{"count":0,"href":"http:\/\/anu.ufsj.edu.br\/site\/wp-json\/wp\/v2\/posts\/5519\/revisions"}],"wp:featuredmedia":[{"embeddable":true,"href":"http:\/\/anu.ufsj.edu.br\/site\/wp-json\/wp\/v2\/media\/5522"}],"wp:attachment":[{"href":"http:\/\/anu.ufsj.edu.br\/site\/wp-json\/wp\/v2\/media?parent=5519"}],"wp:term":[{"taxonomy":"category","embeddable":true,"href":"http:\/\/anu.ufsj.edu.br\/site\/wp-json\/wp\/v2\/categories?post=5519"},{"taxonomy":"post_tag","embeddable":true,"href":"http:\/\/anu.ufsj.edu.br\/site\/wp-json\/wp\/v2\/tags?post=5519"}],"curies":[{"name":"wp","href":"https:\/\/api.w.org\/{rel}","templated":true}]}}