{"id":5530,"date":"2016-09-10T16:07:28","date_gmt":"2016-09-10T16:07:28","guid":{"rendered":"http:\/\/jornalismo.ufsj.edu.br\/?p=5530"},"modified":"2016-09-10T16:07:28","modified_gmt":"2016-09-10T16:07:28","slug":"olhares-nicoly-pinto-de-oliveira","status":"publish","type":"post","link":"http:\/\/anu.ufsj.edu.br\/site\/alunos\/olhares-nicoly-pinto-de-oliveira\/","title":{"rendered":"Olhares &#8211; Nicoly Pinto de Oliveira"},"content":{"rendered":"<p style=\"text-align:justify;\"><img loading=\"lazy\" class=\"  wp-image-5547 alignleft\" src=\"http:\/\/jornalismo.ufsj.edu.br\/wp-content\/uploads\/2016\/09\/13717443_1259554197418326_2676416992163563882_o.jpg\" alt=\"13717443_1259554197418326_2676416992163563882_o\" width=\"320\" height=\"213\" srcset=\"http:\/\/anu.ufsj.edu.br\/site\/wp-content\/uploads\/2016\/09\/13717443_1259554197418326_2676416992163563882_o.jpg 2048w, http:\/\/anu.ufsj.edu.br\/site\/wp-content\/uploads\/2016\/09\/13717443_1259554197418326_2676416992163563882_o-300x200.jpg 300w, http:\/\/anu.ufsj.edu.br\/site\/wp-content\/uploads\/2016\/09\/13717443_1259554197418326_2676416992163563882_o-768x512.jpg 768w, http:\/\/anu.ufsj.edu.br\/site\/wp-content\/uploads\/2016\/09\/13717443_1259554197418326_2676416992163563882_o-1024x683.jpg 1024w\" sizes=\"(max-width: 320px) 100vw, 320px\" \/>Sou bicho do mato. E quem me conhece sabe que tudo o que eu produzo, seja em grande ou pequena escala, sempre leva a um peda\u00e7o de verde, a um peda\u00e7o de mim. Toda fotografia \u00e9 um autorretrato, todo trabalho por voc\u00ea elaborado \u00e9 uma releitura sobre voc\u00ea mesmo, e essa foi a primeira li\u00e7\u00e3o que eu aprendi estudando Comunica\u00e7\u00e3o. Eu cresci em um lugar incr\u00edvel e atribuo a maior parte de tudo o que eu fa\u00e7o a isso. Eu demorei anos para ter uma c\u00e2mera digital, mas durante minhas corridas pelos bosques ao redor da minha casa, sempre ficava de ponta cabe\u00e7a, subia em \u00e1rvores, olhava para as coisas de um outro \u00e2ngulo, tentando dar um novo significado a elas. A fotografia me possibilitou estender meus &#8220;pontos de vista&#8221; sobre o meu mundo e para o mundo.<\/p>\n<p>Minha \u00fanica preocupa\u00e7\u00e3o com t\u00e9cnica, de fato, \u00e9 a luz. Tamb\u00e9m presto muita aten\u00e7\u00e3o nas cores, gosto bastante de fotos quentes, mas prefiro que essa temperatura venha com a luz natural. Eu poderia dizer que fotografo aquilo que chama muito minha aten\u00e7\u00e3o&#8230; Mas a verdade \u00e9 que tudo me chama a aten\u00e7\u00e3o. \u00c9 por isso que eu diria que o apelo da minha arte \u00e9 para as coisas pequenas. \u00c9 para a pureza dos momentos ordin\u00e1rios da rotina que carregam a magia da simplicidade. Dentro da minha utopia, \u00e9 resgatando esse olhar sobre a beleza das coisas pequenas que o ar no mundo se torna menos pesado, mais respir\u00e1vel, mais capaz de nos dar for\u00e7a para continuar lutando pelas nossas causas. E em uma gera\u00e7\u00e3o em que os jovens produzem\/trabalham (e consequentemente correm) cada vez mais, a minha luta \u00e9 pela pausa.<\/p>\n<p>Selecionei algumas das minhas fotos mais queridas que retratam um pouco de uma das coisas que me construiu enquanto pessoa e artista: minha vida nos bosques, de p\u00e9 no ch\u00e3o. Pra quem quiser ver um pouco mais, d\u00e1 uma olhadinha no meu <a href=\"https:\/\/www.instagram.com\/nicolypoliveira\/\" target=\"_blank\">instagram<\/a>\u00a0.<\/p>\n\n\t\t\t<div id='gallery-5530-1' class='gallery gallery-5530'>\n\t\t\t\t<div class='gallery-row gallery-col-3 gallery-clear'>\n\t\t\t\t\t<figure class='gallery-item col-3'>\n\t\t\t\t\t\t<div class='gallery-icon '><a title=\"Processed with VSCO with m5 preset\" href='http:\/\/anu.ufsj.edu.br\/site\/processed-with-vsco-with-m5-preset\/'><img width=\"150\" height=\"150\" src=\"http:\/\/anu.ufsj.edu.br\/site\/wp-content\/uploads\/2016\/09\/2016-04-22-05-53-18-1-150x150.jpg\" class=\"attachment-thumbnail size-thumbnail\" alt=\"\" loading=\"lazy\" \/><\/a><\/div>\n\t\t\t\t\t\t<figcaption class='gallery-caption'>Processed with VSCO with m5 preset<\/figcaption>\n\t\t\t\t\t<\/figure>\n\t\t\t\t\t<figure class='gallery-item col-3'>\n\t\t\t\t\t\t<div class='gallery-icon '><a title=\"Processed with VSCO with p5 preset\" href='http:\/\/anu.ufsj.edu.br\/site\/processed-with-vsco-with-p5-preset\/'><img width=\"150\" height=\"150\" src=\"http:\/\/anu.ufsj.edu.br\/site\/wp-content\/uploads\/2016\/09\/2016-06-16-04-38-20-1-150x150.jpg\" class=\"attachment-thumbnail size-thumbnail\" alt=\"\" loading=\"lazy\" \/><\/a><\/div>\n\t\t\t\t\t\t<figcaption class='gallery-caption'>Processed with VSCO with p5 preset<\/figcaption>\n\t\t\t\t\t<\/figure>\n\t\t\t\t\t<figure class='gallery-item col-3'>\n\t\t\t\t\t\t<div class='gallery-icon '><a title=\"Processed with VSCO with c1 preset\" href='http:\/\/anu.ufsj.edu.br\/site\/processed-with-vsco-with-c1-preset\/'><img width=\"150\" height=\"150\" src=\"http:\/\/anu.ufsj.edu.br\/site\/wp-content\/uploads\/2016\/09\/2016-07-14-08-00-52-3-150x150.jpg\" class=\"attachment-thumbnail size-thumbnail\" alt=\"\" loading=\"lazy\" \/><\/a><\/div>\n\t\t\t\t\t\t<figcaption class='gallery-caption'>Processed with VSCO with c1 preset<\/figcaption>\n\t\t\t\t\t<\/figure>\n\t\t\t\t<\/div>\n\t\t\t\t<div class='gallery-row gallery-col-3 gallery-clear'>\n\t\t\t\t\t<figure class='gallery-item col-3'>\n\t\t\t\t\t\t<div class='gallery-icon '><a title=\"dsc_0056-2\" href='http:\/\/anu.ufsj.edu.br\/site\/dsc_0056-2\/'><img width=\"150\" height=\"150\" src=\"http:\/\/anu.ufsj.edu.br\/site\/wp-content\/uploads\/2016\/09\/dsc_0056-2-150x150.jpg\" class=\"attachment-thumbnail size-thumbnail\" alt=\"\" loading=\"lazy\" \/><\/a><\/div>\n\t\t\t\t\t<\/figure>\n\t\t\t\t\t<figure class='gallery-item col-3'>\n\t\t\t\t\t\t<div class='gallery-icon '><a title=\"dsc_0091-2\" href='http:\/\/anu.ufsj.edu.br\/site\/dsc_0091-2\/'><img width=\"150\" height=\"150\" src=\"http:\/\/anu.ufsj.edu.br\/site\/wp-content\/uploads\/2016\/09\/dsc_0091-2-150x150.jpg\" class=\"attachment-thumbnail size-thumbnail\" alt=\"\" loading=\"lazy\" \/><\/a><\/div>\n\t\t\t\t\t<\/figure>\n\t\t\t\t\t<figure class='gallery-item col-3'>\n\t\t\t\t\t\t<div class='gallery-icon '><a title=\"dsc_0102-2\" href='http:\/\/anu.ufsj.edu.br\/site\/dsc_0102-2\/'><img width=\"150\" height=\"150\" src=\"http:\/\/anu.ufsj.edu.br\/site\/wp-content\/uploads\/2016\/09\/dsc_0102-2-150x150.jpg\" class=\"attachment-thumbnail size-thumbnail\" alt=\"\" loading=\"lazy\" \/><\/a><\/div>\n\t\t\t\t\t<\/figure>\n\t\t\t\t<\/div>\n\t\t\t\t<div class='gallery-row gallery-col-3 gallery-clear'>\n\t\t\t\t\t<figure class='gallery-item col-3'>\n\t\t\t\t\t\t<div class='gallery-icon '><a title=\"dsc_0113\" href='http:\/\/anu.ufsj.edu.br\/site\/dsc_0113\/'><img width=\"150\" height=\"150\" src=\"http:\/\/anu.ufsj.edu.br\/site\/wp-content\/uploads\/2016\/09\/dsc_0113-150x150.jpg\" class=\"attachment-thumbnail size-thumbnail\" alt=\"\" loading=\"lazy\" \/><\/a><\/div>\n\t\t\t\t\t<\/figure>\n\t\t\t\t\t<figure class='gallery-item col-3'>\n\t\t\t\t\t\t<div class='gallery-icon '><a title=\"dsc_0135\" href='http:\/\/anu.ufsj.edu.br\/site\/dsc_0135\/'><img width=\"150\" height=\"150\" src=\"http:\/\/anu.ufsj.edu.br\/site\/wp-content\/uploads\/2016\/09\/dsc_0135-150x150.jpg\" class=\"attachment-thumbnail size-thumbnail\" alt=\"\" loading=\"lazy\" \/><\/a><\/div>\n\t\t\t\t\t<\/figure>\n\t\t\t\t\t<figure class='gallery-item col-3'>\n\t\t\t\t\t\t<div class='gallery-icon '><a title=\"dsc_0757-2\" href='http:\/\/anu.ufsj.edu.br\/site\/dsc_0757-2\/'><img width=\"150\" height=\"150\" src=\"http:\/\/anu.ufsj.edu.br\/site\/wp-content\/uploads\/2016\/09\/dsc_0757-2-150x150.jpg\" class=\"attachment-thumbnail size-thumbnail\" alt=\"\" loading=\"lazy\" \/><\/a><\/div>\n\t\t\t\t\t<\/figure>\n\t\t\t\t<\/div>\n\t\t\t\t<div class='gallery-row gallery-col-3 gallery-clear'>\n\t\t\t\t\t<figure class='gallery-item col-3'>\n\t\t\t\t\t\t<div class='gallery-icon '><a title=\"dsc_0808-2\" href='http:\/\/anu.ufsj.edu.br\/site\/dsc_0808-2\/'><img width=\"150\" height=\"150\" src=\"http:\/\/anu.ufsj.edu.br\/site\/wp-content\/uploads\/2016\/09\/dsc_0808-2-150x150.jpg\" class=\"attachment-thumbnail size-thumbnail\" alt=\"\" loading=\"lazy\" \/><\/a><\/div>\n\t\t\t\t\t<\/figure>\n\t\t\t<\/div>\n\t\t\t<\/div><!-- .gallery -->\n\n<p style=\"text-align:right;\">Texto: Nicoly Pinto de Oliveira<\/p>\n<p style=\"text-align:right;\">Revis\u00e3o: Julia Benatti<\/p>\n","protected":false},"excerpt":{"rendered":"<p>Sou bicho do mato. E quem me conhece sabe que tudo o que eu produzo, seja em grande ou pequena escala, sempre leva a um peda\u00e7o de verde, a um peda\u00e7o de mim. Toda fotografia \u00e9 um autorretrato, todo trabalho&#8230;<\/p>\n","protected":false},"author":3,"featured_media":5545,"comment_status":"open","ping_status":"open","sticky":false,"template":"","format":"standard","meta":{"_monsterinsights_skip_tracking":false,"_monsterinsights_sitenote_active":false,"_monsterinsights_sitenote_note":"","_monsterinsights_sitenote_category":0},"categories":[6,32,57,70],"tags":[],"yoast_head":"<!-- This site is optimized with the Yoast SEO plugin v20.6 - https:\/\/yoast.com\/wordpress\/plugins\/seo\/ -->\n<title>Olhares - Nicoly Pinto de Oliveira - Jornalismo UFSJ<\/title>\n<meta name=\"robots\" content=\"index, follow, max-snippet:-1, max-image-preview:large, max-video-preview:-1\" \/>\n<link rel=\"canonical\" href=\"https:\/\/jornalismo.ufsj.edu.br\/site\/alunos\/olhares-nicoly-pinto-de-oliveira\/\" \/>\n<meta property=\"og:locale\" content=\"pt_BR\" \/>\n<meta property=\"og:type\" content=\"article\" \/>\n<meta property=\"og:title\" content=\"Olhares - Nicoly Pinto de Oliveira - Jornalismo UFSJ\" \/>\n<meta property=\"og:description\" content=\"Sou bicho do mato. E quem me conhece sabe que tudo o que eu produzo, seja em grande ou pequena escala, sempre leva a um peda\u00e7o de verde, a um peda\u00e7o de mim. Toda fotografia \u00e9 um autorretrato, todo trabalho...\" \/>\n<meta property=\"og:url\" content=\"https:\/\/jornalismo.ufsj.edu.br\/site\/alunos\/olhares-nicoly-pinto-de-oliveira\/\" \/>\n<meta property=\"og:site_name\" content=\"Jornalismo UFSJ\" \/>\n<meta property=\"article:publisher\" content=\"https:\/\/www.facebook.com\/jornalismoufsj\/\" \/>\n<meta property=\"article:published_time\" content=\"2016-09-10T16:07:28+00:00\" \/>\n<meta property=\"og:image\" content=\"https:\/\/jornalismo.ufsj.edu.br\/site\/wp-content\/uploads\/2016\/09\/dsc_0808-2-683x1024.jpg\" \/>\n\t<meta property=\"og:image:width\" content=\"683\" \/>\n\t<meta property=\"og:image:height\" content=\"1024\" \/>\n\t<meta property=\"og:image:type\" content=\"image\/jpeg\" \/>\n<meta name=\"twitter:card\" content=\"summary_large_image\" \/>\n<meta name=\"twitter:creator\" content=\"@jornalismoufsj\" \/>\n<meta name=\"twitter:site\" content=\"@jornalismoufsj\" \/>\n<meta name=\"twitter:label1\" content=\"Escrito por\" \/>\n\t<meta name=\"twitter:data1\" content=\"\" \/>\n\t<meta name=\"twitter:label2\" content=\"Est. tempo de leitura\" \/>\n\t<meta name=\"twitter:data2\" content=\"2 minutos\" \/>\n<script type=\"application\/ld+json\" class=\"yoast-schema-graph\">{\"@context\":\"https:\/\/schema.org\",\"@graph\":[{\"@type\":\"WebPage\",\"@id\":\"https:\/\/jornalismo.ufsj.edu.br\/site\/alunos\/olhares-nicoly-pinto-de-oliveira\/\",\"url\":\"https:\/\/jornalismo.ufsj.edu.br\/site\/alunos\/olhares-nicoly-pinto-de-oliveira\/\",\"name\":\"Olhares - Nicoly Pinto de Oliveira - Jornalismo UFSJ\",\"isPartOf\":{\"@id\":\"http:\/\/jornalismo.ufsj.edu.br\/site\/#website\"},\"datePublished\":\"2016-09-10T16:07:28+00:00\",\"dateModified\":\"2016-09-10T16:07:28+00:00\",\"author\":{\"@id\":\"\"},\"breadcrumb\":{\"@id\":\"https:\/\/jornalismo.ufsj.edu.br\/site\/alunos\/olhares-nicoly-pinto-de-oliveira\/#breadcrumb\"},\"inLanguage\":\"pt-BR\",\"potentialAction\":[{\"@type\":\"ReadAction\",\"target\":[\"https:\/\/jornalismo.ufsj.edu.br\/site\/alunos\/olhares-nicoly-pinto-de-oliveira\/\"]}]},{\"@type\":\"BreadcrumbList\",\"@id\":\"https:\/\/jornalismo.ufsj.edu.br\/site\/alunos\/olhares-nicoly-pinto-de-oliveira\/#breadcrumb\",\"itemListElement\":[{\"@type\":\"ListItem\",\"position\":1,\"name\":\"In\u00edcio\",\"item\":\"http:\/\/jornalismo.ufsj.edu.br\/site\/\"},{\"@type\":\"ListItem\",\"position\":2,\"name\":\"Olhares &#8211; Nicoly Pinto de Oliveira\"}]},{\"@type\":\"WebSite\",\"@id\":\"http:\/\/jornalismo.ufsj.edu.br\/site\/#website\",\"url\":\"http:\/\/jornalismo.ufsj.edu.br\/site\/\",\"name\":\"Jornalismo UFSJ\",\"description\":\"\",\"potentialAction\":[{\"@type\":\"SearchAction\",\"target\":{\"@type\":\"EntryPoint\",\"urlTemplate\":\"http:\/\/jornalismo.ufsj.edu.br\/site\/?s={search_term_string}\"},\"query-input\":\"required name=search_term_string\"}],\"inLanguage\":\"pt-BR\"},{\"@type\":\"Person\",\"@id\":\"\"}]}<\/script>\n<!-- \/ Yoast SEO plugin. -->","yoast_head_json":{"title":"Olhares - Nicoly Pinto de Oliveira - Jornalismo UFSJ","robots":{"index":"index","follow":"follow","max-snippet":"max-snippet:-1","max-image-preview":"max-image-preview:large","max-video-preview":"max-video-preview:-1"},"canonical":"https:\/\/jornalismo.ufsj.edu.br\/site\/alunos\/olhares-nicoly-pinto-de-oliveira\/","og_locale":"pt_BR","og_type":"article","og_title":"Olhares - Nicoly Pinto de Oliveira - Jornalismo UFSJ","og_description":"Sou bicho do mato. E quem me conhece sabe que tudo o que eu produzo, seja em grande ou pequena escala, sempre leva a um peda\u00e7o de verde, a um peda\u00e7o de mim. Toda fotografia \u00e9 um autorretrato, todo trabalho...","og_url":"https:\/\/jornalismo.ufsj.edu.br\/site\/alunos\/olhares-nicoly-pinto-de-oliveira\/","og_site_name":"Jornalismo UFSJ","article_publisher":"https:\/\/www.facebook.com\/jornalismoufsj\/","article_published_time":"2016-09-10T16:07:28+00:00","og_image":[{"width":683,"height":1024,"url":"https:\/\/jornalismo.ufsj.edu.br\/site\/wp-content\/uploads\/2016\/09\/dsc_0808-2-683x1024.jpg","type":"image\/jpeg"}],"twitter_card":"summary_large_image","twitter_creator":"@jornalismoufsj","twitter_site":"@jornalismoufsj","twitter_misc":{"Escrito por":"","Est. tempo de leitura":"2 minutos"},"schema":{"@context":"https:\/\/schema.org","@graph":[{"@type":"WebPage","@id":"https:\/\/jornalismo.ufsj.edu.br\/site\/alunos\/olhares-nicoly-pinto-de-oliveira\/","url":"https:\/\/jornalismo.ufsj.edu.br\/site\/alunos\/olhares-nicoly-pinto-de-oliveira\/","name":"Olhares - Nicoly Pinto de Oliveira - Jornalismo UFSJ","isPartOf":{"@id":"http:\/\/jornalismo.ufsj.edu.br\/site\/#website"},"datePublished":"2016-09-10T16:07:28+00:00","dateModified":"2016-09-10T16:07:28+00:00","author":{"@id":""},"breadcrumb":{"@id":"https:\/\/jornalismo.ufsj.edu.br\/site\/alunos\/olhares-nicoly-pinto-de-oliveira\/#breadcrumb"},"inLanguage":"pt-BR","potentialAction":[{"@type":"ReadAction","target":["https:\/\/jornalismo.ufsj.edu.br\/site\/alunos\/olhares-nicoly-pinto-de-oliveira\/"]}]},{"@type":"BreadcrumbList","@id":"https:\/\/jornalismo.ufsj.edu.br\/site\/alunos\/olhares-nicoly-pinto-de-oliveira\/#breadcrumb","itemListElement":[{"@type":"ListItem","position":1,"name":"In\u00edcio","item":"http:\/\/jornalismo.ufsj.edu.br\/site\/"},{"@type":"ListItem","position":2,"name":"Olhares &#8211; Nicoly Pinto de Oliveira"}]},{"@type":"WebSite","@id":"http:\/\/jornalismo.ufsj.edu.br\/site\/#website","url":"http:\/\/jornalismo.ufsj.edu.br\/site\/","name":"Jornalismo UFSJ","description":"","potentialAction":[{"@type":"SearchAction","target":{"@type":"EntryPoint","urlTemplate":"http:\/\/jornalismo.ufsj.edu.br\/site\/?s={search_term_string}"},"query-input":"required name=search_term_string"}],"inLanguage":"pt-BR"},{"@type":"Person","@id":""}]}},"jetpack_featured_media_url":"http:\/\/anu.ufsj.edu.br\/site\/wp-content\/uploads\/2016\/09\/dsc_0808-2.jpg","_links":{"self":[{"href":"http:\/\/anu.ufsj.edu.br\/site\/wp-json\/wp\/v2\/posts\/5530"}],"collection":[{"href":"http:\/\/anu.ufsj.edu.br\/site\/wp-json\/wp\/v2\/posts"}],"about":[{"href":"http:\/\/anu.ufsj.edu.br\/site\/wp-json\/wp\/v2\/types\/post"}],"author":[{"embeddable":true,"href":"http:\/\/anu.ufsj.edu.br\/site\/wp-json\/wp\/v2\/users\/3"}],"replies":[{"embeddable":true,"href":"http:\/\/anu.ufsj.edu.br\/site\/wp-json\/wp\/v2\/comments?post=5530"}],"version-history":[{"count":0,"href":"http:\/\/anu.ufsj.edu.br\/site\/wp-json\/wp\/v2\/posts\/5530\/revisions"}],"wp:featuredmedia":[{"embeddable":true,"href":"http:\/\/anu.ufsj.edu.br\/site\/wp-json\/wp\/v2\/media\/5545"}],"wp:attachment":[{"href":"http:\/\/anu.ufsj.edu.br\/site\/wp-json\/wp\/v2\/media?parent=5530"}],"wp:term":[{"taxonomy":"category","embeddable":true,"href":"http:\/\/anu.ufsj.edu.br\/site\/wp-json\/wp\/v2\/categories?post=5530"},{"taxonomy":"post_tag","embeddable":true,"href":"http:\/\/anu.ufsj.edu.br\/site\/wp-json\/wp\/v2\/tags?post=5530"}],"curies":[{"name":"wp","href":"https:\/\/api.w.org\/{rel}","templated":true}]}}