{"id":5664,"date":"2016-10-05T21:20:20","date_gmt":"2016-10-05T21:20:20","guid":{"rendered":"http:\/\/jornalismo.ufsj.edu.br\/?p=5664"},"modified":"2016-10-05T21:20:20","modified_gmt":"2016-10-05T21:20:20","slug":"cafe","status":"publish","type":"post","link":"http:\/\/anu.ufsj.edu.br\/site\/alunos\/cafe\/","title":{"rendered":"Caf\u00e9"},"content":{"rendered":"<p><img loading=\"lazy\" class=\"  wp-image-5674 alignleft\" src=\"http:\/\/jornalismo.ufsj.edu.br\/wp-content\/uploads\/2016\/10\/cofe.jpg\" alt=\"cofe\" width=\"335\" height=\"226\" srcset=\"http:\/\/anu.ufsj.edu.br\/site\/wp-content\/uploads\/2016\/10\/cofe.jpg 500w, http:\/\/anu.ufsj.edu.br\/site\/wp-content\/uploads\/2016\/10\/cofe-300x203.jpg 300w\" sizes=\"(max-width: 335px) 100vw, 335px\" \/>Na maioria dos dias dif\u00edceis ou em tempos de frio, o caf\u00e9, bebida que j\u00e1 deu nome ao poder brasileiro, \u00e9 servido mais uma vez. Conversa vai, pessoas v\u00eam e l\u00e1 est\u00e1 ele mediando rela\u00e7\u00f5es e sendo motivo de encontros. E \u00e9 sobre encontro que discorro agora.<\/p>\n<p><span style=\"font-weight:400;\">O caf\u00e9 \u00e9 bebida pra ser apreciada e a correria do s\u00e9culo XXI, a qual provoca desaten\u00e7\u00e3o, nem sempre nos permite. Os encontros assim. Caf\u00e9 em forma de gente. De calor humano. <\/span><\/p>\n<p><span style=\"font-weight:400;\">Alguns encontros nos rendem bons minutos na padaria da esquina. Passageiros, fugazes. Por\u00e9m, carregados de energia que o caf\u00e9 nos proporciona. Chega, preenche, passa e \u00e9 hist\u00f3ria pra ser escrita, em uma outra cr\u00f4nica bem desalinhada, talvez. Outros chegam e aquecem o at\u00e9 ent\u00e3o desagasalhado sil\u00eancio. O caf\u00e9 motiva o sil\u00eancio e potencializa mais tarde a voz. Voz. Voz anfitri\u00e3 de novos convites.<\/span><\/p>\n<p><span style=\"font-weight:400;\">O fato \u00e9 que, culturalmente encontros s\u00e3o caf\u00e9s. \u00c9 gr\u00e3o transformado. <\/span><\/p>\n<p><span style=\"font-weight:400;\">E tem caf\u00e9 que acalma, faz parte do belo fim de trabalho. Tem caf\u00e9 respons\u00e1vel por nos manter acordados, atentos. Atentos ao mundo. Atentos ao dia seguinte. Tem caf\u00e9 que vicia. Outros amargam, e voc\u00ea tem a possibilidade de aprender a colocar menos p\u00f3. Alguns s\u00e3o doce em excesso e, naquele momento, voc\u00ea n\u00e3o cabe ali. E em outros momentos, voc\u00ea \u00e9 o a\u00e7\u00facar em exagero em hist\u00f3rias que precisam despertar com o amargo. <\/span><\/p>\n<p><span style=\"font-weight:400;\">O caf\u00e9 une. Entrela\u00e7a. Caf\u00e9 \u00e9 sabor. \u00c9 ressaca da vida. Encontros s\u00e3o caf\u00e9s. <\/span><\/p>\n<p><span style=\"font-weight:400;\">Agora, eu coloco aqui um ponto final e um pouco de encontro. <\/span><\/p>\n<p><span style=\"font-weight:400;\">Pra algumas hist\u00f3rias, n\u00e3o \u00e9 preciso caneta. Mas gente metida a poeta \u00e9 assim: precisa de caf\u00e9s constantemente e do sil\u00eancio dos sabores deles, essencialmente.<\/span><\/p>\n<p>&nbsp;<\/p>\n<p style=\"text-align:right;\">Texto: Isabella Sales<\/p>\n<p style=\"text-align:right;\">Revis\u00e3o: Julia Benatti<\/p>\n","protected":false},"excerpt":{"rendered":"<p>Na maioria dos dias dif\u00edceis ou em tempos de frio, o caf\u00e9, bebida que j\u00e1 deu nome ao poder brasileiro, \u00e9 servido mais uma vez. Conversa vai, pessoas v\u00eam e l\u00e1 est\u00e1 ele mediando rela\u00e7\u00f5es e sendo motivo de encontros&#8230;.<\/p>\n","protected":false},"author":3,"featured_media":5674,"comment_status":"open","ping_status":"open","sticky":false,"template":"","format":"standard","meta":{"_monsterinsights_skip_tracking":false,"_monsterinsights_sitenote_active":false,"_monsterinsights_sitenote_note":"","_monsterinsights_sitenote_category":0},"categories":[6,21,70],"tags":[],"yoast_head":"<!-- This site is optimized with the Yoast SEO plugin v20.6 - https:\/\/yoast.com\/wordpress\/plugins\/seo\/ -->\n<title>Caf\u00e9 - Jornalismo UFSJ<\/title>\n<meta name=\"robots\" content=\"index, follow, max-snippet:-1, max-image-preview:large, max-video-preview:-1\" \/>\n<link rel=\"canonical\" href=\"https:\/\/jornalismo.ufsj.edu.br\/site\/alunos\/cafe\/\" \/>\n<meta property=\"og:locale\" content=\"pt_BR\" \/>\n<meta property=\"og:type\" content=\"article\" \/>\n<meta property=\"og:title\" content=\"Caf\u00e9 - Jornalismo UFSJ\" \/>\n<meta property=\"og:description\" content=\"Na maioria dos dias dif\u00edceis ou em tempos de frio, o caf\u00e9, bebida que j\u00e1 deu nome ao poder brasileiro, \u00e9 servido mais uma vez. Conversa vai, pessoas v\u00eam e l\u00e1 est\u00e1 ele mediando rela\u00e7\u00f5es e sendo motivo de encontros....\" \/>\n<meta property=\"og:url\" content=\"https:\/\/jornalismo.ufsj.edu.br\/site\/alunos\/cafe\/\" \/>\n<meta property=\"og:site_name\" content=\"Jornalismo UFSJ\" \/>\n<meta property=\"article:publisher\" content=\"https:\/\/www.facebook.com\/jornalismoufsj\/\" \/>\n<meta property=\"article:published_time\" content=\"2016-10-05T21:20:20+00:00\" \/>\n<meta property=\"og:image\" content=\"https:\/\/jornalismo.ufsj.edu.br\/site\/wp-content\/uploads\/2016\/10\/cofe.jpg\" \/>\n\t<meta property=\"og:image:width\" content=\"500\" \/>\n\t<meta property=\"og:image:height\" content=\"338\" \/>\n\t<meta property=\"og:image:type\" content=\"image\/jpeg\" \/>\n<meta name=\"twitter:card\" content=\"summary_large_image\" \/>\n<meta name=\"twitter:creator\" content=\"@jornalismoufsj\" \/>\n<meta name=\"twitter:site\" content=\"@jornalismoufsj\" \/>\n<meta name=\"twitter:label1\" content=\"Escrito por\" \/>\n\t<meta name=\"twitter:data1\" content=\"\" \/>\n\t<meta name=\"twitter:label2\" content=\"Est. tempo de leitura\" \/>\n\t<meta name=\"twitter:data2\" content=\"2 minutos\" \/>\n<script type=\"application\/ld+json\" class=\"yoast-schema-graph\">{\"@context\":\"https:\/\/schema.org\",\"@graph\":[{\"@type\":\"WebPage\",\"@id\":\"https:\/\/jornalismo.ufsj.edu.br\/site\/alunos\/cafe\/\",\"url\":\"https:\/\/jornalismo.ufsj.edu.br\/site\/alunos\/cafe\/\",\"name\":\"Caf\u00e9 - Jornalismo UFSJ\",\"isPartOf\":{\"@id\":\"http:\/\/jornalismo.ufsj.edu.br\/site\/#website\"},\"datePublished\":\"2016-10-05T21:20:20+00:00\",\"dateModified\":\"2016-10-05T21:20:20+00:00\",\"author\":{\"@id\":\"\"},\"breadcrumb\":{\"@id\":\"https:\/\/jornalismo.ufsj.edu.br\/site\/alunos\/cafe\/#breadcrumb\"},\"inLanguage\":\"pt-BR\",\"potentialAction\":[{\"@type\":\"ReadAction\",\"target\":[\"https:\/\/jornalismo.ufsj.edu.br\/site\/alunos\/cafe\/\"]}]},{\"@type\":\"BreadcrumbList\",\"@id\":\"https:\/\/jornalismo.ufsj.edu.br\/site\/alunos\/cafe\/#breadcrumb\",\"itemListElement\":[{\"@type\":\"ListItem\",\"position\":1,\"name\":\"In\u00edcio\",\"item\":\"http:\/\/jornalismo.ufsj.edu.br\/site\/\"},{\"@type\":\"ListItem\",\"position\":2,\"name\":\"Caf\u00e9\"}]},{\"@type\":\"WebSite\",\"@id\":\"http:\/\/jornalismo.ufsj.edu.br\/site\/#website\",\"url\":\"http:\/\/jornalismo.ufsj.edu.br\/site\/\",\"name\":\"Jornalismo UFSJ\",\"description\":\"\",\"potentialAction\":[{\"@type\":\"SearchAction\",\"target\":{\"@type\":\"EntryPoint\",\"urlTemplate\":\"http:\/\/jornalismo.ufsj.edu.br\/site\/?s={search_term_string}\"},\"query-input\":\"required name=search_term_string\"}],\"inLanguage\":\"pt-BR\"},{\"@type\":\"Person\",\"@id\":\"\"}]}<\/script>\n<!-- \/ Yoast SEO plugin. -->","yoast_head_json":{"title":"Caf\u00e9 - Jornalismo UFSJ","robots":{"index":"index","follow":"follow","max-snippet":"max-snippet:-1","max-image-preview":"max-image-preview:large","max-video-preview":"max-video-preview:-1"},"canonical":"https:\/\/jornalismo.ufsj.edu.br\/site\/alunos\/cafe\/","og_locale":"pt_BR","og_type":"article","og_title":"Caf\u00e9 - Jornalismo UFSJ","og_description":"Na maioria dos dias dif\u00edceis ou em tempos de frio, o caf\u00e9, bebida que j\u00e1 deu nome ao poder brasileiro, \u00e9 servido mais uma vez. Conversa vai, pessoas v\u00eam e l\u00e1 est\u00e1 ele mediando rela\u00e7\u00f5es e sendo motivo de encontros....","og_url":"https:\/\/jornalismo.ufsj.edu.br\/site\/alunos\/cafe\/","og_site_name":"Jornalismo UFSJ","article_publisher":"https:\/\/www.facebook.com\/jornalismoufsj\/","article_published_time":"2016-10-05T21:20:20+00:00","og_image":[{"width":500,"height":338,"url":"https:\/\/jornalismo.ufsj.edu.br\/site\/wp-content\/uploads\/2016\/10\/cofe.jpg","type":"image\/jpeg"}],"twitter_card":"summary_large_image","twitter_creator":"@jornalismoufsj","twitter_site":"@jornalismoufsj","twitter_misc":{"Escrito por":"","Est. tempo de leitura":"2 minutos"},"schema":{"@context":"https:\/\/schema.org","@graph":[{"@type":"WebPage","@id":"https:\/\/jornalismo.ufsj.edu.br\/site\/alunos\/cafe\/","url":"https:\/\/jornalismo.ufsj.edu.br\/site\/alunos\/cafe\/","name":"Caf\u00e9 - Jornalismo UFSJ","isPartOf":{"@id":"http:\/\/jornalismo.ufsj.edu.br\/site\/#website"},"datePublished":"2016-10-05T21:20:20+00:00","dateModified":"2016-10-05T21:20:20+00:00","author":{"@id":""},"breadcrumb":{"@id":"https:\/\/jornalismo.ufsj.edu.br\/site\/alunos\/cafe\/#breadcrumb"},"inLanguage":"pt-BR","potentialAction":[{"@type":"ReadAction","target":["https:\/\/jornalismo.ufsj.edu.br\/site\/alunos\/cafe\/"]}]},{"@type":"BreadcrumbList","@id":"https:\/\/jornalismo.ufsj.edu.br\/site\/alunos\/cafe\/#breadcrumb","itemListElement":[{"@type":"ListItem","position":1,"name":"In\u00edcio","item":"http:\/\/jornalismo.ufsj.edu.br\/site\/"},{"@type":"ListItem","position":2,"name":"Caf\u00e9"}]},{"@type":"WebSite","@id":"http:\/\/jornalismo.ufsj.edu.br\/site\/#website","url":"http:\/\/jornalismo.ufsj.edu.br\/site\/","name":"Jornalismo UFSJ","description":"","potentialAction":[{"@type":"SearchAction","target":{"@type":"EntryPoint","urlTemplate":"http:\/\/jornalismo.ufsj.edu.br\/site\/?s={search_term_string}"},"query-input":"required name=search_term_string"}],"inLanguage":"pt-BR"},{"@type":"Person","@id":""}]}},"jetpack_featured_media_url":"http:\/\/anu.ufsj.edu.br\/site\/wp-content\/uploads\/2016\/10\/cofe.jpg","_links":{"self":[{"href":"http:\/\/anu.ufsj.edu.br\/site\/wp-json\/wp\/v2\/posts\/5664"}],"collection":[{"href":"http:\/\/anu.ufsj.edu.br\/site\/wp-json\/wp\/v2\/posts"}],"about":[{"href":"http:\/\/anu.ufsj.edu.br\/site\/wp-json\/wp\/v2\/types\/post"}],"author":[{"embeddable":true,"href":"http:\/\/anu.ufsj.edu.br\/site\/wp-json\/wp\/v2\/users\/3"}],"replies":[{"embeddable":true,"href":"http:\/\/anu.ufsj.edu.br\/site\/wp-json\/wp\/v2\/comments?post=5664"}],"version-history":[{"count":0,"href":"http:\/\/anu.ufsj.edu.br\/site\/wp-json\/wp\/v2\/posts\/5664\/revisions"}],"wp:featuredmedia":[{"embeddable":true,"href":"http:\/\/anu.ufsj.edu.br\/site\/wp-json\/wp\/v2\/media\/5674"}],"wp:attachment":[{"href":"http:\/\/anu.ufsj.edu.br\/site\/wp-json\/wp\/v2\/media?parent=5664"}],"wp:term":[{"taxonomy":"category","embeddable":true,"href":"http:\/\/anu.ufsj.edu.br\/site\/wp-json\/wp\/v2\/categories?post=5664"},{"taxonomy":"post_tag","embeddable":true,"href":"http:\/\/anu.ufsj.edu.br\/site\/wp-json\/wp\/v2\/tags?post=5664"}],"curies":[{"name":"wp","href":"https:\/\/api.w.org\/{rel}","templated":true}]}}