{"id":5857,"date":"2016-10-29T20:27:28","date_gmt":"2016-10-29T20:27:28","guid":{"rendered":"http:\/\/jornalismo.ufsj.edu.br\/?p=5857"},"modified":"2016-10-29T20:27:28","modified_gmt":"2016-10-29T20:27:28","slug":"focas-na-leitura-com-katia-lombardi","status":"publish","type":"post","link":"http:\/\/anu.ufsj.edu.br\/site\/focas-na-leitura\/focas-na-leitura-com-katia-lombardi\/","title":{"rendered":"Foca(s) na leitura com Katia Lombardi"},"content":{"rendered":"<p><img loading=\"lazy\" class=\"  wp-image-5870 alignleft\" src=\"http:\/\/jornalismo.ufsj.edu.br\/wp-content\/uploads\/2016\/10\/katia.jpg\" alt=\"katia\" width=\"306\" height=\"230\" srcset=\"http:\/\/anu.ufsj.edu.br\/site\/wp-content\/uploads\/2016\/10\/katia.jpg 960w, http:\/\/anu.ufsj.edu.br\/site\/wp-content\/uploads\/2016\/10\/katia-300x225.jpg 300w, http:\/\/anu.ufsj.edu.br\/site\/wp-content\/uploads\/2016\/10\/katia-768x576.jpg 768w\" sizes=\"(max-width: 306px) 100vw, 306px\" \/><\/p>\n<p>A se\u00e7\u00e3o do <em>Foca (s) na Leitura<\/em> de hoje \u00e9 com a Professora do Curso de Jornalismo da UFSJ, Katia Lombardi. Natural da cidade de S\u00e3o Jo\u00e3o del-Rei, Katia formou-se em Jornalismo pela PUC-MG. Desde o ano de 1990 seu trabalho fotogr\u00e1fico \u00e9 levado ao p\u00fablico por meio de exposi\u00e7\u00f5es coletivas e individuais.<\/p>\n<p>Para os apaixonados pelo mundo da fotografia o trabalho da professora \u00e9 uma inspira\u00e7\u00e3o.\u00a0Do fotojornalismo \u00e0s imagens de cunho mais art\u00edstico, \u00e9 necess\u00e1rio uma boa dose de conhecimento t\u00e9cnico e a pr\u00e1tica cotidiana dessa forma de express\u00e3o. A fotografia al\u00e9m de congelar um instante do tempo, comunica ideias e pensamentos, tornando-se um encanto universal.<\/p>\n<p>Deixo ent\u00e3o uma frase do Fot\u00f3grafo americano Ansel Adams: \u201c<em>N\u00e3o fazemos uma foto apenas com uma c\u00e2mera, ao ato de fotografar trazemos todos os livros que lemos, os filmes que vimos, a m\u00fasica que ouvimos, as pessoas que amamos.<\/em> Confiram as dicas de livros da professora Katia para os estudantes de jornalismo. Boa Leitura!<\/p>\n<p>-Minha raz\u00e3o de viver &#8211; Samuel Wainer.<\/p>\n<p>-O anjo pornogr\u00e1fico &#8211; Ruy Castro (sobre Nelson Rodrigues)<\/p>\n<p>-O \u00f3bvio Ululante &#8211; Nelson Rodrigues<\/p>\n<p>-Chat\u00f4, o rei do Brasil &#8211; Fernando Morais<\/p>\n<p>-Rota 66 &#8211; A hist\u00f3ria da pol\u00edcia que mata &#8211; Caco Barcellos<\/p>\n<p>&nbsp;<\/p>\n<p><strong>Fotojornalismo e imagem:<\/strong><\/p>\n<p>&#8211; A c\u00e2mara clara &#8211; Roland Barthes<\/p>\n<p>&#8211; Sobre Fotografia &#8211; Susan Sontag<\/p>\n<p>&#8211; Diante da dor dos outros -Susan Sontag<\/p>\n<p>&#8211; Pequena hist\u00f3ria da fotografia &#8211; Walter Benjamin<\/p>\n<p>-A obra de arte na era da reprodutibilidade t\u00e9cnica &#8211; Walter Benjamin<\/p>\n<p>&#8211; Imagens apesar de tudo &#8211; Georges Didi-Huberman<\/p>\n<p>&#8211;\u00a0O Clube do Bangue-Bangue. Instant\u00e2neos de uma guerra oculta -Greg Marinovich e Jo\u00e3o Silva (em sua homenagem)<\/p>\n<p>-O processo &#8211; Franz Kafka<\/p>\n<p>-Por quem os sinos dobram &#8211; Ernest Hemingway<\/p>\n<p>-As cidades invis\u00edveis &#8211; \u00cdtalo Calvino<\/p>\n<p>-Not\u00edcias de um sequestro &#8211; Gabriel Garc\u00eda M\u00e1rquez<\/p>\n<p>-A sangue frio &#8211; Truman Capote<\/p>\n<p>&nbsp;<\/p>\n<p><strong>E, um pouco de poesia:\u00a0<\/strong><\/p>\n<p>&#8211; Museu de tudo &#8211; Jo\u00e3o Cabral de Melo Neto<\/p>\n<p>&#8211; Distra\u00eddos venceremos &#8211; Paulo Leminski<\/p>\n<p>&#8211; A teus p\u00e9s &#8211; Ana Cristina C\u00e9sar<\/p>\n<p>&nbsp;<\/p>\n<p style=\"text-align:right;\">Texto: Thais Andressa<\/p>\n<p style=\"text-align:right;\">Revis\u00e3o: Julia Benatti<\/p>\n","protected":false},"excerpt":{"rendered":"<p>A se\u00e7\u00e3o do Foca (s) na Leitura de hoje \u00e9 com a Professora do Curso de Jornalismo da UFSJ, Katia Lombardi. Natural da cidade de S\u00e3o Jo\u00e3o del-Rei, Katia formou-se em Jornalismo pela PUC-MG. Desde o ano de 1990 seu&#8230;<\/p>\n","protected":false},"author":3,"featured_media":5865,"comment_status":"open","ping_status":"open","sticky":false,"template":"","format":"standard","meta":{"_monsterinsights_skip_tracking":false,"_monsterinsights_sitenote_active":false,"_monsterinsights_sitenote_note":"","_monsterinsights_sitenote_category":0},"categories":[31,32,65,70],"tags":[],"yoast_head":"<!-- This site is optimized with the Yoast SEO plugin v20.6 - https:\/\/yoast.com\/wordpress\/plugins\/seo\/ -->\n<title>Foca(s) na leitura com Katia Lombardi - Jornalismo UFSJ<\/title>\n<meta name=\"robots\" content=\"index, follow, max-snippet:-1, max-image-preview:large, max-video-preview:-1\" \/>\n<link rel=\"canonical\" href=\"http:\/\/anu.ufsj.edu.br\/site\/focas-na-leitura\/focas-na-leitura-com-katia-lombardi\/\" \/>\n<meta property=\"og:locale\" content=\"pt_BR\" \/>\n<meta property=\"og:type\" content=\"article\" \/>\n<meta property=\"og:title\" content=\"Foca(s) na leitura com Katia Lombardi - Jornalismo UFSJ\" \/>\n<meta property=\"og:description\" content=\"A se\u00e7\u00e3o do Foca (s) na Leitura de hoje \u00e9 com a Professora do Curso de Jornalismo da UFSJ, Katia Lombardi. Natural da cidade de S\u00e3o Jo\u00e3o del-Rei, Katia formou-se em Jornalismo pela PUC-MG. Desde o ano de 1990 seu...\" \/>\n<meta property=\"og:url\" content=\"http:\/\/anu.ufsj.edu.br\/site\/focas-na-leitura\/focas-na-leitura-com-katia-lombardi\/\" \/>\n<meta property=\"og:site_name\" content=\"Jornalismo UFSJ\" \/>\n<meta property=\"article:publisher\" content=\"https:\/\/www.facebook.com\/jornalismoufsj\/\" \/>\n<meta property=\"article:published_time\" content=\"2016-10-29T20:27:28+00:00\" \/>\n<meta property=\"og:image\" content=\"http:\/\/anu.ufsj.edu.br\/site\/wp-content\/uploads\/2016\/10\/foto.jpg\" \/>\n\t<meta property=\"og:image:width\" content=\"960\" \/>\n\t<meta property=\"og:image:height\" content=\"720\" \/>\n\t<meta property=\"og:image:type\" content=\"image\/jpeg\" \/>\n<meta name=\"twitter:card\" content=\"summary_large_image\" \/>\n<meta name=\"twitter:creator\" content=\"@jornalismoufsj\" \/>\n<meta name=\"twitter:site\" content=\"@jornalismoufsj\" \/>\n<meta name=\"twitter:label1\" content=\"Escrito por\" \/>\n\t<meta name=\"twitter:data1\" content=\"\" \/>\n\t<meta name=\"twitter:label2\" content=\"Est. tempo de leitura\" \/>\n\t<meta name=\"twitter:data2\" content=\"2 minutos\" \/>\n<script type=\"application\/ld+json\" class=\"yoast-schema-graph\">{\"@context\":\"https:\/\/schema.org\",\"@graph\":[{\"@type\":\"WebPage\",\"@id\":\"http:\/\/anu.ufsj.edu.br\/site\/focas-na-leitura\/focas-na-leitura-com-katia-lombardi\/\",\"url\":\"http:\/\/anu.ufsj.edu.br\/site\/focas-na-leitura\/focas-na-leitura-com-katia-lombardi\/\",\"name\":\"Foca(s) na leitura com Katia Lombardi - Jornalismo UFSJ\",\"isPartOf\":{\"@id\":\"http:\/\/jornalismo.ufsj.edu.br\/site\/#website\"},\"datePublished\":\"2016-10-29T20:27:28+00:00\",\"dateModified\":\"2016-10-29T20:27:28+00:00\",\"author\":{\"@id\":\"\"},\"breadcrumb\":{\"@id\":\"http:\/\/anu.ufsj.edu.br\/site\/focas-na-leitura\/focas-na-leitura-com-katia-lombardi\/#breadcrumb\"},\"inLanguage\":\"pt-BR\",\"potentialAction\":[{\"@type\":\"ReadAction\",\"target\":[\"http:\/\/anu.ufsj.edu.br\/site\/focas-na-leitura\/focas-na-leitura-com-katia-lombardi\/\"]}]},{\"@type\":\"BreadcrumbList\",\"@id\":\"http:\/\/anu.ufsj.edu.br\/site\/focas-na-leitura\/focas-na-leitura-com-katia-lombardi\/#breadcrumb\",\"itemListElement\":[{\"@type\":\"ListItem\",\"position\":1,\"name\":\"In\u00edcio\",\"item\":\"http:\/\/jornalismo.ufsj.edu.br\/site\/\"},{\"@type\":\"ListItem\",\"position\":2,\"name\":\"Foca(s) na leitura com Katia Lombardi\"}]},{\"@type\":\"WebSite\",\"@id\":\"http:\/\/jornalismo.ufsj.edu.br\/site\/#website\",\"url\":\"http:\/\/jornalismo.ufsj.edu.br\/site\/\",\"name\":\"Jornalismo UFSJ\",\"description\":\"\",\"potentialAction\":[{\"@type\":\"SearchAction\",\"target\":{\"@type\":\"EntryPoint\",\"urlTemplate\":\"http:\/\/jornalismo.ufsj.edu.br\/site\/?s={search_term_string}\"},\"query-input\":\"required name=search_term_string\"}],\"inLanguage\":\"pt-BR\"},{\"@type\":\"Person\",\"@id\":\"\"}]}<\/script>\n<!-- \/ Yoast SEO plugin. -->","yoast_head_json":{"title":"Foca(s) na leitura com Katia Lombardi - Jornalismo UFSJ","robots":{"index":"index","follow":"follow","max-snippet":"max-snippet:-1","max-image-preview":"max-image-preview:large","max-video-preview":"max-video-preview:-1"},"canonical":"http:\/\/anu.ufsj.edu.br\/site\/focas-na-leitura\/focas-na-leitura-com-katia-lombardi\/","og_locale":"pt_BR","og_type":"article","og_title":"Foca(s) na leitura com Katia Lombardi - Jornalismo UFSJ","og_description":"A se\u00e7\u00e3o do Foca (s) na Leitura de hoje \u00e9 com a Professora do Curso de Jornalismo da UFSJ, Katia Lombardi. Natural da cidade de S\u00e3o Jo\u00e3o del-Rei, Katia formou-se em Jornalismo pela PUC-MG. Desde o ano de 1990 seu...","og_url":"http:\/\/anu.ufsj.edu.br\/site\/focas-na-leitura\/focas-na-leitura-com-katia-lombardi\/","og_site_name":"Jornalismo UFSJ","article_publisher":"https:\/\/www.facebook.com\/jornalismoufsj\/","article_published_time":"2016-10-29T20:27:28+00:00","og_image":[{"width":960,"height":720,"url":"http:\/\/anu.ufsj.edu.br\/site\/wp-content\/uploads\/2016\/10\/foto.jpg","type":"image\/jpeg"}],"twitter_card":"summary_large_image","twitter_creator":"@jornalismoufsj","twitter_site":"@jornalismoufsj","twitter_misc":{"Escrito por":"","Est. tempo de leitura":"2 minutos"},"schema":{"@context":"https:\/\/schema.org","@graph":[{"@type":"WebPage","@id":"http:\/\/anu.ufsj.edu.br\/site\/focas-na-leitura\/focas-na-leitura-com-katia-lombardi\/","url":"http:\/\/anu.ufsj.edu.br\/site\/focas-na-leitura\/focas-na-leitura-com-katia-lombardi\/","name":"Foca(s) na leitura com Katia Lombardi - Jornalismo UFSJ","isPartOf":{"@id":"http:\/\/jornalismo.ufsj.edu.br\/site\/#website"},"datePublished":"2016-10-29T20:27:28+00:00","dateModified":"2016-10-29T20:27:28+00:00","author":{"@id":""},"breadcrumb":{"@id":"http:\/\/anu.ufsj.edu.br\/site\/focas-na-leitura\/focas-na-leitura-com-katia-lombardi\/#breadcrumb"},"inLanguage":"pt-BR","potentialAction":[{"@type":"ReadAction","target":["http:\/\/anu.ufsj.edu.br\/site\/focas-na-leitura\/focas-na-leitura-com-katia-lombardi\/"]}]},{"@type":"BreadcrumbList","@id":"http:\/\/anu.ufsj.edu.br\/site\/focas-na-leitura\/focas-na-leitura-com-katia-lombardi\/#breadcrumb","itemListElement":[{"@type":"ListItem","position":1,"name":"In\u00edcio","item":"http:\/\/jornalismo.ufsj.edu.br\/site\/"},{"@type":"ListItem","position":2,"name":"Foca(s) na leitura com Katia Lombardi"}]},{"@type":"WebSite","@id":"http:\/\/jornalismo.ufsj.edu.br\/site\/#website","url":"http:\/\/jornalismo.ufsj.edu.br\/site\/","name":"Jornalismo UFSJ","description":"","potentialAction":[{"@type":"SearchAction","target":{"@type":"EntryPoint","urlTemplate":"http:\/\/jornalismo.ufsj.edu.br\/site\/?s={search_term_string}"},"query-input":"required name=search_term_string"}],"inLanguage":"pt-BR"},{"@type":"Person","@id":""}]}},"jetpack_featured_media_url":"http:\/\/anu.ufsj.edu.br\/site\/wp-content\/uploads\/2016\/10\/foto.jpg","_links":{"self":[{"href":"http:\/\/anu.ufsj.edu.br\/site\/wp-json\/wp\/v2\/posts\/5857"}],"collection":[{"href":"http:\/\/anu.ufsj.edu.br\/site\/wp-json\/wp\/v2\/posts"}],"about":[{"href":"http:\/\/anu.ufsj.edu.br\/site\/wp-json\/wp\/v2\/types\/post"}],"author":[{"embeddable":true,"href":"http:\/\/anu.ufsj.edu.br\/site\/wp-json\/wp\/v2\/users\/3"}],"replies":[{"embeddable":true,"href":"http:\/\/anu.ufsj.edu.br\/site\/wp-json\/wp\/v2\/comments?post=5857"}],"version-history":[{"count":0,"href":"http:\/\/anu.ufsj.edu.br\/site\/wp-json\/wp\/v2\/posts\/5857\/revisions"}],"wp:featuredmedia":[{"embeddable":true,"href":"http:\/\/anu.ufsj.edu.br\/site\/wp-json\/wp\/v2\/media\/5865"}],"wp:attachment":[{"href":"http:\/\/anu.ufsj.edu.br\/site\/wp-json\/wp\/v2\/media?parent=5857"}],"wp:term":[{"taxonomy":"category","embeddable":true,"href":"http:\/\/anu.ufsj.edu.br\/site\/wp-json\/wp\/v2\/categories?post=5857"},{"taxonomy":"post_tag","embeddable":true,"href":"http:\/\/anu.ufsj.edu.br\/site\/wp-json\/wp\/v2\/tags?post=5857"}],"curies":[{"name":"wp","href":"https:\/\/api.w.org\/{rel}","templated":true}]}}