{"id":5889,"date":"2016-11-06T00:53:17","date_gmt":"2016-11-06T00:53:17","guid":{"rendered":"http:\/\/jornalismo.ufsj.edu.br\/?p=5889"},"modified":"2016-11-06T00:53:17","modified_gmt":"2016-11-06T00:53:17","slug":"focas-na-leitura-com-paulo-caetano","status":"publish","type":"post","link":"http:\/\/anu.ufsj.edu.br\/site\/focas-na-leitura\/focas-na-leitura-com-paulo-caetano\/","title":{"rendered":"Foca(s) na leitura com Paulo Caetano"},"content":{"rendered":"<p>Um dos maiores nomes da Literatura Brasileira, M\u00e1rio Quintana deixou-nos a seguinte frase: <em>\u201cO Livro traz a vantagem de a gente poder estar s\u00f3 e ao mesmo tempo acompanhado\u201d<\/em>. No \u00f4nibus, na biblioteca, em casa, na praia, e em qualquer esta\u00e7\u00e3o do ano, o livro \u00e9 sempre uma companhia apraz\u00edvel. As dicas liter\u00e1rias dessa semana s\u00e3o do professor Paulo Henrique Caetano.<\/p>\n<p><img loading=\"lazy\" class=\"  wp-image-5893 alignleft\" src=\"http:\/\/jornalismo.ufsj.edu.br\/wp-content\/uploads\/2016\/11\/foto-paulo.jpg\" alt=\"foto-paulo\" width=\"286\" height=\"429\" srcset=\"http:\/\/anu.ufsj.edu.br\/site\/wp-content\/uploads\/2016\/11\/foto-paulo.jpg 3168w, http:\/\/anu.ufsj.edu.br\/site\/wp-content\/uploads\/2016\/11\/foto-paulo-200x300.jpg 200w, http:\/\/anu.ufsj.edu.br\/site\/wp-content\/uploads\/2016\/11\/foto-paulo-768x1152.jpg 768w, http:\/\/anu.ufsj.edu.br\/site\/wp-content\/uploads\/2016\/11\/foto-paulo-683x1024.jpg 683w\" sizes=\"(max-width: 286px) 100vw, 286px\" \/><\/p>\n<p>Paulo Caetano \u00e9 natural de Belo Horizonte. Ap\u00f3s a gradua\u00e7\u00e3o no curso de Letras, engajou-se no Mestrado, abordando a tem\u00e1tica da Literatura de Express\u00e3o Inglesa. J\u00e1 no Doutorado interessou-se pelo estudo do campo da lingu\u00edstica, focando em quest\u00f5es ligadas \u00e0 M\u00eddia e ao Discurso. O professor, que tamb\u00e9m \u00e9 m\u00fasico h\u00e1 trinta anos, mudou-se para S\u00e3o Jo\u00e3o del-Rei em 2009, passando a integrar o time de docentes do curso de Comunica\u00e7\u00e3o Social. De acordo com Paulo: <em>\u201cO Jornalismo \u00e9 t\u00e3o interessante que ele perpassa diversos aspectos, tendo a chance de ter contato com o campo da m\u00fasica, das artes visuais, artes c\u00eanicas, ou seja, al\u00e9m de transitar diversos campos essenciais para a vida social como Economia e Pol\u00edtica tem tamb\u00e9m essa capacidade de estar presente no esporte, na cultura, nas aspira\u00e7\u00f5es mais avan\u00e7adas e \u00a0mais sofisticadas de um povo. E \u00e9 um privil\u00e9gio fazer parte desse movimento\u201d. <\/em><\/p>\n<p>Cofiram as dicas liter\u00e1rias:<\/p>\n<p><em>O Telejornalismo no Brasil: um perfil editorial (Guilherme Jorge de Rezende)<\/em><\/p>\n<p><em>Discurso e mudan\u00e7a social (Norman Fairclough)<\/em><\/p>\n<p><em>Catch a Fire: Biografia de Bob Marley (Timothy White)<\/em><\/p>\n<p><em>Ideologia e Cultura Moderna (J.B. Thompson)<\/em><\/p>\n<p><em>Primeiras est\u00f3rias (Guimar\u00e3es Rosa)<\/em><\/p>\n<p><em>Manual de Jornalismo para R\u00e1dio, TV e novas m\u00eddias (H\u00e9rodoto Barbeiro Paulo Rodolfo de Lima).<\/em><\/p>\n<p><em>Cole\u00e7\u00e3o de Teorias do Jornalismo (Nelson Traquina)<\/em><\/p>\n<p><em>Cypherpunks: liberdade e o futuro da Internet (Julian Assange)<\/em><\/p>\n<p>&nbsp;<\/p>\n<p style=\"text-align:right;\">Texto: Thais Andressa<\/p>\n<p style=\"text-align:right;\">Revis\u00e3o: Julia Benatti<\/p>\n","protected":false},"excerpt":{"rendered":"<p>Um dos maiores nomes da Literatura Brasileira, M\u00e1rio Quintana deixou-nos a seguinte frase: \u201cO Livro traz a vantagem de a gente poder estar s\u00f3 e ao mesmo tempo acompanhado\u201d. No \u00f4nibus, na biblioteca, em casa, na praia, e em qualquer&#8230;<\/p>\n","protected":false},"author":3,"featured_media":5893,"comment_status":"open","ping_status":"open","sticky":false,"template":"","format":"standard","meta":{"_monsterinsights_skip_tracking":false,"_monsterinsights_sitenote_active":false,"_monsterinsights_sitenote_note":"","_monsterinsights_sitenote_category":0},"categories":[31,45,65,70],"tags":[],"yoast_head":"<!-- This site is optimized with the Yoast SEO plugin v20.6 - https:\/\/yoast.com\/wordpress\/plugins\/seo\/ -->\n<title>Foca(s) na leitura com Paulo Caetano - Jornalismo UFSJ<\/title>\n<meta name=\"robots\" content=\"index, follow, max-snippet:-1, max-image-preview:large, max-video-preview:-1\" \/>\n<link rel=\"canonical\" href=\"http:\/\/anu.ufsj.edu.br\/site\/focas-na-leitura\/focas-na-leitura-com-paulo-caetano\/\" \/>\n<meta property=\"og:locale\" content=\"pt_BR\" \/>\n<meta property=\"og:type\" content=\"article\" \/>\n<meta property=\"og:title\" content=\"Foca(s) na leitura com Paulo Caetano - Jornalismo UFSJ\" \/>\n<meta property=\"og:description\" content=\"Um dos maiores nomes da Literatura Brasileira, M\u00e1rio Quintana deixou-nos a seguinte frase: \u201cO Livro traz a vantagem de a gente poder estar s\u00f3 e ao mesmo tempo acompanhado\u201d. No \u00f4nibus, na biblioteca, em casa, na praia, e em qualquer...\" \/>\n<meta property=\"og:url\" content=\"http:\/\/anu.ufsj.edu.br\/site\/focas-na-leitura\/focas-na-leitura-com-paulo-caetano\/\" \/>\n<meta property=\"og:site_name\" content=\"Jornalismo UFSJ\" \/>\n<meta property=\"article:publisher\" content=\"https:\/\/www.facebook.com\/jornalismoufsj\/\" \/>\n<meta property=\"article:published_time\" content=\"2016-11-06T00:53:17+00:00\" \/>\n<meta property=\"og:image\" content=\"http:\/\/anu.ufsj.edu.br\/site\/wp-content\/uploads\/2016\/11\/foto-paulo.jpg\" \/>\n\t<meta property=\"og:image:width\" content=\"3168\" \/>\n\t<meta property=\"og:image:height\" content=\"4752\" \/>\n\t<meta property=\"og:image:type\" content=\"image\/jpeg\" \/>\n<meta name=\"twitter:card\" content=\"summary_large_image\" \/>\n<meta name=\"twitter:creator\" content=\"@jornalismoufsj\" \/>\n<meta name=\"twitter:site\" content=\"@jornalismoufsj\" \/>\n<meta name=\"twitter:label1\" content=\"Escrito por\" \/>\n\t<meta name=\"twitter:data1\" content=\"\" \/>\n\t<meta name=\"twitter:label2\" content=\"Est. tempo de leitura\" \/>\n\t<meta name=\"twitter:data2\" content=\"2 minutos\" \/>\n<script type=\"application\/ld+json\" class=\"yoast-schema-graph\">{\"@context\":\"https:\/\/schema.org\",\"@graph\":[{\"@type\":\"WebPage\",\"@id\":\"http:\/\/anu.ufsj.edu.br\/site\/focas-na-leitura\/focas-na-leitura-com-paulo-caetano\/\",\"url\":\"http:\/\/anu.ufsj.edu.br\/site\/focas-na-leitura\/focas-na-leitura-com-paulo-caetano\/\",\"name\":\"Foca(s) na leitura com Paulo Caetano - Jornalismo UFSJ\",\"isPartOf\":{\"@id\":\"http:\/\/jornalismo.ufsj.edu.br\/site\/#website\"},\"datePublished\":\"2016-11-06T00:53:17+00:00\",\"dateModified\":\"2016-11-06T00:53:17+00:00\",\"author\":{\"@id\":\"\"},\"breadcrumb\":{\"@id\":\"http:\/\/anu.ufsj.edu.br\/site\/focas-na-leitura\/focas-na-leitura-com-paulo-caetano\/#breadcrumb\"},\"inLanguage\":\"pt-BR\",\"potentialAction\":[{\"@type\":\"ReadAction\",\"target\":[\"http:\/\/anu.ufsj.edu.br\/site\/focas-na-leitura\/focas-na-leitura-com-paulo-caetano\/\"]}]},{\"@type\":\"BreadcrumbList\",\"@id\":\"http:\/\/anu.ufsj.edu.br\/site\/focas-na-leitura\/focas-na-leitura-com-paulo-caetano\/#breadcrumb\",\"itemListElement\":[{\"@type\":\"ListItem\",\"position\":1,\"name\":\"In\u00edcio\",\"item\":\"http:\/\/jornalismo.ufsj.edu.br\/site\/\"},{\"@type\":\"ListItem\",\"position\":2,\"name\":\"Foca(s) na leitura com Paulo Caetano\"}]},{\"@type\":\"WebSite\",\"@id\":\"http:\/\/jornalismo.ufsj.edu.br\/site\/#website\",\"url\":\"http:\/\/jornalismo.ufsj.edu.br\/site\/\",\"name\":\"Jornalismo UFSJ\",\"description\":\"\",\"potentialAction\":[{\"@type\":\"SearchAction\",\"target\":{\"@type\":\"EntryPoint\",\"urlTemplate\":\"http:\/\/jornalismo.ufsj.edu.br\/site\/?s={search_term_string}\"},\"query-input\":\"required name=search_term_string\"}],\"inLanguage\":\"pt-BR\"},{\"@type\":\"Person\",\"@id\":\"\"}]}<\/script>\n<!-- \/ Yoast SEO plugin. -->","yoast_head_json":{"title":"Foca(s) na leitura com Paulo Caetano - Jornalismo UFSJ","robots":{"index":"index","follow":"follow","max-snippet":"max-snippet:-1","max-image-preview":"max-image-preview:large","max-video-preview":"max-video-preview:-1"},"canonical":"http:\/\/anu.ufsj.edu.br\/site\/focas-na-leitura\/focas-na-leitura-com-paulo-caetano\/","og_locale":"pt_BR","og_type":"article","og_title":"Foca(s) na leitura com Paulo Caetano - Jornalismo UFSJ","og_description":"Um dos maiores nomes da Literatura Brasileira, M\u00e1rio Quintana deixou-nos a seguinte frase: \u201cO Livro traz a vantagem de a gente poder estar s\u00f3 e ao mesmo tempo acompanhado\u201d. No \u00f4nibus, na biblioteca, em casa, na praia, e em qualquer...","og_url":"http:\/\/anu.ufsj.edu.br\/site\/focas-na-leitura\/focas-na-leitura-com-paulo-caetano\/","og_site_name":"Jornalismo UFSJ","article_publisher":"https:\/\/www.facebook.com\/jornalismoufsj\/","article_published_time":"2016-11-06T00:53:17+00:00","og_image":[{"width":3168,"height":4752,"url":"http:\/\/anu.ufsj.edu.br\/site\/wp-content\/uploads\/2016\/11\/foto-paulo.jpg","type":"image\/jpeg"}],"twitter_card":"summary_large_image","twitter_creator":"@jornalismoufsj","twitter_site":"@jornalismoufsj","twitter_misc":{"Escrito por":"","Est. tempo de leitura":"2 minutos"},"schema":{"@context":"https:\/\/schema.org","@graph":[{"@type":"WebPage","@id":"http:\/\/anu.ufsj.edu.br\/site\/focas-na-leitura\/focas-na-leitura-com-paulo-caetano\/","url":"http:\/\/anu.ufsj.edu.br\/site\/focas-na-leitura\/focas-na-leitura-com-paulo-caetano\/","name":"Foca(s) na leitura com Paulo Caetano - Jornalismo UFSJ","isPartOf":{"@id":"http:\/\/jornalismo.ufsj.edu.br\/site\/#website"},"datePublished":"2016-11-06T00:53:17+00:00","dateModified":"2016-11-06T00:53:17+00:00","author":{"@id":""},"breadcrumb":{"@id":"http:\/\/anu.ufsj.edu.br\/site\/focas-na-leitura\/focas-na-leitura-com-paulo-caetano\/#breadcrumb"},"inLanguage":"pt-BR","potentialAction":[{"@type":"ReadAction","target":["http:\/\/anu.ufsj.edu.br\/site\/focas-na-leitura\/focas-na-leitura-com-paulo-caetano\/"]}]},{"@type":"BreadcrumbList","@id":"http:\/\/anu.ufsj.edu.br\/site\/focas-na-leitura\/focas-na-leitura-com-paulo-caetano\/#breadcrumb","itemListElement":[{"@type":"ListItem","position":1,"name":"In\u00edcio","item":"http:\/\/jornalismo.ufsj.edu.br\/site\/"},{"@type":"ListItem","position":2,"name":"Foca(s) na leitura com Paulo Caetano"}]},{"@type":"WebSite","@id":"http:\/\/jornalismo.ufsj.edu.br\/site\/#website","url":"http:\/\/jornalismo.ufsj.edu.br\/site\/","name":"Jornalismo UFSJ","description":"","potentialAction":[{"@type":"SearchAction","target":{"@type":"EntryPoint","urlTemplate":"http:\/\/jornalismo.ufsj.edu.br\/site\/?s={search_term_string}"},"query-input":"required name=search_term_string"}],"inLanguage":"pt-BR"},{"@type":"Person","@id":""}]}},"jetpack_featured_media_url":"http:\/\/anu.ufsj.edu.br\/site\/wp-content\/uploads\/2016\/11\/foto-paulo.jpg","_links":{"self":[{"href":"http:\/\/anu.ufsj.edu.br\/site\/wp-json\/wp\/v2\/posts\/5889"}],"collection":[{"href":"http:\/\/anu.ufsj.edu.br\/site\/wp-json\/wp\/v2\/posts"}],"about":[{"href":"http:\/\/anu.ufsj.edu.br\/site\/wp-json\/wp\/v2\/types\/post"}],"author":[{"embeddable":true,"href":"http:\/\/anu.ufsj.edu.br\/site\/wp-json\/wp\/v2\/users\/3"}],"replies":[{"embeddable":true,"href":"http:\/\/anu.ufsj.edu.br\/site\/wp-json\/wp\/v2\/comments?post=5889"}],"version-history":[{"count":0,"href":"http:\/\/anu.ufsj.edu.br\/site\/wp-json\/wp\/v2\/posts\/5889\/revisions"}],"wp:featuredmedia":[{"embeddable":true,"href":"http:\/\/anu.ufsj.edu.br\/site\/wp-json\/wp\/v2\/media\/5893"}],"wp:attachment":[{"href":"http:\/\/anu.ufsj.edu.br\/site\/wp-json\/wp\/v2\/media?parent=5889"}],"wp:term":[{"taxonomy":"category","embeddable":true,"href":"http:\/\/anu.ufsj.edu.br\/site\/wp-json\/wp\/v2\/categories?post=5889"},{"taxonomy":"post_tag","embeddable":true,"href":"http:\/\/anu.ufsj.edu.br\/site\/wp-json\/wp\/v2\/tags?post=5889"}],"curies":[{"name":"wp","href":"https:\/\/api.w.org\/{rel}","templated":true}]}}