{"id":5908,"date":"2016-11-11T13:20:30","date_gmt":"2016-11-11T13:20:30","guid":{"rendered":"http:\/\/jornalismo.ufsj.edu.br\/?p=5908"},"modified":"2016-11-11T13:20:30","modified_gmt":"2016-11-11T13:20:30","slug":"sobre-trump-temer-e-o-meteoro-atrasado","status":"publish","type":"post","link":"http:\/\/anu.ufsj.edu.br\/site\/alunos\/sobre-trump-temer-e-o-meteoro-atrasado\/","title":{"rendered":"Sobre Trump, Temer e o meteoro atrasado."},"content":{"rendered":"<p><img loading=\"lazy\" class=\"  wp-image-5912 alignleft\" src=\"http:\/\/jornalismo.ufsj.edu.br\/wp-content\/uploads\/2016\/11\/teump.jpg\" alt=\"teump\" width=\"304\" height=\"313\" srcset=\"http:\/\/anu.ufsj.edu.br\/site\/wp-content\/uploads\/2016\/11\/teump.jpg 500w, http:\/\/anu.ufsj.edu.br\/site\/wp-content\/uploads\/2016\/11\/teump-291x300.jpg 291w\" sizes=\"(max-width: 304px) 100vw, 304px\" \/>\u201cOs espectadores assistem at\u00f4nitos sem terem o que fazer\u201d. Esta seria minha frase para come\u00e7ar o telejornal de hoje, caso eu fosse \u00e2ncora de algum jornal. E n\u00e3o \u00e9 porque sou preta, l\u00e9sbica e n\u00e3o-praticante dos manuais da Rede Globo e outros.<\/p>\n<p>O radicalismo parece ter substitu\u00eddo o black tie nas festas da alta roda. Isso \u00e9 bem assustador quando percebemos o qu\u00e3o in\u00fatil \u00e9 a nossa bolha ideol\u00f3gica dentro das redes sociais e nos grupos de amigos. A informa\u00e7\u00e3o de perigo iminente n\u00e3o chegou nem sequer \u00e0 Avenida Paulista, quem dir\u00e1 l\u00e1 nos <em>States<\/em>. Na verdade, a onda conservadora faz-se cada vez mais presente, e chegar\u00e1 \u00e0 \u00c1ustria (provavelmente) at\u00e9 o fim de 2016, o fat\u00eddico ano do golpe.<\/p>\n<p>Lendo aquelas predile\u00e7\u00f5es estranhas do famoso Nostradamus, me deparei com a seguinte cent\u00faria: Uma raposa ser\u00e1 eleita sem pronunciar uma palavra\/ Mostrando-se santa em p\u00fablico vivendo a p\u00e3o de cevada\/ Depois se tornar\u00e1 subitamente um tirano\/ Calcando o p\u00e9 nas gargantas dos maiores homens\/. A profecia poderia se dirigir aos Estados Unidos, que acabam de eleger um d\u00e9spota que deve dormir com uma camiseta escrita <strong><em>heil<\/em><\/strong><strong><em>\u00a0<\/em><\/strong><strong><em>fuhrer<\/em><\/strong>, assim, em letras garrafais.<\/p>\n<p>Trump nada disse de sensato durante sua campanha, ao contr\u00e1rio, pregou nas entrelinhas algo como \u201ceu odeio todos voc\u00eas e vou acabar com seus direitos, um a um\u201d. \u00a0Ou poderia se dirigir ao Brasil, onde estamos sendo governados (golpeados) por algu\u00e9m que h\u00e1 pouco era sombra de um gangster com dupla cidadania, e agora d\u00e1 passos ousados em favor da extrema direita brasileira.<\/p>\n<p>Poderia ser a personifica\u00e7\u00e3o dos avan\u00e7os do conservadorismo, um tanto quanto paradoxal de se pensar. \u00c9 como voltar a usar lampi\u00f5es nas ruas ou pedir permiss\u00e3o ao rei para transar.<\/p>\n<p>Toda essa onda me gera profunda depress\u00e3o, coisa que nem o mais barbudo da Escola de Frankfurt me proporcionou. Vladimir Safatle diz que o poder age em n\u00f3s atrav\u00e9s da melancolia, nos paralisando.\u00a0S\u00f3 consigo imaginar a bel\u00edssima met\u00e1fora do dinamarqu\u00eas Lars Von Trier, no seu filme Melancolia, consagrado como melhor filme europeu em 2011, trama na qual a ap\u00e1tica Justine, interpretada por Kirsten Dunst, espera o grande planeta Melancolia colidir com a humanidade. O diretor personifica o mal do s\u00e9culo no planeta X, que vai destruir a let\u00e1rgica humanidade.<\/p>\n<p>Em meio \u00e0 manifesta\u00e7\u00f5es, greves e gritos de socorro, estamos todos \u00e0 espera de um meteoro errante. Um bem grande que tape os nossos ouvidos quando ouvirmos \u201cOs espectadores assistem embasbacados sem terem o que fazer enquanto Bolsonaro assume como novo presidente\u201d.<\/p>\n<p>&nbsp;<\/p>\n<p style=\"text-align:right;\">Texto: Taw Cruz<\/p>\n<p style=\"text-align:right;\">Revis\u00e3o: Julia Benatti<\/p>\n","protected":false},"excerpt":{"rendered":"<p>\u201cOs espectadores assistem at\u00f4nitos sem terem o que fazer\u201d. Esta seria minha frase para come\u00e7ar o telejornal de hoje, caso eu fosse \u00e2ncora de algum jornal. E n\u00e3o \u00e9 porque sou preta, l\u00e9sbica e n\u00e3o-praticante dos manuais da Rede Globo&#8230;<\/p>\n","protected":false},"author":3,"featured_media":5912,"comment_status":"open","ping_status":"open","sticky":false,"template":"","format":"standard","meta":{"_monsterinsights_skip_tracking":false,"_monsterinsights_sitenote_active":false,"_monsterinsights_sitenote_note":"","_monsterinsights_sitenote_category":0},"categories":[6,21,62,70],"tags":[],"yoast_head":"<!-- This site is optimized with the Yoast SEO plugin v20.6 - https:\/\/yoast.com\/wordpress\/plugins\/seo\/ -->\n<title>Sobre Trump, Temer e o meteoro atrasado. - Jornalismo UFSJ<\/title>\n<meta name=\"robots\" content=\"index, follow, max-snippet:-1, max-image-preview:large, max-video-preview:-1\" \/>\n<link rel=\"canonical\" href=\"http:\/\/jornalismo.ufsj.edu.br\/site\/alunos\/sobre-trump-temer-e-o-meteoro-atrasado\/\" \/>\n<meta property=\"og:locale\" content=\"pt_BR\" \/>\n<meta property=\"og:type\" content=\"article\" \/>\n<meta property=\"og:title\" content=\"Sobre Trump, Temer e o meteoro atrasado. - Jornalismo UFSJ\" \/>\n<meta property=\"og:description\" content=\"\u201cOs espectadores assistem at\u00f4nitos sem terem o que fazer\u201d. Esta seria minha frase para come\u00e7ar o telejornal de hoje, caso eu fosse \u00e2ncora de algum jornal. E n\u00e3o \u00e9 porque sou preta, l\u00e9sbica e n\u00e3o-praticante dos manuais da Rede Globo...\" \/>\n<meta property=\"og:url\" content=\"http:\/\/jornalismo.ufsj.edu.br\/site\/alunos\/sobre-trump-temer-e-o-meteoro-atrasado\/\" \/>\n<meta property=\"og:site_name\" content=\"Jornalismo UFSJ\" \/>\n<meta property=\"article:publisher\" content=\"https:\/\/www.facebook.com\/jornalismoufsj\/\" \/>\n<meta property=\"article:published_time\" content=\"2016-11-11T13:20:30+00:00\" \/>\n<meta property=\"og:image\" content=\"http:\/\/jornalismo.ufsj.edu.br\/site\/wp-content\/uploads\/2016\/11\/teump.jpg\" \/>\n\t<meta property=\"og:image:width\" content=\"500\" \/>\n\t<meta property=\"og:image:height\" content=\"515\" \/>\n\t<meta property=\"og:image:type\" content=\"image\/jpeg\" \/>\n<meta name=\"twitter:card\" content=\"summary_large_image\" \/>\n<meta name=\"twitter:creator\" content=\"@jornalismoufsj\" \/>\n<meta name=\"twitter:site\" content=\"@jornalismoufsj\" \/>\n<meta name=\"twitter:label1\" content=\"Escrito por\" \/>\n\t<meta name=\"twitter:data1\" content=\"\" \/>\n\t<meta name=\"twitter:label2\" content=\"Est. tempo de leitura\" \/>\n\t<meta name=\"twitter:data2\" content=\"2 minutos\" \/>\n<script type=\"application\/ld+json\" class=\"yoast-schema-graph\">{\"@context\":\"https:\/\/schema.org\",\"@graph\":[{\"@type\":\"WebPage\",\"@id\":\"http:\/\/jornalismo.ufsj.edu.br\/site\/alunos\/sobre-trump-temer-e-o-meteoro-atrasado\/\",\"url\":\"http:\/\/jornalismo.ufsj.edu.br\/site\/alunos\/sobre-trump-temer-e-o-meteoro-atrasado\/\",\"name\":\"Sobre Trump, Temer e o meteoro atrasado. - Jornalismo UFSJ\",\"isPartOf\":{\"@id\":\"http:\/\/jornalismo.ufsj.edu.br\/site\/#website\"},\"datePublished\":\"2016-11-11T13:20:30+00:00\",\"dateModified\":\"2016-11-11T13:20:30+00:00\",\"author\":{\"@id\":\"\"},\"breadcrumb\":{\"@id\":\"http:\/\/jornalismo.ufsj.edu.br\/site\/alunos\/sobre-trump-temer-e-o-meteoro-atrasado\/#breadcrumb\"},\"inLanguage\":\"pt-BR\",\"potentialAction\":[{\"@type\":\"ReadAction\",\"target\":[\"http:\/\/jornalismo.ufsj.edu.br\/site\/alunos\/sobre-trump-temer-e-o-meteoro-atrasado\/\"]}]},{\"@type\":\"BreadcrumbList\",\"@id\":\"http:\/\/jornalismo.ufsj.edu.br\/site\/alunos\/sobre-trump-temer-e-o-meteoro-atrasado\/#breadcrumb\",\"itemListElement\":[{\"@type\":\"ListItem\",\"position\":1,\"name\":\"In\u00edcio\",\"item\":\"http:\/\/jornalismo.ufsj.edu.br\/site\/\"},{\"@type\":\"ListItem\",\"position\":2,\"name\":\"Sobre Trump, Temer e o meteoro atrasado.\"}]},{\"@type\":\"WebSite\",\"@id\":\"http:\/\/jornalismo.ufsj.edu.br\/site\/#website\",\"url\":\"http:\/\/jornalismo.ufsj.edu.br\/site\/\",\"name\":\"Jornalismo UFSJ\",\"description\":\"\",\"potentialAction\":[{\"@type\":\"SearchAction\",\"target\":{\"@type\":\"EntryPoint\",\"urlTemplate\":\"http:\/\/jornalismo.ufsj.edu.br\/site\/?s={search_term_string}\"},\"query-input\":\"required name=search_term_string\"}],\"inLanguage\":\"pt-BR\"},{\"@type\":\"Person\",\"@id\":\"\"}]}<\/script>\n<!-- \/ Yoast SEO plugin. -->","yoast_head_json":{"title":"Sobre Trump, Temer e o meteoro atrasado. - Jornalismo UFSJ","robots":{"index":"index","follow":"follow","max-snippet":"max-snippet:-1","max-image-preview":"max-image-preview:large","max-video-preview":"max-video-preview:-1"},"canonical":"http:\/\/jornalismo.ufsj.edu.br\/site\/alunos\/sobre-trump-temer-e-o-meteoro-atrasado\/","og_locale":"pt_BR","og_type":"article","og_title":"Sobre Trump, Temer e o meteoro atrasado. - Jornalismo UFSJ","og_description":"\u201cOs espectadores assistem at\u00f4nitos sem terem o que fazer\u201d. Esta seria minha frase para come\u00e7ar o telejornal de hoje, caso eu fosse \u00e2ncora de algum jornal. E n\u00e3o \u00e9 porque sou preta, l\u00e9sbica e n\u00e3o-praticante dos manuais da Rede Globo...","og_url":"http:\/\/jornalismo.ufsj.edu.br\/site\/alunos\/sobre-trump-temer-e-o-meteoro-atrasado\/","og_site_name":"Jornalismo UFSJ","article_publisher":"https:\/\/www.facebook.com\/jornalismoufsj\/","article_published_time":"2016-11-11T13:20:30+00:00","og_image":[{"width":500,"height":515,"url":"http:\/\/jornalismo.ufsj.edu.br\/site\/wp-content\/uploads\/2016\/11\/teump.jpg","type":"image\/jpeg"}],"twitter_card":"summary_large_image","twitter_creator":"@jornalismoufsj","twitter_site":"@jornalismoufsj","twitter_misc":{"Escrito por":"","Est. tempo de leitura":"2 minutos"},"schema":{"@context":"https:\/\/schema.org","@graph":[{"@type":"WebPage","@id":"http:\/\/jornalismo.ufsj.edu.br\/site\/alunos\/sobre-trump-temer-e-o-meteoro-atrasado\/","url":"http:\/\/jornalismo.ufsj.edu.br\/site\/alunos\/sobre-trump-temer-e-o-meteoro-atrasado\/","name":"Sobre Trump, Temer e o meteoro atrasado. - Jornalismo UFSJ","isPartOf":{"@id":"http:\/\/jornalismo.ufsj.edu.br\/site\/#website"},"datePublished":"2016-11-11T13:20:30+00:00","dateModified":"2016-11-11T13:20:30+00:00","author":{"@id":""},"breadcrumb":{"@id":"http:\/\/jornalismo.ufsj.edu.br\/site\/alunos\/sobre-trump-temer-e-o-meteoro-atrasado\/#breadcrumb"},"inLanguage":"pt-BR","potentialAction":[{"@type":"ReadAction","target":["http:\/\/jornalismo.ufsj.edu.br\/site\/alunos\/sobre-trump-temer-e-o-meteoro-atrasado\/"]}]},{"@type":"BreadcrumbList","@id":"http:\/\/jornalismo.ufsj.edu.br\/site\/alunos\/sobre-trump-temer-e-o-meteoro-atrasado\/#breadcrumb","itemListElement":[{"@type":"ListItem","position":1,"name":"In\u00edcio","item":"http:\/\/jornalismo.ufsj.edu.br\/site\/"},{"@type":"ListItem","position":2,"name":"Sobre Trump, Temer e o meteoro atrasado."}]},{"@type":"WebSite","@id":"http:\/\/jornalismo.ufsj.edu.br\/site\/#website","url":"http:\/\/jornalismo.ufsj.edu.br\/site\/","name":"Jornalismo UFSJ","description":"","potentialAction":[{"@type":"SearchAction","target":{"@type":"EntryPoint","urlTemplate":"http:\/\/jornalismo.ufsj.edu.br\/site\/?s={search_term_string}"},"query-input":"required name=search_term_string"}],"inLanguage":"pt-BR"},{"@type":"Person","@id":""}]}},"jetpack_featured_media_url":"http:\/\/anu.ufsj.edu.br\/site\/wp-content\/uploads\/2016\/11\/teump.jpg","_links":{"self":[{"href":"http:\/\/anu.ufsj.edu.br\/site\/wp-json\/wp\/v2\/posts\/5908"}],"collection":[{"href":"http:\/\/anu.ufsj.edu.br\/site\/wp-json\/wp\/v2\/posts"}],"about":[{"href":"http:\/\/anu.ufsj.edu.br\/site\/wp-json\/wp\/v2\/types\/post"}],"author":[{"embeddable":true,"href":"http:\/\/anu.ufsj.edu.br\/site\/wp-json\/wp\/v2\/users\/3"}],"replies":[{"embeddable":true,"href":"http:\/\/anu.ufsj.edu.br\/site\/wp-json\/wp\/v2\/comments?post=5908"}],"version-history":[{"count":0,"href":"http:\/\/anu.ufsj.edu.br\/site\/wp-json\/wp\/v2\/posts\/5908\/revisions"}],"wp:featuredmedia":[{"embeddable":true,"href":"http:\/\/anu.ufsj.edu.br\/site\/wp-json\/wp\/v2\/media\/5912"}],"wp:attachment":[{"href":"http:\/\/anu.ufsj.edu.br\/site\/wp-json\/wp\/v2\/media?parent=5908"}],"wp:term":[{"taxonomy":"category","embeddable":true,"href":"http:\/\/anu.ufsj.edu.br\/site\/wp-json\/wp\/v2\/categories?post=5908"},{"taxonomy":"post_tag","embeddable":true,"href":"http:\/\/anu.ufsj.edu.br\/site\/wp-json\/wp\/v2\/tags?post=5908"}],"curies":[{"name":"wp","href":"https:\/\/api.w.org\/{rel}","templated":true}]}}