{"id":5915,"date":"2016-11-10T16:55:50","date_gmt":"2016-11-10T16:55:50","guid":{"rendered":"http:\/\/jornalismo.ufsj.edu.br\/?p=5915"},"modified":"2017-05-01T14:52:21","modified_gmt":"2017-05-01T14:52:21","slug":"carta-aberta-a-comunidade-universitaria","status":"publish","type":"post","link":"http:\/\/anu.ufsj.edu.br\/site\/greve\/carta-aberta-a-comunidade-universitaria\/","title":{"rendered":"CARTA ABERTA \u00c0 COMUNIDADE UNIVERSIT\u00c1RIA"},"content":{"rendered":"<p>Os professores do Departamento de Letras, Artes e Cultura, reunidos em Assembleia Departamental extraordin\u00e1ria no dia 08\/11\/2016, decidiram manifestar publicamente a posi\u00e7\u00e3o contr\u00e1ria \u00e0 PEC 241\/55, assim como a disposi\u00e7\u00e3o pol\u00edtica para resistir atrav\u00e9s do apoio \u00e0 deflagra\u00e7\u00e3o da greve docente.<\/p>\n<p>H\u00e1 o n\u00edtido entendimento por parte desse conjunto de servidores p\u00fablicos que esta proposta de emenda constitucional, caso seja aprovada, vai APROFUNDAR ainda mais o sucateamento, a precariza\u00e7\u00e3o das condi\u00e7\u00f5es de trabalho, o corte de bolsas de pesquisa, extens\u00e3o e assist\u00eancia estudantil. Tal tend\u00eancia ataca diretamente a concep\u00e7\u00e3o de uma UFSJ p\u00fablica, gratuita e de qualidade, al\u00e9m de enfraquecer a dedica\u00e7\u00e3o exclusiva, a autonomia universit\u00e1ria e a indissociabilidade entre ensino, pesquisa e extens\u00e3o.<\/p>\n<p>\u00c9 premente que a mobiliza\u00e7\u00e3o e a luta ganhem a for\u00e7a de todas\/os, para que n\u00e3o seja aprovado tal retrocesso, que n\u00e3o s\u00f3 incide sobre os servi\u00e7os e o funcionamento das universidades p\u00fablicas, mas sobre os direitos sociais mais b\u00e1sicos de toda a popula\u00e7\u00e3o, garantidos na Constitui\u00e7\u00e3o de 1988.<\/p>\n<p>\u00c9 justamente neste momento, em que tudo parece perdido, em que a informa\u00e7\u00e3o hegem\u00f4nica n\u00e3o indica alternativas, em que a hist\u00f3ria de lutas das trabalhadoras e trabalhadores \u00e9 amea\u00e7ada por uma judicializa\u00e7\u00e3o seletiva, que \u00e9 necess\u00e1rio mostrarmos que tipo de cidad\u00e3s e cidad\u00e3os somos, e para qu\u00ea valeu a nossa forma\u00e7\u00e3o. \u00c9 necess\u00e1rio mostrar para o Brasil que o conceito de servi\u00e7o p\u00fablico que defendemos vai muito al\u00e9m do limite de nossas vidas isoladamente, e que queremos defender o pa\u00eds, a verdade, a soberania, a justi\u00e7a e a paz.<\/p>\n<p>Definitivamente, n\u00e3o h\u00e1 como aceitar este estado de coisas. N\u00e3o h\u00e1 como se conformar diante deste crime contra o passado, o presente e o futuro. O momento \u00e9 de a\u00e7\u00e3o, por\u00a0solidariedade\u00a0a nossas\/os alunas\/os na ocupa\u00e7\u00e3o e em greve, a nossas\/os t\u00e9cnico-administrativas\/os em greve e, principalmente, para dar uma resposta a esta tentativa de silenciar o conhecimento cr\u00edtico, independente e livre produzido nas universidades.<\/p>\n<p>Quando a professora e o professor LUTAM, eles tamb\u00e9m est\u00e3o ensinando.<\/p>\n<p>&nbsp;<\/p>\n<p>Professores do Departamento de Letras, Artes e Cultura da UFSJ<\/p>\n<p>&nbsp;<\/p>\n","protected":false},"excerpt":{"rendered":"<p>Os professores do Departamento de Letras, Artes e Cultura, reunidos em Assembleia Departamental extraordin\u00e1ria no dia 08\/11\/2016, decidiram manifestar publicamente a posi\u00e7\u00e3o contr\u00e1ria \u00e0 PEC 241\/55, assim como a disposi\u00e7\u00e3o pol\u00edtica para resistir atrav\u00e9s do apoio \u00e0 deflagra\u00e7\u00e3o da greve&#8230;<\/p>\n","protected":false},"author":3,"featured_media":5918,"comment_status":"open","ping_status":"open","sticky":false,"template":"","format":"standard","meta":{"_monsterinsights_skip_tracking":false,"_monsterinsights_sitenote_active":false,"_monsterinsights_sitenote_note":"","_monsterinsights_sitenote_category":0},"categories":[34,65,70],"tags":[],"yoast_head":"<!-- This site is optimized with the Yoast SEO plugin v20.6 - https:\/\/yoast.com\/wordpress\/plugins\/seo\/ -->\n<title>CARTA ABERTA \u00c0 COMUNIDADE UNIVERSIT\u00c1RIA - Jornalismo UFSJ<\/title>\n<meta name=\"robots\" content=\"index, follow, max-snippet:-1, max-image-preview:large, max-video-preview:-1\" \/>\n<link rel=\"canonical\" href=\"http:\/\/jornalismo.ufsj.edu.br\/site\/greve\/carta-aberta-a-comunidade-universitaria\/\" \/>\n<meta property=\"og:locale\" content=\"pt_BR\" \/>\n<meta property=\"og:type\" content=\"article\" \/>\n<meta property=\"og:title\" content=\"CARTA ABERTA \u00c0 COMUNIDADE UNIVERSIT\u00c1RIA - Jornalismo UFSJ\" \/>\n<meta property=\"og:description\" content=\"Os professores do Departamento de Letras, Artes e Cultura, reunidos em Assembleia Departamental extraordin\u00e1ria no dia 08\/11\/2016, decidiram manifestar publicamente a posi\u00e7\u00e3o contr\u00e1ria \u00e0 PEC 241\/55, assim como a disposi\u00e7\u00e3o pol\u00edtica para resistir atrav\u00e9s do apoio \u00e0 deflagra\u00e7\u00e3o da greve...\" \/>\n<meta property=\"og:url\" content=\"http:\/\/jornalismo.ufsj.edu.br\/site\/greve\/carta-aberta-a-comunidade-universitaria\/\" \/>\n<meta property=\"og:site_name\" content=\"Jornalismo UFSJ\" \/>\n<meta property=\"article:publisher\" content=\"https:\/\/www.facebook.com\/jornalismoufsj\/\" \/>\n<meta property=\"article:published_time\" content=\"2016-11-10T16:55:50+00:00\" \/>\n<meta property=\"article:modified_time\" content=\"2017-05-01T14:52:21+00:00\" \/>\n<meta property=\"og:image\" content=\"http:\/\/jornalismo.ufsj.edu.br\/site\/wp-content\/uploads\/2016\/11\/logo-delac.jpg\" \/>\n\t<meta property=\"og:image:width\" content=\"665\" \/>\n\t<meta property=\"og:image:height\" content=\"400\" \/>\n\t<meta property=\"og:image:type\" content=\"image\/jpeg\" \/>\n<meta name=\"twitter:card\" content=\"summary_large_image\" \/>\n<meta name=\"twitter:creator\" content=\"@jornalismoufsj\" \/>\n<meta name=\"twitter:site\" content=\"@jornalismoufsj\" \/>\n<meta name=\"twitter:label1\" content=\"Escrito por\" \/>\n\t<meta name=\"twitter:data1\" content=\"\" \/>\n\t<meta name=\"twitter:label2\" content=\"Est. tempo de leitura\" \/>\n\t<meta name=\"twitter:data2\" content=\"2 minutos\" \/>\n<script type=\"application\/ld+json\" class=\"yoast-schema-graph\">{\"@context\":\"https:\/\/schema.org\",\"@graph\":[{\"@type\":\"WebPage\",\"@id\":\"http:\/\/jornalismo.ufsj.edu.br\/site\/greve\/carta-aberta-a-comunidade-universitaria\/\",\"url\":\"http:\/\/jornalismo.ufsj.edu.br\/site\/greve\/carta-aberta-a-comunidade-universitaria\/\",\"name\":\"CARTA ABERTA \u00c0 COMUNIDADE UNIVERSIT\u00c1RIA - Jornalismo UFSJ\",\"isPartOf\":{\"@id\":\"http:\/\/jornalismo.ufsj.edu.br\/site\/#website\"},\"datePublished\":\"2016-11-10T16:55:50+00:00\",\"dateModified\":\"2017-05-01T14:52:21+00:00\",\"author\":{\"@id\":\"\"},\"breadcrumb\":{\"@id\":\"http:\/\/jornalismo.ufsj.edu.br\/site\/greve\/carta-aberta-a-comunidade-universitaria\/#breadcrumb\"},\"inLanguage\":\"pt-BR\",\"potentialAction\":[{\"@type\":\"ReadAction\",\"target\":[\"http:\/\/jornalismo.ufsj.edu.br\/site\/greve\/carta-aberta-a-comunidade-universitaria\/\"]}]},{\"@type\":\"BreadcrumbList\",\"@id\":\"http:\/\/jornalismo.ufsj.edu.br\/site\/greve\/carta-aberta-a-comunidade-universitaria\/#breadcrumb\",\"itemListElement\":[{\"@type\":\"ListItem\",\"position\":1,\"name\":\"In\u00edcio\",\"item\":\"http:\/\/jornalismo.ufsj.edu.br\/site\/\"},{\"@type\":\"ListItem\",\"position\":2,\"name\":\"CARTA ABERTA \u00c0 COMUNIDADE UNIVERSIT\u00c1RIA\"}]},{\"@type\":\"WebSite\",\"@id\":\"http:\/\/jornalismo.ufsj.edu.br\/site\/#website\",\"url\":\"http:\/\/jornalismo.ufsj.edu.br\/site\/\",\"name\":\"Jornalismo UFSJ\",\"description\":\"\",\"potentialAction\":[{\"@type\":\"SearchAction\",\"target\":{\"@type\":\"EntryPoint\",\"urlTemplate\":\"http:\/\/jornalismo.ufsj.edu.br\/site\/?s={search_term_string}\"},\"query-input\":\"required name=search_term_string\"}],\"inLanguage\":\"pt-BR\"},{\"@type\":\"Person\",\"@id\":\"\"}]}<\/script>\n<!-- \/ Yoast SEO plugin. -->","yoast_head_json":{"title":"CARTA ABERTA \u00c0 COMUNIDADE UNIVERSIT\u00c1RIA - Jornalismo UFSJ","robots":{"index":"index","follow":"follow","max-snippet":"max-snippet:-1","max-image-preview":"max-image-preview:large","max-video-preview":"max-video-preview:-1"},"canonical":"http:\/\/jornalismo.ufsj.edu.br\/site\/greve\/carta-aberta-a-comunidade-universitaria\/","og_locale":"pt_BR","og_type":"article","og_title":"CARTA ABERTA \u00c0 COMUNIDADE UNIVERSIT\u00c1RIA - Jornalismo UFSJ","og_description":"Os professores do Departamento de Letras, Artes e Cultura, reunidos em Assembleia Departamental extraordin\u00e1ria no dia 08\/11\/2016, decidiram manifestar publicamente a posi\u00e7\u00e3o contr\u00e1ria \u00e0 PEC 241\/55, assim como a disposi\u00e7\u00e3o pol\u00edtica para resistir atrav\u00e9s do apoio \u00e0 deflagra\u00e7\u00e3o da greve...","og_url":"http:\/\/jornalismo.ufsj.edu.br\/site\/greve\/carta-aberta-a-comunidade-universitaria\/","og_site_name":"Jornalismo UFSJ","article_publisher":"https:\/\/www.facebook.com\/jornalismoufsj\/","article_published_time":"2016-11-10T16:55:50+00:00","article_modified_time":"2017-05-01T14:52:21+00:00","og_image":[{"width":665,"height":400,"url":"http:\/\/jornalismo.ufsj.edu.br\/site\/wp-content\/uploads\/2016\/11\/logo-delac.jpg","type":"image\/jpeg"}],"twitter_card":"summary_large_image","twitter_creator":"@jornalismoufsj","twitter_site":"@jornalismoufsj","twitter_misc":{"Escrito por":"","Est. tempo de leitura":"2 minutos"},"schema":{"@context":"https:\/\/schema.org","@graph":[{"@type":"WebPage","@id":"http:\/\/jornalismo.ufsj.edu.br\/site\/greve\/carta-aberta-a-comunidade-universitaria\/","url":"http:\/\/jornalismo.ufsj.edu.br\/site\/greve\/carta-aberta-a-comunidade-universitaria\/","name":"CARTA ABERTA \u00c0 COMUNIDADE UNIVERSIT\u00c1RIA - Jornalismo UFSJ","isPartOf":{"@id":"http:\/\/jornalismo.ufsj.edu.br\/site\/#website"},"datePublished":"2016-11-10T16:55:50+00:00","dateModified":"2017-05-01T14:52:21+00:00","author":{"@id":""},"breadcrumb":{"@id":"http:\/\/jornalismo.ufsj.edu.br\/site\/greve\/carta-aberta-a-comunidade-universitaria\/#breadcrumb"},"inLanguage":"pt-BR","potentialAction":[{"@type":"ReadAction","target":["http:\/\/jornalismo.ufsj.edu.br\/site\/greve\/carta-aberta-a-comunidade-universitaria\/"]}]},{"@type":"BreadcrumbList","@id":"http:\/\/jornalismo.ufsj.edu.br\/site\/greve\/carta-aberta-a-comunidade-universitaria\/#breadcrumb","itemListElement":[{"@type":"ListItem","position":1,"name":"In\u00edcio","item":"http:\/\/jornalismo.ufsj.edu.br\/site\/"},{"@type":"ListItem","position":2,"name":"CARTA ABERTA \u00c0 COMUNIDADE UNIVERSIT\u00c1RIA"}]},{"@type":"WebSite","@id":"http:\/\/jornalismo.ufsj.edu.br\/site\/#website","url":"http:\/\/jornalismo.ufsj.edu.br\/site\/","name":"Jornalismo UFSJ","description":"","potentialAction":[{"@type":"SearchAction","target":{"@type":"EntryPoint","urlTemplate":"http:\/\/jornalismo.ufsj.edu.br\/site\/?s={search_term_string}"},"query-input":"required name=search_term_string"}],"inLanguage":"pt-BR"},{"@type":"Person","@id":""}]}},"jetpack_featured_media_url":"http:\/\/anu.ufsj.edu.br\/site\/wp-content\/uploads\/2016\/11\/logo-delac.jpg","_links":{"self":[{"href":"http:\/\/anu.ufsj.edu.br\/site\/wp-json\/wp\/v2\/posts\/5915"}],"collection":[{"href":"http:\/\/anu.ufsj.edu.br\/site\/wp-json\/wp\/v2\/posts"}],"about":[{"href":"http:\/\/anu.ufsj.edu.br\/site\/wp-json\/wp\/v2\/types\/post"}],"author":[{"embeddable":true,"href":"http:\/\/anu.ufsj.edu.br\/site\/wp-json\/wp\/v2\/users\/3"}],"replies":[{"embeddable":true,"href":"http:\/\/anu.ufsj.edu.br\/site\/wp-json\/wp\/v2\/comments?post=5915"}],"version-history":[{"count":1,"href":"http:\/\/anu.ufsj.edu.br\/site\/wp-json\/wp\/v2\/posts\/5915\/revisions"}],"predecessor-version":[{"id":6057,"href":"http:\/\/anu.ufsj.edu.br\/site\/wp-json\/wp\/v2\/posts\/5915\/revisions\/6057"}],"wp:featuredmedia":[{"embeddable":true,"href":"http:\/\/anu.ufsj.edu.br\/site\/wp-json\/wp\/v2\/media\/5918"}],"wp:attachment":[{"href":"http:\/\/anu.ufsj.edu.br\/site\/wp-json\/wp\/v2\/media?parent=5915"}],"wp:term":[{"taxonomy":"category","embeddable":true,"href":"http:\/\/anu.ufsj.edu.br\/site\/wp-json\/wp\/v2\/categories?post=5915"},{"taxonomy":"post_tag","embeddable":true,"href":"http:\/\/anu.ufsj.edu.br\/site\/wp-json\/wp\/v2\/tags?post=5915"}],"curies":[{"name":"wp","href":"https:\/\/api.w.org\/{rel}","templated":true}]}}