{"id":5921,"date":"2016-11-14T18:55:09","date_gmt":"2016-11-14T18:55:09","guid":{"rendered":"http:\/\/jornalismo.ufsj.edu.br\/?p=5921"},"modified":"2016-11-14T18:55:09","modified_gmt":"2016-11-14T18:55:09","slug":"exposicao-instantes-em-instagram-alcanca-novas-galerias","status":"publish","type":"post","link":"http:\/\/anu.ufsj.edu.br\/site\/alunos\/exposicao-instantes-em-instagram-alcanca-novas-galerias\/","title":{"rendered":"Exposi\u00e7\u00e3o \u201cInstantes em Instagram\u201d alcan\u00e7a novas galerias"},"content":{"rendered":"<p>Trouxemos como reportagem especial o perfil do artista Marcius Vinicius Barcelos, mais conhecido como Magoo. T\u00e9cnico do Laborat\u00f3rio de Processos Fotogr\u00e1ficos do Curso de Comunica\u00e7\u00e3o Social\/Jornalismo da UFSJ desde o ano de 2010. Magoo fala de sua primeira experi\u00eancia com a fotografia, das exposi\u00e7\u00f5es realizadas, do ingresso no Curso de Artes e sobre momentos marcantes de sua vida.\u00a0 Marcius \u00e9 cin\u00e9filo, politicamente engajado e apaixonado por Rock e MPB.\u00a0<em>\u201cA arte \u00e9 como se fosse \u00e1gua ou ar \u00e9 essencial para ser viver\u201d<\/em>, declara o artista.<\/p>\n<p style=\"text-align:center;\"><strong><em>\u00a0<\/em><\/strong><strong><em>A Fotografia em sua vida<\/em><\/strong><\/p>\n<p><img loading=\"lazy\" class=\"  wp-image-5938 alignleft\" src=\"http:\/\/jornalismo.ufsj.edu.br\/wp-content\/uploads\/2016\/11\/marcius-perfil.jpg\" alt=\"marcius-perfil\" width=\"285\" height=\"285\" srcset=\"http:\/\/anu.ufsj.edu.br\/site\/wp-content\/uploads\/2016\/11\/marcius-perfil.jpg 960w, http:\/\/anu.ufsj.edu.br\/site\/wp-content\/uploads\/2016\/11\/marcius-perfil-150x150.jpg 150w, http:\/\/anu.ufsj.edu.br\/site\/wp-content\/uploads\/2016\/11\/marcius-perfil-300x300.jpg 300w, http:\/\/anu.ufsj.edu.br\/site\/wp-content\/uploads\/2016\/11\/marcius-perfil-768x768.jpg 768w\" sizes=\"(max-width: 285px) 100vw, 285px\" \/>Marcius \u00e9 natural da capital mineira. Seu primeiro contato com a fotografia foi ainda na inf\u00e2ncia, pegava \u201cfurtivamente\u201d a c\u00e2mera de seu pai e fazia alguns registros do cotidiano. J\u00e1 no Curso de Engenharia Agr\u00edcola na Universidade Federal de Vi\u00e7osa, na disciplina de Aero fotometria e Foto Interpreta\u00e7\u00e3o, conquistou aprimoramento das t\u00e9cnicas e, a partir de ent\u00e3o, frequentemente come\u00e7ou a participar de oficinas que proporcionaram o amadurecimento de seu olhar art\u00edstico.<\/p>\n<p>Marcius passou a inf\u00e2ncia em Belo Horizonte, MG, e aos 9 anos de idade foi morar no Vale do A\u00e7o, no \u00a0leste de Minas, onde viveu at\u00e9 os 16 anos. Ap\u00f3s a aprova\u00e7\u00e3o no vestibular mudou-se para Vi\u00e7osa, onde passou um per\u00edodo de sete anos. J\u00e1 em Tiradentes, viveu de 2006 a 2008 e atualmente mora em Rit\u00e1polis.<\/p>\n<p style=\"text-align:center;\"><strong><em>Primeira Exposi\u00e7\u00e3o Individual: Instantes em Instagram<\/em><\/strong><\/p>\n<p>Ap\u00f3s a realiza\u00e7\u00e3o de exposi\u00e7\u00f5es coletivas em S\u00e3o Paulo e em BH, Marcius foi convidado para expor seu trabalho durante o Inverno Cultural da UFSJ de 2014.\u00a0Intitulada \u201c<em>Instantes em Instagrans\u201d, <\/em>a exposi\u00e7\u00e3o reuniu 86 fotografias na Galeria Escada do Centro Cultural. A mostra atualmente faz parte da programa\u00e7\u00e3o de atividades do Projeto Corredor Cultural, na UFAB em S\u00e3o Bernardo do Campo e na cidade de Alfenas-MG.\u00a0De acordo com o artista: <em>\u201cA exposi\u00e7\u00e3o surgiu do desejo de representar o cotidiano. Paralisando o tempo em um instante no qual a luz marca a mem\u00f3ria em formas e sentimentos, gerando um mosaico de imagens sugestivas para o olhar livre do p\u00fablico\u201d. <\/em><\/p>\n<p style=\"text-align:center;\"><strong><em>A Aprova\u00e7\u00e3o no Curso de Artes Aplicadas da UFSJ<\/em><\/strong><\/p>\n<p>Aprovado no curso de Artes aplicadas no primeiro semestre de 2016, Marcius declara:\u00a0<em>\u201c\u00c9 um outro suporte, ent\u00e3o eu estou gostando e posso inclusive aplicar certos processos fotogr\u00e1ficos usando a cer\u00e2mica. Pra mim est\u00e1 sendo um aprendizado. \u00c9 algo a mais que eu tenho como forma de express\u00e3o. Lidar com a cer\u00e2mica \u00e9 envolvente\u201d.<\/em><\/p>\n<p><em>\u00a0<\/em><\/p>\n\n\t\t\t<div id='gallery-5921-1' class='gallery gallery-5921'>\n\t\t\t\t<div class='gallery-row gallery-col-3 gallery-clear'>\n\t\t\t\t\t<figure class='gallery-item col-3'>\n\t\t\t\t\t\t<div class='gallery-icon '><a title=\"maggoo-i\" href='http:\/\/anu.ufsj.edu.br\/site\/maggoo-i\/'><img width=\"150\" height=\"150\" src=\"http:\/\/anu.ufsj.edu.br\/site\/wp-content\/uploads\/2016\/11\/maggoo-i-150x150.jpg\" class=\"attachment-thumbnail size-thumbnail\" alt=\"\" loading=\"lazy\" srcset=\"http:\/\/anu.ufsj.edu.br\/site\/wp-content\/uploads\/2016\/11\/maggoo-i-150x150.jpg 150w, http:\/\/anu.ufsj.edu.br\/site\/wp-content\/uploads\/2016\/11\/maggoo-i-300x300.jpg 300w, http:\/\/anu.ufsj.edu.br\/site\/wp-content\/uploads\/2016\/11\/maggoo-i-768x768.jpg 768w, http:\/\/anu.ufsj.edu.br\/site\/wp-content\/uploads\/2016\/11\/maggoo-i.jpg 960w\" sizes=\"(max-width: 150px) 100vw, 150px\" \/><\/a><\/div>\n\t\t\t\t\t<\/figure>\n\t\t\t\t\t<figure class='gallery-item col-3'>\n\t\t\t\t\t\t<div class='gallery-icon '><a title=\"magoo-ii\" href='http:\/\/anu.ufsj.edu.br\/site\/magoo-ii\/'><img width=\"150\" height=\"150\" src=\"http:\/\/anu.ufsj.edu.br\/site\/wp-content\/uploads\/2016\/11\/magoo-ii-150x150.jpg\" class=\"attachment-thumbnail size-thumbnail\" alt=\"\" loading=\"lazy\" \/><\/a><\/div>\n\t\t\t\t\t<\/figure>\n\t\t\t\t\t<figure class='gallery-item col-3'>\n\t\t\t\t\t\t<div class='gallery-icon '><a title=\"magoo-iii\" href='http:\/\/anu.ufsj.edu.br\/site\/magoo-iii\/'><img width=\"150\" height=\"150\" src=\"http:\/\/anu.ufsj.edu.br\/site\/wp-content\/uploads\/2016\/11\/magoo-iii-150x150.jpg\" class=\"attachment-thumbnail size-thumbnail\" alt=\"\" loading=\"lazy\" srcset=\"http:\/\/anu.ufsj.edu.br\/site\/wp-content\/uploads\/2016\/11\/magoo-iii-150x150.jpg 150w, http:\/\/anu.ufsj.edu.br\/site\/wp-content\/uploads\/2016\/11\/magoo-iii.jpg 206w\" sizes=\"(max-width: 150px) 100vw, 150px\" \/><\/a><\/div>\n\t\t\t\t\t<\/figure>\n\t\t\t\t<\/div>\n\t\t\t\t<div class='gallery-row gallery-col-3 gallery-clear'>\n\t\t\t\t\t<figure class='gallery-item col-3'>\n\t\t\t\t\t\t<div class='gallery-icon '><a title=\"magoo-iv\" href='http:\/\/anu.ufsj.edu.br\/site\/magoo-iv\/'><img width=\"150\" height=\"150\" src=\"http:\/\/anu.ufsj.edu.br\/site\/wp-content\/uploads\/2016\/11\/magoo-iv-150x150.jpg\" class=\"attachment-thumbnail size-thumbnail\" alt=\"\" loading=\"lazy\" srcset=\"http:\/\/anu.ufsj.edu.br\/site\/wp-content\/uploads\/2016\/11\/magoo-iv-150x150.jpg 150w, http:\/\/anu.ufsj.edu.br\/site\/wp-content\/uploads\/2016\/11\/magoo-iv.jpg 206w\" sizes=\"(max-width: 150px) 100vw, 150px\" \/><\/a><\/div>\n\t\t\t\t\t<\/figure>\n\t\t\t\t\t<figure class='gallery-item col-3'>\n\t\t\t\t\t\t<div class='gallery-icon '><a title=\"magoo-v\" href='http:\/\/anu.ufsj.edu.br\/site\/magoo-v\/'><img width=\"150\" height=\"150\" src=\"http:\/\/anu.ufsj.edu.br\/site\/wp-content\/uploads\/2016\/11\/magoo-v-150x150.jpg\" class=\"attachment-thumbnail size-thumbnail\" alt=\"\" loading=\"lazy\" srcset=\"http:\/\/anu.ufsj.edu.br\/site\/wp-content\/uploads\/2016\/11\/magoo-v-150x150.jpg 150w, http:\/\/anu.ufsj.edu.br\/site\/wp-content\/uploads\/2016\/11\/magoo-v-300x300.jpg 300w, http:\/\/anu.ufsj.edu.br\/site\/wp-content\/uploads\/2016\/11\/magoo-v.jpg 640w\" sizes=\"(max-width: 150px) 100vw, 150px\" \/><\/a><\/div>\n\t\t\t\t\t<\/figure>\n\t\t\t<\/div>\n\t\t\t<\/div><!-- .gallery -->\n\n<p><em>Acompanhe o trabalho de Marcius no <a href=\"https:\/\/www.flickr.com\/photos\/magoo_photon\/\" target=\"_blank\">Flickr<\/a>\u00a0e<\/em><em>\u00a0<a href=\"https:\/\/www.flickr.com\/photos\/invernoculturaldaufsj\/14672772326\/in\/set-72157645377568418\" target=\"_blank\">Flickr\/ Exposi\u00e7\u00e3o Inverno Cultural<\/a> de 2014.<\/em><\/p>\n<p>&nbsp;<\/p>\n<p style=\"text-align:right;\">Texto: Thais Andressa<\/p>\n<p style=\"text-align:right;\">Revis\u00e3o: Julia Benatti<\/p>\n<p>&nbsp;<\/p>\n","protected":false},"excerpt":{"rendered":"<p>Trouxemos como reportagem especial o perfil do artista Marcius Vinicius Barcelos, mais conhecido como Magoo. T\u00e9cnico do Laborat\u00f3rio de Processos Fotogr\u00e1ficos do Curso de Comunica\u00e7\u00e3o Social\/Jornalismo da UFSJ desde o ano de 2010. Magoo fala de sua primeira experi\u00eancia com&#8230;<\/p>\n","protected":false},"author":3,"featured_media":5938,"comment_status":"open","ping_status":"open","sticky":false,"template":"","format":"standard","meta":{"_monsterinsights_skip_tracking":false,"_monsterinsights_sitenote_active":false,"_monsterinsights_sitenote_note":"","_monsterinsights_sitenote_category":0},"categories":[6,21,32,70],"tags":[],"yoast_head":"<!-- This site is optimized with the Yoast SEO plugin v20.6 - https:\/\/yoast.com\/wordpress\/plugins\/seo\/ -->\n<title>Exposi\u00e7\u00e3o \u201cInstantes em Instagram\u201d alcan\u00e7a novas galerias - Jornalismo UFSJ<\/title>\n<meta name=\"robots\" content=\"index, follow, max-snippet:-1, max-image-preview:large, max-video-preview:-1\" \/>\n<link rel=\"canonical\" href=\"http:\/\/anu.ufsj.edu.br\/site\/alunos\/exposicao-instantes-em-instagram-alcanca-novas-galerias\/\" \/>\n<meta property=\"og:locale\" content=\"pt_BR\" \/>\n<meta property=\"og:type\" content=\"article\" \/>\n<meta property=\"og:title\" content=\"Exposi\u00e7\u00e3o \u201cInstantes em Instagram\u201d alcan\u00e7a novas galerias - Jornalismo UFSJ\" \/>\n<meta property=\"og:description\" content=\"Trouxemos como reportagem especial o perfil do artista Marcius Vinicius Barcelos, mais conhecido como Magoo. T\u00e9cnico do Laborat\u00f3rio de Processos Fotogr\u00e1ficos do Curso de Comunica\u00e7\u00e3o Social\/Jornalismo da UFSJ desde o ano de 2010. Magoo fala de sua primeira experi\u00eancia com...\" \/>\n<meta property=\"og:url\" content=\"http:\/\/anu.ufsj.edu.br\/site\/alunos\/exposicao-instantes-em-instagram-alcanca-novas-galerias\/\" \/>\n<meta property=\"og:site_name\" content=\"Jornalismo UFSJ\" \/>\n<meta property=\"article:publisher\" content=\"https:\/\/www.facebook.com\/jornalismoufsj\/\" \/>\n<meta property=\"article:published_time\" content=\"2016-11-14T18:55:09+00:00\" \/>\n<meta property=\"og:image\" content=\"http:\/\/anu.ufsj.edu.br\/site\/wp-content\/uploads\/2016\/11\/marcius-perfil.jpg\" \/>\n\t<meta property=\"og:image:width\" content=\"960\" \/>\n\t<meta property=\"og:image:height\" content=\"960\" \/>\n\t<meta property=\"og:image:type\" content=\"image\/jpeg\" \/>\n<meta name=\"twitter:card\" content=\"summary_large_image\" \/>\n<meta name=\"twitter:creator\" content=\"@jornalismoufsj\" \/>\n<meta name=\"twitter:site\" content=\"@jornalismoufsj\" \/>\n<meta name=\"twitter:label1\" content=\"Escrito por\" \/>\n\t<meta name=\"twitter:data1\" content=\"\" \/>\n\t<meta name=\"twitter:label2\" content=\"Est. tempo de leitura\" \/>\n\t<meta name=\"twitter:data2\" content=\"2 minutos\" \/>\n<script type=\"application\/ld+json\" class=\"yoast-schema-graph\">{\"@context\":\"https:\/\/schema.org\",\"@graph\":[{\"@type\":\"WebPage\",\"@id\":\"http:\/\/anu.ufsj.edu.br\/site\/alunos\/exposicao-instantes-em-instagram-alcanca-novas-galerias\/\",\"url\":\"http:\/\/anu.ufsj.edu.br\/site\/alunos\/exposicao-instantes-em-instagram-alcanca-novas-galerias\/\",\"name\":\"Exposi\u00e7\u00e3o \u201cInstantes em Instagram\u201d alcan\u00e7a novas galerias - Jornalismo UFSJ\",\"isPartOf\":{\"@id\":\"http:\/\/jornalismo.ufsj.edu.br\/site\/#website\"},\"datePublished\":\"2016-11-14T18:55:09+00:00\",\"dateModified\":\"2016-11-14T18:55:09+00:00\",\"author\":{\"@id\":\"\"},\"breadcrumb\":{\"@id\":\"http:\/\/anu.ufsj.edu.br\/site\/alunos\/exposicao-instantes-em-instagram-alcanca-novas-galerias\/#breadcrumb\"},\"inLanguage\":\"pt-BR\",\"potentialAction\":[{\"@type\":\"ReadAction\",\"target\":[\"http:\/\/anu.ufsj.edu.br\/site\/alunos\/exposicao-instantes-em-instagram-alcanca-novas-galerias\/\"]}]},{\"@type\":\"BreadcrumbList\",\"@id\":\"http:\/\/anu.ufsj.edu.br\/site\/alunos\/exposicao-instantes-em-instagram-alcanca-novas-galerias\/#breadcrumb\",\"itemListElement\":[{\"@type\":\"ListItem\",\"position\":1,\"name\":\"In\u00edcio\",\"item\":\"http:\/\/jornalismo.ufsj.edu.br\/site\/\"},{\"@type\":\"ListItem\",\"position\":2,\"name\":\"Exposi\u00e7\u00e3o \u201cInstantes em Instagram\u201d alcan\u00e7a novas galerias\"}]},{\"@type\":\"WebSite\",\"@id\":\"http:\/\/jornalismo.ufsj.edu.br\/site\/#website\",\"url\":\"http:\/\/jornalismo.ufsj.edu.br\/site\/\",\"name\":\"Jornalismo UFSJ\",\"description\":\"\",\"potentialAction\":[{\"@type\":\"SearchAction\",\"target\":{\"@type\":\"EntryPoint\",\"urlTemplate\":\"http:\/\/jornalismo.ufsj.edu.br\/site\/?s={search_term_string}\"},\"query-input\":\"required name=search_term_string\"}],\"inLanguage\":\"pt-BR\"},{\"@type\":\"Person\",\"@id\":\"\"}]}<\/script>\n<!-- \/ Yoast SEO plugin. -->","yoast_head_json":{"title":"Exposi\u00e7\u00e3o \u201cInstantes em Instagram\u201d alcan\u00e7a novas galerias - Jornalismo UFSJ","robots":{"index":"index","follow":"follow","max-snippet":"max-snippet:-1","max-image-preview":"max-image-preview:large","max-video-preview":"max-video-preview:-1"},"canonical":"http:\/\/anu.ufsj.edu.br\/site\/alunos\/exposicao-instantes-em-instagram-alcanca-novas-galerias\/","og_locale":"pt_BR","og_type":"article","og_title":"Exposi\u00e7\u00e3o \u201cInstantes em Instagram\u201d alcan\u00e7a novas galerias - Jornalismo UFSJ","og_description":"Trouxemos como reportagem especial o perfil do artista Marcius Vinicius Barcelos, mais conhecido como Magoo. T\u00e9cnico do Laborat\u00f3rio de Processos Fotogr\u00e1ficos do Curso de Comunica\u00e7\u00e3o Social\/Jornalismo da UFSJ desde o ano de 2010. Magoo fala de sua primeira experi\u00eancia com...","og_url":"http:\/\/anu.ufsj.edu.br\/site\/alunos\/exposicao-instantes-em-instagram-alcanca-novas-galerias\/","og_site_name":"Jornalismo UFSJ","article_publisher":"https:\/\/www.facebook.com\/jornalismoufsj\/","article_published_time":"2016-11-14T18:55:09+00:00","og_image":[{"width":960,"height":960,"url":"http:\/\/anu.ufsj.edu.br\/site\/wp-content\/uploads\/2016\/11\/marcius-perfil.jpg","type":"image\/jpeg"}],"twitter_card":"summary_large_image","twitter_creator":"@jornalismoufsj","twitter_site":"@jornalismoufsj","twitter_misc":{"Escrito por":"","Est. tempo de leitura":"2 minutos"},"schema":{"@context":"https:\/\/schema.org","@graph":[{"@type":"WebPage","@id":"http:\/\/anu.ufsj.edu.br\/site\/alunos\/exposicao-instantes-em-instagram-alcanca-novas-galerias\/","url":"http:\/\/anu.ufsj.edu.br\/site\/alunos\/exposicao-instantes-em-instagram-alcanca-novas-galerias\/","name":"Exposi\u00e7\u00e3o \u201cInstantes em Instagram\u201d alcan\u00e7a novas galerias - Jornalismo UFSJ","isPartOf":{"@id":"http:\/\/jornalismo.ufsj.edu.br\/site\/#website"},"datePublished":"2016-11-14T18:55:09+00:00","dateModified":"2016-11-14T18:55:09+00:00","author":{"@id":""},"breadcrumb":{"@id":"http:\/\/anu.ufsj.edu.br\/site\/alunos\/exposicao-instantes-em-instagram-alcanca-novas-galerias\/#breadcrumb"},"inLanguage":"pt-BR","potentialAction":[{"@type":"ReadAction","target":["http:\/\/anu.ufsj.edu.br\/site\/alunos\/exposicao-instantes-em-instagram-alcanca-novas-galerias\/"]}]},{"@type":"BreadcrumbList","@id":"http:\/\/anu.ufsj.edu.br\/site\/alunos\/exposicao-instantes-em-instagram-alcanca-novas-galerias\/#breadcrumb","itemListElement":[{"@type":"ListItem","position":1,"name":"In\u00edcio","item":"http:\/\/jornalismo.ufsj.edu.br\/site\/"},{"@type":"ListItem","position":2,"name":"Exposi\u00e7\u00e3o \u201cInstantes em Instagram\u201d alcan\u00e7a novas galerias"}]},{"@type":"WebSite","@id":"http:\/\/jornalismo.ufsj.edu.br\/site\/#website","url":"http:\/\/jornalismo.ufsj.edu.br\/site\/","name":"Jornalismo UFSJ","description":"","potentialAction":[{"@type":"SearchAction","target":{"@type":"EntryPoint","urlTemplate":"http:\/\/jornalismo.ufsj.edu.br\/site\/?s={search_term_string}"},"query-input":"required name=search_term_string"}],"inLanguage":"pt-BR"},{"@type":"Person","@id":""}]}},"jetpack_featured_media_url":"http:\/\/anu.ufsj.edu.br\/site\/wp-content\/uploads\/2016\/11\/marcius-perfil.jpg","_links":{"self":[{"href":"http:\/\/anu.ufsj.edu.br\/site\/wp-json\/wp\/v2\/posts\/5921"}],"collection":[{"href":"http:\/\/anu.ufsj.edu.br\/site\/wp-json\/wp\/v2\/posts"}],"about":[{"href":"http:\/\/anu.ufsj.edu.br\/site\/wp-json\/wp\/v2\/types\/post"}],"author":[{"embeddable":true,"href":"http:\/\/anu.ufsj.edu.br\/site\/wp-json\/wp\/v2\/users\/3"}],"replies":[{"embeddable":true,"href":"http:\/\/anu.ufsj.edu.br\/site\/wp-json\/wp\/v2\/comments?post=5921"}],"version-history":[{"count":0,"href":"http:\/\/anu.ufsj.edu.br\/site\/wp-json\/wp\/v2\/posts\/5921\/revisions"}],"wp:featuredmedia":[{"embeddable":true,"href":"http:\/\/anu.ufsj.edu.br\/site\/wp-json\/wp\/v2\/media\/5938"}],"wp:attachment":[{"href":"http:\/\/anu.ufsj.edu.br\/site\/wp-json\/wp\/v2\/media?parent=5921"}],"wp:term":[{"taxonomy":"category","embeddable":true,"href":"http:\/\/anu.ufsj.edu.br\/site\/wp-json\/wp\/v2\/categories?post=5921"},{"taxonomy":"post_tag","embeddable":true,"href":"http:\/\/anu.ufsj.edu.br\/site\/wp-json\/wp\/v2\/tags?post=5921"}],"curies":[{"name":"wp","href":"https:\/\/api.w.org\/{rel}","templated":true}]}}