{"id":5942,"date":"2016-11-18T15:49:33","date_gmt":"2016-11-18T15:49:33","guid":{"rendered":"http:\/\/jornalismo.ufsj.edu.br\/?p=5942"},"modified":"2017-05-01T14:31:30","modified_gmt":"2017-05-01T14:31:30","slug":"focas-na-leitura-com-alessandra-de-falco","status":"publish","type":"post","link":"http:\/\/anu.ufsj.edu.br\/site\/alunos\/focas-na-leitura-com-alessandra-de-falco\/","title":{"rendered":"Foca(s) na leitura com Alessandra de Falco"},"content":{"rendered":"<p><img loading=\"lazy\" class=\" wp-image-5945 aligncenter\" src=\"http:\/\/jornalismo.ufsj.edu.br\/wp-content\/uploads\/2016\/11\/alessandra-de-falco.jpg\" alt=\"alessandra-de-falco\" width=\"602\" height=\"339\" srcset=\"http:\/\/anu.ufsj.edu.br\/site\/wp-content\/uploads\/2016\/11\/alessandra-de-falco.jpg 960w, http:\/\/anu.ufsj.edu.br\/site\/wp-content\/uploads\/2016\/11\/alessandra-de-falco-300x169.jpg 300w, http:\/\/anu.ufsj.edu.br\/site\/wp-content\/uploads\/2016\/11\/alessandra-de-falco-768x432.jpg 768w\" sizes=\"(max-width: 602px) 100vw, 602px\" \/><\/p>\n<p>Alessandra de Falco Brasileiro \u00e9 professora do curso de Gradua\u00e7\u00e3o em Comunica\u00e7\u00e3o Social &#8211; Jornalismo na Universidade Federal de S\u00e3o Jo\u00e3o Del-Rei (UFSJ), onde profere as disciplinas: Jornalismo Online, Oficina de Jornalismo Online, Projeto Experimental em Jornalismo I e II e Planejamento Visual Gr\u00e1fico. \u00c9 tutora da empresa Mosaico Comunica\u00e7\u00e3o Jr. Tamb\u00e9m \u00e9 docente no N\u00facleo de Ensino \u00e0 Dist\u00e2ncia (NEAD\/UFSJ) no curso de Especializa\u00e7\u00e3o em Educa\u00e7\u00e3o Empreendedora. Formada em Jornalismo pela PUC-Campinas e em Letras &#8211; Bacharelado e Licenciatura &#8211; pela Unicamp, especialista em Jornalismo Cient\u00edfico pelo Labjor\/Unicamp, mestre em Comunica\u00e7\u00e3o Social pela Metodista-SP e doutora em Educa\u00e7\u00e3o pela Unicamp.<\/p>\n<p>Alessandra de Falco terminou recentemente o est\u00e1gio P\u00f3s-Doutoral em Comunica\u00e7\u00e3o pela Metodista-SP. Tem experi\u00eancia profissional e acad\u00eamica principalmente nas \u00e1reas de Jornalismo e Tecnologias, Comunica\u00e7\u00e3o Organizacional e Educa\u00e7\u00e3o. \u00c9 membro da Rede de Pesquisa Aplicada em Jornalismo e Tecnologias Digitais (JorTec). Suas \u00e1reas de interesse s\u00e3o: Ensino de Jornalismo, Jornalismo e Tecnologias, Jornalismo M\u00f3vel e Educa\u00e7\u00e3o a Dist\u00e2ncia. J\u00e1 atuou como assessora de comunica\u00e7\u00e3o em empresas como BRSA, Tectoy e Edelman, quando atendia clientes da \u00e1rea de Tecnologia como: Ci&amp;T, Sensedia, Abragames entre outros.<\/p>\n<p>Tamb\u00e9m j\u00e1 produziu conte\u00fado jornal\u00edstico para o Webinsider\/UOL e especial da Superinteressante. Durante seu doutorado, fez o concurso para a \u00e1rea de Jornalismo Online na UFSJ, em 2011, onde atua como docente desde ent\u00e3o. Sempre foi apaixonada por ler e escrever, principalmente sobre assuntos relacionados \u00e0s novas tecnologias.<\/p>\n<p><em>\u00a0<\/em><em>Confira as dicas de Livro que s\u00e3o essenciais para os estudantes de Jornalismo. <\/em><\/p>\n<p>Este ano a professora Alessandra terminou seu primeiro p\u00f3s-doutorado realizado pela Universidade Metodista de S\u00e3o Paulo, orientada pelo professor Walter Teixeira Lima Junior. O relat\u00f3rio final denominado <a href=\"https:\/\/drive.google.com\/drive\/u\/1\/folders\/0BzN5IkiTTAieUU1hcTJTS2h3MlU\">Tecnologias e T\u00e9cnicas Aplicadas no Ensino de Ciberjornalismo<\/a> destaca um cap\u00edtulo sobre Refer\u00eancias sobre o Ensino de Ciberjornalismo no Brasil. Dentre a <a href=\"https:\/\/docs.google.com\/document\/d\/1SUSQpJXYue1ZVkQ3IzTRuPRZCcalA0cwyY5EXZZzVy4\/edit\">lista de obras publicadas entre 2010 e 2015<\/a>, a professora chama aten\u00e7\u00e3o para alguns livros importantes, e dispon\u00edveis online, tanto para leitura por docentes, como discentes:<\/p>\n<p><strong>1 &#8211; GOULART, Elias E. (org.). <\/strong><a href=\"http:\/\/ebooks.pucrs.br\/edipucrs\/Ebooks\/Pdf\/978-85-397-0630-3.pdf\"><strong>M\u00eddias sociais<\/strong><strong>: uma contribui\u00e7\u00e3o de an\u00e1lise<\/strong><\/a><strong>. Porto Alegre : EDIPUCRS, 2014<\/strong>.<\/p>\n<p style=\"margin: 0; margin-bottom: .0001pt; text-align: justify; text-indent: 35.45pt; line-height: 200%;\"><span style=\"color: black;\">Atualmente as m\u00eddias sociais est\u00e3o em voga como poderosos meios de comunica\u00e7\u00e3o digital. Autores que vem se aprofundando com os anos no assunto j\u00e1 publicaram 3 livros intitulados <\/span><a href=\"http:\/\/paraentenderasmidiassociais.blogspot.com.br\/\"><span style=\"color: #1155cc;\">Para Entender as M\u00eddias Sociais<\/span><\/a><span style=\"color: black;\"> com artigos sobre diversos assuntos. Mas esta obra aqui em destaque especificamente \u00e9 relevante pois destaca metodologias para an\u00e1lise de m\u00eddias sociais, que podem ser utilizadas tanto em pesquisas de inicia\u00e7\u00e3o cient\u00edfica, como em trabalhos de conclus\u00e3o de curso.<\/span><\/p>\n<p><strong>2 &#8211; MORAES JR, ENIO (org.). <\/strong><a href=\"http:\/\/www.usp.br\/cje\/box\/antesdapauta.pdf\"><strong>Antes da pauta<\/strong><strong>: linhas para pensar o ensino do jornalismo no s\u00e9culo XXI<\/strong><\/a><strong>. S\u00e3o Paulo: ECA\/USP, 2013.<br \/>\n<\/strong><\/p>\n<p style=\"margin: 0; margin-bottom: .0001pt; text-align: justify; text-indent: 35.45pt; line-height: 200%;\"><span style=\"color: black;\">Esta obra ressalta a import\u00e2ncia do trabalho da interdisciplinaridade no ensino do Jornalismo, quando na contemporaneidade o online e o digital s\u00e3o indissoci\u00e1veis de todas as \u00e1rea como r\u00e1dio, TV e impresso. Destaca a import\u00e2ncia da rela\u00e7\u00e3o entre pr\u00e1tica e teoria, para aproximar mais a academia do mercado e, ao mesmo, tempo manter o incentivo ao pensamento cr\u00edtico. Aborda tamb\u00e9m os desafios tanto para docentes como discentes com, cada vez mais e mais r\u00e1pido, a inser\u00e7\u00e3o de novos recurso tecnol\u00f3gicos no mercado da m\u00eddia.<\/span><\/p>\n<p><strong>3 &#8211; FALCO, Alessandra de \u00a0(Tradu\u00e7\u00e3o). Guia de Profici\u00eancia Multim\u00eddia para 2012<\/strong>.<\/p>\n<p>&nbsp;<\/p>\n<p>&nbsp;<\/p>\n<p style=\"text-align: right;\">Texto: Thais Andressa<\/p>\n<p style=\"text-align: right;\">Revis\u00e3o: Julia Benatti<\/p>\n","protected":false},"excerpt":{"rendered":"<p>Alessandra de Falco Brasileiro \u00e9 professora do curso de Gradua\u00e7\u00e3o em Comunica\u00e7\u00e3o Social &#8211; Jornalismo na Universidade Federal de S\u00e3o Jo\u00e3o Del-Rei (UFSJ), onde profere as disciplinas: Jornalismo Online, Oficina de Jornalismo Online, Projeto Experimental em Jornalismo I e II&#8230;<\/p>\n","protected":false},"author":3,"featured_media":0,"comment_status":"open","ping_status":"open","sticky":false,"template":"","format":"standard","meta":{"_monsterinsights_skip_tracking":false,"_monsterinsights_sitenote_active":false,"_monsterinsights_sitenote_note":"","_monsterinsights_sitenote_category":0},"categories":[6,31,45,65,70],"tags":[],"yoast_head":"<!-- This site is optimized with the Yoast SEO plugin v20.6 - https:\/\/yoast.com\/wordpress\/plugins\/seo\/ -->\n<title>Foca(s) na leitura com Alessandra de Falco - Jornalismo UFSJ<\/title>\n<meta name=\"robots\" content=\"index, follow, max-snippet:-1, max-image-preview:large, max-video-preview:-1\" \/>\n<link rel=\"canonical\" href=\"http:\/\/anu.ufsj.edu.br\/site\/alunos\/focas-na-leitura-com-alessandra-de-falco\/\" \/>\n<meta property=\"og:locale\" content=\"pt_BR\" \/>\n<meta property=\"og:type\" content=\"article\" \/>\n<meta property=\"og:title\" content=\"Foca(s) na leitura com Alessandra de Falco - Jornalismo UFSJ\" \/>\n<meta property=\"og:description\" content=\"Alessandra de Falco Brasileiro \u00e9 professora do curso de Gradua\u00e7\u00e3o em Comunica\u00e7\u00e3o Social &#8211; Jornalismo na Universidade Federal de S\u00e3o Jo\u00e3o Del-Rei (UFSJ), onde profere as disciplinas: Jornalismo Online, Oficina de Jornalismo Online, Projeto Experimental em Jornalismo I e II...\" \/>\n<meta property=\"og:url\" content=\"http:\/\/anu.ufsj.edu.br\/site\/alunos\/focas-na-leitura-com-alessandra-de-falco\/\" \/>\n<meta property=\"og:site_name\" content=\"Jornalismo UFSJ\" \/>\n<meta property=\"article:publisher\" content=\"https:\/\/www.facebook.com\/jornalismoufsj\/\" \/>\n<meta property=\"article:published_time\" content=\"2016-11-18T15:49:33+00:00\" \/>\n<meta property=\"article:modified_time\" content=\"2017-05-01T14:31:30+00:00\" \/>\n<meta property=\"og:image\" content=\"http:\/\/jornalismo.ufsj.edu.br\/wp-content\/uploads\/2016\/11\/alessandra-de-falco.jpg\" \/>\n<meta name=\"twitter:card\" content=\"summary_large_image\" \/>\n<meta name=\"twitter:creator\" content=\"@jornalismoufsj\" \/>\n<meta name=\"twitter:site\" content=\"@jornalismoufsj\" \/>\n<meta name=\"twitter:label1\" content=\"Escrito por\" \/>\n\t<meta name=\"twitter:data1\" content=\"\" \/>\n\t<meta name=\"twitter:label2\" content=\"Est. tempo de leitura\" \/>\n\t<meta name=\"twitter:data2\" content=\"3 minutos\" \/>\n<script type=\"application\/ld+json\" class=\"yoast-schema-graph\">{\"@context\":\"https:\/\/schema.org\",\"@graph\":[{\"@type\":\"WebPage\",\"@id\":\"http:\/\/anu.ufsj.edu.br\/site\/alunos\/focas-na-leitura-com-alessandra-de-falco\/\",\"url\":\"http:\/\/anu.ufsj.edu.br\/site\/alunos\/focas-na-leitura-com-alessandra-de-falco\/\",\"name\":\"Foca(s) na leitura com Alessandra de Falco - Jornalismo UFSJ\",\"isPartOf\":{\"@id\":\"http:\/\/jornalismo.ufsj.edu.br\/site\/#website\"},\"datePublished\":\"2016-11-18T15:49:33+00:00\",\"dateModified\":\"2017-05-01T14:31:30+00:00\",\"author\":{\"@id\":\"\"},\"breadcrumb\":{\"@id\":\"http:\/\/anu.ufsj.edu.br\/site\/alunos\/focas-na-leitura-com-alessandra-de-falco\/#breadcrumb\"},\"inLanguage\":\"pt-BR\",\"potentialAction\":[{\"@type\":\"ReadAction\",\"target\":[\"http:\/\/anu.ufsj.edu.br\/site\/alunos\/focas-na-leitura-com-alessandra-de-falco\/\"]}]},{\"@type\":\"BreadcrumbList\",\"@id\":\"http:\/\/anu.ufsj.edu.br\/site\/alunos\/focas-na-leitura-com-alessandra-de-falco\/#breadcrumb\",\"itemListElement\":[{\"@type\":\"ListItem\",\"position\":1,\"name\":\"In\u00edcio\",\"item\":\"http:\/\/jornalismo.ufsj.edu.br\/site\/\"},{\"@type\":\"ListItem\",\"position\":2,\"name\":\"Foca(s) na leitura com Alessandra de Falco\"}]},{\"@type\":\"WebSite\",\"@id\":\"http:\/\/jornalismo.ufsj.edu.br\/site\/#website\",\"url\":\"http:\/\/jornalismo.ufsj.edu.br\/site\/\",\"name\":\"Jornalismo UFSJ\",\"description\":\"\",\"potentialAction\":[{\"@type\":\"SearchAction\",\"target\":{\"@type\":\"EntryPoint\",\"urlTemplate\":\"http:\/\/jornalismo.ufsj.edu.br\/site\/?s={search_term_string}\"},\"query-input\":\"required name=search_term_string\"}],\"inLanguage\":\"pt-BR\"},{\"@type\":\"Person\",\"@id\":\"\"}]}<\/script>\n<!-- \/ Yoast SEO plugin. -->","yoast_head_json":{"title":"Foca(s) na leitura com Alessandra de Falco - Jornalismo UFSJ","robots":{"index":"index","follow":"follow","max-snippet":"max-snippet:-1","max-image-preview":"max-image-preview:large","max-video-preview":"max-video-preview:-1"},"canonical":"http:\/\/anu.ufsj.edu.br\/site\/alunos\/focas-na-leitura-com-alessandra-de-falco\/","og_locale":"pt_BR","og_type":"article","og_title":"Foca(s) na leitura com Alessandra de Falco - Jornalismo UFSJ","og_description":"Alessandra de Falco Brasileiro \u00e9 professora do curso de Gradua\u00e7\u00e3o em Comunica\u00e7\u00e3o Social &#8211; Jornalismo na Universidade Federal de S\u00e3o Jo\u00e3o Del-Rei (UFSJ), onde profere as disciplinas: Jornalismo Online, Oficina de Jornalismo Online, Projeto Experimental em Jornalismo I e II...","og_url":"http:\/\/anu.ufsj.edu.br\/site\/alunos\/focas-na-leitura-com-alessandra-de-falco\/","og_site_name":"Jornalismo UFSJ","article_publisher":"https:\/\/www.facebook.com\/jornalismoufsj\/","article_published_time":"2016-11-18T15:49:33+00:00","article_modified_time":"2017-05-01T14:31:30+00:00","og_image":[{"url":"http:\/\/jornalismo.ufsj.edu.br\/wp-content\/uploads\/2016\/11\/alessandra-de-falco.jpg"}],"twitter_card":"summary_large_image","twitter_creator":"@jornalismoufsj","twitter_site":"@jornalismoufsj","twitter_misc":{"Escrito por":"","Est. tempo de leitura":"3 minutos"},"schema":{"@context":"https:\/\/schema.org","@graph":[{"@type":"WebPage","@id":"http:\/\/anu.ufsj.edu.br\/site\/alunos\/focas-na-leitura-com-alessandra-de-falco\/","url":"http:\/\/anu.ufsj.edu.br\/site\/alunos\/focas-na-leitura-com-alessandra-de-falco\/","name":"Foca(s) na leitura com Alessandra de Falco - Jornalismo UFSJ","isPartOf":{"@id":"http:\/\/jornalismo.ufsj.edu.br\/site\/#website"},"datePublished":"2016-11-18T15:49:33+00:00","dateModified":"2017-05-01T14:31:30+00:00","author":{"@id":""},"breadcrumb":{"@id":"http:\/\/anu.ufsj.edu.br\/site\/alunos\/focas-na-leitura-com-alessandra-de-falco\/#breadcrumb"},"inLanguage":"pt-BR","potentialAction":[{"@type":"ReadAction","target":["http:\/\/anu.ufsj.edu.br\/site\/alunos\/focas-na-leitura-com-alessandra-de-falco\/"]}]},{"@type":"BreadcrumbList","@id":"http:\/\/anu.ufsj.edu.br\/site\/alunos\/focas-na-leitura-com-alessandra-de-falco\/#breadcrumb","itemListElement":[{"@type":"ListItem","position":1,"name":"In\u00edcio","item":"http:\/\/jornalismo.ufsj.edu.br\/site\/"},{"@type":"ListItem","position":2,"name":"Foca(s) na leitura com Alessandra de Falco"}]},{"@type":"WebSite","@id":"http:\/\/jornalismo.ufsj.edu.br\/site\/#website","url":"http:\/\/jornalismo.ufsj.edu.br\/site\/","name":"Jornalismo UFSJ","description":"","potentialAction":[{"@type":"SearchAction","target":{"@type":"EntryPoint","urlTemplate":"http:\/\/jornalismo.ufsj.edu.br\/site\/?s={search_term_string}"},"query-input":"required name=search_term_string"}],"inLanguage":"pt-BR"},{"@type":"Person","@id":""}]}},"jetpack_featured_media_url":"","_links":{"self":[{"href":"http:\/\/anu.ufsj.edu.br\/site\/wp-json\/wp\/v2\/posts\/5942"}],"collection":[{"href":"http:\/\/anu.ufsj.edu.br\/site\/wp-json\/wp\/v2\/posts"}],"about":[{"href":"http:\/\/anu.ufsj.edu.br\/site\/wp-json\/wp\/v2\/types\/post"}],"author":[{"embeddable":true,"href":"http:\/\/anu.ufsj.edu.br\/site\/wp-json\/wp\/v2\/users\/3"}],"replies":[{"embeddable":true,"href":"http:\/\/anu.ufsj.edu.br\/site\/wp-json\/wp\/v2\/comments?post=5942"}],"version-history":[{"count":2,"href":"http:\/\/anu.ufsj.edu.br\/site\/wp-json\/wp\/v2\/posts\/5942\/revisions"}],"predecessor-version":[{"id":6055,"href":"http:\/\/anu.ufsj.edu.br\/site\/wp-json\/wp\/v2\/posts\/5942\/revisions\/6055"}],"wp:attachment":[{"href":"http:\/\/anu.ufsj.edu.br\/site\/wp-json\/wp\/v2\/media?parent=5942"}],"wp:term":[{"taxonomy":"category","embeddable":true,"href":"http:\/\/anu.ufsj.edu.br\/site\/wp-json\/wp\/v2\/categories?post=5942"},{"taxonomy":"post_tag","embeddable":true,"href":"http:\/\/anu.ufsj.edu.br\/site\/wp-json\/wp\/v2\/tags?post=5942"}],"curies":[{"name":"wp","href":"https:\/\/api.w.org\/{rel}","templated":true}]}}