{"id":5953,"date":"2016-11-30T16:14:40","date_gmt":"2016-11-30T16:14:40","guid":{"rendered":"http:\/\/jornalismo.ufsj.edu.br\/?p=5953"},"modified":"2017-06-27T17:31:46","modified_gmt":"2017-06-27T20:31:46","slug":"foca-no-exercito-estagio-de-correspondentes-de-assuntos-militares","status":"publish","type":"post","link":"http:\/\/anu.ufsj.edu.br\/site\/alunos\/foca-no-exercito-estagio-de-correspondentes-de-assuntos-militares\/","title":{"rendered":"Foca no Ex\u00e9rcito: Est\u00e1gio de Correspondentes de Assuntos Militares"},"content":{"rendered":"<p><img loading=\"lazy\" class=\"aligncenter wp-image-5965\" src=\"http:\/\/jornalismo.ufsj.edu.br\/wp-content\/uploads\/2016\/11\/escalada-67.jpg\" alt=\"\" width=\"746\" height=\"621\" \/><\/p>\n<p><span style=\"font-weight: 400;\">O 11\u00ba Batalh\u00e3o de Infantaria de Montanha &#8211; Regimento Tiradentes, de S\u00e3o Jo\u00e3o del-Rei, promoveu esta semana o \u00a0Est\u00e1gio de Correspondente de Assuntos Militares (ECAM) para profissionais da imprensa e estudantes de jornalismo da UFSJ. \u00a0O est\u00e1gio teve como intuito proporcionar aos estagi\u00e1rios conhecimentos espec\u00edficos a respeito do Ex\u00e9rcito Brasileiro, das especificidades da atividade jornal\u00edstica relacionada aos assuntos militares e de exercitar os conhecimentos obtidos.<\/span><\/p>\n<p>&nbsp;<\/p>\n<p><span style=\"font-weight: 400;\">Ao longo da semana, diversos assuntos foram abordados, como a hist\u00f3ria e o funcionamento do Ex\u00e9rcito, a Comunica\u00e7\u00e3o Social no meio militar, o Direito Internacional dos Conflitos Armados e a presen\u00e7a cada vez maior das mulheres nas for\u00e7as armadas. Al\u00e9m disso, os alunos visitaram as diversas depend\u00eancias da Organiza\u00e7\u00e3o Militar da cidade dos sinos e participaram de atividades pr\u00e1ticas, como a realiza\u00e7\u00e3o de entrevistas individual e coletiva e uma jornada denominada Montanha, em que participaram de diversas instru\u00e7\u00f5es militares, como primeiros socorros, sobreviv\u00eancia, orienta\u00e7\u00e3o, pista de progress\u00e3o individual e preparo e consumo de ra\u00e7\u00e3o operacional, que \u00e9 o alimento utilizado pelos combatentes. <\/span><\/p>\n<p>&nbsp;<\/p>\n<p><span style=\"font-weight: 400;\">O envolvimento de universit\u00e1rios \u00a0em opera\u00e7\u00f5es conjuntas entre os combatentes do \u00a0Ex\u00e9rcito \u00e9 uma pr\u00e1tica recorrente h\u00e1 alguns anos em batalh\u00f5es de todo o pa\u00eds e tem como objetivo difundir, no meio acad\u00eamico, o trabalho desenvolvido pelas For\u00e7as Armadas. A realiza\u00e7\u00e3o dessas opera\u00e7\u00f5es \u00e9 uma oportunidade para desenvolver e aperfei\u00e7oar o m\u00e9todo de planejamento conjunto a ser utilizado em caso de participa\u00e7\u00e3o em conflito armado ou situa\u00e7\u00e3o de crise. <\/span><\/p>\n<p>&nbsp;<\/p>\n<p><span style=\"font-weight: 400;\">O estudo das \u00faltimas guerras e conflitos mostram a import\u00e2ncia da opini\u00e3o p\u00fablica, que s\u00e3o divulgadas ao mundo por meio das informa\u00e7\u00f5es dos correspondentes de assuntos militares. Nesse contexto, a comunica\u00e7\u00e3o social encontra-se inserida de modo marcante, pois se caracteriza por ser uma ferramenta importante de apoio \u00e0 decis\u00e3o e uma atividade que interage com todas as \u00e1reas do planejamento. Considera-se que, se for bem dimensionada e conduzida, pode contribuir na a\u00e7\u00e3o das tropas e multiplicar o poder de combate.<\/span><\/p>\n<p>&nbsp;<\/p>\n<p><b>Alimenta\u00e7\u00e3o militar<\/b><\/p>\n<p>&nbsp;<\/p>\n<p><span style=\"font-weight: 400;\">Durante cinco dias, os participantes vivenciaram a experi\u00eancia de sobreviver em um ambiente de conflito, o que envolve se locomover, se abrigar, enfrentar obst\u00e1culos e, principalmente, se alimentar. Uma dieta de aproximadamente 4000 calorias, elaborada n\u00e3o apenas para garantir a energia e nutrientes necess\u00e1rios para a sobreviv\u00eancia mas tamb\u00e9m a praticidade em uma jornada cheia de desafios.<\/span><\/p>\n<p>&nbsp;<\/p>\n<p><img loading=\"lazy\" class=\" wp-image-5961 aligncenter\" src=\"http:\/\/jornalismo.ufsj.edu.br\/wp-content\/uploads\/2016\/11\/ecam.jpg\" alt=\"ecam\" width=\"335\" height=\"551\" srcset=\"http:\/\/anu.ufsj.edu.br\/site\/wp-content\/uploads\/2016\/11\/ecam.jpg 780w, http:\/\/anu.ufsj.edu.br\/site\/wp-content\/uploads\/2016\/11\/ecam-182x300.jpg 182w, http:\/\/anu.ufsj.edu.br\/site\/wp-content\/uploads\/2016\/11\/ecam-768x1264.jpg 768w, http:\/\/anu.ufsj.edu.br\/site\/wp-content\/uploads\/2016\/11\/ecam-622x1024.jpg 622w\" sizes=\"(max-width: 335px) 100vw, 335px\" \/><\/p>\n<p>&nbsp;<\/p>\n<p><span style=\"font-weight: 400;\">Os participantes aprenderam como obter seu alimento em situa\u00e7\u00e3o de sobreviv\u00eancia: quais vegetais podem ser consumidos, onde conseguir \u00e1gua e como trat\u00e1-la, como capturar e preparar animais para consumo. Al\u00e9m disso, eles tamb\u00e9m aprenderam a preparar a \u201cra\u00e7\u00e3o operacional\u201d, alimento utilizado em situa\u00e7\u00f5es de combate e outras opera\u00e7\u00f5es militares.<\/span><\/p>\n<p>&nbsp;<\/p>\n<p>&nbsp;<\/p>\n<p>&nbsp;<\/p>\n<p style=\"text-align: right;\">Texto: Essa mat\u00e9ria foi escrita em conjunto pelos alunos que realizaram o est\u00e1gio<\/p>\n<p style=\"text-align: right;\">Revis\u00e3o: Julia Benatti<\/p>\n","protected":false},"excerpt":{"rendered":"<p>O 11\u00ba Batalh\u00e3o de Infantaria de Montanha &#8211; Regimento Tiradentes, de S\u00e3o Jo\u00e3o del-Rei, promoveu esta semana o \u00a0Est\u00e1gio de Correspondente de Assuntos Militares (ECAM) para profissionais da imprensa e estudantes de jornalismo da UFSJ. \u00a0O est\u00e1gio teve como intuito&#8230;<\/p>\n","protected":false},"author":3,"featured_media":0,"comment_status":"open","ping_status":"open","sticky":false,"template":"","format":"standard","meta":{"_monsterinsights_skip_tracking":false,"_monsterinsights_sitenote_active":false,"_monsterinsights_sitenote_note":"","_monsterinsights_sitenote_category":0},"categories":[6,26,70],"tags":[],"yoast_head":"<!-- This site is optimized with the Yoast SEO plugin v20.6 - https:\/\/yoast.com\/wordpress\/plugins\/seo\/ -->\n<title>Foca no Ex\u00e9rcito: Est\u00e1gio de Correspondentes de Assuntos Militares - Jornalismo UFSJ<\/title>\n<meta name=\"robots\" content=\"index, follow, max-snippet:-1, max-image-preview:large, max-video-preview:-1\" \/>\n<link rel=\"canonical\" href=\"https:\/\/jornalismo.ufsj.edu.br\/site\/alunos\/foca-no-exercito-estagio-de-correspondentes-de-assuntos-militares\/\" \/>\n<meta property=\"og:locale\" content=\"pt_BR\" \/>\n<meta property=\"og:type\" content=\"article\" \/>\n<meta property=\"og:title\" content=\"Foca no Ex\u00e9rcito: Est\u00e1gio de Correspondentes de Assuntos Militares - Jornalismo UFSJ\" \/>\n<meta property=\"og:description\" content=\"O 11\u00ba Batalh\u00e3o de Infantaria de Montanha &#8211; Regimento Tiradentes, de S\u00e3o Jo\u00e3o del-Rei, promoveu esta semana o \u00a0Est\u00e1gio de Correspondente de Assuntos Militares (ECAM) para profissionais da imprensa e estudantes de jornalismo da UFSJ. \u00a0O est\u00e1gio teve como intuito...\" \/>\n<meta property=\"og:url\" content=\"https:\/\/jornalismo.ufsj.edu.br\/site\/alunos\/foca-no-exercito-estagio-de-correspondentes-de-assuntos-militares\/\" \/>\n<meta property=\"og:site_name\" content=\"Jornalismo UFSJ\" \/>\n<meta property=\"article:publisher\" content=\"https:\/\/www.facebook.com\/jornalismoufsj\/\" \/>\n<meta property=\"article:published_time\" content=\"2016-11-30T16:14:40+00:00\" \/>\n<meta property=\"article:modified_time\" content=\"2017-06-27T20:31:46+00:00\" \/>\n<meta property=\"og:image\" content=\"http:\/\/jornalismo.ufsj.edu.br\/wp-content\/uploads\/2016\/11\/escalada-67.jpg\" \/>\n<meta name=\"twitter:card\" content=\"summary_large_image\" \/>\n<meta name=\"twitter:creator\" content=\"@jornalismoufsj\" \/>\n<meta name=\"twitter:site\" content=\"@jornalismoufsj\" \/>\n<meta name=\"twitter:label1\" content=\"Escrito por\" \/>\n\t<meta name=\"twitter:data1\" content=\"\" \/>\n\t<meta name=\"twitter:label2\" content=\"Est. tempo de leitura\" \/>\n\t<meta name=\"twitter:data2\" content=\"3 minutos\" \/>\n<script type=\"application\/ld+json\" class=\"yoast-schema-graph\">{\"@context\":\"https:\/\/schema.org\",\"@graph\":[{\"@type\":\"WebPage\",\"@id\":\"https:\/\/jornalismo.ufsj.edu.br\/site\/alunos\/foca-no-exercito-estagio-de-correspondentes-de-assuntos-militares\/\",\"url\":\"https:\/\/jornalismo.ufsj.edu.br\/site\/alunos\/foca-no-exercito-estagio-de-correspondentes-de-assuntos-militares\/\",\"name\":\"Foca no Ex\u00e9rcito: Est\u00e1gio de Correspondentes de Assuntos Militares - Jornalismo UFSJ\",\"isPartOf\":{\"@id\":\"http:\/\/jornalismo.ufsj.edu.br\/site\/#website\"},\"datePublished\":\"2016-11-30T16:14:40+00:00\",\"dateModified\":\"2017-06-27T20:31:46+00:00\",\"author\":{\"@id\":\"\"},\"breadcrumb\":{\"@id\":\"https:\/\/jornalismo.ufsj.edu.br\/site\/alunos\/foca-no-exercito-estagio-de-correspondentes-de-assuntos-militares\/#breadcrumb\"},\"inLanguage\":\"pt-BR\",\"potentialAction\":[{\"@type\":\"ReadAction\",\"target\":[\"https:\/\/jornalismo.ufsj.edu.br\/site\/alunos\/foca-no-exercito-estagio-de-correspondentes-de-assuntos-militares\/\"]}]},{\"@type\":\"BreadcrumbList\",\"@id\":\"https:\/\/jornalismo.ufsj.edu.br\/site\/alunos\/foca-no-exercito-estagio-de-correspondentes-de-assuntos-militares\/#breadcrumb\",\"itemListElement\":[{\"@type\":\"ListItem\",\"position\":1,\"name\":\"In\u00edcio\",\"item\":\"http:\/\/jornalismo.ufsj.edu.br\/site\/\"},{\"@type\":\"ListItem\",\"position\":2,\"name\":\"Foca no Ex\u00e9rcito: Est\u00e1gio de Correspondentes de Assuntos Militares\"}]},{\"@type\":\"WebSite\",\"@id\":\"http:\/\/jornalismo.ufsj.edu.br\/site\/#website\",\"url\":\"http:\/\/jornalismo.ufsj.edu.br\/site\/\",\"name\":\"Jornalismo UFSJ\",\"description\":\"\",\"potentialAction\":[{\"@type\":\"SearchAction\",\"target\":{\"@type\":\"EntryPoint\",\"urlTemplate\":\"http:\/\/jornalismo.ufsj.edu.br\/site\/?s={search_term_string}\"},\"query-input\":\"required name=search_term_string\"}],\"inLanguage\":\"pt-BR\"},{\"@type\":\"Person\",\"@id\":\"\"}]}<\/script>\n<!-- \/ Yoast SEO plugin. -->","yoast_head_json":{"title":"Foca no Ex\u00e9rcito: Est\u00e1gio de Correspondentes de Assuntos Militares - Jornalismo UFSJ","robots":{"index":"index","follow":"follow","max-snippet":"max-snippet:-1","max-image-preview":"max-image-preview:large","max-video-preview":"max-video-preview:-1"},"canonical":"https:\/\/jornalismo.ufsj.edu.br\/site\/alunos\/foca-no-exercito-estagio-de-correspondentes-de-assuntos-militares\/","og_locale":"pt_BR","og_type":"article","og_title":"Foca no Ex\u00e9rcito: Est\u00e1gio de Correspondentes de Assuntos Militares - Jornalismo UFSJ","og_description":"O 11\u00ba Batalh\u00e3o de Infantaria de Montanha &#8211; Regimento Tiradentes, de S\u00e3o Jo\u00e3o del-Rei, promoveu esta semana o \u00a0Est\u00e1gio de Correspondente de Assuntos Militares (ECAM) para profissionais da imprensa e estudantes de jornalismo da UFSJ. \u00a0O est\u00e1gio teve como intuito...","og_url":"https:\/\/jornalismo.ufsj.edu.br\/site\/alunos\/foca-no-exercito-estagio-de-correspondentes-de-assuntos-militares\/","og_site_name":"Jornalismo UFSJ","article_publisher":"https:\/\/www.facebook.com\/jornalismoufsj\/","article_published_time":"2016-11-30T16:14:40+00:00","article_modified_time":"2017-06-27T20:31:46+00:00","og_image":[{"url":"http:\/\/jornalismo.ufsj.edu.br\/wp-content\/uploads\/2016\/11\/escalada-67.jpg"}],"twitter_card":"summary_large_image","twitter_creator":"@jornalismoufsj","twitter_site":"@jornalismoufsj","twitter_misc":{"Escrito por":"","Est. tempo de leitura":"3 minutos"},"schema":{"@context":"https:\/\/schema.org","@graph":[{"@type":"WebPage","@id":"https:\/\/jornalismo.ufsj.edu.br\/site\/alunos\/foca-no-exercito-estagio-de-correspondentes-de-assuntos-militares\/","url":"https:\/\/jornalismo.ufsj.edu.br\/site\/alunos\/foca-no-exercito-estagio-de-correspondentes-de-assuntos-militares\/","name":"Foca no Ex\u00e9rcito: Est\u00e1gio de Correspondentes de Assuntos Militares - Jornalismo UFSJ","isPartOf":{"@id":"http:\/\/jornalismo.ufsj.edu.br\/site\/#website"},"datePublished":"2016-11-30T16:14:40+00:00","dateModified":"2017-06-27T20:31:46+00:00","author":{"@id":""},"breadcrumb":{"@id":"https:\/\/jornalismo.ufsj.edu.br\/site\/alunos\/foca-no-exercito-estagio-de-correspondentes-de-assuntos-militares\/#breadcrumb"},"inLanguage":"pt-BR","potentialAction":[{"@type":"ReadAction","target":["https:\/\/jornalismo.ufsj.edu.br\/site\/alunos\/foca-no-exercito-estagio-de-correspondentes-de-assuntos-militares\/"]}]},{"@type":"BreadcrumbList","@id":"https:\/\/jornalismo.ufsj.edu.br\/site\/alunos\/foca-no-exercito-estagio-de-correspondentes-de-assuntos-militares\/#breadcrumb","itemListElement":[{"@type":"ListItem","position":1,"name":"In\u00edcio","item":"http:\/\/jornalismo.ufsj.edu.br\/site\/"},{"@type":"ListItem","position":2,"name":"Foca no Ex\u00e9rcito: Est\u00e1gio de Correspondentes de Assuntos Militares"}]},{"@type":"WebSite","@id":"http:\/\/jornalismo.ufsj.edu.br\/site\/#website","url":"http:\/\/jornalismo.ufsj.edu.br\/site\/","name":"Jornalismo UFSJ","description":"","potentialAction":[{"@type":"SearchAction","target":{"@type":"EntryPoint","urlTemplate":"http:\/\/jornalismo.ufsj.edu.br\/site\/?s={search_term_string}"},"query-input":"required name=search_term_string"}],"inLanguage":"pt-BR"},{"@type":"Person","@id":""}]}},"jetpack_featured_media_url":"","_links":{"self":[{"href":"http:\/\/anu.ufsj.edu.br\/site\/wp-json\/wp\/v2\/posts\/5953"}],"collection":[{"href":"http:\/\/anu.ufsj.edu.br\/site\/wp-json\/wp\/v2\/posts"}],"about":[{"href":"http:\/\/anu.ufsj.edu.br\/site\/wp-json\/wp\/v2\/types\/post"}],"author":[{"embeddable":true,"href":"http:\/\/anu.ufsj.edu.br\/site\/wp-json\/wp\/v2\/users\/3"}],"replies":[{"embeddable":true,"href":"http:\/\/anu.ufsj.edu.br\/site\/wp-json\/wp\/v2\/comments?post=5953"}],"version-history":[{"count":7,"href":"http:\/\/anu.ufsj.edu.br\/site\/wp-json\/wp\/v2\/posts\/5953\/revisions"}],"predecessor-version":[{"id":6124,"href":"http:\/\/anu.ufsj.edu.br\/site\/wp-json\/wp\/v2\/posts\/5953\/revisions\/6124"}],"wp:attachment":[{"href":"http:\/\/anu.ufsj.edu.br\/site\/wp-json\/wp\/v2\/media?parent=5953"}],"wp:term":[{"taxonomy":"category","embeddable":true,"href":"http:\/\/anu.ufsj.edu.br\/site\/wp-json\/wp\/v2\/categories?post=5953"},{"taxonomy":"post_tag","embeddable":true,"href":"http:\/\/anu.ufsj.edu.br\/site\/wp-json\/wp\/v2\/tags?post=5953"}],"curies":[{"name":"wp","href":"https:\/\/api.w.org\/{rel}","templated":true}]}}