{"id":6169,"date":"2017-09-07T16:48:21","date_gmt":"2017-09-07T19:48:21","guid":{"rendered":"http:\/\/jornalismo.ufsj.edu.br\/?p=6169"},"modified":"2018-06-14T18:20:33","modified_gmt":"2018-06-14T21:20:33","slug":"jornalismo-ufsj-recebe-nota-4-no-ranking-melhores-universidades-2","status":"publish","type":"post","link":"http:\/\/anu.ufsj.edu.br\/site\/jornalismoufsj\/jornalismo-ufsj-recebe-nota-4-no-ranking-melhores-universidades-2\/","title":{"rendered":"Jornalismo UFSJ recebe nota 4 no ranking \u201cMelhores Universidades\u201d"},"content":{"rendered":"<p><span style=\"font-weight: 400;\">O curso de Jornalismo da UFSJ recebeu 4 estrelas no ranking \u201cMelhores Universidades\u201d do Guia do Estudante, publica\u00e7\u00e3o da Editora Abril. A avalia\u00e7\u00e3o \u00e9 feita h\u00e1 26\u00a0anos e se trata de uma pesquisa de opini\u00e3o feita com coordenadorias de cursos de todo o Brasil.<\/span><\/p>\n<p><span style=\"font-weight: 400;\">\u00c9 o segundo ano consecutivo que o curso recebe essa avalia\u00e7\u00e3o, numa escala que vai at\u00e9 5 estrelas. Vale lembrar que esse resultado, que foi divulgado nos \u00faltimos dias, \u00e9 referente ao ano de 2016 e \u00e9 diferente do Enade, avalia\u00e7\u00e3o feita pelo Minist\u00e9rio da Educa\u00e7\u00e3o e que tamb\u00e9m pontuou o nosso curso com a nota 4.<\/span><\/p>\n<p><span style=\"font-weight: 400;\">Para K\u00e1tia Lombardi, coordenadora do curso no per\u00edodo 2015-2016, o resultado \u00e9 positivo, mas ressalta que ainda existem pontos a serem trabalhados.<\/span><\/p>\n<blockquote><p>\u201cA forma\u00e7\u00e3o dos professores \u00e9 excepcional, a estrutura que temos \u00e9 muito boa. Pegamos uma \u00e9poca certa para crescer. Mas eu acho que temos muito a melhorar. Precisamos lutar pela manuten\u00e7\u00e3o dos nossos equipamentos e adquirir os que faltam e material de consumo. Acho que o trabalho conjunto entre professores e alunos tamb\u00e9m pode melhorar.\u201d &#8211;\u00a0<strong>Katia Lombardi, coordenadora do curso 2015-2016<\/strong><\/p><\/blockquote>\n<p><b>Como \u00e9 feita a avalia\u00e7\u00e3o do Guia do Estudante?<\/b><\/p>\n<p><span style=\"font-weight: 400;\">O\u00a0<\/span><a href=\"https:\/\/guiadoestudante.abril.com.br\/universidades\/entenda-como-e-feita-a-avaliacao-de-cursos-do-guia-do-estudante\/\"><span style=\"font-weight: 400;\">processo de avalia\u00e7\u00e3o do ranking<\/span><\/a><span style=\"font-weight: 400;\">\u00a0passa por algumas etapas: a primeira \u00e9 a atualiza\u00e7\u00e3o dos dados sobre os cursos. A reda\u00e7\u00e3o do Guia entra em contato com as institui\u00e7\u00f5es de ensino superior e oferece um question\u00e1rio eletr\u00f4nico, em que as IES informam quais cursos ser\u00e3o oferecidos no pr\u00f3ximo vestibular.<\/span><\/p>\n<p><span style=\"font-weight: 400;\">Ap\u00f3s esse processo, a publica\u00e7\u00e3o escolhe quais cursos ser\u00e3o avaliados, atrav\u00e9s de alguns requisitos, como:<\/span><\/p>\n<ul>\n<li><strong>oferecer titula\u00e7\u00e3o de Bacharelado;<\/strong><\/li>\n<li><strong>ter uma turma formada em 2014 ou antes (a primeira turma de Jornalismo da UFSJ se formou em 2012);<\/strong><\/li>\n<li><strong>ser presencial;<\/strong><\/li>\n<li><strong>ter turmas em forma\u00e7\u00e3o<\/strong><\/li>\n<li><strong>oferecer vagas para o pr\u00f3ximo processo seletivo.<\/strong><\/li>\n<\/ul>\n<p><strong><br \/>\n<\/strong>Dos 30 mil cursos levantados no ano passado, pouco mais de 13 mil foram realmente analisados.<\/p>\n<p><span style=\"font-weight: 400;\">Atendidos os requisitos, a reda\u00e7\u00e3o do Guia do Estudante entra em contato com a coordenadoria dos cursos e encaminha um question\u00e1rio composto de 21 perguntas que abordam temas como corpo docente, projeto did\u00e1tico-pedag\u00f3gico, dados sobre o trip\u00e9 \u201censino-pesquisa-extens\u00e3o\u201d, internacionaliza\u00e7\u00e3o, inser\u00e7\u00e3o dos alunos no mercado de trabalho, infraestrutura e oferta p\u00f3s-gradua\u00e7\u00e3o.<\/span><\/p>\n<p><span style=\"font-weight: 400;\">As respostas deste question\u00e1rio servem de embasamento para a avalia\u00e7\u00e3o dos pareceristas, que s\u00e3o professores-acad\u00eamicos cadastrados na plataforma Lattes do CNPq.<\/span><\/p>\n<p><span style=\"font-weight: 400;\">Cada curso recebe a avalia\u00e7\u00e3o em estrelas de pelo menos sete avaliadores, selecionados de acordo com \u00e1rea de atua\u00e7\u00e3o e localiza\u00e7\u00e3o. \u00c9 proibido que um parecerista avalie um curso da institui\u00e7\u00e3o a que est\u00e1 vinculado, ou seja,<strong>\u00a0professores da UFSJ n\u00e3o podem avaliar os cursos da Universidade.<\/strong><\/span><\/p>\n<p><span style=\"font-weight: 400;\">A nota de cada um dos avaliadores \u00e9 a m\u00e9dia simples das notas dos pareceristas. Para fins de clareza, excluem-se a maior e menor nota dada pelos pareceristas e faz-se a m\u00e9dia simples da soma das 5 notas v\u00e1lidas.<\/span><\/p>\n<p><span style=\"font-weight: 400;\">O conceito final \u00e9 calculado considerando as notas das duas \u00faltimas avalia\u00e7\u00f5es.<\/span>\u00a0<span style=\"font-weight: 400;\">O ranking varia de 1 a 5 estrelas. S\u00f3 s\u00e3o divulgadas as notas dos cursos que pontuam de 3 a 5 estrelas.<\/span><\/p>\n<p><b>MEC tamb\u00e9m avalia qualidade dos cursos<\/b><\/p>\n<p><span style=\"font-weight: 400;\">O\u00a0<\/span><a href=\"http:\/\/inep.gov.br\/conceito-enade\"><span style=\"font-weight: 400;\">Exame Nacional de Desempenho dos Estudantes<\/span><\/a><span style=\"font-weight: 400;\">\u00a0(ENADE) \u00e9 um dos indicadores de qualidade utilizado pelo Minist\u00e9rio da Educa\u00e7\u00e3o do Governo Federal (MEC) para avaliar cursos ofertados por Institui\u00e7\u00f5es de Ensino Superior p\u00fablicas atrav\u00e9s de seus alunos. A prova compreende \u00e1reas do conhecimento vinculadas \u00e0 \u00e1rea de atua\u00e7\u00e3o dos cursos (no nosso caso, Ci\u00eancias Sociais Aplicadas, Ci\u00eancias Humanas e \u00e1reas afins).<\/span><\/p>\n<p><span style=\"font-weight: 400;\">Fazem a prova presencial os alunos que acabaram de ingressar no curso (cursaram at\u00e9 25% da carga hor\u00e1ria) e os formandos (cursaram 75% ou mais da carga hor\u00e1ria). Al\u00e9m disso, coordenadores de curso tamb\u00e9m respondem a um question\u00e1rio.\u00a0<\/span><span style=\"font-weight: 400;\">As avalia\u00e7\u00f5es acontecem a cada 3 anos.<\/span><\/p>\n<p>No caso do curso de Jornalismo da UFSJ, foram duas avalia\u00e7\u00f5es desde a cria\u00e7\u00e3o.<strong>\u00a0<a href=\"http:\/\/jornalismo.ufsj.edu.br\/sem-categoria\/jornalismo-ufsj-esta-entre-os-tres-melhores-do-pais\/\">A primeira avalia\u00e7\u00e3o foi em 2012 e colocou a UFSJ entre os melhores cursos do pa\u00eds<\/a>;\u00a0e a \u00faltima avalia\u00e7\u00e3o foi em 2015, em que fomos avaliados com nota 4,\u00a0<\/strong><strong>numa escala que varia de 1 a 5.\u00a0<\/strong><span style=\"font-weight: 400;\">O crit\u00e9rio adotado define que as notas 1 e 2 s\u00e3o insatisfat\u00f3rias, a nota 3 \u00e9 considerada satisfat\u00f3ria (atende a expectativa do INEP\/MEC), enquanto 4 e 5 indicam n\u00edveis mais elevados de qualidade.<\/span><\/p>\n","protected":false},"excerpt":{"rendered":"<p>O curso de Jornalismo da UFSJ recebeu 4 estrelas no ranking \u201cMelhores Universidades\u201d do Guia do Estudante, publica\u00e7\u00e3o da Editora Abril. A avalia\u00e7\u00e3o \u00e9 feita h\u00e1 26\u00a0anos e se trata de uma pesquisa de opini\u00e3o feita com coordenadorias de cursos&#8230;<\/p>\n","protected":false},"author":3,"featured_media":6153,"comment_status":"open","ping_status":"open","sticky":false,"template":"","format":"standard","meta":{"_monsterinsights_skip_tracking":false,"_monsterinsights_sitenote_active":false,"_monsterinsights_sitenote_note":"","_monsterinsights_sitenote_category":0},"categories":[43],"tags":[101,99,100,97,94,98,95,96],"yoast_head":"<!-- This site is optimized with the Yoast SEO plugin v20.6 - https:\/\/yoast.com\/wordpress\/plugins\/seo\/ -->\n<title>Jornalismo UFSJ recebe nota 4 no ranking \u201cMelhores Universidades\u201d - Jornalismo UFSJ<\/title>\n<meta name=\"robots\" content=\"index, follow, max-snippet:-1, max-image-preview:large, max-video-preview:-1\" \/>\n<link rel=\"canonical\" href=\"http:\/\/anu.ufsj.edu.br\/site\/jornalismoufsj\/jornalismo-ufsj-recebe-nota-4-no-ranking-melhores-universidades-2\/\" \/>\n<meta property=\"og:locale\" content=\"pt_BR\" \/>\n<meta property=\"og:type\" content=\"article\" \/>\n<meta property=\"og:title\" content=\"Jornalismo UFSJ recebe nota 4 no ranking \u201cMelhores Universidades\u201d - Jornalismo UFSJ\" \/>\n<meta property=\"og:description\" content=\"O curso de Jornalismo da UFSJ recebeu 4 estrelas no ranking \u201cMelhores Universidades\u201d do Guia do Estudante, publica\u00e7\u00e3o da Editora Abril. A avalia\u00e7\u00e3o \u00e9 feita h\u00e1 26\u00a0anos e se trata de uma pesquisa de opini\u00e3o feita com coordenadorias de cursos...\" \/>\n<meta property=\"og:url\" content=\"http:\/\/anu.ufsj.edu.br\/site\/jornalismoufsj\/jornalismo-ufsj-recebe-nota-4-no-ranking-melhores-universidades-2\/\" \/>\n<meta property=\"og:site_name\" content=\"Jornalismo UFSJ\" \/>\n<meta property=\"article:publisher\" content=\"https:\/\/www.facebook.com\/jornalismoufsj\/\" \/>\n<meta property=\"article:published_time\" content=\"2017-09-07T19:48:21+00:00\" \/>\n<meta property=\"article:modified_time\" content=\"2018-06-14T21:20:33+00:00\" \/>\n<meta property=\"og:image\" content=\"http:\/\/anu.ufsj.edu.br\/site\/wp-content\/uploads\/2017\/09\/21318832_10214668318765908_3582888575865977086_o.jpg\" \/>\n\t<meta property=\"og:image:width\" content=\"1123\" \/>\n\t<meta property=\"og:image:height\" content=\"662\" \/>\n\t<meta property=\"og:image:type\" content=\"image\/jpeg\" \/>\n<meta name=\"twitter:card\" content=\"summary_large_image\" \/>\n<meta name=\"twitter:creator\" content=\"@jornalismoufsj\" \/>\n<meta name=\"twitter:site\" content=\"@jornalismoufsj\" \/>\n<meta name=\"twitter:label1\" content=\"Escrito por\" \/>\n\t<meta name=\"twitter:data1\" content=\"\" \/>\n\t<meta name=\"twitter:label2\" content=\"Est. tempo de leitura\" \/>\n\t<meta name=\"twitter:data2\" content=\"4 minutos\" \/>\n<script type=\"application\/ld+json\" class=\"yoast-schema-graph\">{\"@context\":\"https:\/\/schema.org\",\"@graph\":[{\"@type\":\"WebPage\",\"@id\":\"http:\/\/anu.ufsj.edu.br\/site\/jornalismoufsj\/jornalismo-ufsj-recebe-nota-4-no-ranking-melhores-universidades-2\/\",\"url\":\"http:\/\/anu.ufsj.edu.br\/site\/jornalismoufsj\/jornalismo-ufsj-recebe-nota-4-no-ranking-melhores-universidades-2\/\",\"name\":\"Jornalismo UFSJ recebe nota 4 no ranking \u201cMelhores Universidades\u201d - Jornalismo UFSJ\",\"isPartOf\":{\"@id\":\"http:\/\/jornalismo.ufsj.edu.br\/site\/#website\"},\"datePublished\":\"2017-09-07T19:48:21+00:00\",\"dateModified\":\"2018-06-14T21:20:33+00:00\",\"author\":{\"@id\":\"\"},\"breadcrumb\":{\"@id\":\"http:\/\/anu.ufsj.edu.br\/site\/jornalismoufsj\/jornalismo-ufsj-recebe-nota-4-no-ranking-melhores-universidades-2\/#breadcrumb\"},\"inLanguage\":\"pt-BR\",\"potentialAction\":[{\"@type\":\"ReadAction\",\"target\":[\"http:\/\/anu.ufsj.edu.br\/site\/jornalismoufsj\/jornalismo-ufsj-recebe-nota-4-no-ranking-melhores-universidades-2\/\"]}]},{\"@type\":\"BreadcrumbList\",\"@id\":\"http:\/\/anu.ufsj.edu.br\/site\/jornalismoufsj\/jornalismo-ufsj-recebe-nota-4-no-ranking-melhores-universidades-2\/#breadcrumb\",\"itemListElement\":[{\"@type\":\"ListItem\",\"position\":1,\"name\":\"In\u00edcio\",\"item\":\"http:\/\/jornalismo.ufsj.edu.br\/site\/\"},{\"@type\":\"ListItem\",\"position\":2,\"name\":\"Jornalismo UFSJ recebe nota 4 no ranking \u201cMelhores Universidades\u201d\"}]},{\"@type\":\"WebSite\",\"@id\":\"http:\/\/jornalismo.ufsj.edu.br\/site\/#website\",\"url\":\"http:\/\/jornalismo.ufsj.edu.br\/site\/\",\"name\":\"Jornalismo UFSJ\",\"description\":\"\",\"potentialAction\":[{\"@type\":\"SearchAction\",\"target\":{\"@type\":\"EntryPoint\",\"urlTemplate\":\"http:\/\/jornalismo.ufsj.edu.br\/site\/?s={search_term_string}\"},\"query-input\":\"required name=search_term_string\"}],\"inLanguage\":\"pt-BR\"},{\"@type\":\"Person\",\"@id\":\"\"}]}<\/script>\n<!-- \/ Yoast SEO plugin. -->","yoast_head_json":{"title":"Jornalismo UFSJ recebe nota 4 no ranking \u201cMelhores Universidades\u201d - Jornalismo UFSJ","robots":{"index":"index","follow":"follow","max-snippet":"max-snippet:-1","max-image-preview":"max-image-preview:large","max-video-preview":"max-video-preview:-1"},"canonical":"http:\/\/anu.ufsj.edu.br\/site\/jornalismoufsj\/jornalismo-ufsj-recebe-nota-4-no-ranking-melhores-universidades-2\/","og_locale":"pt_BR","og_type":"article","og_title":"Jornalismo UFSJ recebe nota 4 no ranking \u201cMelhores Universidades\u201d - Jornalismo UFSJ","og_description":"O curso de Jornalismo da UFSJ recebeu 4 estrelas no ranking \u201cMelhores Universidades\u201d do Guia do Estudante, publica\u00e7\u00e3o da Editora Abril. A avalia\u00e7\u00e3o \u00e9 feita h\u00e1 26\u00a0anos e se trata de uma pesquisa de opini\u00e3o feita com coordenadorias de cursos...","og_url":"http:\/\/anu.ufsj.edu.br\/site\/jornalismoufsj\/jornalismo-ufsj-recebe-nota-4-no-ranking-melhores-universidades-2\/","og_site_name":"Jornalismo UFSJ","article_publisher":"https:\/\/www.facebook.com\/jornalismoufsj\/","article_published_time":"2017-09-07T19:48:21+00:00","article_modified_time":"2018-06-14T21:20:33+00:00","og_image":[{"width":1123,"height":662,"url":"http:\/\/anu.ufsj.edu.br\/site\/wp-content\/uploads\/2017\/09\/21318832_10214668318765908_3582888575865977086_o.jpg","type":"image\/jpeg"}],"twitter_card":"summary_large_image","twitter_creator":"@jornalismoufsj","twitter_site":"@jornalismoufsj","twitter_misc":{"Escrito por":"","Est. tempo de leitura":"4 minutos"},"schema":{"@context":"https:\/\/schema.org","@graph":[{"@type":"WebPage","@id":"http:\/\/anu.ufsj.edu.br\/site\/jornalismoufsj\/jornalismo-ufsj-recebe-nota-4-no-ranking-melhores-universidades-2\/","url":"http:\/\/anu.ufsj.edu.br\/site\/jornalismoufsj\/jornalismo-ufsj-recebe-nota-4-no-ranking-melhores-universidades-2\/","name":"Jornalismo UFSJ recebe nota 4 no ranking \u201cMelhores Universidades\u201d - Jornalismo UFSJ","isPartOf":{"@id":"http:\/\/jornalismo.ufsj.edu.br\/site\/#website"},"datePublished":"2017-09-07T19:48:21+00:00","dateModified":"2018-06-14T21:20:33+00:00","author":{"@id":""},"breadcrumb":{"@id":"http:\/\/anu.ufsj.edu.br\/site\/jornalismoufsj\/jornalismo-ufsj-recebe-nota-4-no-ranking-melhores-universidades-2\/#breadcrumb"},"inLanguage":"pt-BR","potentialAction":[{"@type":"ReadAction","target":["http:\/\/anu.ufsj.edu.br\/site\/jornalismoufsj\/jornalismo-ufsj-recebe-nota-4-no-ranking-melhores-universidades-2\/"]}]},{"@type":"BreadcrumbList","@id":"http:\/\/anu.ufsj.edu.br\/site\/jornalismoufsj\/jornalismo-ufsj-recebe-nota-4-no-ranking-melhores-universidades-2\/#breadcrumb","itemListElement":[{"@type":"ListItem","position":1,"name":"In\u00edcio","item":"http:\/\/jornalismo.ufsj.edu.br\/site\/"},{"@type":"ListItem","position":2,"name":"Jornalismo UFSJ recebe nota 4 no ranking \u201cMelhores Universidades\u201d"}]},{"@type":"WebSite","@id":"http:\/\/jornalismo.ufsj.edu.br\/site\/#website","url":"http:\/\/jornalismo.ufsj.edu.br\/site\/","name":"Jornalismo UFSJ","description":"","potentialAction":[{"@type":"SearchAction","target":{"@type":"EntryPoint","urlTemplate":"http:\/\/jornalismo.ufsj.edu.br\/site\/?s={search_term_string}"},"query-input":"required name=search_term_string"}],"inLanguage":"pt-BR"},{"@type":"Person","@id":""}]}},"jetpack_featured_media_url":"http:\/\/anu.ufsj.edu.br\/site\/wp-content\/uploads\/2017\/09\/21318832_10214668318765908_3582888575865977086_o.jpg","_links":{"self":[{"href":"http:\/\/anu.ufsj.edu.br\/site\/wp-json\/wp\/v2\/posts\/6169"}],"collection":[{"href":"http:\/\/anu.ufsj.edu.br\/site\/wp-json\/wp\/v2\/posts"}],"about":[{"href":"http:\/\/anu.ufsj.edu.br\/site\/wp-json\/wp\/v2\/types\/post"}],"author":[{"embeddable":true,"href":"http:\/\/anu.ufsj.edu.br\/site\/wp-json\/wp\/v2\/users\/3"}],"replies":[{"embeddable":true,"href":"http:\/\/anu.ufsj.edu.br\/site\/wp-json\/wp\/v2\/comments?post=6169"}],"version-history":[{"count":5,"href":"http:\/\/anu.ufsj.edu.br\/site\/wp-json\/wp\/v2\/posts\/6169\/revisions"}],"predecessor-version":[{"id":6175,"href":"http:\/\/anu.ufsj.edu.br\/site\/wp-json\/wp\/v2\/posts\/6169\/revisions\/6175"}],"wp:featuredmedia":[{"embeddable":true,"href":"http:\/\/anu.ufsj.edu.br\/site\/wp-json\/wp\/v2\/media\/6153"}],"wp:attachment":[{"href":"http:\/\/anu.ufsj.edu.br\/site\/wp-json\/wp\/v2\/media?parent=6169"}],"wp:term":[{"taxonomy":"category","embeddable":true,"href":"http:\/\/anu.ufsj.edu.br\/site\/wp-json\/wp\/v2\/categories?post=6169"},{"taxonomy":"post_tag","embeddable":true,"href":"http:\/\/anu.ufsj.edu.br\/site\/wp-json\/wp\/v2\/tags?post=6169"}],"curies":[{"name":"wp","href":"https:\/\/api.w.org\/{rel}","templated":true}]}}