{"id":6439,"date":"2018-11-07T17:46:48","date_gmt":"2018-11-07T20:46:48","guid":{"rendered":"http:\/\/jornalismo.ufsj.edu.br\/?p=6439"},"modified":"2018-11-08T16:43:36","modified_gmt":"2018-11-08T19:43:36","slug":"um-bom-motivo-para-estar-longe-casa","status":"publish","type":"post","link":"http:\/\/anu.ufsj.edu.br\/site\/alunos\/um-bom-motivo-para-estar-longe-casa\/","title":{"rendered":"Um bom motivo para estar longe de casa"},"content":{"rendered":"<p style=\"text-align: justify;\"><em>A experi\u00eancia fora do \u00e2mbito familiar possui condi\u00e7\u00f5es amb\u00edguas que implicam mudan\u00e7as tanto para os estudantes, quanto para a cidade que os recebe. \u00a0Confira na reportagem abaixo: <\/em><\/p>\n<p>&nbsp;<\/p>\n<p style=\"text-align: right;\">Arthur Raposo Gomes, Isadora Rufo,<br \/>\nJuliana Paravizo Mira e Pedro Lago<\/p>\n<p style=\"text-align: justify;\">Em 2018, a <a href=\"https:\/\/www.ufsj.edu.br\/\">Universidade Federal de S\u00e3o Jo\u00e3o del Rei (UFSJ)<\/a> completou seu trig\u00e9simo primeiro anivers\u00e1rio. Durante esse tempo, a institui\u00e7\u00e3o passou por importantes transforma\u00e7\u00f5es que influenciaram na sua reestrutura\u00e7\u00e3o como organiza\u00e7\u00e3o de ensino p\u00fablico e agente social.<\/p>\n<p style=\"text-align: justify;\">Algumas iniciativas, como por exemplo, a elabora\u00e7\u00e3o do Plano de Desenvolvimento Institucional (PDI), desenvolvido pelo Minist\u00e9rio da Educa\u00e7\u00e3o (MEC) tinha entre suas principais vertentes, programas como o <a href=\"http:\/\/reuni.mec.gov.br\/o-que-e-o-reuni\">REUNI<\/a> que, valorizavam o fortalecimento e a interioriza\u00e7\u00e3o do ensino p\u00fablico, al\u00e9m da amplia\u00e7\u00e3o das condi\u00e7\u00f5es de acesso e perman\u00eancia oferecidas aos estudantes.<\/p>\n<p style=\"text-align: justify;\">Diante desse novo cen\u00e1rio, a UFSJ sofreu um processo de crescimento significativo. Entre 2006 e 2009, a Universidade atendia cerca de 3.573 alunos. Atualmente, possui campi tamb\u00e9m em Ouro Branco, Divin\u00f3polis e Sete Lagoas, contando com aproximadamente 11.289 estudantes, sendo 6.983 somente em S\u00e3o Jo\u00e3o del Rei.<\/p>\n<p style=\"text-align: justify;\">Entre os alunos do campus Sede est\u00e1, Victor Hugo Teixeira, 21, estudante do sexto per\u00edodo de Engenharia de Produ\u00e7\u00e3o e natural de Campo Belo, sul de Minas Gerais. O jovem lembra que a princ\u00edpio sua ideia era estudar em Belo Horizonte, mas sua nota n\u00e3o foi suficiente para pleitear uma vaga na capital mineira. Gra\u00e7as \u00e0 unifica\u00e7\u00e3o do vestibular, por meio do Exame Nacional do Ensino M\u00e9dio (ENEM), Victor p\u00f4de continuar na disputa e emplacou uma cadeira no curso desejado.<\/p>\n<p>&nbsp;<\/p>\n<h6 style=\"text-align: center;\"><img loading=\"lazy\" class=\"wp-image-6440 aligncenter\" src=\"http:\/\/jornalismo.ufsj.edu.br\/wp-content\/uploads\/2018\/11\/Foto-07-11-2018-18-38-40-1024x768.jpg\" alt=\"\" width=\"630\" height=\"472\" srcset=\"http:\/\/anu.ufsj.edu.br\/site\/wp-content\/uploads\/2018\/11\/Foto-07-11-2018-18-38-40-1024x768.jpg 1024w, http:\/\/anu.ufsj.edu.br\/site\/wp-content\/uploads\/2018\/11\/Foto-07-11-2018-18-38-40-300x225.jpg 300w, http:\/\/anu.ufsj.edu.br\/site\/wp-content\/uploads\/2018\/11\/Foto-07-11-2018-18-38-40-768x576.jpg 768w, http:\/\/anu.ufsj.edu.br\/site\/wp-content\/uploads\/2018\/11\/Foto-07-11-2018-18-38-40.jpg 1280w\" sizes=\"(max-width: 630px) 100vw, 630px\" \/><\/h6>\n<h6 style=\"text-align: center;\"><strong><em>Victor Hugo conta sobre a sua experi\u00eancia ao vir para S\u00e3o Jo\u00e3o del Rei e <\/em><\/strong><strong><em>comenta sobre as ambiguidades de morar sozinho. \u00a0(Foto: Isadora Rufo)<\/em><\/strong><\/h6>\n<p style=\"text-align: justify;\">\u201cQuando cheguei, eu n\u00e3o conhecia nada, na ra\u00e7a, acabou dando tudo certo, inclusive, fui surpreendido pela vinda de outros amigos para a UFSJ\u201d, disse. O estudante conta que a experi\u00eancia tem agregado muito para a sua forma\u00e7\u00e3o pessoal, segundo ele, estar em outro lugar com pessoas diferentes serviu para ampliar a sua perspectiva sobre a vida e de como lidar com ela, \u201cCampo Belo era uma cidade menor, eu vivia meio que numa \u2018bolha social\u2019, j\u00e1 aqui, eu tive a oportunidade de ter acesso e a conviver com outras culturas e costumes\u201d.<\/p>\n<p style=\"text-align: justify;\">O estudante de engenharia de produ\u00e7\u00e3o contou que a priori, morava numa rep\u00fablica, na qual dividia as despesas com outras duas pessoas. Para o jovem, a experi\u00eancia foi interessante, mas n\u00e3o durou muito tempo. Ap\u00f3s um ano, Victor Hugo resolveu morar sozinho e decidiu que era hora de se mudar. \u201cEu me sinto muito bem assim. Tenho uma forma particular de encarar as coisas e tamb\u00e9m gosto da liberdade, morar sozinho me proporcionou mais espa\u00e7o e autonomia\u201d. No que se refere aos custos, o jovem comentou que as despesas aumentaram cerca de 130% em rela\u00e7\u00e3o ao que gastava no in\u00edcio da faculdade, fato inclusive, que o tem feito pensar na possibilidade de se mudar para um local mais econ\u00f4mico.<\/p>\n<p style=\"text-align: justify;\">Se para uns essa \u00e9 uma op\u00e7\u00e3o, para outros, isso nem passa pela cabe\u00e7a. Como \u00e9 o caso de Igor Moraes, 23. Depois de viajar todos os dias de Barbacena para S\u00e3o Jo\u00e3o del Rei durante o primeiro semestre letivo, o ent\u00e3o estudante de Gest\u00e3o de Tecnologia de Informa\u00e7\u00e3o, no IF Sudeste MG \u2013 Campus S\u00e3o Jo\u00e3o del Rei, concluiu que n\u00e3o pretendia ficar em sua cidade natal depois de se formar. O jovem comentou que seu principal objetivo era se adaptar com o fato de estar longe de casa. \u201cComo S\u00e3o Jo\u00e3o del Rei \u00e9 perto, acabou me oferecendo uma \u00f3tima transi\u00e7\u00e3o\u201d. Apesar de estar a cerca de 60 quil\u00f4metros da casa dos pais, ele confessa que j\u00e1 precisou ficar dois meses sem visit\u00e1-los, e quando questionado sobre o que mais sente falta da \u00e9poca que morava com sua fam\u00edlia, ele admite: \u201cNa verdade, eu sinto saudade de tudo\u201d.<\/p>\n<p style=\"text-align: justify;\">Em dezembro de 2017, Igor concluiu o seu curso de gradua\u00e7\u00e3o e voltou para a casa dos pais. O retorno, no entanto, n\u00e3o durou muito tempo. Em agosto desse ano, ele foi aprovado no processo seletivo do Programa de P\u00f3s-Gradua\u00e7\u00e3o em Ci\u00eancias da Computa\u00e7\u00e3o da UFSJ e retornou para a mesma rep\u00fablica que havia residido anteriormente. Ele revela que o que motivou, foi o fato de acreditar que ali, havia sido feitas grande amizades e tido um aprendizado que levar\u00e1 para a vida toda. \u201cQuando eu ingressei no mestrado aqui em S\u00e3o Jo\u00e3o del-Rei, senti que o objetivo da minha entrada (na rep\u00fablica) ainda n\u00e3o tinha sido conclu\u00eddo\u201d, ressaltou.<\/p>\n<p><iframe loading=\"lazy\" src=\"https:\/\/docs.google.com\/forms\/d\/e\/1FAIpQLSdEc6h-R33aueKrYLjnmxOaTSv0iMMXT9Dx7B_19en_JGukeQ\/viewform?embedded=true\" width=\"640\" height=\"631\" frameborder=\"0\" marginwidth=\"0\" marginheight=\"0\">Carregando\u2026<\/iframe><\/p>\n<p style=\"text-align: justify;\">Ao ser questionado sobre as coisas que aprendeu durante a sua passagem pelo local, Igor n\u00e3o titubeou, \u201cseguimos um sistema hier\u00e1rquico, por tempo de rep\u00fablica, e por ele, aprendemos valiosas li\u00e7\u00f5es de respeito e gest\u00e3o de pessoas. N\u00e3o no sentido de abaixar a cabe\u00e7a para qualquer coisa que um veterano fala, mas sim, no sentido, de saber falar e ouvir\u201d. O mestrando destacou que &#8220;al\u00e9m da complexidade em manter uma rep\u00fablica tradicional durante tanto tempo ativa, realizar eventos de grande porte e administrar uma cervejaria, demandam muita responsabilidade de cada um dos moradores\u201d.<\/p>\n<p><img loading=\"lazy\" class=\"aligncenter wp-image-6441\" src=\"http:\/\/jornalismo.ufsj.edu.br\/wp-content\/uploads\/2018\/11\/19105786_1062898567175934_5599461046850641544_n.jpg\" alt=\"\" width=\"632\" height=\"389\" srcset=\"http:\/\/anu.ufsj.edu.br\/site\/wp-content\/uploads\/2018\/11\/19105786_1062898567175934_5599461046850641544_n.jpg 960w, http:\/\/anu.ufsj.edu.br\/site\/wp-content\/uploads\/2018\/11\/19105786_1062898567175934_5599461046850641544_n-300x185.jpg 300w, http:\/\/anu.ufsj.edu.br\/site\/wp-content\/uploads\/2018\/11\/19105786_1062898567175934_5599461046850641544_n-768x473.jpg 768w\" sizes=\"(max-width: 632px) 100vw, 632px\" \/><\/p>\n<h6 style=\"text-align: center;\"><strong><em>Al\u00e9m de dividir as despesas da casa, Igor (no centro direito da foto, usando camisa xadrez verde) e seus colegas de rep\u00fablica compartilham outras responsabilidades, como a promo\u00e7\u00e3o de eventos e a gest\u00e3o de uma cervejaria. (Foto: Arquivo pessoal)<\/em><\/strong><\/h6>\n<p>&nbsp;<\/p>\n<p style=\"text-align: justify;\">A rep\u00fablica de Igor faz parte de uma associa\u00e7\u00e3o, a <a href=\"https:\/\/www.facebook.com\/ruaufsj\/\">RUA<\/a>, organizada pelos pr\u00f3prios jovens que perceberam a necessidade de criar um projeto, que pudesse unir as rep\u00fablicas e represent\u00e1-los em suas respectivas demandas. A RUA, Rep\u00fablicas Unidas Associadas, tem um total de setenta e seis rep\u00fablicas, das quais quarenta e tr\u00eas s\u00e3o masculinas e trinta femininas. A localiza\u00e7\u00e3o da maioria se encontra entre os bairros Centro e Tijuco.<\/p>\n<p style=\"text-align: justify;\">A professora do curso de Economia, Aline Cruz, participou de estudos recentes sobre o perfil socioecon\u00f4mico dos discentes da UFSJ que moram em rep\u00fablicas universit\u00e1rias. Confira abaixo, uma entrevista com a professora e clique no <a href=\"https:\/\/drive.google.com\/open?id=1-YDbAp8zS544RqVEkBqPxA2nD2qBD0oq\">link<\/a> para acessar mais informa\u00e7\u00f5es sobre os gastos dos republicanos.<\/p>\n<p>&nbsp;<\/p>\n<p><iframe loading=\"lazy\" src=\"https:\/\/drive.google.com\/file\/d\/1IuWvHAZf5WlaEUd-GE5ZuqSZVz8c2vGI\/preview\" width=\"640\" height=\"480\"><\/iframe><\/p>\n<p>&nbsp;<\/p>\n<p style=\"text-align: justify;\">Entre as justificativas para residir em rep\u00fablicas mais recorrentes durante a pesquisa est\u00e3o a proximidade com a UFSJ, os amigos e o baixo valor de aluguel. Apenas 5,75% desses entrevistados possuem emprego fixo e 64,85% custeiam suas despesas financeiras atrav\u00e9s de mesadas enviadas por familiares.<\/p>\n<p>&nbsp;<\/p>\n<h3>Morar longe de casa n\u00e3o \u00e9 privil\u00e9gio, \u00e9 direito<\/h3>\n<h6><img loading=\"lazy\" class=\"wp-image-6446 aligncenter\" src=\"http:\/\/jornalismo.ufsj.edu.br\/wp-content\/uploads\/2018\/11\/IMG_0896-1024x768.jpg\" alt=\"\" width=\"614\" height=\"460\" srcset=\"http:\/\/anu.ufsj.edu.br\/site\/wp-content\/uploads\/2018\/11\/IMG_0896-1024x768.jpg 1024w, http:\/\/anu.ufsj.edu.br\/site\/wp-content\/uploads\/2018\/11\/IMG_0896-300x225.jpg 300w, http:\/\/anu.ufsj.edu.br\/site\/wp-content\/uploads\/2018\/11\/IMG_0896-768x576.jpg 768w\" sizes=\"(max-width: 614px) 100vw, 614px\" \/><\/h6>\n<h6 style=\"text-align: center;\"><em>Moradia estudantil da UFSJ \u00e9 instalada no CTAN e dividida em apartamentos. (Foto: Arthur Raposo Gomes)<\/em><\/h6>\n<p style=\"text-align: justify;\">A moradia estudantil, faz parte do <a href=\"http:\/\/portal.mec.gov.br\/pnaes\">Programa Nacional de Assist\u00eancia Estudantil<\/a> e surge como uma alternativa para os discentes em primeira gradua\u00e7\u00e3o, cuja a situa\u00e7\u00e3o socioecon\u00f4mica pode comprometer ou, at\u00e9 mesmo, impedir a perman\u00eancia na institui\u00e7\u00e3o.<\/p>\n<p style=\"text-align: justify;\">De acordo com a <a href=\"https:\/\/ufsj.edu.br\/portal2-repositorio\/File\/soces\/Res015Consu2014_RegulamentoMoradiaEstudantil.pdf\">Resolu\u00e7\u00e3o n 15<\/a>, de 9 de junho de 2014, o local tem por finalidade garantir \u00e0 habita\u00e7\u00e3o ao estudante, promovendo condi\u00e7\u00f5es dignas para uma forma\u00e7\u00e3o pessoal, de consci\u00eancia social e profissional.<\/p>\n<p style=\"text-align: justify;\">Atualmente, a moradia abriga 51 moradores, sendo 32 homens e 19 mulheres, vindos de diversas regi\u00f5es do pa\u00eds, confira:<\/p>\n<p><img loading=\"lazy\" class=\"aligncenter size-full wp-image-6447\" src=\"http:\/\/jornalismo.ufsj.edu.br\/wp-content\/uploads\/2018\/11\/GRAFICO-PROAE.jpg\" alt=\"\" width=\"541\" height=\"264\" srcset=\"http:\/\/anu.ufsj.edu.br\/site\/wp-content\/uploads\/2018\/11\/GRAFICO-PROAE.jpg 541w, http:\/\/anu.ufsj.edu.br\/site\/wp-content\/uploads\/2018\/11\/GRAFICO-PROAE-300x146.jpg 300w\" sizes=\"(max-width: 541px) 100vw, 541px\" \/><\/p>\n<p>&nbsp;<\/p>\n<p style=\"text-align: justify;\">Entre os estudantes encontramos Raruza Keara, 28, graduanda em Teatro \u2013 curso lotado no Campus Tancredo Neves (CTAN). A jovem conta que pleiteou a vaga na moradia justamente pelas quest\u00f5es financeiras que poderiam comprometer os seus estudos.<\/p>\n<p style=\"text-align: justify;\">A estudante confessa que \u201cmorar no campus em que estuda \u00e9 bem vantajoso. Para sair (para festas), nem tanto\u201d. Apesar disso, ela recomenda a moradia para os futuros universit\u00e1rios da UFSJ, \u201cpodem vir sem medo. A cidade \u00e9 bem acolhedora e o pessoal da universidade tamb\u00e9m. Na moradia, o apartamento 419 \u00e9 o melhor para se morar\u201d, ela brinca.<\/p>\n<p>&nbsp;<\/p>\n<h3>\u00c9 preciso se cuidar!<\/h3>\n<p style=\"text-align: justify;\">A entrada na universidade geralmente acompanha o ingresso do jovem na vida adulta, momento em que ele acredita ser obrigado a sair de casa e adentrar um mundo novo, no qual al\u00e9m da autonomia e das responsabilidades, ele tamb\u00e9m se coloca \u00e0 frente das cobran\u00e7as pessoais, dos familiares e da pr\u00f3pria universidade. Concomitante a isso, fatores como a dist\u00e2ncia do ambiente parental, dos antigos amigos de escola, do lugar de inf\u00e2ncia, a perda das refer\u00eancias e a necessidade de pertencimento podem influenciar diretamente no bem estar da sa\u00fade mental dos estudantes.<\/p>\n<div id=\"attachment_6450\" style=\"width: 508px\" class=\"wp-caption alignleft\"><img aria-describedby=\"caption-attachment-6450\" loading=\"lazy\" class=\"wp-image-6450\" src=\"http:\/\/jornalismo.ufsj.edu.br\/wp-content\/uploads\/2018\/11\/Foto-07-11-2018-14-37-21-1024x576.png\" alt=\"\" width=\"498\" height=\"280\" srcset=\"http:\/\/anu.ufsj.edu.br\/site\/wp-content\/uploads\/2018\/11\/Foto-07-11-2018-14-37-21-1024x576.png 1024w, http:\/\/anu.ufsj.edu.br\/site\/wp-content\/uploads\/2018\/11\/Foto-07-11-2018-14-37-21-300x169.png 300w, http:\/\/anu.ufsj.edu.br\/site\/wp-content\/uploads\/2018\/11\/Foto-07-11-2018-14-37-21-768x432.png 768w\" sizes=\"(max-width: 498px) 100vw, 498px\" \/><p id=\"caption-attachment-6450\" class=\"wp-caption-text\"><em><strong>A chegada do estudante de m\u00fasica, Anderson, na UFSJ foi conturbada. (Foto: Pedro Lago)<\/strong><\/em><\/p><\/div>\n<p style=\"text-align: justify;\">Nesta nova fase, morando sozinho, ou entre amigos em uma rep\u00fablica, \u00e9 chegado o momento que a autonomia cobra os juros da responsabilidade. De uma hora para a outra, a fatura dos compromissos chega e o jovem precisa assumir o protagonismo da suas necessidades, sejam elas, lavar roupa, ir at\u00e9 o mercado, comprar um rem\u00e9dio, estudar para a prova ou pagar as pr\u00f3prias contas.<\/p>\n<p style=\"text-align: justify;\">O estudante de M\u00fasica Anderson Ferreira, 33, conta que a sua transfer\u00eancia de curso da <a href=\"https:\/\/ufop.br\/\">Universidade Federal de Ouro Preto (UFOP)<\/a> para a UFSJ foi um momento dif\u00edcil: \u201cMe sentia pressionado, tanto pela quest\u00e3o financeira, quanto por motivos pessoais, familiares e acad\u00eamicos. Eu n\u00e3o havia me adaptado \u00e0s pessoas com quem morava aqui em S\u00e3o Jo\u00e3o del-Rei; meus pais estavam em processo de separa\u00e7\u00e3o e eu ainda me cobrava muito. Me exigia ser o melhor e me preocupava sobre o que eu ia ser depois de formado\u201d.<\/p>\n<p style=\"text-align: justify;\">Ap\u00f3s um per\u00edodo conturbado, Anderson percebeu que era preciso se cuidar. Hoje, o estudante ainda realiza acompanhamento psicol\u00f3gico regularmente e alerta que \u201csozinho, a gente, muitas vezes, n\u00e3o d\u00e1 conta. Ent\u00e3o \u00e9 necess\u00e1rio n\u00e3o ter medo em procurar ajuda. Ver em voc\u00ea o que n\u00e3o est\u00e1 legal e falar\u201d.<\/p>\n<p style=\"text-align: justify;\">A psic\u00f3loga e professora aposentada, Ivanise Santos, chama a aten\u00e7\u00e3o para a import\u00e2ncia do cuidado com a sa\u00fade mental dos alunos e para a responsabilidade atribu\u00edda \u00e0s universidades no que diz respeito \u00e0 garantia de condi\u00e7\u00f5es que favore\u00e7am a sua perman\u00eancia na institui\u00e7\u00e3o, segundo ela, \u201cprecisam ser fornecidas e consolidadas formas de apoio, assessoria e atendimento\u201d.<\/p>\n<p style=\"text-align: justify;\">Pensando nisso, a UFSJ, por meio da Pr\u00f3-Reitoria de Assuntos Estudantis (PROAE), oferece atendimento psicol\u00f3gico aos alunos, tanto na modalidade de plant\u00e3o, quanto na modalidade de psicoterapia. A primeira acontece todas as quintas-feiras e o aluno pode se dirigir at\u00e9 o local sem agendamento pr\u00e9vio \u00a0para conversar sobre o mal estar que o aflige naquele momento. J\u00e1 na segunda modalidade, o estudante passa por um atendimento semanal que dura em m\u00e9dia quatro ou cinco meses. Em 2017 foram registrados somente em S\u00e3o Jo\u00e3o del Rei cerca de 930 atendimentos, enquanto neste ano, at\u00e9 o m\u00eas de setembro, j\u00e1 foram contabilizados aproximadamente 1.186.<\/p>\n<p style=\"text-align: justify;\">Para participar, os interessados podem procurar pelo plant\u00e3o ou se dirigir \u00e0 PROAE que, realizar\u00e1 o encaminhamento. A pr\u00f3-reitoria est\u00e1 localizada no Campus Santo Ant\u00f4nio, na Pra\u00e7a Frei Orlando, n\u00famero 170, no Centro da cidade.<\/p>\n<p>&nbsp;<\/p>\n<p>A vers\u00e3o impressa dessa reportagem est\u00e1 dispon\u00edvel atrav\u00e9s do <a href=\"https:\/\/drive.google.com\/file\/d\/1zNIcBsGCKeSerVLckmFc89X7_l1eVC6w\/view\">link<\/a>.<\/p>\n","protected":false},"excerpt":{"rendered":"<p>A experi\u00eancia fora do \u00e2mbito familiar possui condi\u00e7\u00f5es amb\u00edguas que implicam mudan\u00e7as tanto para os estudantes, quanto para a cidade que os recebe. \u00a0Confira na reportagem abaixo: &nbsp; Arthur Raposo Gomes, Isadora Rufo, Juliana Paravizo Mira e Pedro Lago Em&#8230;<\/p>\n","protected":false},"author":3,"featured_media":0,"comment_status":"open","ping_status":"open","sticky":false,"template":"","format":"standard","meta":{"_monsterinsights_skip_tracking":false,"_monsterinsights_sitenote_active":false,"_monsterinsights_sitenote_note":"","_monsterinsights_sitenote_category":0},"categories":[6,183],"tags":[],"yoast_head":"<!-- This site is optimized with the Yoast SEO plugin v20.6 - https:\/\/yoast.com\/wordpress\/plugins\/seo\/ -->\n<title>Um bom motivo para estar longe de casa - Jornalismo UFSJ<\/title>\n<meta name=\"robots\" content=\"index, follow, max-snippet:-1, max-image-preview:large, max-video-preview:-1\" \/>\n<link rel=\"canonical\" href=\"http:\/\/anu.ufsj.edu.br\/site\/alunos\/um-bom-motivo-para-estar-longe-casa\/\" \/>\n<meta property=\"og:locale\" content=\"pt_BR\" \/>\n<meta property=\"og:type\" content=\"article\" \/>\n<meta property=\"og:title\" content=\"Um bom motivo para estar longe de casa - Jornalismo UFSJ\" \/>\n<meta property=\"og:description\" content=\"A experi\u00eancia fora do \u00e2mbito familiar possui condi\u00e7\u00f5es amb\u00edguas que implicam mudan\u00e7as tanto para os estudantes, quanto para a cidade que os recebe. \u00a0Confira na reportagem abaixo: &nbsp; Arthur Raposo Gomes, Isadora Rufo, Juliana Paravizo Mira e Pedro Lago Em...\" \/>\n<meta property=\"og:url\" content=\"http:\/\/anu.ufsj.edu.br\/site\/alunos\/um-bom-motivo-para-estar-longe-casa\/\" \/>\n<meta property=\"og:site_name\" content=\"Jornalismo UFSJ\" \/>\n<meta property=\"article:publisher\" content=\"https:\/\/www.facebook.com\/jornalismoufsj\/\" \/>\n<meta property=\"article:published_time\" content=\"2018-11-07T20:46:48+00:00\" \/>\n<meta property=\"article:modified_time\" content=\"2018-11-08T19:43:36+00:00\" \/>\n<meta property=\"og:image\" content=\"http:\/\/jornalismo.ufsj.edu.br\/wp-content\/uploads\/2018\/11\/Foto-07-11-2018-18-38-40-1024x768.jpg\" \/>\n<meta name=\"twitter:card\" content=\"summary_large_image\" \/>\n<meta name=\"twitter:creator\" content=\"@jornalismoufsj\" \/>\n<meta name=\"twitter:site\" content=\"@jornalismoufsj\" \/>\n<meta name=\"twitter:label1\" content=\"Escrito por\" \/>\n\t<meta name=\"twitter:data1\" content=\"\" \/>\n\t<meta name=\"twitter:label2\" content=\"Est. tempo de leitura\" \/>\n\t<meta name=\"twitter:data2\" content=\"10 minutos\" \/>\n<script type=\"application\/ld+json\" class=\"yoast-schema-graph\">{\"@context\":\"https:\/\/schema.org\",\"@graph\":[{\"@type\":\"WebPage\",\"@id\":\"http:\/\/anu.ufsj.edu.br\/site\/alunos\/um-bom-motivo-para-estar-longe-casa\/\",\"url\":\"http:\/\/anu.ufsj.edu.br\/site\/alunos\/um-bom-motivo-para-estar-longe-casa\/\",\"name\":\"Um bom motivo para estar longe de casa - Jornalismo UFSJ\",\"isPartOf\":{\"@id\":\"http:\/\/jornalismo.ufsj.edu.br\/site\/#website\"},\"datePublished\":\"2018-11-07T20:46:48+00:00\",\"dateModified\":\"2018-11-08T19:43:36+00:00\",\"author\":{\"@id\":\"\"},\"breadcrumb\":{\"@id\":\"http:\/\/anu.ufsj.edu.br\/site\/alunos\/um-bom-motivo-para-estar-longe-casa\/#breadcrumb\"},\"inLanguage\":\"pt-BR\",\"potentialAction\":[{\"@type\":\"ReadAction\",\"target\":[\"http:\/\/anu.ufsj.edu.br\/site\/alunos\/um-bom-motivo-para-estar-longe-casa\/\"]}]},{\"@type\":\"BreadcrumbList\",\"@id\":\"http:\/\/anu.ufsj.edu.br\/site\/alunos\/um-bom-motivo-para-estar-longe-casa\/#breadcrumb\",\"itemListElement\":[{\"@type\":\"ListItem\",\"position\":1,\"name\":\"In\u00edcio\",\"item\":\"http:\/\/jornalismo.ufsj.edu.br\/site\/\"},{\"@type\":\"ListItem\",\"position\":2,\"name\":\"Um bom motivo para estar longe de casa\"}]},{\"@type\":\"WebSite\",\"@id\":\"http:\/\/jornalismo.ufsj.edu.br\/site\/#website\",\"url\":\"http:\/\/jornalismo.ufsj.edu.br\/site\/\",\"name\":\"Jornalismo UFSJ\",\"description\":\"\",\"potentialAction\":[{\"@type\":\"SearchAction\",\"target\":{\"@type\":\"EntryPoint\",\"urlTemplate\":\"http:\/\/jornalismo.ufsj.edu.br\/site\/?s={search_term_string}\"},\"query-input\":\"required name=search_term_string\"}],\"inLanguage\":\"pt-BR\"},{\"@type\":\"Person\",\"@id\":\"\"}]}<\/script>\n<!-- \/ Yoast SEO plugin. -->","yoast_head_json":{"title":"Um bom motivo para estar longe de casa - Jornalismo UFSJ","robots":{"index":"index","follow":"follow","max-snippet":"max-snippet:-1","max-image-preview":"max-image-preview:large","max-video-preview":"max-video-preview:-1"},"canonical":"http:\/\/anu.ufsj.edu.br\/site\/alunos\/um-bom-motivo-para-estar-longe-casa\/","og_locale":"pt_BR","og_type":"article","og_title":"Um bom motivo para estar longe de casa - Jornalismo UFSJ","og_description":"A experi\u00eancia fora do \u00e2mbito familiar possui condi\u00e7\u00f5es amb\u00edguas que implicam mudan\u00e7as tanto para os estudantes, quanto para a cidade que os recebe. \u00a0Confira na reportagem abaixo: &nbsp; Arthur Raposo Gomes, Isadora Rufo, Juliana Paravizo Mira e Pedro Lago Em...","og_url":"http:\/\/anu.ufsj.edu.br\/site\/alunos\/um-bom-motivo-para-estar-longe-casa\/","og_site_name":"Jornalismo UFSJ","article_publisher":"https:\/\/www.facebook.com\/jornalismoufsj\/","article_published_time":"2018-11-07T20:46:48+00:00","article_modified_time":"2018-11-08T19:43:36+00:00","og_image":[{"url":"http:\/\/jornalismo.ufsj.edu.br\/wp-content\/uploads\/2018\/11\/Foto-07-11-2018-18-38-40-1024x768.jpg"}],"twitter_card":"summary_large_image","twitter_creator":"@jornalismoufsj","twitter_site":"@jornalismoufsj","twitter_misc":{"Escrito por":"","Est. tempo de leitura":"10 minutos"},"schema":{"@context":"https:\/\/schema.org","@graph":[{"@type":"WebPage","@id":"http:\/\/anu.ufsj.edu.br\/site\/alunos\/um-bom-motivo-para-estar-longe-casa\/","url":"http:\/\/anu.ufsj.edu.br\/site\/alunos\/um-bom-motivo-para-estar-longe-casa\/","name":"Um bom motivo para estar longe de casa - Jornalismo UFSJ","isPartOf":{"@id":"http:\/\/jornalismo.ufsj.edu.br\/site\/#website"},"datePublished":"2018-11-07T20:46:48+00:00","dateModified":"2018-11-08T19:43:36+00:00","author":{"@id":""},"breadcrumb":{"@id":"http:\/\/anu.ufsj.edu.br\/site\/alunos\/um-bom-motivo-para-estar-longe-casa\/#breadcrumb"},"inLanguage":"pt-BR","potentialAction":[{"@type":"ReadAction","target":["http:\/\/anu.ufsj.edu.br\/site\/alunos\/um-bom-motivo-para-estar-longe-casa\/"]}]},{"@type":"BreadcrumbList","@id":"http:\/\/anu.ufsj.edu.br\/site\/alunos\/um-bom-motivo-para-estar-longe-casa\/#breadcrumb","itemListElement":[{"@type":"ListItem","position":1,"name":"In\u00edcio","item":"http:\/\/jornalismo.ufsj.edu.br\/site\/"},{"@type":"ListItem","position":2,"name":"Um bom motivo para estar longe de casa"}]},{"@type":"WebSite","@id":"http:\/\/jornalismo.ufsj.edu.br\/site\/#website","url":"http:\/\/jornalismo.ufsj.edu.br\/site\/","name":"Jornalismo UFSJ","description":"","potentialAction":[{"@type":"SearchAction","target":{"@type":"EntryPoint","urlTemplate":"http:\/\/jornalismo.ufsj.edu.br\/site\/?s={search_term_string}"},"query-input":"required name=search_term_string"}],"inLanguage":"pt-BR"},{"@type":"Person","@id":""}]}},"jetpack_featured_media_url":"","_links":{"self":[{"href":"http:\/\/anu.ufsj.edu.br\/site\/wp-json\/wp\/v2\/posts\/6439"}],"collection":[{"href":"http:\/\/anu.ufsj.edu.br\/site\/wp-json\/wp\/v2\/posts"}],"about":[{"href":"http:\/\/anu.ufsj.edu.br\/site\/wp-json\/wp\/v2\/types\/post"}],"author":[{"embeddable":true,"href":"http:\/\/anu.ufsj.edu.br\/site\/wp-json\/wp\/v2\/users\/3"}],"replies":[{"embeddable":true,"href":"http:\/\/anu.ufsj.edu.br\/site\/wp-json\/wp\/v2\/comments?post=6439"}],"version-history":[{"count":10,"href":"http:\/\/anu.ufsj.edu.br\/site\/wp-json\/wp\/v2\/posts\/6439\/revisions"}],"predecessor-version":[{"id":6462,"href":"http:\/\/anu.ufsj.edu.br\/site\/wp-json\/wp\/v2\/posts\/6439\/revisions\/6462"}],"wp:attachment":[{"href":"http:\/\/anu.ufsj.edu.br\/site\/wp-json\/wp\/v2\/media?parent=6439"}],"wp:term":[{"taxonomy":"category","embeddable":true,"href":"http:\/\/anu.ufsj.edu.br\/site\/wp-json\/wp\/v2\/categories?post=6439"},{"taxonomy":"post_tag","embeddable":true,"href":"http:\/\/anu.ufsj.edu.br\/site\/wp-json\/wp\/v2\/tags?post=6439"}],"curies":[{"name":"wp","href":"https:\/\/api.w.org\/{rel}","templated":true}]}}