{"id":6481,"date":"2019-04-04T16:00:28","date_gmt":"2019-04-04T19:00:28","guid":{"rendered":"http:\/\/jornalismo.ufsj.edu.br\/?p=6481"},"modified":"2019-04-04T14:49:11","modified_gmt":"2019-04-04T17:49:11","slug":"5a-cultural-esta-de-volta-ao-reuni-ii","status":"publish","type":"post","link":"http:\/\/anu.ufsj.edu.br\/site\/5a-cultural\/5a-cultural-esta-de-volta-ao-reuni-ii\/","title":{"rendered":"5\u00aa Cultural est\u00e1 de volta ao Reuni II"},"content":{"rendered":"<p><i><span style=\"font-weight: 400;\">Projeto pretende homenagear diferentes tipos de arte a cada semana.<\/span><\/i><\/p>\n<div id=\"attachment_6483\" style=\"width: 490px\" class=\"wp-caption aligncenter\"><img aria-describedby=\"caption-attachment-6483\" loading=\"lazy\" class=\"wp-image-6483\" src=\"http:\/\/jornalismo.ufsj.edu.br\/wp-content\/uploads\/2019\/04\/5-cultural.jpg\" alt=\"\" width=\"480\" height=\"359\" \/><p id=\"caption-attachment-6483\" class=\"wp-caption-text\">Arte: Isabela Souza<\/p><\/div>\n<p><span style=\"font-weight: 400;\">A 5\u00aa Cultural volta hoje aos intervalos de quinta-feira \u00e0 noite. O projeto, que tem a participa\u00e7\u00e3o do professor Paulo Caetano, objetiva reunir quem se interessa na realiza\u00e7\u00e3o de atra\u00e7\u00f5es art\u00edsticas, culturais, educativas e comunicativas. <\/span><\/p>\n<p><span style=\"font-weight: 400;\">Ap\u00f3s um per\u00edodo de hiato, a 5\u00aa Cultural volta a ser realizada, j\u00e1 que alunos de\u00a0<\/span><span style=\"font-weight: 400;\">diversos per\u00edodos demonstraram interesse na iniciativa. Agora, o evento pretende homenagear v\u00e1rios tipos de arte, abordando a cada semana uma atividade art\u00edstica diferente. <\/span><\/p>\n<p><span style=\"font-weight: 400;\">M\u00fasica, Teatro, Dan\u00e7a, Artes Aplicadas, Artes Visuais, Artes Pl\u00e1sticas, Artes<\/span><span style=\"font-weight: 400;\">\u00a0Urbanas, Poesia e Cinema ser\u00e3o abordados ao longo do semestre. Quem tiver interesse em se apresentar, pode entrar em contato com o professor Paulo Caetano, ou com os alunos Caroline Oliveira (7\u00ba per\u00edodo), Filipe Reno (3\u00ba per\u00edodo), Isabela Souza (5\u00ba per\u00edodo) e Pedro Lago (7\u00ba per\u00edodo).<\/span><\/p>\n<p><span style=\"font-weight: 400;\">Quem pretende apreciar as manifesta\u00e7\u00f5es art\u00edsticas, a 5\u00aa Cultural acontece toda quinta-feira, \u00e0s 20h30, no p\u00e1tio do Reuni II.\u00a0<\/span><span style=\"font-weight: 400;\">Hoje, dia 4\/4, Mike Tavares se apresenta com voz e viol\u00e3o. O evento conta tamb\u00e9m com a participa\u00e7\u00e3o po\u00e9tica e perform\u00e1tica de Rayne Sena e Luana Sim\u00e3o.<\/span><\/p>\n<p>Texto: Rhayssa Souza<\/p>\n","protected":false},"excerpt":{"rendered":"<p>Projeto pretende homenagear diferentes tipos de arte a cada semana. A 5\u00aa Cultural volta hoje aos intervalos de quinta-feira \u00e0 noite. O projeto, que tem a participa\u00e7\u00e3o do professor Paulo Caetano, objetiva reunir quem se interessa na realiza\u00e7\u00e3o de atra\u00e7\u00f5es&#8230;<\/p>\n","protected":false},"author":3,"featured_media":0,"comment_status":"open","ping_status":"open","sticky":false,"template":"","format":"standard","meta":{"_monsterinsights_skip_tracking":false,"_monsterinsights_sitenote_active":false,"_monsterinsights_sitenote_note":"","_monsterinsights_sitenote_category":0},"categories":[3],"tags":[],"yoast_head":"<!-- This site is optimized with the Yoast SEO plugin v20.6 - https:\/\/yoast.com\/wordpress\/plugins\/seo\/ -->\n<title>5\u00aa Cultural est\u00e1 de volta ao Reuni II - Jornalismo UFSJ<\/title>\n<meta name=\"robots\" content=\"index, follow, max-snippet:-1, max-image-preview:large, max-video-preview:-1\" \/>\n<link rel=\"canonical\" href=\"http:\/\/anu.ufsj.edu.br\/site\/5a-cultural\/5a-cultural-esta-de-volta-ao-reuni-ii\/\" \/>\n<meta property=\"og:locale\" content=\"pt_BR\" \/>\n<meta property=\"og:type\" content=\"article\" \/>\n<meta property=\"og:title\" content=\"5\u00aa Cultural est\u00e1 de volta ao Reuni II - Jornalismo UFSJ\" \/>\n<meta property=\"og:description\" content=\"Projeto pretende homenagear diferentes tipos de arte a cada semana. A 5\u00aa Cultural volta hoje aos intervalos de quinta-feira \u00e0 noite. O projeto, que tem a participa\u00e7\u00e3o do professor Paulo Caetano, objetiva reunir quem se interessa na realiza\u00e7\u00e3o de atra\u00e7\u00f5es...\" \/>\n<meta property=\"og:url\" content=\"http:\/\/anu.ufsj.edu.br\/site\/5a-cultural\/5a-cultural-esta-de-volta-ao-reuni-ii\/\" \/>\n<meta property=\"og:site_name\" content=\"Jornalismo UFSJ\" \/>\n<meta property=\"article:publisher\" content=\"https:\/\/www.facebook.com\/jornalismoufsj\/\" \/>\n<meta property=\"article:published_time\" content=\"2019-04-04T19:00:28+00:00\" \/>\n<meta property=\"article:modified_time\" content=\"2019-04-04T17:49:11+00:00\" \/>\n<meta property=\"og:image\" content=\"http:\/\/jornalismo.ufsj.edu.br\/wp-content\/uploads\/2019\/04\/5-cultural.jpg\" \/>\n<meta name=\"twitter:card\" content=\"summary_large_image\" \/>\n<meta name=\"twitter:creator\" content=\"@jornalismoufsj\" \/>\n<meta name=\"twitter:site\" content=\"@jornalismoufsj\" \/>\n<meta name=\"twitter:label1\" content=\"Escrito por\" \/>\n\t<meta name=\"twitter:data1\" content=\"\" \/>\n\t<meta name=\"twitter:label2\" content=\"Est. tempo de leitura\" \/>\n\t<meta name=\"twitter:data2\" content=\"1 minuto\" \/>\n<script type=\"application\/ld+json\" class=\"yoast-schema-graph\">{\"@context\":\"https:\/\/schema.org\",\"@graph\":[{\"@type\":\"WebPage\",\"@id\":\"http:\/\/anu.ufsj.edu.br\/site\/5a-cultural\/5a-cultural-esta-de-volta-ao-reuni-ii\/\",\"url\":\"http:\/\/anu.ufsj.edu.br\/site\/5a-cultural\/5a-cultural-esta-de-volta-ao-reuni-ii\/\",\"name\":\"5\u00aa Cultural est\u00e1 de volta ao Reuni II - Jornalismo UFSJ\",\"isPartOf\":{\"@id\":\"http:\/\/jornalismo.ufsj.edu.br\/site\/#website\"},\"datePublished\":\"2019-04-04T19:00:28+00:00\",\"dateModified\":\"2019-04-04T17:49:11+00:00\",\"author\":{\"@id\":\"\"},\"breadcrumb\":{\"@id\":\"http:\/\/anu.ufsj.edu.br\/site\/5a-cultural\/5a-cultural-esta-de-volta-ao-reuni-ii\/#breadcrumb\"},\"inLanguage\":\"pt-BR\",\"potentialAction\":[{\"@type\":\"ReadAction\",\"target\":[\"http:\/\/anu.ufsj.edu.br\/site\/5a-cultural\/5a-cultural-esta-de-volta-ao-reuni-ii\/\"]}]},{\"@type\":\"BreadcrumbList\",\"@id\":\"http:\/\/anu.ufsj.edu.br\/site\/5a-cultural\/5a-cultural-esta-de-volta-ao-reuni-ii\/#breadcrumb\",\"itemListElement\":[{\"@type\":\"ListItem\",\"position\":1,\"name\":\"In\u00edcio\",\"item\":\"http:\/\/jornalismo.ufsj.edu.br\/site\/\"},{\"@type\":\"ListItem\",\"position\":2,\"name\":\"5\u00aa Cultural est\u00e1 de volta ao Reuni II\"}]},{\"@type\":\"WebSite\",\"@id\":\"http:\/\/jornalismo.ufsj.edu.br\/site\/#website\",\"url\":\"http:\/\/jornalismo.ufsj.edu.br\/site\/\",\"name\":\"Jornalismo UFSJ\",\"description\":\"\",\"potentialAction\":[{\"@type\":\"SearchAction\",\"target\":{\"@type\":\"EntryPoint\",\"urlTemplate\":\"http:\/\/jornalismo.ufsj.edu.br\/site\/?s={search_term_string}\"},\"query-input\":\"required name=search_term_string\"}],\"inLanguage\":\"pt-BR\"},{\"@type\":\"Person\",\"@id\":\"\"}]}<\/script>\n<!-- \/ Yoast SEO plugin. -->","yoast_head_json":{"title":"5\u00aa Cultural est\u00e1 de volta ao Reuni II - Jornalismo UFSJ","robots":{"index":"index","follow":"follow","max-snippet":"max-snippet:-1","max-image-preview":"max-image-preview:large","max-video-preview":"max-video-preview:-1"},"canonical":"http:\/\/anu.ufsj.edu.br\/site\/5a-cultural\/5a-cultural-esta-de-volta-ao-reuni-ii\/","og_locale":"pt_BR","og_type":"article","og_title":"5\u00aa Cultural est\u00e1 de volta ao Reuni II - Jornalismo UFSJ","og_description":"Projeto pretende homenagear diferentes tipos de arte a cada semana. A 5\u00aa Cultural volta hoje aos intervalos de quinta-feira \u00e0 noite. O projeto, que tem a participa\u00e7\u00e3o do professor Paulo Caetano, objetiva reunir quem se interessa na realiza\u00e7\u00e3o de atra\u00e7\u00f5es...","og_url":"http:\/\/anu.ufsj.edu.br\/site\/5a-cultural\/5a-cultural-esta-de-volta-ao-reuni-ii\/","og_site_name":"Jornalismo UFSJ","article_publisher":"https:\/\/www.facebook.com\/jornalismoufsj\/","article_published_time":"2019-04-04T19:00:28+00:00","article_modified_time":"2019-04-04T17:49:11+00:00","og_image":[{"url":"http:\/\/jornalismo.ufsj.edu.br\/wp-content\/uploads\/2019\/04\/5-cultural.jpg"}],"twitter_card":"summary_large_image","twitter_creator":"@jornalismoufsj","twitter_site":"@jornalismoufsj","twitter_misc":{"Escrito por":"","Est. tempo de leitura":"1 minuto"},"schema":{"@context":"https:\/\/schema.org","@graph":[{"@type":"WebPage","@id":"http:\/\/anu.ufsj.edu.br\/site\/5a-cultural\/5a-cultural-esta-de-volta-ao-reuni-ii\/","url":"http:\/\/anu.ufsj.edu.br\/site\/5a-cultural\/5a-cultural-esta-de-volta-ao-reuni-ii\/","name":"5\u00aa Cultural est\u00e1 de volta ao Reuni II - Jornalismo UFSJ","isPartOf":{"@id":"http:\/\/jornalismo.ufsj.edu.br\/site\/#website"},"datePublished":"2019-04-04T19:00:28+00:00","dateModified":"2019-04-04T17:49:11+00:00","author":{"@id":""},"breadcrumb":{"@id":"http:\/\/anu.ufsj.edu.br\/site\/5a-cultural\/5a-cultural-esta-de-volta-ao-reuni-ii\/#breadcrumb"},"inLanguage":"pt-BR","potentialAction":[{"@type":"ReadAction","target":["http:\/\/anu.ufsj.edu.br\/site\/5a-cultural\/5a-cultural-esta-de-volta-ao-reuni-ii\/"]}]},{"@type":"BreadcrumbList","@id":"http:\/\/anu.ufsj.edu.br\/site\/5a-cultural\/5a-cultural-esta-de-volta-ao-reuni-ii\/#breadcrumb","itemListElement":[{"@type":"ListItem","position":1,"name":"In\u00edcio","item":"http:\/\/jornalismo.ufsj.edu.br\/site\/"},{"@type":"ListItem","position":2,"name":"5\u00aa Cultural est\u00e1 de volta ao Reuni II"}]},{"@type":"WebSite","@id":"http:\/\/jornalismo.ufsj.edu.br\/site\/#website","url":"http:\/\/jornalismo.ufsj.edu.br\/site\/","name":"Jornalismo UFSJ","description":"","potentialAction":[{"@type":"SearchAction","target":{"@type":"EntryPoint","urlTemplate":"http:\/\/jornalismo.ufsj.edu.br\/site\/?s={search_term_string}"},"query-input":"required name=search_term_string"}],"inLanguage":"pt-BR"},{"@type":"Person","@id":""}]}},"jetpack_featured_media_url":"","_links":{"self":[{"href":"http:\/\/anu.ufsj.edu.br\/site\/wp-json\/wp\/v2\/posts\/6481"}],"collection":[{"href":"http:\/\/anu.ufsj.edu.br\/site\/wp-json\/wp\/v2\/posts"}],"about":[{"href":"http:\/\/anu.ufsj.edu.br\/site\/wp-json\/wp\/v2\/types\/post"}],"author":[{"embeddable":true,"href":"http:\/\/anu.ufsj.edu.br\/site\/wp-json\/wp\/v2\/users\/3"}],"replies":[{"embeddable":true,"href":"http:\/\/anu.ufsj.edu.br\/site\/wp-json\/wp\/v2\/comments?post=6481"}],"version-history":[{"count":5,"href":"http:\/\/anu.ufsj.edu.br\/site\/wp-json\/wp\/v2\/posts\/6481\/revisions"}],"predecessor-version":[{"id":6487,"href":"http:\/\/anu.ufsj.edu.br\/site\/wp-json\/wp\/v2\/posts\/6481\/revisions\/6487"}],"wp:attachment":[{"href":"http:\/\/anu.ufsj.edu.br\/site\/wp-json\/wp\/v2\/media?parent=6481"}],"wp:term":[{"taxonomy":"category","embeddable":true,"href":"http:\/\/anu.ufsj.edu.br\/site\/wp-json\/wp\/v2\/categories?post=6481"},{"taxonomy":"post_tag","embeddable":true,"href":"http:\/\/anu.ufsj.edu.br\/site\/wp-json\/wp\/v2\/tags?post=6481"}],"curies":[{"name":"wp","href":"https:\/\/api.w.org\/{rel}","templated":true}]}}