{"id":6502,"date":"2019-04-12T16:00:57","date_gmt":"2019-04-12T19:00:57","guid":{"rendered":"http:\/\/jornalismo.ufsj.edu.br\/?p=6502"},"modified":"2019-04-12T14:41:07","modified_gmt":"2019-04-12T17:41:07","slug":"acessibilidade-tambem-e-tecnologia","status":"publish","type":"post","link":"http:\/\/anu.ufsj.edu.br\/site\/jornalismoufsj\/acessibilidade-tambem-e-tecnologia\/","title":{"rendered":"Acessibilidade tamb\u00e9m \u00e9 tecnologia"},"content":{"rendered":"\n<p><em>Projeto extracurricular da UFSJ desenvolve tecnologias assistivas para\npessoas com limita\u00e7\u00f5es f\u00edsicas. <\/em><\/p>\n\n\n\n<figure class=\"wp-block-image\"><img loading=\"lazy\" width=\"1040\" height=\"780\" src=\"http:\/\/jornalismo.ufsj.edu.br\/wp-content\/uploads\/2019\/04\/materia-teixeira.png?fit=1024%2C768\" alt=\"\" class=\"wp-image-6504\" srcset=\"http:\/\/anu.ufsj.edu.br\/site\/wp-content\/uploads\/2019\/04\/materia-teixeira.png 1040w, http:\/\/anu.ufsj.edu.br\/site\/wp-content\/uploads\/2019\/04\/materia-teixeira-300x225.png 300w, http:\/\/anu.ufsj.edu.br\/site\/wp-content\/uploads\/2019\/04\/materia-teixeira-768x576.png 768w, http:\/\/anu.ufsj.edu.br\/site\/wp-content\/uploads\/2019\/04\/materia-teixeira-1024x768.png 1024w\" sizes=\"(max-width: 1040px) 100vw, 1040px\" \/><figcaption>&#8220;O &#8220;c\u00e9rebro&#8221; da cadeira &#8211; Controles eletr\u00f4nicos do prot\u00f3tipo.<br>Foto: Arquivo\/Divulga\u00e7\u00e3o Paramec UFSJ<\/figcaption><\/figure>\n\n\n\n<p style=\"text-align:left\">Criado em 2017, o Paramec \u00e9 um projeto extracurricular e interdisciplinar da Universidade Federal de S\u00e3o Jo\u00e3o del-Rei, que re\u00fane cerca de 30 pessoas, entre alunos das Engenharias (Mec\u00e2nica, El\u00e9trica, Produ\u00e7\u00e3o), dos curso de Matem\u00e1tica, Arquitetura, Educa\u00e7\u00e3o F\u00edsica e tamb\u00e9m, professores da Universidade. O projeto \u00e9 apoiado pela FAPEMIG &#8211; Funda\u00e7\u00e3o de Amparo \u00e0 Pesquisa do Estado de Minas Gerais, e est\u00e1 sob a coordena\u00e7\u00e3o do professor Guilherme Germano. O primeiro produto &#8211; que ainda est\u00e1 na fase de montagem do primeiro prot\u00f3tipo &#8211; apresentado pelo grupo \u00e9 de uma cadeira de rodas motorizada, inteligente e modular; capaz de se comunicar com os smartphones, de se adaptar e abranger as mais diferentes necessidades de locomo\u00e7\u00e3o, dependendo dos tipos de limita\u00e7\u00e3o f\u00edsica existentes e tamb\u00e9m do tipo de percurso feito pelo cadeirante. <\/p>\n\n\n\n<p>O coordenador do Departamento de El\u00e9trica do Paramec, o mestrando Luis Fernando Freire de Souza, afirma que o principal objetivo \u00e9 desenvolver produtos que sejam t\u00e3o acess\u00edveis, quanto funcionais para quem precisa. Al\u00e9m do trabalho no Paramec, Luis Fernando desenvolve uma pesquisa de mestrado sobre sistema de controle de cadeira de rodas multifuncional, sob a orienta\u00e7\u00e3o do professor M\u00e1rcio Falc\u00e3o Santos Barroso. \u00a0<\/p>\n\n\n\n<p>Os membros do projeto tamb\u00e9m buscam tecnologias j\u00e1 existentes em outras\n\u00e1reas para ajudar na redu\u00e7\u00e3o de custos e tempo de produ\u00e7\u00e3o. &nbsp;Ap\u00f3s as\npesquisas iniciais, decidiram que o material a ser utilizado na constru\u00e7\u00e3o da\ncadeira, seria o \u2018\u2018alum\u00ednio sandu\u00edche\u2019\u2019, um metal mais leve e de maior\nresist\u00eancia que os demais. Para os pneus, amortecedores e suspens\u00e3o, os membros\ndo projeto se inspiraram nas solu\u00e7\u00f5es utilizadas em bicicletas de Mountain\nBike, por exemplo. &nbsp;<\/p>\n\n\n\n<p><strong>As novas fun\u00e7\u00f5es da cadeira<\/strong><\/p>\n\n\n\n<p>A inten\u00e7\u00e3o do projeto n\u00e3o \u00e9 criar um novo modelo de cadeira de rodas\nmotorizada, e sim aproveitar o que as j\u00e1 existentes oferecem de positivo,\naprimorando os pontos negativos levantados &nbsp;por cadeirantes, alunos e\nprofessores participantes do projeto. De acordo com o aluno de Engenharia El\u00e9trica\ne membro do Paramec, Jonatas Luciel Silvino, a palavra certa \u00e9 inova\u00e7\u00e3o.\nSegundo ele, \u2018\u2018um dos pap\u00e9is mais importantes da engenharia, n\u00e3o \u00e9 o de\ninventar coisas novas, e sim de aprimorar, inovar as tecnologias que j\u00e1\nexistem.\u2019\u2019 <\/p>\n\n\n\n<p>Jonatas \u00e9 o respons\u00e1vel por desenvolver um aplicativo que vai\npossibilitar que haja a comunica\u00e7\u00e3o com smartphones via bluetooth, onde o\nusu\u00e1rio poder\u00e1 controlar a cadeira utilizando seu celular. Segundo o aluno,\nessa demanda partiu diretamente dos cadeirantes, que em alguns casos possuem\nalguma dificuldade em operar o joystick que usualmente \u00e9 oferecido nas cadeiras\nde rodas motorizadas existentes no mercado: \u2018\u2019Uma coisa simples, mas que foi\npertinente nas conversas com os cadeirantes, foi a falta de uma diagonal no\njoystick. Se o cadeirante precisa fazer uma curva leve para qualquer lado as\ncadeiras convencionais n\u00e3o possibilitam essa a\u00e7\u00e3o.\u2019\u2019 Na necessidade de mudar de\ndire\u00e7\u00e3o o usu\u00e1rio tem que girar em torno do pr\u00f3prio eixo da cadeira na dire\u00e7\u00e3o\ndesejada e depois ent\u00e3o continuar seu trajeto. No aplicativo criado por\nJonatas, j\u00e1 est\u00e1 inclusa esta nova fun\u00e7\u00e3o de ter as diagonais nos comandos de\ndirecionamento da cadeira.<\/p>\n\n\n\n<p>Tamb\u00e9m est\u00e1 inclu\u00edda no aplicativo a \u2018\u2018fun\u00e7\u00e3o p\u00e2nico\u2019\u2019, onde o\ncadeirante pode acion\u00e1-la caso ocorra algum problema, como um mal s\u00fabito. Ap\u00f3s\nacionar essa fun\u00e7\u00e3o, o sistema &nbsp;automaticamente envia uma mensagem para um\ntelefone de emerg\u00eancia (j\u00e1 cadastrado no aplicativo), junto com a\ngeolocaliza\u00e7\u00e3o da cadeira. O sistema tamb\u00e9m detecta falhas operacionais na\ncadeira, e poss\u00edveis acidentes, enviando o alerta para o contato de emerg\u00eancia.\n<\/p>\n\n\n\n<p><strong>Entendendo a realidade<\/strong><\/p>\n\n\n\n<p>A proximidade com a comunidade que ser\u00e1 diretamente atendida pelas\ninova\u00e7\u00f5es do grupo, \u00e9 um fator muito importante para o sucesso do projeto.\nSegundo Luis Fernando, \u2018\u2019Desde o in\u00edcio n\u00f3s fizemos quest\u00e3o de envolver as\npessoas com alguma defici\u00eancia e que poder\u00e3o ser beneficiadas pelas\nfuncionalidades da cadeira. Antes de todos os c\u00e1lculos e proje\u00e7\u00f5es virtuais,\nn\u00f3s precis\u00e1vamos ouvir quem vive essa realidade.\u2019\u2019 O coordenador tamb\u00e9m contou\nque teve a experi\u00eancia de andar em uma cadeira de rodas motorizada e que\nconseguiu de alguma forma se aproximar do sentimento dessas pessoas. <\/p>\n\n\n\n<p>Diariamente ao andar pela cidade, as pessoas sem nenhum tipo de\nlimita\u00e7\u00e3o motora n\u00e3o conseguem perceber os obst\u00e1culos que por mais simples que\npare\u00e7am, podem impossibilitar o acesso de pessoas com defici\u00eancia,\nprincipalmente \u00e0 locais p\u00fablicos. Luis Fernando contou que os detalhes s\u00e3o t\u00e3o\nimpercept\u00edveis para quem n\u00e3o tem nenhuma defici\u00eancia f\u00edsica, que quando parou\npara refletir, \u2018\u2019nem mesmo os cadeirantes que contribuem com o projeto t\u00eam\nacesso ao laborat\u00f3rio do Paramec. N\u00f3s temos que ir at\u00e9 a casa dos cadeirantes\npela falta de acessibilidade da UFSJ.<\/p>\n\n\n\n<figure class=\"wp-block-image\"><img loading=\"lazy\" width=\"800\" height=\"600\" src=\"http:\/\/jornalismo.ufsj.edu.br\/wp-content\/uploads\/2019\/04\/teixeira.jpg\" alt=\"\" class=\"wp-image-6506\" srcset=\"http:\/\/anu.ufsj.edu.br\/site\/wp-content\/uploads\/2019\/04\/teixeira.jpg 800w, http:\/\/anu.ufsj.edu.br\/site\/wp-content\/uploads\/2019\/04\/teixeira-300x225.jpg 300w, http:\/\/anu.ufsj.edu.br\/site\/wp-content\/uploads\/2019\/04\/teixeira-768x576.jpg 768w\" sizes=\"(max-width: 800px) 100vw, 800px\" \/><figcaption>Equipe completa do Paramec.<br>Foto: Arquivo\/Divulga\u00e7\u00e3o Paramec UFSJ<\/figcaption><\/figure>\n\n\n\n<p>Cada \u00e1rea do conhecimento envolvida no projeto contribui com solu\u00e7\u00f5es\nespec\u00edficas, a ergonomia da cadeira de rodas fica sob responsabilidade dos\nalunos de Educa\u00e7\u00e3o F\u00edsica, os alunos da Engenharia El\u00e9trica cuidam da\nprograma\u00e7\u00e3o eletr\u00f4nica, enquanto os de Engenharia de Produ\u00e7\u00e3o buscam maneiras\nmais eficazes de constru\u00e7\u00e3o da cadeira. Todo processo de concep\u00e7\u00e3o do prot\u00f3tipo\nbusca utiliza\u00e7\u00e3o de materiais resistentes e principalmente baratos que sejam de\nf\u00e1cil acesso.<\/p>\n\n\n\n<p><br> O Laborat\u00f3rio do Paramec est\u00e1 situado no Campus Santo Ant\u00f4nio, no pr\u00e9dio dos cursos de Engenharia Mec\u00e2nica\/Produ\u00e7\u00e3o. Para mais informa\u00e7\u00f5es, consulte a p\u00e1gina do projeto:<a href=\"https:\/\/www.facebook.com\/paramecufsj\/\">https:\/\/www.facebook.com\/paramecufsj\/<\/a>.<\/p>\n","protected":false},"excerpt":{"rendered":"<p>Projeto extracurricular da UFSJ desenvolve tecnologias assistivas para pessoas com limita\u00e7\u00f5es f\u00edsicas. Criado em 2017, o Paramec \u00e9 um projeto extracurricular e interdisciplinar da Universidade Federal de S\u00e3o Jo\u00e3o del-Rei, que re\u00fane cerca de 30 pessoas, entre alunos das Engenharias&#8230;<\/p>\n","protected":false},"author":3,"featured_media":0,"comment_status":"open","ping_status":"open","sticky":false,"template":"","format":"standard","meta":{"_monsterinsights_skip_tracking":false,"_monsterinsights_sitenote_active":false,"_monsterinsights_sitenote_note":"","_monsterinsights_sitenote_category":0},"categories":[43],"tags":[],"yoast_head":"<!-- This site is optimized with the Yoast SEO plugin v20.6 - https:\/\/yoast.com\/wordpress\/plugins\/seo\/ -->\n<title>Acessibilidade tamb\u00e9m \u00e9 tecnologia - Jornalismo UFSJ<\/title>\n<meta name=\"robots\" content=\"index, follow, max-snippet:-1, max-image-preview:large, max-video-preview:-1\" \/>\n<link rel=\"canonical\" href=\"https:\/\/jornalismo.ufsj.edu.br\/site\/jornalismoufsj\/acessibilidade-tambem-e-tecnologia\/\" \/>\n<meta property=\"og:locale\" content=\"pt_BR\" \/>\n<meta property=\"og:type\" content=\"article\" \/>\n<meta property=\"og:title\" content=\"Acessibilidade tamb\u00e9m \u00e9 tecnologia - Jornalismo UFSJ\" \/>\n<meta property=\"og:description\" content=\"Projeto extracurricular da UFSJ desenvolve tecnologias assistivas para pessoas com limita\u00e7\u00f5es f\u00edsicas. Criado em 2017, o Paramec \u00e9 um projeto extracurricular e interdisciplinar da Universidade Federal de S\u00e3o Jo\u00e3o del-Rei, que re\u00fane cerca de 30 pessoas, entre alunos das Engenharias...\" \/>\n<meta property=\"og:url\" content=\"https:\/\/jornalismo.ufsj.edu.br\/site\/jornalismoufsj\/acessibilidade-tambem-e-tecnologia\/\" \/>\n<meta property=\"og:site_name\" content=\"Jornalismo UFSJ\" \/>\n<meta property=\"article:publisher\" content=\"https:\/\/www.facebook.com\/jornalismoufsj\/\" \/>\n<meta property=\"article:published_time\" content=\"2019-04-12T19:00:57+00:00\" \/>\n<meta property=\"article:modified_time\" content=\"2019-04-12T17:41:07+00:00\" \/>\n<meta property=\"og:image\" content=\"http:\/\/jornalismo.ufsj.edu.br\/wp-content\/uploads\/2019\/04\/materia-teixeira.png?fit=1024%2C768\" \/>\n<meta name=\"twitter:card\" content=\"summary_large_image\" \/>\n<meta name=\"twitter:creator\" content=\"@jornalismoufsj\" \/>\n<meta name=\"twitter:site\" content=\"@jornalismoufsj\" \/>\n<meta name=\"twitter:label1\" content=\"Escrito por\" \/>\n\t<meta name=\"twitter:data1\" content=\"\" \/>\n\t<meta name=\"twitter:label2\" content=\"Est. tempo de leitura\" \/>\n\t<meta name=\"twitter:data2\" content=\"5 minutos\" \/>\n<script type=\"application\/ld+json\" class=\"yoast-schema-graph\">{\"@context\":\"https:\/\/schema.org\",\"@graph\":[{\"@type\":\"WebPage\",\"@id\":\"https:\/\/jornalismo.ufsj.edu.br\/site\/jornalismoufsj\/acessibilidade-tambem-e-tecnologia\/\",\"url\":\"https:\/\/jornalismo.ufsj.edu.br\/site\/jornalismoufsj\/acessibilidade-tambem-e-tecnologia\/\",\"name\":\"Acessibilidade tamb\u00e9m \u00e9 tecnologia - Jornalismo UFSJ\",\"isPartOf\":{\"@id\":\"http:\/\/jornalismo.ufsj.edu.br\/site\/#website\"},\"datePublished\":\"2019-04-12T19:00:57+00:00\",\"dateModified\":\"2019-04-12T17:41:07+00:00\",\"author\":{\"@id\":\"\"},\"breadcrumb\":{\"@id\":\"https:\/\/jornalismo.ufsj.edu.br\/site\/jornalismoufsj\/acessibilidade-tambem-e-tecnologia\/#breadcrumb\"},\"inLanguage\":\"pt-BR\",\"potentialAction\":[{\"@type\":\"ReadAction\",\"target\":[\"https:\/\/jornalismo.ufsj.edu.br\/site\/jornalismoufsj\/acessibilidade-tambem-e-tecnologia\/\"]}]},{\"@type\":\"BreadcrumbList\",\"@id\":\"https:\/\/jornalismo.ufsj.edu.br\/site\/jornalismoufsj\/acessibilidade-tambem-e-tecnologia\/#breadcrumb\",\"itemListElement\":[{\"@type\":\"ListItem\",\"position\":1,\"name\":\"In\u00edcio\",\"item\":\"http:\/\/jornalismo.ufsj.edu.br\/site\/\"},{\"@type\":\"ListItem\",\"position\":2,\"name\":\"Acessibilidade tamb\u00e9m \u00e9 tecnologia\"}]},{\"@type\":\"WebSite\",\"@id\":\"http:\/\/jornalismo.ufsj.edu.br\/site\/#website\",\"url\":\"http:\/\/jornalismo.ufsj.edu.br\/site\/\",\"name\":\"Jornalismo UFSJ\",\"description\":\"\",\"potentialAction\":[{\"@type\":\"SearchAction\",\"target\":{\"@type\":\"EntryPoint\",\"urlTemplate\":\"http:\/\/jornalismo.ufsj.edu.br\/site\/?s={search_term_string}\"},\"query-input\":\"required name=search_term_string\"}],\"inLanguage\":\"pt-BR\"},{\"@type\":\"Person\",\"@id\":\"\"}]}<\/script>\n<!-- \/ Yoast SEO plugin. -->","yoast_head_json":{"title":"Acessibilidade tamb\u00e9m \u00e9 tecnologia - Jornalismo UFSJ","robots":{"index":"index","follow":"follow","max-snippet":"max-snippet:-1","max-image-preview":"max-image-preview:large","max-video-preview":"max-video-preview:-1"},"canonical":"https:\/\/jornalismo.ufsj.edu.br\/site\/jornalismoufsj\/acessibilidade-tambem-e-tecnologia\/","og_locale":"pt_BR","og_type":"article","og_title":"Acessibilidade tamb\u00e9m \u00e9 tecnologia - Jornalismo UFSJ","og_description":"Projeto extracurricular da UFSJ desenvolve tecnologias assistivas para pessoas com limita\u00e7\u00f5es f\u00edsicas. Criado em 2017, o Paramec \u00e9 um projeto extracurricular e interdisciplinar da Universidade Federal de S\u00e3o Jo\u00e3o del-Rei, que re\u00fane cerca de 30 pessoas, entre alunos das Engenharias...","og_url":"https:\/\/jornalismo.ufsj.edu.br\/site\/jornalismoufsj\/acessibilidade-tambem-e-tecnologia\/","og_site_name":"Jornalismo UFSJ","article_publisher":"https:\/\/www.facebook.com\/jornalismoufsj\/","article_published_time":"2019-04-12T19:00:57+00:00","article_modified_time":"2019-04-12T17:41:07+00:00","og_image":[{"url":"http:\/\/jornalismo.ufsj.edu.br\/wp-content\/uploads\/2019\/04\/materia-teixeira.png?fit=1024%2C768"}],"twitter_card":"summary_large_image","twitter_creator":"@jornalismoufsj","twitter_site":"@jornalismoufsj","twitter_misc":{"Escrito por":"","Est. tempo de leitura":"5 minutos"},"schema":{"@context":"https:\/\/schema.org","@graph":[{"@type":"WebPage","@id":"https:\/\/jornalismo.ufsj.edu.br\/site\/jornalismoufsj\/acessibilidade-tambem-e-tecnologia\/","url":"https:\/\/jornalismo.ufsj.edu.br\/site\/jornalismoufsj\/acessibilidade-tambem-e-tecnologia\/","name":"Acessibilidade tamb\u00e9m \u00e9 tecnologia - Jornalismo UFSJ","isPartOf":{"@id":"http:\/\/jornalismo.ufsj.edu.br\/site\/#website"},"datePublished":"2019-04-12T19:00:57+00:00","dateModified":"2019-04-12T17:41:07+00:00","author":{"@id":""},"breadcrumb":{"@id":"https:\/\/jornalismo.ufsj.edu.br\/site\/jornalismoufsj\/acessibilidade-tambem-e-tecnologia\/#breadcrumb"},"inLanguage":"pt-BR","potentialAction":[{"@type":"ReadAction","target":["https:\/\/jornalismo.ufsj.edu.br\/site\/jornalismoufsj\/acessibilidade-tambem-e-tecnologia\/"]}]},{"@type":"BreadcrumbList","@id":"https:\/\/jornalismo.ufsj.edu.br\/site\/jornalismoufsj\/acessibilidade-tambem-e-tecnologia\/#breadcrumb","itemListElement":[{"@type":"ListItem","position":1,"name":"In\u00edcio","item":"http:\/\/jornalismo.ufsj.edu.br\/site\/"},{"@type":"ListItem","position":2,"name":"Acessibilidade tamb\u00e9m \u00e9 tecnologia"}]},{"@type":"WebSite","@id":"http:\/\/jornalismo.ufsj.edu.br\/site\/#website","url":"http:\/\/jornalismo.ufsj.edu.br\/site\/","name":"Jornalismo UFSJ","description":"","potentialAction":[{"@type":"SearchAction","target":{"@type":"EntryPoint","urlTemplate":"http:\/\/jornalismo.ufsj.edu.br\/site\/?s={search_term_string}"},"query-input":"required name=search_term_string"}],"inLanguage":"pt-BR"},{"@type":"Person","@id":""}]}},"jetpack_featured_media_url":"","_links":{"self":[{"href":"http:\/\/anu.ufsj.edu.br\/site\/wp-json\/wp\/v2\/posts\/6502"}],"collection":[{"href":"http:\/\/anu.ufsj.edu.br\/site\/wp-json\/wp\/v2\/posts"}],"about":[{"href":"http:\/\/anu.ufsj.edu.br\/site\/wp-json\/wp\/v2\/types\/post"}],"author":[{"embeddable":true,"href":"http:\/\/anu.ufsj.edu.br\/site\/wp-json\/wp\/v2\/users\/3"}],"replies":[{"embeddable":true,"href":"http:\/\/anu.ufsj.edu.br\/site\/wp-json\/wp\/v2\/comments?post=6502"}],"version-history":[{"count":3,"href":"http:\/\/anu.ufsj.edu.br\/site\/wp-json\/wp\/v2\/posts\/6502\/revisions"}],"predecessor-version":[{"id":6507,"href":"http:\/\/anu.ufsj.edu.br\/site\/wp-json\/wp\/v2\/posts\/6502\/revisions\/6507"}],"wp:attachment":[{"href":"http:\/\/anu.ufsj.edu.br\/site\/wp-json\/wp\/v2\/media?parent=6502"}],"wp:term":[{"taxonomy":"category","embeddable":true,"href":"http:\/\/anu.ufsj.edu.br\/site\/wp-json\/wp\/v2\/categories?post=6502"},{"taxonomy":"post_tag","embeddable":true,"href":"http:\/\/anu.ufsj.edu.br\/site\/wp-json\/wp\/v2\/tags?post=6502"}],"curies":[{"name":"wp","href":"https:\/\/api.w.org\/{rel}","templated":true}]}}