{"id":6508,"date":"2019-04-16T16:00:51","date_gmt":"2019-04-16T19:00:51","guid":{"rendered":"http:\/\/jornalismo.ufsj.edu.br\/?p=6508"},"modified":"2019-04-16T15:57:23","modified_gmt":"2019-04-16T18:57:23","slug":"olhares-natalia-chagas","status":"publish","type":"post","link":"http:\/\/anu.ufsj.edu.br\/site\/jornalismoufsj\/olhares-natalia-chagas\/","title":{"rendered":"Olhares &#8211; Nat\u00e1lia Chagas"},"content":{"rendered":"\n<p>O <strong>\u201cOlhares\u201d<\/strong> de hoje \u00e9 com a Nat\u00e1lia Chagas que \u00e9 natural de Santa Rita de Ibitipoca e bi\u00f3loga formada pela UFSJ, e desde 2017, se dedica a fotografia. Para ela, a fotografia \u00e9 um registro do tempo, \u00e9 permitir-se ser apreciada pelo olhar do outro. \u201cSou uma pessoa muito sens\u00edvel, sempre amei poesia e fotografar foi a forma que encontrei para fazer poesia sem precisar das palavras\u201d, conta ela.<br><\/p>\n\n\n\n<figure class=\"wp-block-image\"><img loading=\"lazy\" width=\"1080\" height=\"852\" src=\"http:\/\/jornalismo.ufsj.edu.br\/wp-content\/uploads\/2019\/04\/54247986_2292641670949465_2500749069338332529_n-1.jpg?fit=1024%2C808\" alt=\"\" class=\"wp-image-6510\" srcset=\"http:\/\/anu.ufsj.edu.br\/site\/wp-content\/uploads\/2019\/04\/54247986_2292641670949465_2500749069338332529_n-1.jpg 1080w, http:\/\/anu.ufsj.edu.br\/site\/wp-content\/uploads\/2019\/04\/54247986_2292641670949465_2500749069338332529_n-1-300x237.jpg 300w, http:\/\/anu.ufsj.edu.br\/site\/wp-content\/uploads\/2019\/04\/54247986_2292641670949465_2500749069338332529_n-1-768x606.jpg 768w, http:\/\/anu.ufsj.edu.br\/site\/wp-content\/uploads\/2019\/04\/54247986_2292641670949465_2500749069338332529_n-1-1024x808.jpg 1024w\" sizes=\"(max-width: 1080px) 100vw, 1080px\" \/><figcaption>Nat\u00e1lia como monitora do 9\u00ba Foto em Pauta.<\/figcaption><\/figure>\n\n\n\n<p>Seu contato com a fotografia come\u00e7ou ainda crian\u00e7a com a sua m\u00e3e na fotografia. Aos 18 anos, ela ganhou a primeira c\u00e2mera fotogr\u00e1fica e, desde ent\u00e3o, fotografar passou a ser seu maior fasc\u00ednio. Nat\u00e1lia nos conta que foi a partir desse contato que sua paix\u00e3o foi aumentando, \u201ccresci com o pensamento que seria bi\u00f3loga e, por ser amante da natureza, sempre amei registr\u00e1-la\u201d.<br><\/p>\n\n\n\n<p>Seu projeto Nativa nasceu em setembro de 2017, ap\u00f3s vivenciar um t\u00e9rmino de um relacionamento amoroso bastante conturbado.<br><\/p>\n\n\n\n<p><em>\u201cDurante esse processo, meu ex companheiro fez um retrato meu e quando me vi, me senti incrivelmente linda e forte. Aquela foto ajudou a restaurar minha autoestima e percebi que realizar esse tipo de fotografia poderia auxiliar outras mulheres tamb\u00e9m. Assim, a Nativa busca empoderar, resgatar a autoestima da mulher e exaltar a beleza natural inerente a toda mulher\u201d<\/em>, conta ela. <br><\/p>\n\n\n\n<p>O impacto da Nativa numa sociedade que est\u00e1 sempre ditando as regras do que se considera \u201cbelo\u201d, principalmente no corpo feminino, \u00e9 importante pois para os fot\u00f3grafos homens a mulher sempre ser\u00e1 sexualizada e imposta por um padr\u00e3o.<br><\/p>\n\n\n\n<p><em>\u201cAssim, a Nativa visa quebrar padr\u00f5es de feminilidade, exaltando todas as formas, belezas e diversidades. Outro fator que impacta \u00e9 o nu art\u00edstico. O nu \u00e9 um tabu na nossa sociedade, mas acredito que o autoconhecimento \u00e9 fundamental para a evolu\u00e7\u00e3o humana. N\u00f3s mulheres n\u00e3o nos olhamos no espelho verdadeiramente e quando o fazemos, s\u00f3 exaltamos nossos \u2018defeitos\u2019. Acredito que o nu art\u00edstico impacta porque nos faz refletir sobre esses padr\u00f5es de beleza midi\u00e1ticos e passamos a admirar uma beleza que at\u00e9 ent\u00e3o, n\u00e3o era reconhecida e nem apreciada\u201d<\/em>, conta a Nat\u00e1lia.<br><\/p>\n\n\n\n<p>O reconhecimento do trabalho da Nat\u00e1lia em S\u00e3o Jo\u00e3o del-Rei tem crescido muito e ela pretende continuar por aqui pelos pr\u00f3ximos anos, mas n\u00e3o descarta a possibilidade de se expandir para cidades maiores como Belo Horizonte, \u201csonho em realizar grandes exposi\u00e7\u00f5es, lan\u00e7ar um fotolivro em conjunto com uma amiga desenhista e realizar trabalhos fotogr\u00e1ficos com as mulheres da periferia de S\u00e3o Jo\u00e3o. Por enquanto estou me consolidando por aqui e aprimorando meus conhecimentos\u201d.<\/p>\n\n\n\n<p>No momento, a Nativa est\u00e1 com duas exposi\u00e7\u00f5es agendadas. A primeira acontecer\u00e1 no dia 20 de abril em Entre Rios de Minas e outra em S\u00e3o Jo\u00e3o, no Bar Barteli\u00ea a partir do dia 10 de maio. Nomeada \u201cCrua\u201d, as duas exposi\u00e7\u00f5es ser\u00e3o uma colet\u00e2nea do trabalho de Nat\u00e1lia at\u00e9 o momento. E ainda mais para frente, Nat\u00e1lia est\u00e1 construindo projetos nos centros perif\u00e9ricos de S\u00e3o Jo\u00e3o e no Albergue Santo Ant\u00f4nio. <br><\/p>\n\n\n\n<p>D\u00ea uma olhada nos cliques da Nat\u00e1lia:<br><\/p>\n\n\n\n<figure class=\"wp-block-image\"><img loading=\"lazy\" width=\"1280\" height=\"910\" src=\"http:\/\/jornalismo.ufsj.edu.br\/wp-content\/uploads\/2019\/04\/1.jpeg?fit=1024%2C728\" alt=\"\" class=\"wp-image-6511\" srcset=\"http:\/\/anu.ufsj.edu.br\/site\/wp-content\/uploads\/2019\/04\/1.jpeg 1280w, http:\/\/anu.ufsj.edu.br\/site\/wp-content\/uploads\/2019\/04\/1-300x213.jpeg 300w, http:\/\/anu.ufsj.edu.br\/site\/wp-content\/uploads\/2019\/04\/1-768x546.jpeg 768w, http:\/\/anu.ufsj.edu.br\/site\/wp-content\/uploads\/2019\/04\/1-1024x728.jpeg 1024w\" sizes=\"(max-width: 1280px) 100vw, 1280px\" \/><\/figure>\n\n\n\n<figure class=\"wp-block-image\"><img loading=\"lazy\" width=\"1280\" height=\"852\" src=\"http:\/\/jornalismo.ufsj.edu.br\/wp-content\/uploads\/2019\/04\/2.jpeg?fit=1024%2C682\" alt=\"\" class=\"wp-image-6512\" srcset=\"http:\/\/anu.ufsj.edu.br\/site\/wp-content\/uploads\/2019\/04\/2.jpeg 1280w, http:\/\/anu.ufsj.edu.br\/site\/wp-content\/uploads\/2019\/04\/2-300x200.jpeg 300w, http:\/\/anu.ufsj.edu.br\/site\/wp-content\/uploads\/2019\/04\/2-768x511.jpeg 768w, http:\/\/anu.ufsj.edu.br\/site\/wp-content\/uploads\/2019\/04\/2-1024x682.jpeg 1024w\" sizes=\"(max-width: 1280px) 100vw, 1280px\" \/><\/figure>\n\n\n\n<figure class=\"wp-block-image\"><img loading=\"lazy\" width=\"732\" height=\"915\" src=\"http:\/\/jornalismo.ufsj.edu.br\/wp-content\/uploads\/2019\/04\/3.jpeg\" alt=\"\" class=\"wp-image-6513\" srcset=\"http:\/\/anu.ufsj.edu.br\/site\/wp-content\/uploads\/2019\/04\/3.jpeg 732w, http:\/\/anu.ufsj.edu.br\/site\/wp-content\/uploads\/2019\/04\/3-240x300.jpeg 240w\" sizes=\"(max-width: 732px) 100vw, 732px\" \/><\/figure>\n\n\n\n<figure class=\"wp-block-image\"><img loading=\"lazy\" width=\"853\" height=\"1280\" src=\"http:\/\/jornalismo.ufsj.edu.br\/wp-content\/uploads\/2019\/04\/4.jpeg?fit=682%2C1024\" alt=\"\" class=\"wp-image-6514\" srcset=\"http:\/\/anu.ufsj.edu.br\/site\/wp-content\/uploads\/2019\/04\/4.jpeg 853w, http:\/\/anu.ufsj.edu.br\/site\/wp-content\/uploads\/2019\/04\/4-200x300.jpeg 200w, http:\/\/anu.ufsj.edu.br\/site\/wp-content\/uploads\/2019\/04\/4-768x1152.jpeg 768w, http:\/\/anu.ufsj.edu.br\/site\/wp-content\/uploads\/2019\/04\/4-682x1024.jpeg 682w\" sizes=\"(max-width: 853px) 100vw, 853px\" \/><\/figure>\n\n\n\n<figure class=\"wp-block-image\"><img loading=\"lazy\" width=\"1280\" height=\"853\" src=\"http:\/\/jornalismo.ufsj.edu.br\/wp-content\/uploads\/2019\/04\/5.jpeg?fit=1024%2C682\" alt=\"\" class=\"wp-image-6515\" srcset=\"http:\/\/anu.ufsj.edu.br\/site\/wp-content\/uploads\/2019\/04\/5.jpeg 1280w, http:\/\/anu.ufsj.edu.br\/site\/wp-content\/uploads\/2019\/04\/5-300x200.jpeg 300w, http:\/\/anu.ufsj.edu.br\/site\/wp-content\/uploads\/2019\/04\/5-768x512.jpeg 768w, http:\/\/anu.ufsj.edu.br\/site\/wp-content\/uploads\/2019\/04\/5-1024x682.jpeg 1024w\" sizes=\"(max-width: 1280px) 100vw, 1280px\" \/><\/figure>\n\n\n\n<figure class=\"wp-block-image\"><img loading=\"lazy\" width=\"853\" height=\"1280\" src=\"http:\/\/jornalismo.ufsj.edu.br\/wp-content\/uploads\/2019\/04\/6.jpeg?fit=682%2C1024\" alt=\"\" class=\"wp-image-6516\" srcset=\"http:\/\/anu.ufsj.edu.br\/site\/wp-content\/uploads\/2019\/04\/6.jpeg 853w, http:\/\/anu.ufsj.edu.br\/site\/wp-content\/uploads\/2019\/04\/6-200x300.jpeg 200w, http:\/\/anu.ufsj.edu.br\/site\/wp-content\/uploads\/2019\/04\/6-768x1152.jpeg 768w, http:\/\/anu.ufsj.edu.br\/site\/wp-content\/uploads\/2019\/04\/6-682x1024.jpeg 682w\" sizes=\"(max-width: 853px) 100vw, 853px\" \/><\/figure>\n\n\n\n<figure class=\"wp-block-image\"><img loading=\"lazy\" width=\"1280\" height=\"852\" src=\"http:\/\/jornalismo.ufsj.edu.br\/wp-content\/uploads\/2019\/04\/7.jpeg?fit=1024%2C682\" alt=\"\" class=\"wp-image-6517\" srcset=\"http:\/\/anu.ufsj.edu.br\/site\/wp-content\/uploads\/2019\/04\/7.jpeg 1280w, http:\/\/anu.ufsj.edu.br\/site\/wp-content\/uploads\/2019\/04\/7-300x200.jpeg 300w, http:\/\/anu.ufsj.edu.br\/site\/wp-content\/uploads\/2019\/04\/7-768x511.jpeg 768w, http:\/\/anu.ufsj.edu.br\/site\/wp-content\/uploads\/2019\/04\/7-1024x682.jpeg 1024w\" sizes=\"(max-width: 1280px) 100vw, 1280px\" \/><\/figure>\n\n\n\n<figure class=\"wp-block-image\"><img loading=\"lazy\" width=\"1280\" height=\"853\" src=\"http:\/\/jornalismo.ufsj.edu.br\/wp-content\/uploads\/2019\/04\/8.jpeg?fit=1024%2C682\" alt=\"\" class=\"wp-image-6518\" srcset=\"http:\/\/anu.ufsj.edu.br\/site\/wp-content\/uploads\/2019\/04\/8.jpeg 1280w, http:\/\/anu.ufsj.edu.br\/site\/wp-content\/uploads\/2019\/04\/8-300x200.jpeg 300w, http:\/\/anu.ufsj.edu.br\/site\/wp-content\/uploads\/2019\/04\/8-768x512.jpeg 768w, http:\/\/anu.ufsj.edu.br\/site\/wp-content\/uploads\/2019\/04\/8-1024x682.jpeg 1024w\" sizes=\"(max-width: 1280px) 100vw, 1280px\" \/><\/figure>\n\n\n\n<p>Voc\u00ea pode conferir mais um pouquinho da Nativa em seu <a href=\"https:\/\/www.instagram.com\/nativa_fotografia\/\"><strong>Instagram<\/strong><\/a>. E se voc\u00ea, assim como a Nat\u00e1lia, tem um projeto fotogr\u00e1fico ou uma rela\u00e7\u00e3o \u00edntima com a fotografia, entre em contato com a gente para fazer parte da se\u00e7\u00e3o <strong>Olhares<\/strong>.<br><\/p>\n\n\n\n<p><strong>Texto: <\/strong>Clara Rosa<\/p>\n","protected":false},"excerpt":{"rendered":"<p>O \u201cOlhares\u201d de hoje \u00e9 com a Nat\u00e1lia Chagas que \u00e9 natural de Santa Rita de Ibitipoca e bi\u00f3loga formada pela UFSJ, e desde 2017, se dedica a fotografia. Para ela, a fotografia \u00e9 um registro do tempo, \u00e9 permitir-se&#8230;<\/p>\n","protected":false},"author":3,"featured_media":0,"comment_status":"open","ping_status":"open","sticky":false,"template":"","format":"standard","meta":{"_monsterinsights_skip_tracking":false,"_monsterinsights_sitenote_active":false,"_monsterinsights_sitenote_note":"","_monsterinsights_sitenote_category":0},"categories":[43],"tags":[],"yoast_head":"<!-- This site is optimized with the Yoast SEO plugin v20.6 - https:\/\/yoast.com\/wordpress\/plugins\/seo\/ -->\n<title>Olhares - Nat\u00e1lia Chagas - Jornalismo UFSJ<\/title>\n<meta name=\"robots\" content=\"index, follow, max-snippet:-1, max-image-preview:large, max-video-preview:-1\" \/>\n<link rel=\"canonical\" href=\"https:\/\/anu.ufsj.edu.br\/site\/jornalismoufsj\/olhares-natalia-chagas\/\" \/>\n<meta property=\"og:locale\" content=\"pt_BR\" \/>\n<meta property=\"og:type\" content=\"article\" \/>\n<meta property=\"og:title\" content=\"Olhares - Nat\u00e1lia Chagas - Jornalismo UFSJ\" \/>\n<meta property=\"og:description\" content=\"O \u201cOlhares\u201d de hoje \u00e9 com a Nat\u00e1lia Chagas que \u00e9 natural de Santa Rita de Ibitipoca e bi\u00f3loga formada pela UFSJ, e desde 2017, se dedica a fotografia. Para ela, a fotografia \u00e9 um registro do tempo, \u00e9 permitir-se...\" \/>\n<meta property=\"og:url\" content=\"https:\/\/anu.ufsj.edu.br\/site\/jornalismoufsj\/olhares-natalia-chagas\/\" \/>\n<meta property=\"og:site_name\" content=\"Jornalismo UFSJ\" \/>\n<meta property=\"article:publisher\" content=\"https:\/\/www.facebook.com\/jornalismoufsj\/\" \/>\n<meta property=\"article:published_time\" content=\"2019-04-16T19:00:51+00:00\" \/>\n<meta property=\"article:modified_time\" content=\"2019-04-16T18:57:23+00:00\" \/>\n<meta property=\"og:image\" content=\"http:\/\/jornalismo.ufsj.edu.br\/wp-content\/uploads\/2019\/04\/54247986_2292641670949465_2500749069338332529_n-1.jpg?fit=1024%2C808\" \/>\n<meta name=\"twitter:card\" content=\"summary_large_image\" \/>\n<meta name=\"twitter:creator\" content=\"@jornalismoufsj\" \/>\n<meta name=\"twitter:site\" content=\"@jornalismoufsj\" \/>\n<meta name=\"twitter:label1\" content=\"Escrito por\" \/>\n\t<meta name=\"twitter:data1\" content=\"\" \/>\n\t<meta name=\"twitter:label2\" content=\"Est. tempo de leitura\" \/>\n\t<meta name=\"twitter:data2\" content=\"3 minutos\" \/>\n<script type=\"application\/ld+json\" class=\"yoast-schema-graph\">{\"@context\":\"https:\/\/schema.org\",\"@graph\":[{\"@type\":\"WebPage\",\"@id\":\"https:\/\/anu.ufsj.edu.br\/site\/jornalismoufsj\/olhares-natalia-chagas\/\",\"url\":\"https:\/\/anu.ufsj.edu.br\/site\/jornalismoufsj\/olhares-natalia-chagas\/\",\"name\":\"Olhares - Nat\u00e1lia Chagas - Jornalismo UFSJ\",\"isPartOf\":{\"@id\":\"http:\/\/jornalismo.ufsj.edu.br\/site\/#website\"},\"datePublished\":\"2019-04-16T19:00:51+00:00\",\"dateModified\":\"2019-04-16T18:57:23+00:00\",\"author\":{\"@id\":\"\"},\"breadcrumb\":{\"@id\":\"https:\/\/anu.ufsj.edu.br\/site\/jornalismoufsj\/olhares-natalia-chagas\/#breadcrumb\"},\"inLanguage\":\"pt-BR\",\"potentialAction\":[{\"@type\":\"ReadAction\",\"target\":[\"https:\/\/anu.ufsj.edu.br\/site\/jornalismoufsj\/olhares-natalia-chagas\/\"]}]},{\"@type\":\"BreadcrumbList\",\"@id\":\"https:\/\/anu.ufsj.edu.br\/site\/jornalismoufsj\/olhares-natalia-chagas\/#breadcrumb\",\"itemListElement\":[{\"@type\":\"ListItem\",\"position\":1,\"name\":\"In\u00edcio\",\"item\":\"http:\/\/jornalismo.ufsj.edu.br\/site\/\"},{\"@type\":\"ListItem\",\"position\":2,\"name\":\"Olhares &#8211; Nat\u00e1lia Chagas\"}]},{\"@type\":\"WebSite\",\"@id\":\"http:\/\/jornalismo.ufsj.edu.br\/site\/#website\",\"url\":\"http:\/\/jornalismo.ufsj.edu.br\/site\/\",\"name\":\"Jornalismo UFSJ\",\"description\":\"\",\"potentialAction\":[{\"@type\":\"SearchAction\",\"target\":{\"@type\":\"EntryPoint\",\"urlTemplate\":\"http:\/\/jornalismo.ufsj.edu.br\/site\/?s={search_term_string}\"},\"query-input\":\"required name=search_term_string\"}],\"inLanguage\":\"pt-BR\"},{\"@type\":\"Person\",\"@id\":\"\"}]}<\/script>\n<!-- \/ Yoast SEO plugin. -->","yoast_head_json":{"title":"Olhares - Nat\u00e1lia Chagas - Jornalismo UFSJ","robots":{"index":"index","follow":"follow","max-snippet":"max-snippet:-1","max-image-preview":"max-image-preview:large","max-video-preview":"max-video-preview:-1"},"canonical":"https:\/\/anu.ufsj.edu.br\/site\/jornalismoufsj\/olhares-natalia-chagas\/","og_locale":"pt_BR","og_type":"article","og_title":"Olhares - Nat\u00e1lia Chagas - Jornalismo UFSJ","og_description":"O \u201cOlhares\u201d de hoje \u00e9 com a Nat\u00e1lia Chagas que \u00e9 natural de Santa Rita de Ibitipoca e bi\u00f3loga formada pela UFSJ, e desde 2017, se dedica a fotografia. Para ela, a fotografia \u00e9 um registro do tempo, \u00e9 permitir-se...","og_url":"https:\/\/anu.ufsj.edu.br\/site\/jornalismoufsj\/olhares-natalia-chagas\/","og_site_name":"Jornalismo UFSJ","article_publisher":"https:\/\/www.facebook.com\/jornalismoufsj\/","article_published_time":"2019-04-16T19:00:51+00:00","article_modified_time":"2019-04-16T18:57:23+00:00","og_image":[{"url":"http:\/\/jornalismo.ufsj.edu.br\/wp-content\/uploads\/2019\/04\/54247986_2292641670949465_2500749069338332529_n-1.jpg?fit=1024%2C808"}],"twitter_card":"summary_large_image","twitter_creator":"@jornalismoufsj","twitter_site":"@jornalismoufsj","twitter_misc":{"Escrito por":"","Est. tempo de leitura":"3 minutos"},"schema":{"@context":"https:\/\/schema.org","@graph":[{"@type":"WebPage","@id":"https:\/\/anu.ufsj.edu.br\/site\/jornalismoufsj\/olhares-natalia-chagas\/","url":"https:\/\/anu.ufsj.edu.br\/site\/jornalismoufsj\/olhares-natalia-chagas\/","name":"Olhares - Nat\u00e1lia Chagas - Jornalismo UFSJ","isPartOf":{"@id":"http:\/\/jornalismo.ufsj.edu.br\/site\/#website"},"datePublished":"2019-04-16T19:00:51+00:00","dateModified":"2019-04-16T18:57:23+00:00","author":{"@id":""},"breadcrumb":{"@id":"https:\/\/anu.ufsj.edu.br\/site\/jornalismoufsj\/olhares-natalia-chagas\/#breadcrumb"},"inLanguage":"pt-BR","potentialAction":[{"@type":"ReadAction","target":["https:\/\/anu.ufsj.edu.br\/site\/jornalismoufsj\/olhares-natalia-chagas\/"]}]},{"@type":"BreadcrumbList","@id":"https:\/\/anu.ufsj.edu.br\/site\/jornalismoufsj\/olhares-natalia-chagas\/#breadcrumb","itemListElement":[{"@type":"ListItem","position":1,"name":"In\u00edcio","item":"http:\/\/jornalismo.ufsj.edu.br\/site\/"},{"@type":"ListItem","position":2,"name":"Olhares &#8211; Nat\u00e1lia Chagas"}]},{"@type":"WebSite","@id":"http:\/\/jornalismo.ufsj.edu.br\/site\/#website","url":"http:\/\/jornalismo.ufsj.edu.br\/site\/","name":"Jornalismo UFSJ","description":"","potentialAction":[{"@type":"SearchAction","target":{"@type":"EntryPoint","urlTemplate":"http:\/\/jornalismo.ufsj.edu.br\/site\/?s={search_term_string}"},"query-input":"required name=search_term_string"}],"inLanguage":"pt-BR"},{"@type":"Person","@id":""}]}},"jetpack_featured_media_url":"","_links":{"self":[{"href":"http:\/\/anu.ufsj.edu.br\/site\/wp-json\/wp\/v2\/posts\/6508"}],"collection":[{"href":"http:\/\/anu.ufsj.edu.br\/site\/wp-json\/wp\/v2\/posts"}],"about":[{"href":"http:\/\/anu.ufsj.edu.br\/site\/wp-json\/wp\/v2\/types\/post"}],"author":[{"embeddable":true,"href":"http:\/\/anu.ufsj.edu.br\/site\/wp-json\/wp\/v2\/users\/3"}],"replies":[{"embeddable":true,"href":"http:\/\/anu.ufsj.edu.br\/site\/wp-json\/wp\/v2\/comments?post=6508"}],"version-history":[{"count":2,"href":"http:\/\/anu.ufsj.edu.br\/site\/wp-json\/wp\/v2\/posts\/6508\/revisions"}],"predecessor-version":[{"id":6520,"href":"http:\/\/anu.ufsj.edu.br\/site\/wp-json\/wp\/v2\/posts\/6508\/revisions\/6520"}],"wp:attachment":[{"href":"http:\/\/anu.ufsj.edu.br\/site\/wp-json\/wp\/v2\/media?parent=6508"}],"wp:term":[{"taxonomy":"category","embeddable":true,"href":"http:\/\/anu.ufsj.edu.br\/site\/wp-json\/wp\/v2\/categories?post=6508"},{"taxonomy":"post_tag","embeddable":true,"href":"http:\/\/anu.ufsj.edu.br\/site\/wp-json\/wp\/v2\/tags?post=6508"}],"curies":[{"name":"wp","href":"https:\/\/api.w.org\/{rel}","templated":true}]}}