{"id":6563,"date":"2019-06-02T02:44:22","date_gmt":"2019-06-02T05:44:22","guid":{"rendered":"http:\/\/jornalismo.ufsj.edu.br\/?p=6563"},"modified":"2019-06-02T02:48:45","modified_gmt":"2019-06-02T05:48:45","slug":"%ef%bb%bfpor-onda-anda-ricardo-rios","status":"publish","type":"post","link":"http:\/\/anu.ufsj.edu.br\/site\/jornalismoufsj\/%ef%bb%bfpor-onda-anda-ricardo-rios\/","title":{"rendered":"\ufeffPor Onda Anda: Ricardo Rios"},"content":{"rendered":"\n<p><br><em>Conhe\u00e7a o egresso que se divide entre ser professor, coordenador de comunica\u00e7\u00e3o e ainda fazer o doutorado<\/em><br><\/p>\n\n\n\n<div class=\"wp-block-image\"><figure class=\"alignleft is-resized\"><img loading=\"lazy\" src=\"http:\/\/jornalismo.ufsj.edu.br\/wp-content\/uploads\/2019\/05\/46750651_192701075003712_2419387659458707456_n.png\" alt=\"\" class=\"wp-image-6564\" width=\"305\" height=\"305\" srcset=\"http:\/\/anu.ufsj.edu.br\/site\/wp-content\/uploads\/2019\/05\/46750651_192701075003712_2419387659458707456_n.png 960w, http:\/\/anu.ufsj.edu.br\/site\/wp-content\/uploads\/2019\/05\/46750651_192701075003712_2419387659458707456_n-150x150.png 150w, http:\/\/anu.ufsj.edu.br\/site\/wp-content\/uploads\/2019\/05\/46750651_192701075003712_2419387659458707456_n-300x300.png 300w, http:\/\/anu.ufsj.edu.br\/site\/wp-content\/uploads\/2019\/05\/46750651_192701075003712_2419387659458707456_n-768x768.png 768w\" sizes=\"(max-width: 305px) 100vw, 305px\" \/><figcaption>Foto: Arquivo pessoal<\/figcaption><\/figure><\/div>\n\n\n\n<p>A primeira op\u00e7\u00e3o de gradua\u00e7\u00e3o dele sempre foi o jornalismo. Mas por causa da queda da obrigatoriedade do diploma de jornalismo para o exerc\u00edcio da profiss\u00e3o, referendada pelo Supremo Tribunal Federal (STF), em 2009, chegou a prestar vestibular tamb\u00e9m para Rela\u00e7\u00f5es Internacionais.<br><br>\u201cPassei nos dois cursos e optei pelo Jornalismo, n\u00e3o apenas pela proximidade com a minha casa (Barbacena), mas tamb\u00e9m pela paix\u00e3o que sempre tive pela Comunica\u00e7\u00e3o\u201d \u2013 relembra Ricardo Rios, 25, egresso da 3\u00aa turma do curso de Comunica\u00e7\u00e3o Social \u2013 Jornalismo da UFSJ.<\/p>\n\n\n\n<p>Formado desde 2014, atualmente, Ricardo \u00e9 coordenador de comunica\u00e7\u00e3o do Hospital Ibiapaba, em Barbacena, professor do curso de Publicidade e Propaganda no campus da Unipac do mesmo munic\u00edpio e ainda cursa o Doutorado em Comunica\u00e7\u00e3o da Universidade Federal de Juiz de Fora (UFJF).<br><br>Confira abaixo, a entrevista dada ao site do Jornalismo UFSJ!<\/p>\n\n\n\n<p><strong>Jornalismo UFSJ: O nosso curso conta com alguns projetos e oportunidades internas \u2013 como a empresa j\u00fanior Mosaico, bolsas de monitoria, inicia\u00e7\u00e3o cient\u00edfica, projetos de extens\u00e3o&#8230; voc\u00ea participou de algum deles? Quais?<\/strong><\/p>\n\n\n\n<div class=\"wp-block-image\"><figure class=\"alignright is-resized\"><img loading=\"lazy\" src=\"http:\/\/jornalismo.ufsj.edu.br\/wp-content\/uploads\/2019\/05\/46742222_337014087030126_6643482536171274240_n.png\" alt=\"\" class=\"wp-image-6565\" width=\"314\" height=\"373\" srcset=\"http:\/\/anu.ufsj.edu.br\/site\/wp-content\/uploads\/2019\/05\/46742222_337014087030126_6643482536171274240_n.png 647w, http:\/\/anu.ufsj.edu.br\/site\/wp-content\/uploads\/2019\/05\/46742222_337014087030126_6643482536171274240_n-253x300.png 253w\" sizes=\"(max-width: 314px) 100vw, 314px\" \/><figcaption>Foto: Arquivo pessoal<\/figcaption><\/figure><\/div>\n\n\n\n<p>Ricardo Rios: Participei de Inicia\u00e7\u00e3o Cient\u00edfica ap\u00f3s convite do professor Ivan Vasconcelos, atual pr\u00f3-reitor da PROEX. Participamos do primeiro projeto acad\u00eamico a ser institucionalizado no Brasil sobre um dos maiores programas de TV do mundo, o <em>Eurovision Song Contest<\/em>. <br><br>Gra\u00e7as \u00e0 Inicia\u00e7\u00e3o Cient\u00edfica desenvolvida na gradua\u00e7\u00e3o, hoje sou o pesquisador brasileiro com o maior n\u00famero de trabalhos publicados sobre o tema.<br><br>Para a minha forma\u00e7\u00e3o foi fundamental, porque pude aprender a escrever textos acad\u00eamicos com qualidade, al\u00e9m de ter continuado com a pesquisa no mestrado.<\/p>\n\n\n\n<p> <br><strong>E est\u00e1gios? Quais voc\u00ea fez?<\/strong><\/p>\n\n\n\n<p>Estagiei na Comunica\u00e7\u00e3o da Ger\u00eancia Regional dos Correios, em Barbacena, de 2012 a 2014. Como fui o primeiro estagi\u00e1rio da \u00e1rea na regi\u00e3o, pude aprender muito e tamb\u00e9m imprimir um ritmo novo \u00e0 Comunica\u00e7\u00e3o Externa da Ger\u00eancia, que at\u00e9 ent\u00e3o dependia exclusivamente de Belo Horizonte. <br><br>Essa experi\u00eancia profissional foi interessant\u00edssima, porque os Correios s\u00e3o um dos maiores empregadores de Barbacena e possui na cidade uma estrutura gigantesca, com tr\u00eas bases gerenciais (Ger\u00eancia Regional, Centro de Distribui\u00e7\u00e3o e Central de Atendimento Nacional). At\u00e9 ent\u00e3o, \u00e9ramos mudos e come\u00e7amos a falar com o p\u00fablico externo. Isso se mant\u00e9m at\u00e9 hoje.<\/p>\n\n\n\n<p>  <br><strong>Na \u00e9poca da faculdade, tinha alguma prefer\u00eancia de campo de atua\u00e7\u00e3o enquanto jornalista (TV, r\u00e1dio, impresso, web, assessoria&#8230;) ou n\u00e3o?<\/strong><\/p>\n\n\n\n<p>Sempre fui um oper\u00e1rio da comunica\u00e7\u00e3o. Nunca tive uma prefer\u00eancia espec\u00edfica. Abra\u00e7ava as mais diferentes \u00e1reas para pegar experi\u00eancia (essa \u00e9 uma dica que sempre passo aos estudantes, por sinal).<\/p>\n\n\n\n<p><strong>Depois de formado, voc\u00ea chegou a fazer alguma p\u00f3s-gradua\u00e7\u00e3o? Se sim, qual? Em que \u00e1rea?<\/strong><\/p>\n\n\n\n<p>Antes de defender o TCC, havia passado no mestrado em Rela\u00e7\u00f5es Internacionais, na PUC Minas. Iniciei o curso em 2015 e me formei em 2017.<br> <br><strong>Ricardo, atualmente, voc\u00ea trabalha no setor de comunica\u00e7\u00e3o do Hospital Ibiapaba, em Barbacena. Como \u00e9 a rotina de um coordenador de comunica\u00e7\u00e3o de um hospital?<\/strong><\/p>\n\n\n\n<p>\u00c9 uma experi\u00eancia profissional incr\u00edvel. Quando entrei no CEBAMS, a dire\u00e7\u00e3o me deu um desafio: colocar um dos maiores hospitais SUS do interior de Minas Gerais para falar com o p\u00fablico externo. Com muito trabalho e unindo todos os times, conseguimos um resultado fant\u00e1stico: alcan\u00e7ar o desejo da dire\u00e7\u00e3o e obter um retorno de m\u00eddia espont\u00e2nea de mais de R$ 75000 s\u00f3 em 2017.<\/p>\n\n\n\n<p>Criamos no setor a\u00e7\u00f5es internas e externas de grande impacto local e regional. A rotina \u00e9 bem intensa, mas muito prazerosa: al\u00e9m da m\u00e3o na massa, gerencio um dos grandes or\u00e7amentos da empresa, al\u00e9m de toda a execu\u00e7\u00e3o dos padr\u00f5es ISO da Comunica\u00e7\u00e3o.<\/p>\n\n\n\n<p>Trabalhar no setor de sa\u00fade foi uma grande surpresa positiva. Como vim de reda\u00e7\u00e3o, consigo traduzir as expectativas do p\u00fablico em a\u00e7\u00f5es efetivas de comunica\u00e7\u00e3o.<br><br>Atualmente, a estrutura de Comunica\u00e7\u00e3o que temos hoje \u00e9 uma das maiores da regi\u00e3o e conseguimos executar praticamente todos os servi\u00e7os do setor internamente, traduzindo em economia e redu\u00e7\u00e3o de custos operacionais.<br> <br><strong>E ser professor? Como \u00e9 a experi\u00eancia de, agora, colaborar com a forma\u00e7\u00e3o profissional de futuros comunic\u00f3logos, no caso, publicit\u00e1rios?<\/strong><\/p>\n\n\n\n<p>A doc\u00eancia \u00e9 uma alegria \u00fanica. O trabalho na sala de aula \u00e9 diferente, porque o professor que est\u00e1 na linha de frente n\u00e3o faz apenas o trabalho de passar conhecimento.<\/p>\n\n\n\n<p>H\u00e1 uma gest\u00e3o de pessoas imensa. Lido com dezenas de pessoas que s\u00e3o diferentes, que t\u00eam expectativas e desejos diferentes. Gerir todos esses anseios, principalmente no ensino superior, demanda muito trabalho, resultando em uma sinergia de conhecimentos entre alunos e professores que formam todo o contexto da educa\u00e7\u00e3o.<br><br>E o trabalho do professor n\u00e3o fica s\u00f3 na sala de aula. H\u00e1 o extraclasse que poucas pessoas conhecem. De 2017 ao in\u00edcio deste ano, pude colaborar com um grupo grande de 17 alunos que abra\u00e7aram comigo um desafio in\u00e9dito para eles: produzir artigos para o Intercom Sudeste 2018, que aconteceu em Belo Horizonte. Ao todo, nosso grupo aprovou quatro trabalhos, sendo tr\u00eas Intercom Jr. e o \u00fanico Expocom da regi\u00e3o do Campos das Vertentes.<\/p>\n\n\n\n<p>O papel do professor \u00e9 o mesmo de um gestor de empresa: conduzir. \u00c9 necess\u00e1rio conduzir em dire\u00e7\u00e3o \u00e0 excel\u00eancia, mostrar como melhorar, apoiar o trabalho em andamento e, sobretudo, incentivar em momentos de desmotiva\u00e7\u00e3o. Uma simples palavra de incentivo do professor (ou at\u00e9 mesmo aquele empurr\u00e3ozinho) pode fazer algu\u00e9m desmotivado recuperar o \u00e2nimo e produzir bem.<br><br>Al\u00e9m disso, como gosto de pesquisa, a doc\u00eancia me permite continuar trabalhando com a produ\u00e7\u00e3o de ci\u00eancia, seja com os artigos isolados em parceria com os alunos ou no meu projeto de Inicia\u00e7\u00e3o Cient\u00edfica.<\/p>\n\n\n\n<p><br><strong>E na TV Barbacena? O que voc\u00ea faz nela? Se eu n\u00e3o me engano, voc\u00ea foi o respons\u00e1vel pela sua cria\u00e7\u00e3o, n\u00e9?<\/strong><br> <\/p>\n\n\n\n<p>Exatamente. Fundei a TV Barbacena em 2006. Foi a segunda experi\u00eancia concreta de televis\u00e3o que tivemos na cidade.<br><br>Hoje a TV Barbacena se consolidou como o ve\u00edculo independente de imprensa mais antigo de Barbacena, al\u00e9m de ser o \u00fanico site da regi\u00e3o a vencer o Pr\u00eamio iBest, o Oscar da Internet Brasileira. Me considero um &#8220;faz-tudo&#8221; na TV, atuando na cria\u00e7\u00e3o, produ\u00e7\u00e3o, edi\u00e7\u00e3o e na concep\u00e7\u00e3o web, que \u00e9 o aspecto mais importante do site.<br> <br><strong>Esses s\u00e3o seus primeiros empregos p\u00f3s-formatura ou chegou a passar por outras empresas\/\u00e1reas antes? Se sim, quais?<\/strong><br><\/p>\n\n\n\n<p>Meses antes de me formar, fui contratado pela Cimento Tupi para ser o respons\u00e1vel corporativo pela Comunica\u00e7\u00e3o da empresa, que \u00e9 sediada no Rio de Janeiro. Estava baseado em Caranda\u00ed (MG). Paralelamente, contribu\u00eda com reportagens na R\u00e1dio Sucesso FM, de Barbacena.<br> <br><strong>Ricardo, voc\u00ea \u00e9 o t\u00edpico exemplo do profissional de comunica\u00e7\u00e3o t\u00e3o comentado da atualidade que se divide entre diversas frentes. Qual conselho voc\u00ea d\u00e1 para a turma dos formandos?<\/strong><br><\/p>\n\n\n\n<p>\u00c9 important\u00edssimo criar uma meta de carreira. Eu abra\u00e7o v\u00e1rias frentes n\u00e3o por necessidade, mas sim, porque a minha meta de carreira \u00e9 essa (trabalhar nos mundos acad\u00eamico e empresarial).<br><br>A primeira coisa que voc\u00ea deve pensar \u00e9: aonde eu quero estar no curto, no m\u00e9dio e no longo prazo? Depois disso, trace metas e estrat\u00e9gias para atingi-las. Esse discurso pode parecer empreendedorismo de palco, mas n\u00e3o \u00e9. Essa \u00e9 a realidade.<br><br>Se eu quero trabalhar na BBC, por exemplo, o que eu preciso fazer para alcan\u00e7ar isso? N\u00e3o basta s\u00f3 mudar para Londres e bater na porta da BBC pedindo emprego. \u00c9 necess\u00e1rio se preparar e entender o que preciso fazer para chegar l\u00e1.<br><br>Outra coisa muito importante: aproveitem o per\u00edodo da faculdade para experimentar e errar. Esse \u00e9 o momento. O mercado n\u00e3o quer experimentar e errar. Isso custa muito dinheiro.<\/p>\n\n\n\n<p>Por \u00faltimo: voc\u00ea n\u00e3o precisa ser especialista em todas as \u00e1reas da Comunica\u00e7\u00e3o, mas a economia de hoje exige que voc\u00ea pelo menos saiba um pouco das diferentes \u00e1reas. As pessoas j\u00e1 introjetaram est\u00e9tica e narrativa midi\u00e1tica sem perceber. Hoje elas fazem transmiss\u00f5es ao vivo com seus celulares sem ter forma\u00e7\u00e3o em Comunica\u00e7\u00e3o, mas entregam aos seguidores um material semelhante \u00e0 est\u00e9tica da TV, com zoom, foco, apura\u00e7\u00e3o de informa\u00e7\u00f5es e at\u00e9 ouvindo o outro lado. Hoje, a R\u00e1dio P\u00fablica da Su\u00e9cia tem um equipamento que faz transmiss\u00f5es ao vivo sem necessidade de passar nada pelo est\u00fadio.<\/p>\n\n\n\n<p>O pr\u00f3prio rep\u00f3rter, com uma conex\u00e3o 4G, transmite, edita, executa vinhetas e faz todo o processo de um est\u00fadio de r\u00e1dio sozinho. Se esse profissional s\u00f3 souber fazer a locu\u00e7\u00e3o (sem conhecer o m\u00ednimo das outras \u00e1reas de opera\u00e7\u00e3o do r\u00e1dio), ser\u00e1 promovido ao mercado em breve. E na crise global da comunica\u00e7\u00e3o, ningu\u00e9m quer ser promovido ao mercado (ou seja: demitido).<br> <br><strong>E quais s\u00e3o seus pr\u00f3ximos objetivos no campo da comunica\u00e7\u00e3o? O que mais voc\u00ea pretende alcan\u00e7ar na \u00e1rea?<br><\/strong><\/p>\n\n\n\n<p>Nosso mercado \u00e9 extremamente din\u00e2mico. Por\u00e9m, existem duas coisas que estar\u00e3o muito mais presentes na nossa vida profissional: Realidade Aumentada e Big Data. Pretendo estudar e me especializar nessas \u00e1reas.<\/p>\n\n\n\n<p>Parab\u00e9ns\npela trajet\u00f3ria, Ricardo!<\/p>\n\n\n\n<p><strong>Texto:<\/strong> Arthur Raposo Gomes<strong>F<\/strong><\/p>\n","protected":false},"excerpt":{"rendered":"<p>Conhe\u00e7a o egresso que se divide entre ser professor, coordenador de comunica\u00e7\u00e3o e ainda fazer o doutorado A primeira op\u00e7\u00e3o de gradua\u00e7\u00e3o dele sempre foi o jornalismo. Mas por causa da queda da obrigatoriedade do diploma de jornalismo para o&#8230;<\/p>\n","protected":false},"author":3,"featured_media":0,"comment_status":"open","ping_status":"open","sticky":false,"template":"","format":"standard","meta":{"_monsterinsights_skip_tracking":false,"_monsterinsights_sitenote_active":false,"_monsterinsights_sitenote_note":"","_monsterinsights_sitenote_category":0},"categories":[43],"tags":[],"yoast_head":"<!-- This site is optimized with the Yoast SEO plugin v20.6 - https:\/\/yoast.com\/wordpress\/plugins\/seo\/ -->\n<title>\ufeffPor Onda Anda: Ricardo Rios - Jornalismo UFSJ<\/title>\n<meta name=\"robots\" content=\"index, follow, max-snippet:-1, max-image-preview:large, max-video-preview:-1\" \/>\n<link rel=\"canonical\" href=\"http:\/\/jornalismo.ufsj.edu.br\/site\/jornalismoufsj\/\ufeffpor-onda-anda-ricardo-rios\/\" \/>\n<meta property=\"og:locale\" content=\"pt_BR\" \/>\n<meta property=\"og:type\" content=\"article\" \/>\n<meta property=\"og:title\" content=\"\ufeffPor Onda Anda: Ricardo Rios - Jornalismo UFSJ\" \/>\n<meta property=\"og:description\" content=\"Conhe\u00e7a o egresso que se divide entre ser professor, coordenador de comunica\u00e7\u00e3o e ainda fazer o doutorado A primeira op\u00e7\u00e3o de gradua\u00e7\u00e3o dele sempre foi o jornalismo. Mas por causa da queda da obrigatoriedade do diploma de jornalismo para o...\" \/>\n<meta property=\"og:url\" content=\"http:\/\/jornalismo.ufsj.edu.br\/site\/jornalismoufsj\/\ufeffpor-onda-anda-ricardo-rios\/\" \/>\n<meta property=\"og:site_name\" content=\"Jornalismo UFSJ\" \/>\n<meta property=\"article:publisher\" content=\"https:\/\/www.facebook.com\/jornalismoufsj\/\" \/>\n<meta property=\"article:published_time\" content=\"2019-06-02T05:44:22+00:00\" \/>\n<meta property=\"article:modified_time\" content=\"2019-06-02T05:48:45+00:00\" \/>\n<meta property=\"og:image\" content=\"http:\/\/jornalismo.ufsj.edu.br\/wp-content\/uploads\/2019\/05\/46750651_192701075003712_2419387659458707456_n.png\" \/>\n<meta name=\"twitter:card\" content=\"summary_large_image\" \/>\n<meta name=\"twitter:creator\" content=\"@jornalismoufsj\" \/>\n<meta name=\"twitter:site\" content=\"@jornalismoufsj\" \/>\n<meta name=\"twitter:label1\" content=\"Escrito por\" \/>\n\t<meta name=\"twitter:data1\" content=\"\" \/>\n\t<meta name=\"twitter:label2\" content=\"Est. tempo de leitura\" \/>\n\t<meta name=\"twitter:data2\" content=\"8 minutos\" \/>\n<script type=\"application\/ld+json\" class=\"yoast-schema-graph\">{\"@context\":\"https:\/\/schema.org\",\"@graph\":[{\"@type\":\"WebPage\",\"@id\":\"http:\/\/jornalismo.ufsj.edu.br\/site\/jornalismoufsj\/%ef%bb%bfpor-onda-anda-ricardo-rios\/\",\"url\":\"http:\/\/jornalismo.ufsj.edu.br\/site\/jornalismoufsj\/%ef%bb%bfpor-onda-anda-ricardo-rios\/\",\"name\":\"\ufeffPor Onda Anda: Ricardo Rios - Jornalismo UFSJ\",\"isPartOf\":{\"@id\":\"http:\/\/jornalismo.ufsj.edu.br\/site\/#website\"},\"datePublished\":\"2019-06-02T05:44:22+00:00\",\"dateModified\":\"2019-06-02T05:48:45+00:00\",\"author\":{\"@id\":\"\"},\"breadcrumb\":{\"@id\":\"http:\/\/jornalismo.ufsj.edu.br\/site\/jornalismoufsj\/%ef%bb%bfpor-onda-anda-ricardo-rios\/#breadcrumb\"},\"inLanguage\":\"pt-BR\",\"potentialAction\":[{\"@type\":\"ReadAction\",\"target\":[\"http:\/\/jornalismo.ufsj.edu.br\/site\/jornalismoufsj\/%ef%bb%bfpor-onda-anda-ricardo-rios\/\"]}]},{\"@type\":\"BreadcrumbList\",\"@id\":\"http:\/\/jornalismo.ufsj.edu.br\/site\/jornalismoufsj\/%ef%bb%bfpor-onda-anda-ricardo-rios\/#breadcrumb\",\"itemListElement\":[{\"@type\":\"ListItem\",\"position\":1,\"name\":\"In\u00edcio\",\"item\":\"http:\/\/jornalismo.ufsj.edu.br\/site\/\"},{\"@type\":\"ListItem\",\"position\":2,\"name\":\"\ufeffPor Onda Anda: Ricardo Rios\"}]},{\"@type\":\"WebSite\",\"@id\":\"http:\/\/jornalismo.ufsj.edu.br\/site\/#website\",\"url\":\"http:\/\/jornalismo.ufsj.edu.br\/site\/\",\"name\":\"Jornalismo UFSJ\",\"description\":\"\",\"potentialAction\":[{\"@type\":\"SearchAction\",\"target\":{\"@type\":\"EntryPoint\",\"urlTemplate\":\"http:\/\/jornalismo.ufsj.edu.br\/site\/?s={search_term_string}\"},\"query-input\":\"required name=search_term_string\"}],\"inLanguage\":\"pt-BR\"},{\"@type\":\"Person\",\"@id\":\"\"}]}<\/script>\n<!-- \/ Yoast SEO plugin. -->","yoast_head_json":{"title":"\ufeffPor Onda Anda: Ricardo Rios - Jornalismo UFSJ","robots":{"index":"index","follow":"follow","max-snippet":"max-snippet:-1","max-image-preview":"max-image-preview:large","max-video-preview":"max-video-preview:-1"},"canonical":"http:\/\/jornalismo.ufsj.edu.br\/site\/jornalismoufsj\/\ufeffpor-onda-anda-ricardo-rios\/","og_locale":"pt_BR","og_type":"article","og_title":"\ufeffPor Onda Anda: Ricardo Rios - Jornalismo UFSJ","og_description":"Conhe\u00e7a o egresso que se divide entre ser professor, coordenador de comunica\u00e7\u00e3o e ainda fazer o doutorado A primeira op\u00e7\u00e3o de gradua\u00e7\u00e3o dele sempre foi o jornalismo. Mas por causa da queda da obrigatoriedade do diploma de jornalismo para o...","og_url":"http:\/\/jornalismo.ufsj.edu.br\/site\/jornalismoufsj\/\ufeffpor-onda-anda-ricardo-rios\/","og_site_name":"Jornalismo UFSJ","article_publisher":"https:\/\/www.facebook.com\/jornalismoufsj\/","article_published_time":"2019-06-02T05:44:22+00:00","article_modified_time":"2019-06-02T05:48:45+00:00","og_image":[{"url":"http:\/\/jornalismo.ufsj.edu.br\/wp-content\/uploads\/2019\/05\/46750651_192701075003712_2419387659458707456_n.png"}],"twitter_card":"summary_large_image","twitter_creator":"@jornalismoufsj","twitter_site":"@jornalismoufsj","twitter_misc":{"Escrito por":"","Est. tempo de leitura":"8 minutos"},"schema":{"@context":"https:\/\/schema.org","@graph":[{"@type":"WebPage","@id":"http:\/\/jornalismo.ufsj.edu.br\/site\/jornalismoufsj\/%ef%bb%bfpor-onda-anda-ricardo-rios\/","url":"http:\/\/jornalismo.ufsj.edu.br\/site\/jornalismoufsj\/%ef%bb%bfpor-onda-anda-ricardo-rios\/","name":"\ufeffPor Onda Anda: Ricardo Rios - Jornalismo UFSJ","isPartOf":{"@id":"http:\/\/jornalismo.ufsj.edu.br\/site\/#website"},"datePublished":"2019-06-02T05:44:22+00:00","dateModified":"2019-06-02T05:48:45+00:00","author":{"@id":""},"breadcrumb":{"@id":"http:\/\/jornalismo.ufsj.edu.br\/site\/jornalismoufsj\/%ef%bb%bfpor-onda-anda-ricardo-rios\/#breadcrumb"},"inLanguage":"pt-BR","potentialAction":[{"@type":"ReadAction","target":["http:\/\/jornalismo.ufsj.edu.br\/site\/jornalismoufsj\/%ef%bb%bfpor-onda-anda-ricardo-rios\/"]}]},{"@type":"BreadcrumbList","@id":"http:\/\/jornalismo.ufsj.edu.br\/site\/jornalismoufsj\/%ef%bb%bfpor-onda-anda-ricardo-rios\/#breadcrumb","itemListElement":[{"@type":"ListItem","position":1,"name":"In\u00edcio","item":"http:\/\/jornalismo.ufsj.edu.br\/site\/"},{"@type":"ListItem","position":2,"name":"\ufeffPor Onda Anda: Ricardo Rios"}]},{"@type":"WebSite","@id":"http:\/\/jornalismo.ufsj.edu.br\/site\/#website","url":"http:\/\/jornalismo.ufsj.edu.br\/site\/","name":"Jornalismo UFSJ","description":"","potentialAction":[{"@type":"SearchAction","target":{"@type":"EntryPoint","urlTemplate":"http:\/\/jornalismo.ufsj.edu.br\/site\/?s={search_term_string}"},"query-input":"required name=search_term_string"}],"inLanguage":"pt-BR"},{"@type":"Person","@id":""}]}},"jetpack_featured_media_url":"","_links":{"self":[{"href":"http:\/\/anu.ufsj.edu.br\/site\/wp-json\/wp\/v2\/posts\/6563"}],"collection":[{"href":"http:\/\/anu.ufsj.edu.br\/site\/wp-json\/wp\/v2\/posts"}],"about":[{"href":"http:\/\/anu.ufsj.edu.br\/site\/wp-json\/wp\/v2\/types\/post"}],"author":[{"embeddable":true,"href":"http:\/\/anu.ufsj.edu.br\/site\/wp-json\/wp\/v2\/users\/3"}],"replies":[{"embeddable":true,"href":"http:\/\/anu.ufsj.edu.br\/site\/wp-json\/wp\/v2\/comments?post=6563"}],"version-history":[{"count":4,"href":"http:\/\/anu.ufsj.edu.br\/site\/wp-json\/wp\/v2\/posts\/6563\/revisions"}],"predecessor-version":[{"id":6570,"href":"http:\/\/anu.ufsj.edu.br\/site\/wp-json\/wp\/v2\/posts\/6563\/revisions\/6570"}],"wp:attachment":[{"href":"http:\/\/anu.ufsj.edu.br\/site\/wp-json\/wp\/v2\/media?parent=6563"}],"wp:term":[{"taxonomy":"category","embeddable":true,"href":"http:\/\/anu.ufsj.edu.br\/site\/wp-json\/wp\/v2\/categories?post=6563"},{"taxonomy":"post_tag","embeddable":true,"href":"http:\/\/anu.ufsj.edu.br\/site\/wp-json\/wp\/v2\/tags?post=6563"}],"curies":[{"name":"wp","href":"https:\/\/api.w.org\/{rel}","templated":true}]}}