{"id":6571,"date":"2019-05-13T16:30:01","date_gmt":"2019-05-13T19:30:01","guid":{"rendered":"http:\/\/jornalismo.ufsj.edu.br\/?p=6571"},"modified":"2019-05-13T16:26:19","modified_gmt":"2019-05-13T19:26:19","slug":"o-podcast-que-fala-tudo-sobre-radio","status":"publish","type":"post","link":"http:\/\/anu.ufsj.edu.br\/site\/jornalismoufsj\/o-podcast-que-fala-tudo-sobre-radio\/","title":{"rendered":"O podcast que fala tudo sobre r\u00e1dio!"},"content":{"rendered":"\n<p>Voc\u00ea sabe o que \u00e9 um podcast? Podcast \u00e9, basicamente, um programa de r\u00e1dio online onde voc\u00ea pode fazer download ou ouvir quando acessa a internet. Um podcast pode falar sobre tudo e qualquer conte\u00fado. Mas voc\u00ea j\u00e1 ouviu um podcast cujo conte\u00fado fale sobre r\u00e1dio? N\u00e3o?! Ent\u00e3o confira o projeto ZYCast!<br><\/p>\n\n\n\n<figure class=\"wp-block-image\"><img loading=\"lazy\" width=\"1280\" height=\"720\" src=\"http:\/\/jornalismo.ufsj.edu.br\/wp-content\/uploads\/2019\/05\/60343038_302069414028863_6073993684020363264_n.jpg?fit=1024%2C576\" alt=\"\" class=\"wp-image-6572\" srcset=\"http:\/\/anu.ufsj.edu.br\/site\/wp-content\/uploads\/2019\/05\/60343038_302069414028863_6073993684020363264_n.jpg 1280w, http:\/\/anu.ufsj.edu.br\/site\/wp-content\/uploads\/2019\/05\/60343038_302069414028863_6073993684020363264_n-300x169.jpg 300w, http:\/\/anu.ufsj.edu.br\/site\/wp-content\/uploads\/2019\/05\/60343038_302069414028863_6073993684020363264_n-768x432.jpg 768w, http:\/\/anu.ufsj.edu.br\/site\/wp-content\/uploads\/2019\/05\/60343038_302069414028863_6073993684020363264_n-1024x576.jpg 1024w\" sizes=\"(max-width: 1280px) 100vw, 1280px\" \/><figcaption>Logo do programa. Reprodu\u00e7\u00e3o: Bruno Caputo e Iuri Fontora<\/figcaption><\/figure>\n\n\n\n<p>A ideia do ZYCast surgiu numa conversa entre Bruno Caputo, t\u00e9cnico do Laborat\u00f3rio de R\u00e1dio, e Iuri Fontora, aluno do 5\u00ba per\u00edodo. Os dois t\u00eam em comum uma paix\u00e3o, o r\u00e1dio. Iuri conta que sempre passava no Lab R\u00e1dio para conversar com o Bruno sobre as novidades que as r\u00e1dios traziam.<br><\/p>\n\n\n\n<p>O assunto r\u00e1dio em podcast \u00e9 in\u00e9dito e a ideia se concretizou porque o Bruno sempre teve vontade e entusiasmo para tal. \u201cMuitas vezes, depois de terminar o expediente no r\u00e1dio, ia com meus colegas em algum bar e o assunto n\u00e3o poderia ser outro: r\u00e1dio! N\u00f3s coment\u00e1vamos sobre os programas, as emissoras, os equipamentos que eram lan\u00e7ados ou adquiridos por alguma emissora. E eu sempre tive a vontade de fazer aqueles debates ricos de ideias atingir mais pessoas do mundo do r\u00e1dio\u201d, conta ele.<br><\/p>\n\n\n\n<p>O r\u00e1dio \u00e9 a base para o nascimento do podcast, ele ainda \u00e9 um importante meio de comunica\u00e7\u00e3o que se adapta aos tempos, e para Iuri, isso faz com que exista p\u00fablico que queira consumir esse tipo de conte\u00fado do ZYCast.<br><\/p>\n\n\n\n<p><em>\u201c[&#8230;] a ideia foi criar um programa sobre r\u00e1dio, para ser um encontro entre amigos que gostam do ve\u00edculo, com debates, informa\u00e7\u00f5es, dicas e boas lembran\u00e7as. [&#8230;] Um dos objetivos \u00e9 tentar visualizar caminhos para o r\u00e1dio agora e no futuro, mostrar o que para n\u00f3s \u00e9 \u00f3bvio: que o r\u00e1dio n\u00e3o morre nunca! Temos quadros para relembrar bons momentos do passado do r\u00e1dio, mas a prioridade \u00e9 ter um olhar para frente\u201d, comenta Bruno.<\/em><br><\/p>\n\n\n\n<p>Quanto ao processo criativo, Iuri conta que primeiro foi \u00e0 busca pelo nome. \u201cZY \u00e9 um jarg\u00e3o t\u00e9cnico de identifica\u00e7\u00e3o e as r\u00e1dios FMs de Minas s\u00e3o identificadas com ZYC e um n\u00famero, por exemplo, ZYC 855 \u00e9 um \u201cc\u00f3digo\u201d exclusivo da r\u00e1dio 93FM de Barbacena. &nbsp;Dessa forma juntamos o ZYC do dial das r\u00e1dios com o Cast de Podcast.  Posteriormente definimos o formato do programa e ficou definido que teria debates, m\u00fasica,  apresenta\u00e7\u00e3o de r\u00e1dios e diversos quadros.  Por fim, produzimos as vinhetas que foram gravadas por Gabriel \u00c1vila, estudante do 5\u00aa per\u00edodo de jornalismo da UFSJ. A\u00ed foi s\u00f3 colocar no ar!\u201d, diz Iuri.<br><\/p>\n\n\n\n<p>Al\u00e9m disso, participantes de grupos de radialistas nas redes sociais foram fontes de inspira\u00e7\u00e3o para a cria\u00e7\u00e3o do formato do ZYCast. \u201c[&#8230;] ficamos observando quais assuntos despertam mais interesse nesse p\u00fablico\u201d, diz Bruno.<br><\/p>\n\n\n\n<p>Com algumas adversidades na quest\u00e3o de log\u00edstica, como por exemplo, dia e hor\u00e1rio para grava\u00e7\u00e3o e plataforma para hospedar, o mais dif\u00edcil, contudo, foi conseguir falar pouco! \u201cAssim como os intermin\u00e1veis debates que participamos com nossos colegas das emissoras em que trabalhamos, o assunto r\u00e1dio rende muito, \u00e9 dif\u00edcil parar de falar. O resultado disso \u00e9 que o primeiro podcast que ficou com 52 minutos\u201d, conta Bruno.<br><\/p>\n\n\n\n<p>ZYCast teve em sua estreia, no dia 27 de abril, os boatos sobre o fim das R\u00e1dios Globo e CBN, e a decis\u00e3o do governo mineiro de acabar com a Inconfid\u00eancia AM. O pioneiro Big Boy, da Mundial 860 AM, a R\u00e1dio Blink 102 FM, de Campo Grande &#8211; MS, as \u00faltimas not\u00edcias do mundo do r\u00e1dio e o ibope de BH e SP. A edi\u00e7\u00e3o de n\u00famero #01 voc\u00ea pode conferir <a href=\"https:\/\/www.podomatic.com\/podcasts\/zycast\/episodes\/2019-04-27T09_23_28-07_00?fbclid=IwAR1ZDdT0Q58qZA9CR-JHqJnXkRDH9L-NgnPuxHllcMS0Q7rbY0IG2poe2mo\">aqui<\/a>.<br><\/p>\n\n\n\n<p>J\u00e1 a segunda edi\u00e7\u00e3o, foi ao ar no dia 10 de maio, contava com assuntos sobre o ibope do RJ e SP, com JB l\u00edder no RJ e o top 3 paulista com Alpha FM 101.7 e 89 A R\u00e1dio Rock! A r\u00e1dio destaque do dia foi a R\u00c1DIO 98FM, esses e v\u00e1rios outros assuntos que voc\u00ea pode conferir pelo <a href=\"https:\/\/www.podomatic.com\/podcasts\/zycast\/episodes\/2019-05-11T12_29_41-07_00\">Podomatic<\/a> ou <a href=\"https:\/\/open.spotify.com\/episode\/7D7y6gd7VM5L1Ck71QNY4e?fbclid=IwAR17OvuURymfHWAipttehWzzPTD4r0s_13WA1LsY5DMRs5EJLSEC4KwWx7s\">Spotify<\/a>.<br><\/p>\n\n\n\n<p>Para Bruno, \u201ca previs\u00e3o \u00e9 de que sejam tratados os assuntos mais quentes e pol\u00eamicos do meio r\u00e1dio, as \u00faltimas not\u00edcias do mercado, bastidores, etc. Tamb\u00e9m sempre vamos tentar resgatar ou homenagear alguma personalidade do r\u00e1dio, ou emissora. Enfim, vamos observando os feedbacks dos \u201cradionautas\u201d para ajustar o programa para que agradasse a esse nicho de p\u00fablico, que s\u00e3o os apaixonados por r\u00e1dio.\u201d<br><\/p>\n\n\n\n<p>Fique ligado nas pr\u00f3ximas edi\u00e7\u00f5es do Programa ZYCast em nossa p\u00e1gina e n\u00e3o perca nenhuma edi\u00e7\u00e3o!<\/p>\n\n\n\n<p><strong>Texto: <\/strong>Clara Rosa<\/p>\n","protected":false},"excerpt":{"rendered":"<p>Voc\u00ea sabe o que \u00e9 um podcast? Podcast \u00e9, basicamente, um programa de r\u00e1dio online onde voc\u00ea pode fazer download ou ouvir quando acessa a internet. Um podcast pode falar sobre tudo e qualquer conte\u00fado. Mas voc\u00ea j\u00e1 ouviu um&#8230;<\/p>\n","protected":false},"author":3,"featured_media":0,"comment_status":"open","ping_status":"open","sticky":false,"template":"","format":"standard","meta":{"_monsterinsights_skip_tracking":false,"_monsterinsights_sitenote_active":false,"_monsterinsights_sitenote_note":"","_monsterinsights_sitenote_category":0},"categories":[43],"tags":[],"yoast_head":"<!-- This site is optimized with the Yoast SEO plugin v20.6 - https:\/\/yoast.com\/wordpress\/plugins\/seo\/ -->\n<title>O podcast que fala tudo sobre r\u00e1dio! - Jornalismo UFSJ<\/title>\n<meta name=\"robots\" content=\"index, follow, max-snippet:-1, max-image-preview:large, max-video-preview:-1\" \/>\n<link rel=\"canonical\" href=\"http:\/\/jornalismo.ufsj.edu.br\/site\/jornalismoufsj\/o-podcast-que-fala-tudo-sobre-radio\/\" \/>\n<meta property=\"og:locale\" content=\"pt_BR\" \/>\n<meta property=\"og:type\" content=\"article\" \/>\n<meta property=\"og:title\" content=\"O podcast que fala tudo sobre r\u00e1dio! - Jornalismo UFSJ\" \/>\n<meta property=\"og:description\" content=\"Voc\u00ea sabe o que \u00e9 um podcast? Podcast \u00e9, basicamente, um programa de r\u00e1dio online onde voc\u00ea pode fazer download ou ouvir quando acessa a internet. Um podcast pode falar sobre tudo e qualquer conte\u00fado. Mas voc\u00ea j\u00e1 ouviu um...\" \/>\n<meta property=\"og:url\" content=\"http:\/\/jornalismo.ufsj.edu.br\/site\/jornalismoufsj\/o-podcast-que-fala-tudo-sobre-radio\/\" \/>\n<meta property=\"og:site_name\" content=\"Jornalismo UFSJ\" \/>\n<meta property=\"article:publisher\" content=\"https:\/\/www.facebook.com\/jornalismoufsj\/\" \/>\n<meta property=\"article:published_time\" content=\"2019-05-13T19:30:01+00:00\" \/>\n<meta property=\"article:modified_time\" content=\"2019-05-13T19:26:19+00:00\" \/>\n<meta property=\"og:image\" content=\"http:\/\/jornalismo.ufsj.edu.br\/wp-content\/uploads\/2019\/05\/60343038_302069414028863_6073993684020363264_n.jpg?fit=1024%2C576\" \/>\n<meta name=\"twitter:card\" content=\"summary_large_image\" \/>\n<meta name=\"twitter:creator\" content=\"@jornalismoufsj\" \/>\n<meta name=\"twitter:site\" content=\"@jornalismoufsj\" \/>\n<meta name=\"twitter:label1\" content=\"Escrito por\" \/>\n\t<meta name=\"twitter:data1\" content=\"\" \/>\n\t<meta name=\"twitter:label2\" content=\"Est. tempo de leitura\" \/>\n\t<meta name=\"twitter:data2\" content=\"4 minutos\" \/>\n<script type=\"application\/ld+json\" class=\"yoast-schema-graph\">{\"@context\":\"https:\/\/schema.org\",\"@graph\":[{\"@type\":\"WebPage\",\"@id\":\"http:\/\/jornalismo.ufsj.edu.br\/site\/jornalismoufsj\/o-podcast-que-fala-tudo-sobre-radio\/\",\"url\":\"http:\/\/jornalismo.ufsj.edu.br\/site\/jornalismoufsj\/o-podcast-que-fala-tudo-sobre-radio\/\",\"name\":\"O podcast que fala tudo sobre r\u00e1dio! - Jornalismo UFSJ\",\"isPartOf\":{\"@id\":\"http:\/\/jornalismo.ufsj.edu.br\/site\/#website\"},\"datePublished\":\"2019-05-13T19:30:01+00:00\",\"dateModified\":\"2019-05-13T19:26:19+00:00\",\"author\":{\"@id\":\"\"},\"breadcrumb\":{\"@id\":\"http:\/\/jornalismo.ufsj.edu.br\/site\/jornalismoufsj\/o-podcast-que-fala-tudo-sobre-radio\/#breadcrumb\"},\"inLanguage\":\"pt-BR\",\"potentialAction\":[{\"@type\":\"ReadAction\",\"target\":[\"http:\/\/jornalismo.ufsj.edu.br\/site\/jornalismoufsj\/o-podcast-que-fala-tudo-sobre-radio\/\"]}]},{\"@type\":\"BreadcrumbList\",\"@id\":\"http:\/\/jornalismo.ufsj.edu.br\/site\/jornalismoufsj\/o-podcast-que-fala-tudo-sobre-radio\/#breadcrumb\",\"itemListElement\":[{\"@type\":\"ListItem\",\"position\":1,\"name\":\"In\u00edcio\",\"item\":\"http:\/\/jornalismo.ufsj.edu.br\/site\/\"},{\"@type\":\"ListItem\",\"position\":2,\"name\":\"O podcast que fala tudo sobre r\u00e1dio!\"}]},{\"@type\":\"WebSite\",\"@id\":\"http:\/\/jornalismo.ufsj.edu.br\/site\/#website\",\"url\":\"http:\/\/jornalismo.ufsj.edu.br\/site\/\",\"name\":\"Jornalismo UFSJ\",\"description\":\"\",\"potentialAction\":[{\"@type\":\"SearchAction\",\"target\":{\"@type\":\"EntryPoint\",\"urlTemplate\":\"http:\/\/jornalismo.ufsj.edu.br\/site\/?s={search_term_string}\"},\"query-input\":\"required name=search_term_string\"}],\"inLanguage\":\"pt-BR\"},{\"@type\":\"Person\",\"@id\":\"\"}]}<\/script>\n<!-- \/ Yoast SEO plugin. -->","yoast_head_json":{"title":"O podcast que fala tudo sobre r\u00e1dio! - Jornalismo UFSJ","robots":{"index":"index","follow":"follow","max-snippet":"max-snippet:-1","max-image-preview":"max-image-preview:large","max-video-preview":"max-video-preview:-1"},"canonical":"http:\/\/jornalismo.ufsj.edu.br\/site\/jornalismoufsj\/o-podcast-que-fala-tudo-sobre-radio\/","og_locale":"pt_BR","og_type":"article","og_title":"O podcast que fala tudo sobre r\u00e1dio! - Jornalismo UFSJ","og_description":"Voc\u00ea sabe o que \u00e9 um podcast? Podcast \u00e9, basicamente, um programa de r\u00e1dio online onde voc\u00ea pode fazer download ou ouvir quando acessa a internet. Um podcast pode falar sobre tudo e qualquer conte\u00fado. Mas voc\u00ea j\u00e1 ouviu um...","og_url":"http:\/\/jornalismo.ufsj.edu.br\/site\/jornalismoufsj\/o-podcast-que-fala-tudo-sobre-radio\/","og_site_name":"Jornalismo UFSJ","article_publisher":"https:\/\/www.facebook.com\/jornalismoufsj\/","article_published_time":"2019-05-13T19:30:01+00:00","article_modified_time":"2019-05-13T19:26:19+00:00","og_image":[{"url":"http:\/\/jornalismo.ufsj.edu.br\/wp-content\/uploads\/2019\/05\/60343038_302069414028863_6073993684020363264_n.jpg?fit=1024%2C576"}],"twitter_card":"summary_large_image","twitter_creator":"@jornalismoufsj","twitter_site":"@jornalismoufsj","twitter_misc":{"Escrito por":"","Est. tempo de leitura":"4 minutos"},"schema":{"@context":"https:\/\/schema.org","@graph":[{"@type":"WebPage","@id":"http:\/\/jornalismo.ufsj.edu.br\/site\/jornalismoufsj\/o-podcast-que-fala-tudo-sobre-radio\/","url":"http:\/\/jornalismo.ufsj.edu.br\/site\/jornalismoufsj\/o-podcast-que-fala-tudo-sobre-radio\/","name":"O podcast que fala tudo sobre r\u00e1dio! - Jornalismo UFSJ","isPartOf":{"@id":"http:\/\/jornalismo.ufsj.edu.br\/site\/#website"},"datePublished":"2019-05-13T19:30:01+00:00","dateModified":"2019-05-13T19:26:19+00:00","author":{"@id":""},"breadcrumb":{"@id":"http:\/\/jornalismo.ufsj.edu.br\/site\/jornalismoufsj\/o-podcast-que-fala-tudo-sobre-radio\/#breadcrumb"},"inLanguage":"pt-BR","potentialAction":[{"@type":"ReadAction","target":["http:\/\/jornalismo.ufsj.edu.br\/site\/jornalismoufsj\/o-podcast-que-fala-tudo-sobre-radio\/"]}]},{"@type":"BreadcrumbList","@id":"http:\/\/jornalismo.ufsj.edu.br\/site\/jornalismoufsj\/o-podcast-que-fala-tudo-sobre-radio\/#breadcrumb","itemListElement":[{"@type":"ListItem","position":1,"name":"In\u00edcio","item":"http:\/\/jornalismo.ufsj.edu.br\/site\/"},{"@type":"ListItem","position":2,"name":"O podcast que fala tudo sobre r\u00e1dio!"}]},{"@type":"WebSite","@id":"http:\/\/jornalismo.ufsj.edu.br\/site\/#website","url":"http:\/\/jornalismo.ufsj.edu.br\/site\/","name":"Jornalismo UFSJ","description":"","potentialAction":[{"@type":"SearchAction","target":{"@type":"EntryPoint","urlTemplate":"http:\/\/jornalismo.ufsj.edu.br\/site\/?s={search_term_string}"},"query-input":"required name=search_term_string"}],"inLanguage":"pt-BR"},{"@type":"Person","@id":""}]}},"jetpack_featured_media_url":"","_links":{"self":[{"href":"http:\/\/anu.ufsj.edu.br\/site\/wp-json\/wp\/v2\/posts\/6571"}],"collection":[{"href":"http:\/\/anu.ufsj.edu.br\/site\/wp-json\/wp\/v2\/posts"}],"about":[{"href":"http:\/\/anu.ufsj.edu.br\/site\/wp-json\/wp\/v2\/types\/post"}],"author":[{"embeddable":true,"href":"http:\/\/anu.ufsj.edu.br\/site\/wp-json\/wp\/v2\/users\/3"}],"replies":[{"embeddable":true,"href":"http:\/\/anu.ufsj.edu.br\/site\/wp-json\/wp\/v2\/comments?post=6571"}],"version-history":[{"count":1,"href":"http:\/\/anu.ufsj.edu.br\/site\/wp-json\/wp\/v2\/posts\/6571\/revisions"}],"predecessor-version":[{"id":6573,"href":"http:\/\/anu.ufsj.edu.br\/site\/wp-json\/wp\/v2\/posts\/6571\/revisions\/6573"}],"wp:attachment":[{"href":"http:\/\/anu.ufsj.edu.br\/site\/wp-json\/wp\/v2\/media?parent=6571"}],"wp:term":[{"taxonomy":"category","embeddable":true,"href":"http:\/\/anu.ufsj.edu.br\/site\/wp-json\/wp\/v2\/categories?post=6571"},{"taxonomy":"post_tag","embeddable":true,"href":"http:\/\/anu.ufsj.edu.br\/site\/wp-json\/wp\/v2\/tags?post=6571"}],"curies":[{"name":"wp","href":"https:\/\/api.w.org\/{rel}","templated":true}]}}