{"id":6585,"date":"2019-05-17T11:25:33","date_gmt":"2019-05-17T14:25:33","guid":{"rendered":"http:\/\/jornalismo.ufsj.edu.br\/?p=6585"},"modified":"2019-05-24T02:33:41","modified_gmt":"2019-05-24T05:33:41","slug":"estudantes-e-egressos-do-jornalismo-ufsj-fazem-parte-da-programacao-da-iv-semana-de-integracao","status":"publish","type":"post","link":"http:\/\/anu.ufsj.edu.br\/site\/assessoria\/estudantes-e-egressos-do-jornalismo-ufsj-fazem-parte-da-programacao-da-iv-semana-de-integracao\/","title":{"rendered":"Estudantes e egressos do Jornalismo UFSJ fazem parte da programa\u00e7\u00e3o da IV Semana de Integra\u00e7\u00e3o"},"content":{"rendered":"\n<p><em>Evento acontece entre os dias 27 e 29 de maio<\/em><\/p>\n\n\n\n<div class=\"wp-block-image\"><figure class=\"alignright is-resized\"><img loading=\"lazy\" src=\"http:\/\/jornalismo.ufsj.edu.br\/wp-content\/uploads\/2019\/05\/aaaaaaaaaa.jpg\" alt=\"\" class=\"wp-image-6586\" width=\"251\" height=\"188\" srcset=\"http:\/\/anu.ufsj.edu.br\/site\/wp-content\/uploads\/2019\/05\/aaaaaaaaaa.jpg 600w, http:\/\/anu.ufsj.edu.br\/site\/wp-content\/uploads\/2019\/05\/aaaaaaaaaa-300x225.jpg 300w\" sizes=\"(max-width: 251px) 100vw, 251px\" \/><\/figure><\/div>\n\n\n\n<p>Agora\nno final do m\u00eas de maio, o Instituto Federal do Sudeste de Minas Gerais \u2013\nCampus S\u00e3o Jo\u00e3o del-Rei (IF SJDR) promover\u00e1 a quarta edi\u00e7\u00e3o da Semana de\nIntegra\u00e7\u00e3o.<\/p>\n\n\n\n<p>Contando\ncom mais de 60 palestras e oficinas, o evento tem o objetivo de auxiliar na\nforma\u00e7\u00e3o profissional e cidad\u00e3 da comunidade interna e externa da institui\u00e7\u00e3o,\nal\u00e9m de oferecer um momento de integra\u00e7\u00e3o entre esses p\u00fablicos e fortalecer\nparcerias com outras organiza\u00e7\u00f5es.<\/p>\n\n\n\n<p>Deborah Vieira \u00e9 jornalista formada pela UFSJ, atualmente cursa o mestrado no Programa de P\u00f3s-Gradua\u00e7\u00e3o em Comunica\u00e7\u00e3o Social da Universidade Federal de Juiz de Fora e \u00e9 uma das profissionais que ir\u00e3o ministrar atividades no evento.<\/p>\n\n\n\n<p>Juntamente com o tamb\u00e9m egresso e mestrando em Comunica\u00e7\u00e3o, Willian Carvalho, ela ir\u00e1 ministrar a palestra \u201cMidiatiza\u00e7\u00e3o e pol\u00edtica: uma nova ambi\u00eancia, novos desafios de comunica\u00e7\u00e3o\u201d, no qual abordar\u00e3o o processo de midiatiza\u00e7\u00e3o e como ele interfere na sociedade e nos processos sociais. <\/p>\n\n\n\n<p><\/p>\n\n\n\n<p>\u201cA ideia \u00e9 discutir como o desenvolvimento e os novos meios de comunica\u00e7\u00e3o provocaram mudan\u00e7as sociais e culturais, discutindo esse conceito ainda em constru\u00e7\u00e3o [&#8230;]. Existem autores que trabalham com a ideia de que estamos inseridos em uma <strong>sociedade midiatizada<\/strong>, outros acreditam que j\u00e1 ultrapassamos isso e j\u00e1 chegamos ao patamar da hipermidiatiza\u00e7\u00e3o. Independente do termo empregado, \u00e9 importante discutir e se pensar nessa nova ambi\u00eancia comunicacional e como ela interfere na vida das pessoas\u201d, conta Deborah. Essa palestra acontece no dia 27\/05, \u00e0s 19h30. <\/p>\n\n\n\n<p>J\u00e1\nno dia 28\/05, \u00e0s 19h30, Deborah retorna ao evento para conversar com os\ninteressados sobre \u201cos desafios da escrita criativa e o mercado editorial\u201d. Para\nela, \u201ca Semana ser\u00e1 um momento de troca muito importante de contato com a comunidade,\nsendo muito prop\u00edcio se pensarmos nas constantes agress\u00f5es que a academia vem\nsofrendo do governo atual\u201d.<\/p>\n\n\n\n<p>O\nestudante de jornalismo, Arthur Raposo Gomes, \u00e9 outro conferencista confirmado\nna Semana de Integra\u00e7\u00e3o. Tamb\u00e9m formado em Publicidade e Propaganda, ele\nministrar\u00e1 duas atividades: \u201cO Planejamento na <strong>Comunica\u00e7\u00e3o<\/strong>\u201d, na segunda-feira, dia 27\/05, de 16h \u00e0s 18h, e \u201cA\nResponsabilidade Socioambiental na Organiza\u00e7\u00e3o de Eventos\u201d, na ter\u00e7a, dia 28\/05,\nno mesmo hor\u00e1rio.<\/p>\n\n\n\n<p>\u201cEm ambos os momentos, irei abordar assuntos relevantes e pr\u00f3ximos da atualidade. Na primeira atividade, refor\u00e7arei como as organiza\u00e7\u00f5es saem ganhando quando a sua comunica\u00e7\u00e3o \u00e9 planejada, eficiente e humanizada. J\u00e1 na segunda, apresentarei o processo de organiza\u00e7\u00e3o de eventos e a import\u00e2ncia da preocupa\u00e7\u00e3o socioambiental nesse segmento\u201d \u2013 explica Arthur, que j\u00e1 esteve em outra edi\u00e7\u00e3o do evento.<\/p>\n\n\n\n<p>Outra pessoa conhecida do curso que estar\u00e1 presente na programa\u00e7\u00e3o \u00e9 a Thais Andressa. Ela ministrar\u00e1 uma palestra sobre &#8220;o protagonismo na <strong>fotografia<\/strong>&#8220;, no dia 27, tamb\u00e9m \u00e0s 16h. Segundo ela, que diz querer dedicar a sua carreira \u00e0 fotografia, essa atividade &#8220;\u00e9 uma forma de expressar meu amor por essa \u00e1rea, bem como trocar conhecimentos com os participantes. Sinto-me ainda mais motivada ao ter essa oportunidade&#8221;.<\/p>\n\n\n\n<p><strong>Como se inscrever<\/strong><br><\/p>\n\n\n\n<p>A participa\u00e7\u00e3o nas atividades da Semana de Integra\u00e7\u00e3o \u00e9 gratuita. No entanto, \u00e9 preciso realizar inscri\u00e7\u00e3o pr\u00e9via atrav\u00e9s do <a href=\"http:\/\/\ufeffhttps:\/\/www.even3.com.br\/ivsemanaintegracao\/\">link<\/a>.<br><br><strong>Foto:<\/strong> Reprodu\u00e7\u00e3o \/ IF SJDR <\/p>\n","protected":false},"excerpt":{"rendered":"<p>Evento acontece entre os dias 27 e 29 de maio Agora no final do m\u00eas de maio, o Instituto Federal do Sudeste de Minas Gerais \u2013 Campus S\u00e3o Jo\u00e3o del-Rei (IF SJDR) promover\u00e1 a quarta edi\u00e7\u00e3o da Semana de Integra\u00e7\u00e3o&#8230;.<\/p>\n","protected":false},"author":3,"featured_media":0,"comment_status":"open","ping_status":"open","sticky":false,"template":"","format":"standard","meta":{"_monsterinsights_skip_tracking":false,"_monsterinsights_sitenote_active":false,"_monsterinsights_sitenote_note":"","_monsterinsights_sitenote_category":0},"categories":[7,12,28,43,51],"tags":[184,119,187,186,111,185],"yoast_head":"<!-- This site is optimized with the Yoast SEO plugin v20.6 - https:\/\/yoast.com\/wordpress\/plugins\/seo\/ -->\n<title>Estudantes e egressos do Jornalismo UFSJ fazem parte da programa\u00e7\u00e3o da IV Semana de Integra\u00e7\u00e3o - Jornalismo UFSJ<\/title>\n<meta name=\"robots\" content=\"index, follow, max-snippet:-1, max-image-preview:large, max-video-preview:-1\" \/>\n<link rel=\"canonical\" href=\"https:\/\/jornalismo.ufsj.edu.br\/site\/assessoria\/estudantes-e-egressos-do-jornalismo-ufsj-fazem-parte-da-programacao-da-iv-semana-de-integracao\/\" \/>\n<meta property=\"og:locale\" content=\"pt_BR\" \/>\n<meta property=\"og:type\" content=\"article\" \/>\n<meta property=\"og:title\" content=\"Estudantes e egressos do Jornalismo UFSJ fazem parte da programa\u00e7\u00e3o da IV Semana de Integra\u00e7\u00e3o - Jornalismo UFSJ\" \/>\n<meta property=\"og:description\" content=\"Evento acontece entre os dias 27 e 29 de maio Agora no final do m\u00eas de maio, o Instituto Federal do Sudeste de Minas Gerais \u2013 Campus S\u00e3o Jo\u00e3o del-Rei (IF SJDR) promover\u00e1 a quarta edi\u00e7\u00e3o da Semana de Integra\u00e7\u00e3o....\" \/>\n<meta property=\"og:url\" content=\"https:\/\/jornalismo.ufsj.edu.br\/site\/assessoria\/estudantes-e-egressos-do-jornalismo-ufsj-fazem-parte-da-programacao-da-iv-semana-de-integracao\/\" \/>\n<meta property=\"og:site_name\" content=\"Jornalismo UFSJ\" \/>\n<meta property=\"article:publisher\" content=\"https:\/\/www.facebook.com\/jornalismoufsj\/\" \/>\n<meta property=\"article:published_time\" content=\"2019-05-17T14:25:33+00:00\" \/>\n<meta property=\"article:modified_time\" content=\"2019-05-24T05:33:41+00:00\" \/>\n<meta property=\"og:image\" content=\"http:\/\/jornalismo.ufsj.edu.br\/wp-content\/uploads\/2019\/05\/aaaaaaaaaa.jpg\" \/>\n<meta name=\"twitter:card\" content=\"summary_large_image\" \/>\n<meta name=\"twitter:creator\" content=\"@jornalismoufsj\" \/>\n<meta name=\"twitter:site\" content=\"@jornalismoufsj\" \/>\n<meta name=\"twitter:label1\" content=\"Escrito por\" \/>\n\t<meta name=\"twitter:data1\" content=\"\" \/>\n\t<meta name=\"twitter:label2\" content=\"Est. tempo de leitura\" \/>\n\t<meta name=\"twitter:data2\" content=\"3 minutos\" \/>\n<script type=\"application\/ld+json\" class=\"yoast-schema-graph\">{\"@context\":\"https:\/\/schema.org\",\"@graph\":[{\"@type\":\"WebPage\",\"@id\":\"https:\/\/jornalismo.ufsj.edu.br\/site\/assessoria\/estudantes-e-egressos-do-jornalismo-ufsj-fazem-parte-da-programacao-da-iv-semana-de-integracao\/\",\"url\":\"https:\/\/jornalismo.ufsj.edu.br\/site\/assessoria\/estudantes-e-egressos-do-jornalismo-ufsj-fazem-parte-da-programacao-da-iv-semana-de-integracao\/\",\"name\":\"Estudantes e egressos do Jornalismo UFSJ fazem parte da programa\u00e7\u00e3o da IV Semana de Integra\u00e7\u00e3o - Jornalismo UFSJ\",\"isPartOf\":{\"@id\":\"http:\/\/jornalismo.ufsj.edu.br\/site\/#website\"},\"datePublished\":\"2019-05-17T14:25:33+00:00\",\"dateModified\":\"2019-05-24T05:33:41+00:00\",\"author\":{\"@id\":\"\"},\"breadcrumb\":{\"@id\":\"https:\/\/jornalismo.ufsj.edu.br\/site\/assessoria\/estudantes-e-egressos-do-jornalismo-ufsj-fazem-parte-da-programacao-da-iv-semana-de-integracao\/#breadcrumb\"},\"inLanguage\":\"pt-BR\",\"potentialAction\":[{\"@type\":\"ReadAction\",\"target\":[\"https:\/\/jornalismo.ufsj.edu.br\/site\/assessoria\/estudantes-e-egressos-do-jornalismo-ufsj-fazem-parte-da-programacao-da-iv-semana-de-integracao\/\"]}]},{\"@type\":\"BreadcrumbList\",\"@id\":\"https:\/\/jornalismo.ufsj.edu.br\/site\/assessoria\/estudantes-e-egressos-do-jornalismo-ufsj-fazem-parte-da-programacao-da-iv-semana-de-integracao\/#breadcrumb\",\"itemListElement\":[{\"@type\":\"ListItem\",\"position\":1,\"name\":\"In\u00edcio\",\"item\":\"http:\/\/jornalismo.ufsj.edu.br\/site\/\"},{\"@type\":\"ListItem\",\"position\":2,\"name\":\"Estudantes e egressos do Jornalismo UFSJ fazem parte da programa\u00e7\u00e3o da IV Semana de Integra\u00e7\u00e3o\"}]},{\"@type\":\"WebSite\",\"@id\":\"http:\/\/jornalismo.ufsj.edu.br\/site\/#website\",\"url\":\"http:\/\/jornalismo.ufsj.edu.br\/site\/\",\"name\":\"Jornalismo UFSJ\",\"description\":\"\",\"potentialAction\":[{\"@type\":\"SearchAction\",\"target\":{\"@type\":\"EntryPoint\",\"urlTemplate\":\"http:\/\/jornalismo.ufsj.edu.br\/site\/?s={search_term_string}\"},\"query-input\":\"required name=search_term_string\"}],\"inLanguage\":\"pt-BR\"},{\"@type\":\"Person\",\"@id\":\"\"}]}<\/script>\n<!-- \/ Yoast SEO plugin. -->","yoast_head_json":{"title":"Estudantes e egressos do Jornalismo UFSJ fazem parte da programa\u00e7\u00e3o da IV Semana de Integra\u00e7\u00e3o - Jornalismo UFSJ","robots":{"index":"index","follow":"follow","max-snippet":"max-snippet:-1","max-image-preview":"max-image-preview:large","max-video-preview":"max-video-preview:-1"},"canonical":"https:\/\/jornalismo.ufsj.edu.br\/site\/assessoria\/estudantes-e-egressos-do-jornalismo-ufsj-fazem-parte-da-programacao-da-iv-semana-de-integracao\/","og_locale":"pt_BR","og_type":"article","og_title":"Estudantes e egressos do Jornalismo UFSJ fazem parte da programa\u00e7\u00e3o da IV Semana de Integra\u00e7\u00e3o - Jornalismo UFSJ","og_description":"Evento acontece entre os dias 27 e 29 de maio Agora no final do m\u00eas de maio, o Instituto Federal do Sudeste de Minas Gerais \u2013 Campus S\u00e3o Jo\u00e3o del-Rei (IF SJDR) promover\u00e1 a quarta edi\u00e7\u00e3o da Semana de Integra\u00e7\u00e3o....","og_url":"https:\/\/jornalismo.ufsj.edu.br\/site\/assessoria\/estudantes-e-egressos-do-jornalismo-ufsj-fazem-parte-da-programacao-da-iv-semana-de-integracao\/","og_site_name":"Jornalismo UFSJ","article_publisher":"https:\/\/www.facebook.com\/jornalismoufsj\/","article_published_time":"2019-05-17T14:25:33+00:00","article_modified_time":"2019-05-24T05:33:41+00:00","og_image":[{"url":"http:\/\/jornalismo.ufsj.edu.br\/wp-content\/uploads\/2019\/05\/aaaaaaaaaa.jpg"}],"twitter_card":"summary_large_image","twitter_creator":"@jornalismoufsj","twitter_site":"@jornalismoufsj","twitter_misc":{"Escrito por":"","Est. tempo de leitura":"3 minutos"},"schema":{"@context":"https:\/\/schema.org","@graph":[{"@type":"WebPage","@id":"https:\/\/jornalismo.ufsj.edu.br\/site\/assessoria\/estudantes-e-egressos-do-jornalismo-ufsj-fazem-parte-da-programacao-da-iv-semana-de-integracao\/","url":"https:\/\/jornalismo.ufsj.edu.br\/site\/assessoria\/estudantes-e-egressos-do-jornalismo-ufsj-fazem-parte-da-programacao-da-iv-semana-de-integracao\/","name":"Estudantes e egressos do Jornalismo UFSJ fazem parte da programa\u00e7\u00e3o da IV Semana de Integra\u00e7\u00e3o - Jornalismo UFSJ","isPartOf":{"@id":"http:\/\/jornalismo.ufsj.edu.br\/site\/#website"},"datePublished":"2019-05-17T14:25:33+00:00","dateModified":"2019-05-24T05:33:41+00:00","author":{"@id":""},"breadcrumb":{"@id":"https:\/\/jornalismo.ufsj.edu.br\/site\/assessoria\/estudantes-e-egressos-do-jornalismo-ufsj-fazem-parte-da-programacao-da-iv-semana-de-integracao\/#breadcrumb"},"inLanguage":"pt-BR","potentialAction":[{"@type":"ReadAction","target":["https:\/\/jornalismo.ufsj.edu.br\/site\/assessoria\/estudantes-e-egressos-do-jornalismo-ufsj-fazem-parte-da-programacao-da-iv-semana-de-integracao\/"]}]},{"@type":"BreadcrumbList","@id":"https:\/\/jornalismo.ufsj.edu.br\/site\/assessoria\/estudantes-e-egressos-do-jornalismo-ufsj-fazem-parte-da-programacao-da-iv-semana-de-integracao\/#breadcrumb","itemListElement":[{"@type":"ListItem","position":1,"name":"In\u00edcio","item":"http:\/\/jornalismo.ufsj.edu.br\/site\/"},{"@type":"ListItem","position":2,"name":"Estudantes e egressos do Jornalismo UFSJ fazem parte da programa\u00e7\u00e3o da IV Semana de Integra\u00e7\u00e3o"}]},{"@type":"WebSite","@id":"http:\/\/jornalismo.ufsj.edu.br\/site\/#website","url":"http:\/\/jornalismo.ufsj.edu.br\/site\/","name":"Jornalismo UFSJ","description":"","potentialAction":[{"@type":"SearchAction","target":{"@type":"EntryPoint","urlTemplate":"http:\/\/jornalismo.ufsj.edu.br\/site\/?s={search_term_string}"},"query-input":"required name=search_term_string"}],"inLanguage":"pt-BR"},{"@type":"Person","@id":""}]}},"jetpack_featured_media_url":"","_links":{"self":[{"href":"http:\/\/anu.ufsj.edu.br\/site\/wp-json\/wp\/v2\/posts\/6585"}],"collection":[{"href":"http:\/\/anu.ufsj.edu.br\/site\/wp-json\/wp\/v2\/posts"}],"about":[{"href":"http:\/\/anu.ufsj.edu.br\/site\/wp-json\/wp\/v2\/types\/post"}],"author":[{"embeddable":true,"href":"http:\/\/anu.ufsj.edu.br\/site\/wp-json\/wp\/v2\/users\/3"}],"replies":[{"embeddable":true,"href":"http:\/\/anu.ufsj.edu.br\/site\/wp-json\/wp\/v2\/comments?post=6585"}],"version-history":[{"count":3,"href":"http:\/\/anu.ufsj.edu.br\/site\/wp-json\/wp\/v2\/posts\/6585\/revisions"}],"predecessor-version":[{"id":6605,"href":"http:\/\/anu.ufsj.edu.br\/site\/wp-json\/wp\/v2\/posts\/6585\/revisions\/6605"}],"wp:attachment":[{"href":"http:\/\/anu.ufsj.edu.br\/site\/wp-json\/wp\/v2\/media?parent=6585"}],"wp:term":[{"taxonomy":"category","embeddable":true,"href":"http:\/\/anu.ufsj.edu.br\/site\/wp-json\/wp\/v2\/categories?post=6585"},{"taxonomy":"post_tag","embeddable":true,"href":"http:\/\/anu.ufsj.edu.br\/site\/wp-json\/wp\/v2\/tags?post=6585"}],"curies":[{"name":"wp","href":"https:\/\/api.w.org\/{rel}","templated":true}]}}