{"id":6712,"date":"2019-09-04T13:51:18","date_gmt":"2019-09-04T16:51:18","guid":{"rendered":"http:\/\/jornalismo.ufsj.edu.br\/?p=6712"},"modified":"2019-09-04T17:13:01","modified_gmt":"2019-09-04T20:13:01","slug":"documentario-de-egressa-e-exibido-na-tv","status":"publish","type":"post","link":"http:\/\/anu.ufsj.edu.br\/site\/alunos\/documentario-de-egressa-e-exibido-na-tv\/","title":{"rendered":"Document\u00e1rio de egressa \u00e9 exibido na TV"},"content":{"rendered":"\n<p><em>Produto\naudiovisual foi realizado como Trabalho de Conclus\u00e3o de Curso da ent\u00e3o\nestudante Tainara Paula<\/em><\/p>\n\n\n\n<p>Menos\nde um m\u00eas depois de colar grau na Universidade Federal de S\u00e3o Jo\u00e3o del-Rei\n(UFSJ), a jornalista Tainara Paula j\u00e1 come\u00e7ou a ser reconhecida por causa de\nsuas produ\u00e7\u00f5es. O document\u00e1rio \u201cDigital Influencer: uma vida normal espalhada\npara milhares de seguidores\u201d estreou recentemente na televis\u00e3o. A exibi\u00e7\u00e3o ocorreu\nno canal TVAle Roraima \u2013 uma emissora p\u00fablica da Assembleia Legislativa de\nRoraima, transmitida tamb\u00e9m via TV a cabo.<\/p>\n\n\n\n<div class=\"wp-block-image\"><figure class=\"aligncenter is-resized\"><img loading=\"lazy\" src=\"http:\/\/jornalismo.ufsj.edu.br\/wp-content\/uploads\/2019\/09\/69496326_134185094501450_9098878801376822518_n-1024x1024.jpg\" alt=\"\" class=\"wp-image-6715\" width=\"416\" height=\"416\" srcset=\"http:\/\/anu.ufsj.edu.br\/site\/wp-content\/uploads\/2019\/09\/69496326_134185094501450_9098878801376822518_n-1024x1024.jpg 1024w, http:\/\/anu.ufsj.edu.br\/site\/wp-content\/uploads\/2019\/09\/69496326_134185094501450_9098878801376822518_n-150x150.jpg 150w, http:\/\/anu.ufsj.edu.br\/site\/wp-content\/uploads\/2019\/09\/69496326_134185094501450_9098878801376822518_n-300x300.jpg 300w, http:\/\/anu.ufsj.edu.br\/site\/wp-content\/uploads\/2019\/09\/69496326_134185094501450_9098878801376822518_n-768x768.jpg 768w, http:\/\/anu.ufsj.edu.br\/site\/wp-content\/uploads\/2019\/09\/69496326_134185094501450_9098878801376822518_n.jpg 1080w\" sizes=\"(max-width: 416px) 100vw, 416px\" \/><figcaption>(<strong>Imagem:<\/strong> Reprodu\u00e7\u00e3o &#8211; Instagram @assembleiarr)<\/figcaption><\/figure><\/div>\n\n\n\n<p>Produzido\ne dirigido como TCC, de acordo com Tainara, o objetivo do document\u00e1rio foi\napresentar o espa\u00e7o e a import\u00e2ncia dos influenciadores digitais na sociedade\natual, expondo ainda as formas de comunica\u00e7\u00e3o dessas pessoas que decidem\ncompartilhar suas vidas e rotinas com milhares de pessoas, al\u00e9m de tentar\nentender como o p\u00fablico recebe isso e s\u00e3o motivados a fazerem algo.<\/p>\n\n\n\n<p><strong>TCC<\/strong><\/p>\n\n\n\n<div class=\"wp-block-image\"><figure class=\"alignleft is-resized\"><img loading=\"lazy\" src=\"http:\/\/jornalismo.ufsj.edu.br\/wp-content\/uploads\/2019\/09\/64731015_2140222672712468_2081741618687246336_n.jpg\" alt=\"\" class=\"wp-image-6713\" width=\"348\" height=\"261\" srcset=\"http:\/\/anu.ufsj.edu.br\/site\/wp-content\/uploads\/2019\/09\/64731015_2140222672712468_2081741618687246336_n.jpg 960w, http:\/\/anu.ufsj.edu.br\/site\/wp-content\/uploads\/2019\/09\/64731015_2140222672712468_2081741618687246336_n-300x225.jpg 300w, http:\/\/anu.ufsj.edu.br\/site\/wp-content\/uploads\/2019\/09\/64731015_2140222672712468_2081741618687246336_n-768x576.jpg 768w\" sizes=\"(max-width: 348px) 100vw, 348px\" \/><figcaption>Banca do TCC de Tainara foi formada pela Profa. Vanessa Maia, Profa. Luciene T\u00f3foli e o orientador, Prof. Jo\u00e3o Barreto.<\/figcaption><\/figure><\/div>\n\n\n\n<p>O produto audiovisual da Tainara foi apresentado \u00e0 banca avaliadora em junho deste ano. <\/p>\n\n\n\n<p>Perguntada\nsobre o que a incentivou a fazer um document\u00e1rio sobre influenciadores digitais,\nTainara afirma que foi \u201co interesse em conhecer mais sobre essa \u00e1rea t\u00e3o recente\ndentro do campo da comunica\u00e7\u00e3o e a vontade de levar esse conte\u00fado para dentro\ndo meio acad\u00eamico\u201d.<\/p>\n\n\n\n<p>Ela conta que a oportunidade da exibi\u00e7\u00e3o aconteceu atrav\u00e9s de um convite feito por um produtor da emissora enviado pelo YouTube, plataforma na qual Tainara disponibilizou seu document\u00e1rio logo ap\u00f3s a aprova\u00e7\u00e3o na banca. \u201cFiquei feliz por saber que o document\u00e1rio foi visto como algo relevante para ser exibido dentro da grade de programa\u00e7\u00e3o da TV. Pois, diante de tantos outros v\u00eddeos, o meu foi achado e escolhido! Eu fico com a sensa\u00e7\u00e3o que todo esfor\u00e7o valeu a pena\u201d, admite.<\/p>\n\n\n\n<p><strong>Pr\u00f3ximos\npassos<\/strong><\/p>\n\n\n\n<p>Mesmo\ntendo passado durante a gradua\u00e7\u00e3o por outras \u201cvertentes interessantes do\njornalismo\u201d, agora, Tainara pretende seguir no campo do audiovisual: \u201ceu entrei\nno curso de Comunica\u00e7\u00e3o justamente por causa do meu interesse em conte\u00fados\naudiovisuais\u201d. <\/p>\n\n\n\n<p><strong>Quer\nassistir tamb\u00e9m?<\/strong><\/p>\n\n\n\n<p>O\nfilme \u201cDigital Influencer: uma vida normal espalhada para milhares de\nseguidores\u201d est\u00e1 dispon\u00edvel no YouTube. Confira!<\/p>\n\n\n\n<figure class=\"wp-block-embed-youtube wp-block-embed is-type-video is-provider-youtube wp-embed-aspect-16-9 wp-has-aspect-ratio\"><div class=\"wp-block-embed__wrapper\">\n<iframe loading=\"lazy\" title=\"Document\u00e1rio: DIGITAL INFLUENCER: &quot;uma vida normal espalhada para milhares de seguidores&quot;\" width=\"640\" height=\"360\" src=\"https:\/\/www.youtube.com\/embed\/jPAEIXAi2K4?feature=oembed\" frameborder=\"0\" allow=\"accelerometer; autoplay; encrypted-media; gyroscope; picture-in-picture\" allowfullscreen><\/iframe>\n<\/div><\/figure>\n\n\n\n<p>Parab\u00e9ns Tainara!<br>Estamos todos na torcida para que conquiste todos os seus objetivos!<\/p>\n\n\n\n<p><strong>Texto:<\/strong> Arthur Raposo Gomes<\/p>\n\n\n\n<p><strong>Fotos:<\/strong> Arquivo pessoal \/ reprodu\u00e7\u00e3o<\/p>\n","protected":false},"excerpt":{"rendered":"<p>Produto audiovisual foi realizado como Trabalho de Conclus\u00e3o de Curso da ent\u00e3o estudante Tainara Paula<\/p>\n","protected":false},"author":3,"featured_media":6714,"comment_status":"open","ping_status":"open","sticky":false,"template":"","format":"standard","meta":{"_monsterinsights_skip_tracking":false,"_monsterinsights_sitenote_active":false,"_monsterinsights_sitenote_note":"","_monsterinsights_sitenote_category":0},"categories":[6,12,43,73],"tags":[205,200,198,197,206,199,203,202,201,204],"yoast_head":"<!-- This site is optimized with the Yoast SEO plugin v20.6 - https:\/\/yoast.com\/wordpress\/plugins\/seo\/ -->\n<title>Document\u00e1rio de egressa \u00e9 exibido na TV - Jornalismo UFSJ<\/title>\n<meta name=\"robots\" content=\"index, follow, max-snippet:-1, max-image-preview:large, max-video-preview:-1\" \/>\n<link rel=\"canonical\" href=\"http:\/\/jornalismo.ufsj.edu.br\/site\/alunos\/documentario-de-egressa-e-exibido-na-tv\/\" \/>\n<meta property=\"og:locale\" content=\"pt_BR\" \/>\n<meta property=\"og:type\" content=\"article\" \/>\n<meta property=\"og:title\" content=\"Document\u00e1rio de egressa \u00e9 exibido na TV - Jornalismo UFSJ\" \/>\n<meta property=\"og:description\" content=\"Produto audiovisual foi realizado como Trabalho de Conclus\u00e3o de Curso da ent\u00e3o estudante Tainara Paula\" \/>\n<meta property=\"og:url\" content=\"http:\/\/jornalismo.ufsj.edu.br\/site\/alunos\/documentario-de-egressa-e-exibido-na-tv\/\" \/>\n<meta property=\"og:site_name\" content=\"Jornalismo UFSJ\" \/>\n<meta property=\"article:publisher\" content=\"https:\/\/www.facebook.com\/jornalismoufsj\/\" \/>\n<meta property=\"article:published_time\" content=\"2019-09-04T16:51:18+00:00\" \/>\n<meta property=\"article:modified_time\" content=\"2019-09-04T20:13:01+00:00\" \/>\n<meta property=\"og:image\" content=\"http:\/\/jornalismo.ufsj.edu.br\/site\/wp-content\/uploads\/2019\/09\/64756472_2140222739379128_4316266073180602368_n.jpg\" \/>\n\t<meta property=\"og:image:width\" content=\"514\" \/>\n\t<meta property=\"og:image:height\" content=\"960\" \/>\n\t<meta property=\"og:image:type\" content=\"image\/jpeg\" \/>\n<meta name=\"twitter:card\" content=\"summary_large_image\" \/>\n<meta name=\"twitter:creator\" content=\"@jornalismoufsj\" \/>\n<meta name=\"twitter:site\" content=\"@jornalismoufsj\" \/>\n<meta name=\"twitter:label1\" content=\"Escrito por\" \/>\n\t<meta name=\"twitter:data1\" content=\"\" \/>\n\t<meta name=\"twitter:label2\" content=\"Est. tempo de leitura\" \/>\n\t<meta name=\"twitter:data2\" content=\"2 minutos\" \/>\n<script type=\"application\/ld+json\" class=\"yoast-schema-graph\">{\"@context\":\"https:\/\/schema.org\",\"@graph\":[{\"@type\":\"WebPage\",\"@id\":\"http:\/\/jornalismo.ufsj.edu.br\/site\/alunos\/documentario-de-egressa-e-exibido-na-tv\/\",\"url\":\"http:\/\/jornalismo.ufsj.edu.br\/site\/alunos\/documentario-de-egressa-e-exibido-na-tv\/\",\"name\":\"Document\u00e1rio de egressa \u00e9 exibido na TV - Jornalismo UFSJ\",\"isPartOf\":{\"@id\":\"http:\/\/jornalismo.ufsj.edu.br\/site\/#website\"},\"datePublished\":\"2019-09-04T16:51:18+00:00\",\"dateModified\":\"2019-09-04T20:13:01+00:00\",\"author\":{\"@id\":\"\"},\"breadcrumb\":{\"@id\":\"http:\/\/jornalismo.ufsj.edu.br\/site\/alunos\/documentario-de-egressa-e-exibido-na-tv\/#breadcrumb\"},\"inLanguage\":\"pt-BR\",\"potentialAction\":[{\"@type\":\"ReadAction\",\"target\":[\"http:\/\/jornalismo.ufsj.edu.br\/site\/alunos\/documentario-de-egressa-e-exibido-na-tv\/\"]}]},{\"@type\":\"BreadcrumbList\",\"@id\":\"http:\/\/jornalismo.ufsj.edu.br\/site\/alunos\/documentario-de-egressa-e-exibido-na-tv\/#breadcrumb\",\"itemListElement\":[{\"@type\":\"ListItem\",\"position\":1,\"name\":\"In\u00edcio\",\"item\":\"http:\/\/jornalismo.ufsj.edu.br\/site\/\"},{\"@type\":\"ListItem\",\"position\":2,\"name\":\"Document\u00e1rio de egressa \u00e9 exibido na TV\"}]},{\"@type\":\"WebSite\",\"@id\":\"http:\/\/jornalismo.ufsj.edu.br\/site\/#website\",\"url\":\"http:\/\/jornalismo.ufsj.edu.br\/site\/\",\"name\":\"Jornalismo UFSJ\",\"description\":\"\",\"potentialAction\":[{\"@type\":\"SearchAction\",\"target\":{\"@type\":\"EntryPoint\",\"urlTemplate\":\"http:\/\/jornalismo.ufsj.edu.br\/site\/?s={search_term_string}\"},\"query-input\":\"required name=search_term_string\"}],\"inLanguage\":\"pt-BR\"},{\"@type\":\"Person\",\"@id\":\"\"}]}<\/script>\n<!-- \/ Yoast SEO plugin. -->","yoast_head_json":{"title":"Document\u00e1rio de egressa \u00e9 exibido na TV - Jornalismo UFSJ","robots":{"index":"index","follow":"follow","max-snippet":"max-snippet:-1","max-image-preview":"max-image-preview:large","max-video-preview":"max-video-preview:-1"},"canonical":"http:\/\/jornalismo.ufsj.edu.br\/site\/alunos\/documentario-de-egressa-e-exibido-na-tv\/","og_locale":"pt_BR","og_type":"article","og_title":"Document\u00e1rio de egressa \u00e9 exibido na TV - Jornalismo UFSJ","og_description":"Produto audiovisual foi realizado como Trabalho de Conclus\u00e3o de Curso da ent\u00e3o estudante Tainara Paula","og_url":"http:\/\/jornalismo.ufsj.edu.br\/site\/alunos\/documentario-de-egressa-e-exibido-na-tv\/","og_site_name":"Jornalismo UFSJ","article_publisher":"https:\/\/www.facebook.com\/jornalismoufsj\/","article_published_time":"2019-09-04T16:51:18+00:00","article_modified_time":"2019-09-04T20:13:01+00:00","og_image":[{"width":514,"height":960,"url":"http:\/\/jornalismo.ufsj.edu.br\/site\/wp-content\/uploads\/2019\/09\/64756472_2140222739379128_4316266073180602368_n.jpg","type":"image\/jpeg"}],"twitter_card":"summary_large_image","twitter_creator":"@jornalismoufsj","twitter_site":"@jornalismoufsj","twitter_misc":{"Escrito por":"","Est. tempo de leitura":"2 minutos"},"schema":{"@context":"https:\/\/schema.org","@graph":[{"@type":"WebPage","@id":"http:\/\/jornalismo.ufsj.edu.br\/site\/alunos\/documentario-de-egressa-e-exibido-na-tv\/","url":"http:\/\/jornalismo.ufsj.edu.br\/site\/alunos\/documentario-de-egressa-e-exibido-na-tv\/","name":"Document\u00e1rio de egressa \u00e9 exibido na TV - Jornalismo UFSJ","isPartOf":{"@id":"http:\/\/jornalismo.ufsj.edu.br\/site\/#website"},"datePublished":"2019-09-04T16:51:18+00:00","dateModified":"2019-09-04T20:13:01+00:00","author":{"@id":""},"breadcrumb":{"@id":"http:\/\/jornalismo.ufsj.edu.br\/site\/alunos\/documentario-de-egressa-e-exibido-na-tv\/#breadcrumb"},"inLanguage":"pt-BR","potentialAction":[{"@type":"ReadAction","target":["http:\/\/jornalismo.ufsj.edu.br\/site\/alunos\/documentario-de-egressa-e-exibido-na-tv\/"]}]},{"@type":"BreadcrumbList","@id":"http:\/\/jornalismo.ufsj.edu.br\/site\/alunos\/documentario-de-egressa-e-exibido-na-tv\/#breadcrumb","itemListElement":[{"@type":"ListItem","position":1,"name":"In\u00edcio","item":"http:\/\/jornalismo.ufsj.edu.br\/site\/"},{"@type":"ListItem","position":2,"name":"Document\u00e1rio de egressa \u00e9 exibido na TV"}]},{"@type":"WebSite","@id":"http:\/\/jornalismo.ufsj.edu.br\/site\/#website","url":"http:\/\/jornalismo.ufsj.edu.br\/site\/","name":"Jornalismo UFSJ","description":"","potentialAction":[{"@type":"SearchAction","target":{"@type":"EntryPoint","urlTemplate":"http:\/\/jornalismo.ufsj.edu.br\/site\/?s={search_term_string}"},"query-input":"required name=search_term_string"}],"inLanguage":"pt-BR"},{"@type":"Person","@id":""}]}},"jetpack_featured_media_url":"http:\/\/anu.ufsj.edu.br\/site\/wp-content\/uploads\/2019\/09\/64756472_2140222739379128_4316266073180602368_n.jpg","_links":{"self":[{"href":"http:\/\/anu.ufsj.edu.br\/site\/wp-json\/wp\/v2\/posts\/6712"}],"collection":[{"href":"http:\/\/anu.ufsj.edu.br\/site\/wp-json\/wp\/v2\/posts"}],"about":[{"href":"http:\/\/anu.ufsj.edu.br\/site\/wp-json\/wp\/v2\/types\/post"}],"author":[{"embeddable":true,"href":"http:\/\/anu.ufsj.edu.br\/site\/wp-json\/wp\/v2\/users\/3"}],"replies":[{"embeddable":true,"href":"http:\/\/anu.ufsj.edu.br\/site\/wp-json\/wp\/v2\/comments?post=6712"}],"version-history":[{"count":3,"href":"http:\/\/anu.ufsj.edu.br\/site\/wp-json\/wp\/v2\/posts\/6712\/revisions"}],"predecessor-version":[{"id":6720,"href":"http:\/\/anu.ufsj.edu.br\/site\/wp-json\/wp\/v2\/posts\/6712\/revisions\/6720"}],"wp:featuredmedia":[{"embeddable":true,"href":"http:\/\/anu.ufsj.edu.br\/site\/wp-json\/wp\/v2\/media\/6714"}],"wp:attachment":[{"href":"http:\/\/anu.ufsj.edu.br\/site\/wp-json\/wp\/v2\/media?parent=6712"}],"wp:term":[{"taxonomy":"category","embeddable":true,"href":"http:\/\/anu.ufsj.edu.br\/site\/wp-json\/wp\/v2\/categories?post=6712"},{"taxonomy":"post_tag","embeddable":true,"href":"http:\/\/anu.ufsj.edu.br\/site\/wp-json\/wp\/v2\/tags?post=6712"}],"curies":[{"name":"wp","href":"https:\/\/api.w.org\/{rel}","templated":true}]}}